{"id":74466,"date":"2013-09-02T17:20:24","date_gmt":"2013-09-02T16:20:24","guid":{"rendered":"http:\/\/www.visit-ulcinj.com\/blog\/?p=74466"},"modified":"2013-09-02T17:21:34","modified_gmt":"2013-09-02T16:21:34","slug":"ulcinj-ocistili-borovu-sumu","status":"publish","type":"post","link":"https:\/\/www.visit-ulcinj.com\/blog\/2013\/09\/02\/ulcinj-ocistili-borovu-sumu\/","title":{"rendered":"Ulcinj: O\u010distili borovu \u0161umu"},"content":{"rendered":"<p><a href=\"http:\/\/www.visit-ulcinj.com\/blog\/wp-content\/uploads\/2013\/09\/Borovo-suma-ulcinj.1.jpg\"><img loading=\"lazy\" class=\"alignleft  wp-image-74467\" alt=\"Borovo suma ulcinj.1\" src=\"http:\/\/www.visit-ulcinj.com\/blog\/wp-content\/uploads\/2013\/09\/Borovo-suma-ulcinj.1.jpg\" width=\"508\" height=\"360\" \/><\/a>ULCINj &#8211; Zaposleni u Javnom preduze\u0107u \u010cisto\u0107a i mje\u0161tani naselja Meterizi ovog vikenda organizovali su veliku akciju \u010di\u0161\u0107enja borove \u0161ume koja se nalazi u tom dijelu op\u0161tine Ulcinj, na mjestu poznatijem kao Vjetreni mlin. Uklanja`no je nisko rastinje, suva trava i otpatci koje je vjetar tokom proteklih mjeseci raznosio. Prema rije\u010dima direktorke \u010cisto\u0107e Zane Sarvan akcija je pokrenuta na inicijativu nekolicione mje\u0161tana i sprovedena je uspje\u0161no.<br \/>\n\u2013Ideja za ovu akciju potekla je prije mjesec dana, ali mi zbog obaveza tokom sezone nismo mogli ranije da se odazovemo pozivu mje\u0161tana Meteriza. Ipak, za ovakav vid anga\u017eovanja nikada nije kasno tako da smo zadovoljni ura\u0111enim.<\/p>\n<p><a href=\"http:\/\/www.visit-ulcinj.com\/blog\/wp-content\/uploads\/2013\/09\/zanasarvan.jpg\"><img loading=\"lazy\" class=\"alignleft  wp-image-74468\" alt=\"zanasarvan\" src=\"http:\/\/www.visit-ulcinj.com\/blog\/wp-content\/uploads\/2013\/09\/zanasarvan.jpg\" width=\"350\" height=\"350\" srcset=\"https:\/\/www.visit-ulcinj.com\/blog\/wp-content\/uploads\/2013\/09\/zanasarvan.jpg 372w, https:\/\/www.visit-ulcinj.com\/blog\/wp-content\/uploads\/2013\/09\/zanasarvan-150x150.jpg 150w, https:\/\/www.visit-ulcinj.com\/blog\/wp-content\/uploads\/2013\/09\/zanasarvan-300x300.jpg 300w\" sizes=\"(max-width: 350px) 100vw, 350px\" \/><\/a>Zajedno sa gra\u0111anima sada smo uredili i o\u010distili taj dio grada. Kako bi bili \u0161to efikasniji anga\u017eovali smo kompletan sektor preduze\u0107a koji se bavi zelenilom. Ovakvih akcija bi\u0107e i u narednom periodu. Apelujem na gra\u0111ane da nas pozovu i mi \u0107emo se rado odazvati da zajedni\u010dkim naporima na\u0161 grad u\u010dinimo ljep\u0161im. Cilj nam je da uredimo grad i animiramo stanovni\u0161tvo da u\u010destvuje u odr\u017eavanju javnih povr\u0161ina &#8211; naglasila je Sarvan.<br \/>\nMe\u0111u pokreta\u010dima inicijative za \u010di\u0161\u0107enje borove \u0161ume u naselju Meterizi je i poslanik DF-a u Skup\u0161tini Crne Gore dr Ljiljana \u0110ura\u0161kovi\u0107 koja se zajedno sa svojim kom\u0161ijama nije libila da zasu\u010de rukave i da doprinos ure\u0111enju jednog od ljep\u0161ih prostora u gradu.<br \/>\n\u2013 Nastojali smo da probudimo ekolo\u0161ku svijest kako pojedinca tako i dru\u0161tva u cjelini. Ne mo\u017ee grad biti \u010dist ako svako od nas ne vodi ra\u010duna gdje \u0107e baciti i najmanji papiri\u0107. Hvala rukovodstvu i radnicima \u010cisto\u0107e koji su i pored mnogo obaveza podr\u017eali na\u0161u ideju i pomogli nam da uredimo ovaj dio naselja &#8211; istakla je \u0110ura\u0161kovi\u0107eva.<br \/>\nIna\u010de, me\u0161tani su zainteresovani da oplemene prostor koji je ure\u0111en tokom vikenda i u tome \u0107e, kako nam je saop\u0161teno, imati pomo\u0107 i podr\u0161ku preduze\u0107a \u010cisto\u0107a i Zane Sarvan.<br \/>\nNakon obavljenog posla mje\u0161tani Meteriza su za sve u\u010desnike akcije organizovali zajedni\u010dki doru\u010dak i dru\u017eenje.<br \/>\n<strong> M.K.<\/strong><\/p>\n<p><strong>Izvor: DAN<\/strong><\/p>\n","protected":false},"excerpt":{"rendered":"<p>ULCINj &#8211; Zaposleni u Javnom preduze\u0107u \u010cisto\u0107a i mje\u0161tani naselja Meterizi ovog vikenda organizovali su veliku akciju \u010di\u0161\u0107enja borove \u0161ume koja se nalazi u tom dijelu op\u0161tine Ulcinj, na mjestu poznatijem kao Vjetreni mlin. Uklanja`no je nisko rastinje, suva trava i otpatci koje je vjetar tokom proteklih mjeseci raznosio. Prema rije\u010dima direktorke \u010cisto\u0107e Zane Sarvan [&hellip;]<\/p>\n","protected":false},"author":1,"featured_media":0,"comment_status":"closed","ping_status":"closed","sticky":false,"template":"","format":"standard","meta":{"spay_email":"","jetpack_publicize_message":"","jetpack_is_tweetstorm":false,"jetpack_publicize_feature_enabled":true},"categories":[8337],"tags":[],"jetpack_publicize_connections":[],"yoast_head":"<!-- This site is optimized with the Yoast SEO plugin v19.1 - https:\/\/yoast.com\/wordpress\/plugins\/seo\/ -->\n<title>Ulcinj: O\u010distili borovu \u0161umu - Lajme nga Ulqini<\/title>\n<meta name=\"description\" content=\"ULCINj - Zaposleni u Javnom preduze\u0107u \u010cisto\u0107a i mje\u0161tani naselja Meterizi ovog vikenda organizovali su veliku akciju \u010di\u0161\u0107enja borove \u0161ume koja se nalazi u\" \/>\n<meta name=\"robots\" content=\"index, follow, max-snippet:-1, max-image-preview:large, max-video-preview:-1\" \/>\n<link rel=\"canonical\" href=\"https:\/\/www.visit-ulcinj.com\/blog\/2013\/09\/02\/ulcinj-ocistili-borovu-sumu\/\" \/>\n<meta property=\"og:locale\" content=\"en_US\" \/>\n<meta property=\"og:type\" content=\"article\" \/>\n<meta property=\"og:title\" content=\"Ulcinj: O\u010distili borovu \u0161umu - Lajme nga Ulqini\" \/>\n<meta property=\"og:description\" content=\"ULCINj - Zaposleni u Javnom preduze\u0107u \u010cisto\u0107a i mje\u0161tani naselja Meterizi ovog vikenda organizovali su veliku akciju \u010di\u0161\u0107enja borove \u0161ume koja se nalazi u\" \/>\n<meta property=\"og:url\" content=\"https:\/\/www.visit-ulcinj.com\/blog\/2013\/09\/02\/ulcinj-ocistili-borovu-sumu\/\" \/>\n<meta property=\"og:site_name\" content=\"Lajme nga Ulqini\" \/>\n<meta property=\"article:published_time\" content=\"2013-09-02T16:20:24+00:00\" \/>\n<meta property=\"article:modified_time\" content=\"2013-09-02T16:21:34+00:00\" \/>\n<meta property=\"og:image\" content=\"http:\/\/www.visit-ulcinj.com\/blog\/wp-content\/uploads\/2013\/09\/Borovo-suma-ulcinj.1.jpg\" \/>\n<meta name=\"twitter:label1\" content=\"Written by\" \/>\n\t<meta name=\"twitter:data1\" content=\"ulqini\" \/>\n\t<meta name=\"twitter:label2\" content=\"Est. reading time\" \/>\n\t<meta name=\"twitter:data2\" content=\"2 minutes\" \/>\n<script type=\"application\/ld+json\" class=\"yoast-schema-graph\">{\"@context\":\"https:\/\/schema.org\",\"@graph\":[{\"@type\":\"WebSite\",\"@id\":\"https:\/\/www.visit-ulcinj.com\/blog\/#website\",\"url\":\"https:\/\/www.visit-ulcinj.com\/blog\/\",\"name\":\"Lajme nga Ulqini\",\"description\":\"Lajme,Vijesti,Ulqini,Ulqin,Crna Gora,Mali i Zi\",\"potentialAction\":[{\"@type\":\"SearchAction\",\"target\":{\"@type\":\"EntryPoint\",\"urlTemplate\":\"https:\/\/www.visit-ulcinj.com\/blog\/?s={search_term_string}\"},\"query-input\":\"required name=search_term_string\"}],\"inLanguage\":\"en-US\"},{\"@type\":\"ImageObject\",\"inLanguage\":\"en-US\",\"@id\":\"https:\/\/www.visit-ulcinj.com\/blog\/2013\/09\/02\/ulcinj-ocistili-borovu-sumu\/#primaryimage\",\"url\":\"https:\/\/www.visit-ulcinj.com\/blog\/wp-content\/uploads\/2013\/09\/Borovo-suma-ulcinj.1.jpg\",\"contentUrl\":\"https:\/\/www.visit-ulcinj.com\/blog\/wp-content\/uploads\/2013\/09\/Borovo-suma-ulcinj.1.jpg\",\"width\":960,\"height\":720},{\"@type\":\"WebPage\",\"@id\":\"https:\/\/www.visit-ulcinj.com\/blog\/2013\/09\/02\/ulcinj-ocistili-borovu-sumu\/#webpage\",\"url\":\"https:\/\/www.visit-ulcinj.com\/blog\/2013\/09\/02\/ulcinj-ocistili-borovu-sumu\/\",\"name\":\"Ulcinj: O\u010distili borovu \u0161umu - Lajme nga Ulqini\",\"isPartOf\":{\"@id\":\"https:\/\/www.visit-ulcinj.com\/blog\/#website\"},\"primaryImageOfPage\":{\"@id\":\"https:\/\/www.visit-ulcinj.com\/blog\/2013\/09\/02\/ulcinj-ocistili-borovu-sumu\/#primaryimage\"},\"datePublished\":\"2013-09-02T16:20:24+00:00\",\"dateModified\":\"2013-09-02T16:21:34+00:00\",\"author\":{\"@id\":\"https:\/\/www.visit-ulcinj.com\/blog\/#\/schema\/person\/dcab619c614d3038751c63bc2aadc06d\"},\"description\":\"ULCINj - Zaposleni u Javnom preduze\u0107u \u010cisto\u0107a i mje\u0161tani naselja Meterizi ovog vikenda organizovali su veliku akciju \u010di\u0161\u0107enja borove \u0161ume koja se nalazi u\",\"breadcrumb\":{\"@id\":\"https:\/\/www.visit-ulcinj.com\/blog\/2013\/09\/02\/ulcinj-ocistili-borovu-sumu\/#breadcrumb\"},\"inLanguage\":\"en-US\",\"potentialAction\":[{\"@type\":\"ReadAction\",\"target\":[\"https:\/\/www.visit-ulcinj.com\/blog\/2013\/09\/02\/ulcinj-ocistili-borovu-sumu\/\"]}]},{\"@type\":\"BreadcrumbList\",\"@id\":\"https:\/\/www.visit-ulcinj.com\/blog\/2013\/09\/02\/ulcinj-ocistili-borovu-sumu\/#breadcrumb\",\"itemListElement\":[{\"@type\":\"ListItem\",\"position\":1,\"name\":\"Ulcinj: O\u010distili borovu \u0161umu\"}]},{\"@type\":\"Person\",\"@id\":\"https:\/\/www.visit-ulcinj.com\/blog\/#\/schema\/person\/dcab619c614d3038751c63bc2aadc06d\",\"name\":\"ulqini\",\"sameAs\":[\"http:\/\/www.visit-ulcinj.com\"],\"url\":\"https:\/\/www.visit-ulcinj.com\/blog\/author\/admin\/\"}]}<\/script>\n<!-- \/ Yoast SEO plugin. -->","yoast_head_json":{"title":"Ulcinj: O\u010distili borovu \u0161umu - Lajme nga Ulqini","description":"ULCINj - Zaposleni u Javnom preduze\u0107u \u010cisto\u0107a i mje\u0161tani naselja Meterizi ovog vikenda organizovali su veliku akciju \u010di\u0161\u0107enja borove \u0161ume koja se nalazi u","robots":{"index":"index","follow":"follow","max-snippet":"max-snippet:-1","max-image-preview":"max-image-preview:large","max-video-preview":"max-video-preview:-1"},"canonical":"https:\/\/www.visit-ulcinj.com\/blog\/2013\/09\/02\/ulcinj-ocistili-borovu-sumu\/","og_locale":"en_US","og_type":"article","og_title":"Ulcinj: O\u010distili borovu \u0161umu - Lajme nga Ulqini","og_description":"ULCINj - Zaposleni u Javnom preduze\u0107u \u010cisto\u0107a i mje\u0161tani naselja Meterizi ovog vikenda organizovali su veliku akciju \u010di\u0161\u0107enja borove \u0161ume koja se nalazi u","og_url":"https:\/\/www.visit-ulcinj.com\/blog\/2013\/09\/02\/ulcinj-ocistili-borovu-sumu\/","og_site_name":"Lajme nga Ulqini","article_published_time":"2013-09-02T16:20:24+00:00","article_modified_time":"2013-09-02T16:21:34+00:00","og_image":[{"url":"http:\/\/www.visit-ulcinj.com\/blog\/wp-content\/uploads\/2013\/09\/Borovo-suma-ulcinj.1.jpg"}],"twitter_misc":{"Written by":"ulqini","Est. reading time":"2 minutes"},"schema":{"@context":"https:\/\/schema.org","@graph":[{"@type":"WebSite","@id":"https:\/\/www.visit-ulcinj.com\/blog\/#website","url":"https:\/\/www.visit-ulcinj.com\/blog\/","name":"Lajme nga Ulqini","description":"Lajme,Vijesti,Ulqini,Ulqin,Crna Gora,Mali i Zi","potentialAction":[{"@type":"SearchAction","target":{"@type":"EntryPoint","urlTemplate":"https:\/\/www.visit-ulcinj.com\/blog\/?s={search_term_string}"},"query-input":"required name=search_term_string"}],"inLanguage":"en-US"},{"@type":"ImageObject","inLanguage":"en-US","@id":"https:\/\/www.visit-ulcinj.com\/blog\/2013\/09\/02\/ulcinj-ocistili-borovu-sumu\/#primaryimage","url":"https:\/\/www.visit-ulcinj.com\/blog\/wp-content\/uploads\/2013\/09\/Borovo-suma-ulcinj.1.jpg","contentUrl":"https:\/\/www.visit-ulcinj.com\/blog\/wp-content\/uploads\/2013\/09\/Borovo-suma-ulcinj.1.jpg","width":960,"height":720},{"@type":"WebPage","@id":"https:\/\/www.visit-ulcinj.com\/blog\/2013\/09\/02\/ulcinj-ocistili-borovu-sumu\/#webpage","url":"https:\/\/www.visit-ulcinj.com\/blog\/2013\/09\/02\/ulcinj-ocistili-borovu-sumu\/","name":"Ulcinj: O\u010distili borovu \u0161umu - Lajme nga Ulqini","isPartOf":{"@id":"https:\/\/www.visit-ulcinj.com\/blog\/#website"},"primaryImageOfPage":{"@id":"https:\/\/www.visit-ulcinj.com\/blog\/2013\/09\/02\/ulcinj-ocistili-borovu-sumu\/#primaryimage"},"datePublished":"2013-09-02T16:20:24+00:00","dateModified":"2013-09-02T16:21:34+00:00","author":{"@id":"https:\/\/www.visit-ulcinj.com\/blog\/#\/schema\/person\/dcab619c614d3038751c63bc2aadc06d"},"description":"ULCINj - Zaposleni u Javnom preduze\u0107u \u010cisto\u0107a i mje\u0161tani naselja Meterizi ovog vikenda organizovali su veliku akciju \u010di\u0161\u0107enja borove \u0161ume koja se nalazi u","breadcrumb":{"@id":"https:\/\/www.visit-ulcinj.com\/blog\/2013\/09\/02\/ulcinj-ocistili-borovu-sumu\/#breadcrumb"},"inLanguage":"en-US","potentialAction":[{"@type":"ReadAction","target":["https:\/\/www.visit-ulcinj.com\/blog\/2013\/09\/02\/ulcinj-ocistili-borovu-sumu\/"]}]},{"@type":"BreadcrumbList","@id":"https:\/\/www.visit-ulcinj.com\/blog\/2013\/09\/02\/ulcinj-ocistili-borovu-sumu\/#breadcrumb","itemListElement":[{"@type":"ListItem","position":1,"name":"Ulcinj: O\u010distili borovu \u0161umu"}]},{"@type":"Person","@id":"https:\/\/www.visit-ulcinj.com\/blog\/#\/schema\/person\/dcab619c614d3038751c63bc2aadc06d","name":"ulqini","sameAs":["http:\/\/www.visit-ulcinj.com"],"url":"https:\/\/www.visit-ulcinj.com\/blog\/author\/admin\/"}]}},"jetpack_featured_media_url":"","jetpack_sharing_enabled":true,"jetpack_shortlink":"https:\/\/wp.me\/pe6lTn-jn4","_links":{"self":[{"href":"https:\/\/www.visit-ulcinj.com\/blog\/wp-json\/wp\/v2\/posts\/74466"}],"collection":[{"href":"https:\/\/www.visit-ulcinj.com\/blog\/wp-json\/wp\/v2\/posts"}],"about":[{"href":"https:\/\/www.visit-ulcinj.com\/blog\/wp-json\/wp\/v2\/types\/post"}],"author":[{"embeddable":true,"href":"https:\/\/www.visit-ulcinj.com\/blog\/wp-json\/wp\/v2\/users\/1"}],"replies":[{"embeddable":true,"href":"https:\/\/www.visit-ulcinj.com\/blog\/wp-json\/wp\/v2\/comments?post=74466"}],"version-history":[{"count":3,"href":"https:\/\/www.visit-ulcinj.com\/blog\/wp-json\/wp\/v2\/posts\/74466\/revisions"}],"predecessor-version":[{"id":74471,"href":"https:\/\/www.visit-ulcinj.com\/blog\/wp-json\/wp\/v2\/posts\/74466\/revisions\/74471"}],"wp:attachment":[{"href":"https:\/\/www.visit-ulcinj.com\/blog\/wp-json\/wp\/v2\/media?parent=74466"}],"wp:term":[{"taxonomy":"category","embeddable":true,"href":"https:\/\/www.visit-ulcinj.com\/blog\/wp-json\/wp\/v2\/categories?post=74466"},{"taxonomy":"post_tag","embeddable":true,"href":"https:\/\/www.visit-ulcinj.com\/blog\/wp-json\/wp\/v2\/tags?post=74466"}],"curies":[{"name":"wp","href":"https:\/\/api.w.org\/{rel}","templated":true}]}}