{"id":74517,"date":"2013-09-03T21:58:05","date_gmt":"2013-09-03T20:58:05","guid":{"rendered":"http:\/\/www.visit-ulcinj.com\/blog\/?p=74517"},"modified":"2013-09-04T13:53:23","modified_gmt":"2013-09-04T12:53:23","slug":"cilet-studente-perkrahe-forca-e-re-e-malit-te-zi","status":"publish","type":"post","link":"https:\/\/www.visit-ulcinj.com\/blog\/2013\/09\/03\/cilet-studente-perkrahe-forca-e-re-e-malit-te-zi\/","title":{"rendered":"Cil\u0117t student\u0117 p\u0117rkrah\u0117 Forca e Re e Malit t\u0117 Zi?!"},"content":{"rendered":"<p><a href=\"http:\/\/www.visit-ulcinj.com\/blog\/wp-content\/uploads\/2012\/09\/studentet-e-ulqinit-ne-prishtin.jpg\"><img loading=\"lazy\" class=\"alignleft size-full wp-image-64008\" alt=\"studentet e ulqinit ne prishtin\" src=\"http:\/\/www.visit-ulcinj.com\/blog\/wp-content\/uploads\/2012\/09\/studentet-e-ulqinit-ne-prishtin.jpg\" width=\"180\" height=\"180\" \/><\/a>Nj\u0117 prej titujve q\u0117 dje ka mbushur faqet e portaleve malazeze \u0117sht\u0117 edhe ai i formimit t\u0117 partis\u0117 m\u0117 t\u0117 re politike n\u0117 Kosov\u0117, Forc\u0117s s\u0117 Re t\u0117 Malit t\u0117 Zi. Lindi forca e re pa e ditur se kush ishte e vjetra, lindi partia tek e cila numri i an\u0117tar\u0117ve pritet t\u0117 tejkaloj\u0117 numrin e votuesve. Gjithsesi, ajo \u0113ka mund t\u0117 nxirret nga lajmet e publikuara n\u0117 portale jep t\u0117 kuptohet q\u0117 kjo parti merret me problemet e komunitetit malazez n\u0117 Kosov\u0117. N\u0117 k\u0117t\u0117 m\u0117nyr\u0117 kjo parti eleminon shqiptar\u0117t e Malit t\u0117 Zi nga pjes\u0117marrja n\u0117 te. Ne, shqiptar\u0117t e Malit t\u0117 Zi nuk jemi komunitet malazez, rrjedhimisht me ose pa dashje partia e re neve na e ka mbyllur der\u0117n. N\u0117p\u0117r t\u0117 nj\u0117jtit artikuj shkruhet q\u0117 kjo parti ka formuar edhe k\u0117shillin p\u0117r t\u0117 drejtat dhe mbrojtjen e student\u0117ve nga Mali i Zi q\u0117 \u0117sht\u0117 nj\u0117 kopje e dob\u0117t (p\u0117r t\u0117 mos th\u0117n\u0117 e sh\u0117mtuar) e organizat\u0117s SUP. SUP q\u0117 gati dy vjet paraqet, mbron dhe lufton p\u0117r t\u0117 drejtat dhe problemet e Student\u0117ve t\u0117 Ulqinit n\u0117 Prishtin\u0117 me aktivitetet e veta ku s\u0117 fundmi vlen t\u0117 p\u0117rmendet k\u0117rkesa e d\u0117rguar n\u0117 form\u0117 institucionale n\u0117 Rektoratin e UP-s\u0117 dhe Ministris\u0117 s\u0117 Arsimit p\u0117r takimin lidhur me kuotat e student\u0117ve q\u0117 vijn\u0117 nga Mali i Zi. N\u0117se Forca e Re brengoset dhe ka p\u0117r q\u0117llim mbrojtjen e student\u0117ve at\u0117her\u0117 \u0117sht\u0117 dashur q\u0117 s\u0117 paku n\u0117 kuvendin themelues t\u0117 kishte ftuar SUP-in si organizat\u0117 e student\u0117ve, tashm\u0117 e konsoliduar. Me k\u0117t\u0117 veprim, neve Student\u0117ve t\u0117 Ulqinit n\u0117 Prishtin\u0117 (dhe jo vet\u0117m t\u0117 Ulqinit po gjith\u0117 Malit t\u0117 Zi) na \u0117sht\u0117 b\u0117r\u0117 me dije q\u0117 kjo parti nuk na njeh. Student\u0117t me t\u0117 v\u0117rtet\u0117 q\u0117 jan\u0117 kategori e ve\u0113ant\u0117 dhe n\u0117 aspektin ekonomik n\u0117 nevoj\u0117 por asnj\u0117her\u0117 student\u0117t nuk b\u0117jn\u0117 k\u0117rkesa apo lutje p\u0117r njohjen e tyre, e kund\u0117rta ndodh\u0117 n\u0117 \u0113do vend t\u0117 bot\u0117s. Sidoqoft\u0117, ne jemi t\u0117 hapur p\u0117r bashk\u0117punim n\u0117 m\u0117nyr\u0117 q\u0117 t\u0117 \u0113ojm\u0117 sa m\u0117 p\u0117rpara \u0113\u0117shtjen e student\u0117ve por duke u bazuar n\u0117 parime dhe deklarata t\u0117 sh\u0117ndosha. Student\u0117t mbeten komunitet shqiptar nga trojet e tyre shum\u0117 shekullore t\u0117 Iliris\u0117 sikurse kan\u0117 qen\u0117 edhe para themelimit t\u0117 Forc\u0117s s\u0117 Re.<\/p>\n<p>&nbsp;<\/p>\n<p><strong>Student\u0117t e Ulqinit n\u0117 Prishtin\u0117 &#8211; SUP<\/strong><\/p>\n","protected":false},"excerpt":{"rendered":"<p>Nj\u0117 prej titujve q\u0117 dje ka mbushur faqet e portaleve malazeze \u0117sht\u0117 edhe ai i formimit t\u0117 partis\u0117 m\u0117 t\u0117 re politike n\u0117 Kosov\u0117, Forc\u0117s s\u0117 Re t\u0117 Malit t\u0117 Zi. Lindi forca e re pa e ditur se kush ishte e vjetra, lindi partia tek e cila numri i an\u0117tar\u0117ve pritet t\u0117 tejkaloj\u0117 numrin [&hellip;]<\/p>\n","protected":false},"author":1,"featured_media":0,"comment_status":"closed","ping_status":"closed","sticky":false,"template":"","format":"standard","meta":{"spay_email":"","jetpack_publicize_message":"","jetpack_is_tweetstorm":false,"jetpack_publicize_feature_enabled":true},"categories":[4],"tags":[],"jetpack_publicize_connections":[],"yoast_head":"<!-- This site is optimized with the Yoast SEO plugin v19.1 - https:\/\/yoast.com\/wordpress\/plugins\/seo\/ -->\n<title>Cil\u0117t student\u0117 p\u0117rkrah\u0117 Forca e Re e Malit t\u0117 Zi?! - Lajme nga Ulqini<\/title>\n<meta name=\"description\" content=\"Nj\u0117 prej titujve q\u0117 dje ka mbushur faqet e portaleve malazeze \u0117sht\u0117 edhe ai i formimit t\u0117 partis\u0117 m\u0117 t\u0117 re politike n\u0117 Kosov\u0117, Forc\u0117s s\u0117 Re t\u0117 Malit t\u0117\" \/>\n<meta name=\"robots\" content=\"index, follow, max-snippet:-1, max-image-preview:large, max-video-preview:-1\" \/>\n<link rel=\"canonical\" href=\"https:\/\/www.visit-ulcinj.com\/blog\/2013\/09\/03\/cilet-studente-perkrahe-forca-e-re-e-malit-te-zi\/\" \/>\n<meta property=\"og:locale\" content=\"en_US\" \/>\n<meta property=\"og:type\" content=\"article\" \/>\n<meta property=\"og:title\" content=\"Cil\u0117t student\u0117 p\u0117rkrah\u0117 Forca e Re e Malit t\u0117 Zi?! - Lajme nga Ulqini\" \/>\n<meta property=\"og:description\" content=\"Nj\u0117 prej titujve q\u0117 dje ka mbushur faqet e portaleve malazeze \u0117sht\u0117 edhe ai i formimit t\u0117 partis\u0117 m\u0117 t\u0117 re politike n\u0117 Kosov\u0117, Forc\u0117s s\u0117 Re t\u0117 Malit t\u0117\" \/>\n<meta property=\"og:url\" content=\"https:\/\/www.visit-ulcinj.com\/blog\/2013\/09\/03\/cilet-studente-perkrahe-forca-e-re-e-malit-te-zi\/\" \/>\n<meta property=\"og:site_name\" content=\"Lajme nga Ulqini\" \/>\n<meta property=\"article:published_time\" content=\"2013-09-03T20:58:05+00:00\" \/>\n<meta property=\"article:modified_time\" content=\"2013-09-04T12:53:23+00:00\" \/>\n<meta property=\"og:image\" content=\"http:\/\/www.visit-ulcinj.com\/blog\/wp-content\/uploads\/2012\/09\/studentet-e-ulqinit-ne-prishtin.jpg\" \/>\n<meta name=\"twitter:label1\" content=\"Written by\" \/>\n\t<meta name=\"twitter:data1\" content=\"ulqini\" \/>\n\t<meta name=\"twitter:label2\" content=\"Est. reading time\" \/>\n\t<meta name=\"twitter:data2\" content=\"2 minutes\" \/>\n<script type=\"application\/ld+json\" class=\"yoast-schema-graph\">{\"@context\":\"https:\/\/schema.org\",\"@graph\":[{\"@type\":\"WebSite\",\"@id\":\"https:\/\/www.visit-ulcinj.com\/blog\/#website\",\"url\":\"https:\/\/www.visit-ulcinj.com\/blog\/\",\"name\":\"Lajme nga Ulqini\",\"description\":\"Lajme,Vijesti,Ulqini,Ulqin,Crna Gora,Mali i Zi\",\"potentialAction\":[{\"@type\":\"SearchAction\",\"target\":{\"@type\":\"EntryPoint\",\"urlTemplate\":\"https:\/\/www.visit-ulcinj.com\/blog\/?s={search_term_string}\"},\"query-input\":\"required name=search_term_string\"}],\"inLanguage\":\"en-US\"},{\"@type\":\"ImageObject\",\"inLanguage\":\"en-US\",\"@id\":\"https:\/\/www.visit-ulcinj.com\/blog\/2013\/09\/03\/cilet-studente-perkrahe-forca-e-re-e-malit-te-zi\/#primaryimage\",\"url\":\"http:\/\/www.visit-ulcinj.com\/blog\/wp-content\/uploads\/2012\/09\/studentet-e-ulqinit-ne-prishtin.jpg\",\"contentUrl\":\"http:\/\/www.visit-ulcinj.com\/blog\/wp-content\/uploads\/2012\/09\/studentet-e-ulqinit-ne-prishtin.jpg\"},{\"@type\":\"WebPage\",\"@id\":\"https:\/\/www.visit-ulcinj.com\/blog\/2013\/09\/03\/cilet-studente-perkrahe-forca-e-re-e-malit-te-zi\/#webpage\",\"url\":\"https:\/\/www.visit-ulcinj.com\/blog\/2013\/09\/03\/cilet-studente-perkrahe-forca-e-re-e-malit-te-zi\/\",\"name\":\"Cil\u0117t student\u0117 p\u0117rkrah\u0117 Forca e Re e Malit t\u0117 Zi?! - Lajme nga Ulqini\",\"isPartOf\":{\"@id\":\"https:\/\/www.visit-ulcinj.com\/blog\/#website\"},\"primaryImageOfPage\":{\"@id\":\"https:\/\/www.visit-ulcinj.com\/blog\/2013\/09\/03\/cilet-studente-perkrahe-forca-e-re-e-malit-te-zi\/#primaryimage\"},\"datePublished\":\"2013-09-03T20:58:05+00:00\",\"dateModified\":\"2013-09-04T12:53:23+00:00\",\"author\":{\"@id\":\"https:\/\/www.visit-ulcinj.com\/blog\/#\/schema\/person\/dcab619c614d3038751c63bc2aadc06d\"},\"description\":\"Nj\u0117 prej titujve q\u0117 dje ka mbushur faqet e portaleve malazeze \u0117sht\u0117 edhe ai i formimit t\u0117 partis\u0117 m\u0117 t\u0117 re politike n\u0117 Kosov\u0117, Forc\u0117s s\u0117 Re t\u0117 Malit t\u0117\",\"breadcrumb\":{\"@id\":\"https:\/\/www.visit-ulcinj.com\/blog\/2013\/09\/03\/cilet-studente-perkrahe-forca-e-re-e-malit-te-zi\/#breadcrumb\"},\"inLanguage\":\"en-US\",\"potentialAction\":[{\"@type\":\"ReadAction\",\"target\":[\"https:\/\/www.visit-ulcinj.com\/blog\/2013\/09\/03\/cilet-studente-perkrahe-forca-e-re-e-malit-te-zi\/\"]}]},{\"@type\":\"BreadcrumbList\",\"@id\":\"https:\/\/www.visit-ulcinj.com\/blog\/2013\/09\/03\/cilet-studente-perkrahe-forca-e-re-e-malit-te-zi\/#breadcrumb\",\"itemListElement\":[{\"@type\":\"ListItem\",\"position\":1,\"name\":\"Cil\u0117t student\u0117 p\u0117rkrah\u0117 Forca e Re e Malit t\u0117 Zi?!\"}]},{\"@type\":\"Person\",\"@id\":\"https:\/\/www.visit-ulcinj.com\/blog\/#\/schema\/person\/dcab619c614d3038751c63bc2aadc06d\",\"name\":\"ulqini\",\"sameAs\":[\"http:\/\/www.visit-ulcinj.com\"],\"url\":\"https:\/\/www.visit-ulcinj.com\/blog\/author\/admin\/\"}]}<\/script>\n<!-- \/ Yoast SEO plugin. -->","yoast_head_json":{"title":"Cil\u0117t student\u0117 p\u0117rkrah\u0117 Forca e Re e Malit t\u0117 Zi?! - Lajme nga Ulqini","description":"Nj\u0117 prej titujve q\u0117 dje ka mbushur faqet e portaleve malazeze \u0117sht\u0117 edhe ai i formimit t\u0117 partis\u0117 m\u0117 t\u0117 re politike n\u0117 Kosov\u0117, Forc\u0117s s\u0117 Re t\u0117 Malit t\u0117","robots":{"index":"index","follow":"follow","max-snippet":"max-snippet:-1","max-image-preview":"max-image-preview:large","max-video-preview":"max-video-preview:-1"},"canonical":"https:\/\/www.visit-ulcinj.com\/blog\/2013\/09\/03\/cilet-studente-perkrahe-forca-e-re-e-malit-te-zi\/","og_locale":"en_US","og_type":"article","og_title":"Cil\u0117t student\u0117 p\u0117rkrah\u0117 Forca e Re e Malit t\u0117 Zi?! - Lajme nga Ulqini","og_description":"Nj\u0117 prej titujve q\u0117 dje ka mbushur faqet e portaleve malazeze \u0117sht\u0117 edhe ai i formimit t\u0117 partis\u0117 m\u0117 t\u0117 re politike n\u0117 Kosov\u0117, Forc\u0117s s\u0117 Re t\u0117 Malit t\u0117","og_url":"https:\/\/www.visit-ulcinj.com\/blog\/2013\/09\/03\/cilet-studente-perkrahe-forca-e-re-e-malit-te-zi\/","og_site_name":"Lajme nga Ulqini","article_published_time":"2013-09-03T20:58:05+00:00","article_modified_time":"2013-09-04T12:53:23+00:00","og_image":[{"url":"http:\/\/www.visit-ulcinj.com\/blog\/wp-content\/uploads\/2012\/09\/studentet-e-ulqinit-ne-prishtin.jpg"}],"twitter_misc":{"Written by":"ulqini","Est. reading time":"2 minutes"},"schema":{"@context":"https:\/\/schema.org","@graph":[{"@type":"WebSite","@id":"https:\/\/www.visit-ulcinj.com\/blog\/#website","url":"https:\/\/www.visit-ulcinj.com\/blog\/","name":"Lajme nga Ulqini","description":"Lajme,Vijesti,Ulqini,Ulqin,Crna Gora,Mali i Zi","potentialAction":[{"@type":"SearchAction","target":{"@type":"EntryPoint","urlTemplate":"https:\/\/www.visit-ulcinj.com\/blog\/?s={search_term_string}"},"query-input":"required name=search_term_string"}],"inLanguage":"en-US"},{"@type":"ImageObject","inLanguage":"en-US","@id":"https:\/\/www.visit-ulcinj.com\/blog\/2013\/09\/03\/cilet-studente-perkrahe-forca-e-re-e-malit-te-zi\/#primaryimage","url":"http:\/\/www.visit-ulcinj.com\/blog\/wp-content\/uploads\/2012\/09\/studentet-e-ulqinit-ne-prishtin.jpg","contentUrl":"http:\/\/www.visit-ulcinj.com\/blog\/wp-content\/uploads\/2012\/09\/studentet-e-ulqinit-ne-prishtin.jpg"},{"@type":"WebPage","@id":"https:\/\/www.visit-ulcinj.com\/blog\/2013\/09\/03\/cilet-studente-perkrahe-forca-e-re-e-malit-te-zi\/#webpage","url":"https:\/\/www.visit-ulcinj.com\/blog\/2013\/09\/03\/cilet-studente-perkrahe-forca-e-re-e-malit-te-zi\/","name":"Cil\u0117t student\u0117 p\u0117rkrah\u0117 Forca e Re e Malit t\u0117 Zi?! - Lajme nga Ulqini","isPartOf":{"@id":"https:\/\/www.visit-ulcinj.com\/blog\/#website"},"primaryImageOfPage":{"@id":"https:\/\/www.visit-ulcinj.com\/blog\/2013\/09\/03\/cilet-studente-perkrahe-forca-e-re-e-malit-te-zi\/#primaryimage"},"datePublished":"2013-09-03T20:58:05+00:00","dateModified":"2013-09-04T12:53:23+00:00","author":{"@id":"https:\/\/www.visit-ulcinj.com\/blog\/#\/schema\/person\/dcab619c614d3038751c63bc2aadc06d"},"description":"Nj\u0117 prej titujve q\u0117 dje ka mbushur faqet e portaleve malazeze \u0117sht\u0117 edhe ai i formimit t\u0117 partis\u0117 m\u0117 t\u0117 re politike n\u0117 Kosov\u0117, Forc\u0117s s\u0117 Re t\u0117 Malit t\u0117","breadcrumb":{"@id":"https:\/\/www.visit-ulcinj.com\/blog\/2013\/09\/03\/cilet-studente-perkrahe-forca-e-re-e-malit-te-zi\/#breadcrumb"},"inLanguage":"en-US","potentialAction":[{"@type":"ReadAction","target":["https:\/\/www.visit-ulcinj.com\/blog\/2013\/09\/03\/cilet-studente-perkrahe-forca-e-re-e-malit-te-zi\/"]}]},{"@type":"BreadcrumbList","@id":"https:\/\/www.visit-ulcinj.com\/blog\/2013\/09\/03\/cilet-studente-perkrahe-forca-e-re-e-malit-te-zi\/#breadcrumb","itemListElement":[{"@type":"ListItem","position":1,"name":"Cil\u0117t student\u0117 p\u0117rkrah\u0117 Forca e Re e Malit t\u0117 Zi?!"}]},{"@type":"Person","@id":"https:\/\/www.visit-ulcinj.com\/blog\/#\/schema\/person\/dcab619c614d3038751c63bc2aadc06d","name":"ulqini","sameAs":["http:\/\/www.visit-ulcinj.com"],"url":"https:\/\/www.visit-ulcinj.com\/blog\/author\/admin\/"}]}},"jetpack_featured_media_url":"","jetpack_sharing_enabled":true,"jetpack_shortlink":"https:\/\/wp.me\/pe6lTn-jnT","_links":{"self":[{"href":"https:\/\/www.visit-ulcinj.com\/blog\/wp-json\/wp\/v2\/posts\/74517"}],"collection":[{"href":"https:\/\/www.visit-ulcinj.com\/blog\/wp-json\/wp\/v2\/posts"}],"about":[{"href":"https:\/\/www.visit-ulcinj.com\/blog\/wp-json\/wp\/v2\/types\/post"}],"author":[{"embeddable":true,"href":"https:\/\/www.visit-ulcinj.com\/blog\/wp-json\/wp\/v2\/users\/1"}],"replies":[{"embeddable":true,"href":"https:\/\/www.visit-ulcinj.com\/blog\/wp-json\/wp\/v2\/comments?post=74517"}],"version-history":[{"count":4,"href":"https:\/\/www.visit-ulcinj.com\/blog\/wp-json\/wp\/v2\/posts\/74517\/revisions"}],"predecessor-version":[{"id":74524,"href":"https:\/\/www.visit-ulcinj.com\/blog\/wp-json\/wp\/v2\/posts\/74517\/revisions\/74524"}],"wp:attachment":[{"href":"https:\/\/www.visit-ulcinj.com\/blog\/wp-json\/wp\/v2\/media?parent=74517"}],"wp:term":[{"taxonomy":"category","embeddable":true,"href":"https:\/\/www.visit-ulcinj.com\/blog\/wp-json\/wp\/v2\/categories?post=74517"},{"taxonomy":"post_tag","embeddable":true,"href":"https:\/\/www.visit-ulcinj.com\/blog\/wp-json\/wp\/v2\/tags?post=74517"}],"curies":[{"name":"wp","href":"https:\/\/api.w.org\/{rel}","templated":true}]}}