{"id":74521,"date":"2013-09-04T06:42:13","date_gmt":"2013-09-04T05:42:13","guid":{"rendered":"http:\/\/www.visit-ulcinj.com\/blog\/?p=74521"},"modified":"2013-09-04T06:42:13","modified_gmt":"2013-09-04T05:42:13","slug":"durres-plagoset-me-thike-shtetasi-malazez","status":"publish","type":"post","link":"https:\/\/www.visit-ulcinj.com\/blog\/2013\/09\/04\/durres-plagoset-me-thike-shtetasi-malazez\/","title":{"rendered":"Durr\u00ebs, plagoset me thik\u00eb shtetasi malazez"},"content":{"rendered":"<p><a href=\"http:\/\/www.visit-ulcinj.com\/blog\/wp-content\/uploads\/2013\/09\/policia.jpg\"><img loading=\"lazy\" class=\"alignleft  wp-image-74522\" alt=\"policia\" src=\"http:\/\/www.visit-ulcinj.com\/blog\/wp-content\/uploads\/2013\/09\/policia.jpg\" width=\"508\" height=\"360\" \/><\/a>Nj\u00eb shtetas malazez \u00ebsht\u00eb plagosur me thik\u00eb m\u00ebngjesin e sot\u00ebm n\u00eb qytetin e Durr\u00ebsit. Ngjarja ka ndodhur tek nj\u00eb hotel n\u00eb zon\u00ebn e plazhit, pran\u00eb Ur\u00ebs s\u00eb Dajlanit, ku 40 vje\u00e7ari nga Mali i Zi Millan Kllikovac, kishte mb\u00ebrritur nj\u00eb nat\u00eb m\u00eb par\u00eb n\u00eb Durr\u00ebs bashk\u00eb me nj\u00eb shokun e tij p\u00ebr pushime.<\/p>\n<p>Rreth or\u00ebs 6:00 t\u00eb m\u00ebngjesit t\u00eb sot\u00ebm ai kishte dal\u00eb p\u00ebr t\u00eb konsumuar nj\u00eb kafe, pran\u00eb hotelit ku \u00ebsht\u00eb plagosur me thik\u00eb nga persona t\u00eb paidentifikuar.<\/p>\n<p>Menj\u00ebher\u00eb i plagosuri \u00ebsht\u00eb d\u00ebrguar n\u00eb spital nga miku i tij, i cili pas nj\u00eb nd\u00ebrhyrje kirurgjikale, m\u00ebsohet se ndodhet jasht\u00eb rrezikut p\u00ebr jet\u00ebn. Dyshohet se ngjarja ka ndodhur pas nj\u00eb konflikti banal por policia ka nisur hetimet p\u00ebr identifikimin e autorit dhe zbardhjen e plot\u00eb t\u00eb ngjarjes.<\/p>\n<p>Gazeta Start<\/p>\n","protected":false},"excerpt":{"rendered":"<p>Nj\u00eb shtetas malazez \u00ebsht\u00eb plagosur me thik\u00eb m\u00ebngjesin e sot\u00ebm n\u00eb qytetin e Durr\u00ebsit. Ngjarja ka ndodhur tek nj\u00eb hotel n\u00eb zon\u00ebn e plazhit, pran\u00eb Ur\u00ebs s\u00eb Dajlanit, ku 40 vje\u00e7ari nga Mali i Zi Millan Kllikovac, kishte mb\u00ebrritur nj\u00eb nat\u00eb m\u00eb par\u00eb n\u00eb Durr\u00ebs bashk\u00eb me nj\u00eb shokun e tij p\u00ebr pushime. Rreth or\u00ebs [&hellip;]<\/p>\n","protected":false},"author":1,"featured_media":0,"comment_status":"closed","ping_status":"closed","sticky":false,"template":"","format":"standard","meta":{"spay_email":"","jetpack_publicize_message":"","jetpack_is_tweetstorm":false,"jetpack_publicize_feature_enabled":true},"categories":[14],"tags":[],"jetpack_publicize_connections":[],"yoast_head":"<!-- This site is optimized with the Yoast SEO plugin v19.1 - https:\/\/yoast.com\/wordpress\/plugins\/seo\/ -->\n<title>Durr\u00ebs, plagoset me thik\u00eb shtetasi malazez - Lajme nga Ulqini<\/title>\n<meta name=\"description\" content=\"Nj\u00eb shtetas malazez \u00ebsht\u00eb plagosur me thik\u00eb m\u00ebngjesin e sot\u00ebm n\u00eb qytetin e Durr\u00ebsit. Ngjarja ka ndodhur tek nj\u00eb hotel n\u00eb zon\u00ebn e plazhit, pran\u00eb Ur\u00ebs s\u00eb\" \/>\n<meta name=\"robots\" content=\"index, follow, max-snippet:-1, max-image-preview:large, max-video-preview:-1\" \/>\n<link rel=\"canonical\" href=\"https:\/\/www.visit-ulcinj.com\/blog\/2013\/09\/04\/durres-plagoset-me-thike-shtetasi-malazez\/\" \/>\n<meta property=\"og:locale\" content=\"en_US\" \/>\n<meta property=\"og:type\" content=\"article\" \/>\n<meta property=\"og:title\" content=\"Durr\u00ebs, plagoset me thik\u00eb shtetasi malazez - Lajme nga Ulqini\" \/>\n<meta property=\"og:description\" content=\"Nj\u00eb shtetas malazez \u00ebsht\u00eb plagosur me thik\u00eb m\u00ebngjesin e sot\u00ebm n\u00eb qytetin e Durr\u00ebsit. Ngjarja ka ndodhur tek nj\u00eb hotel n\u00eb zon\u00ebn e plazhit, pran\u00eb Ur\u00ebs s\u00eb\" \/>\n<meta property=\"og:url\" content=\"https:\/\/www.visit-ulcinj.com\/blog\/2013\/09\/04\/durres-plagoset-me-thike-shtetasi-malazez\/\" \/>\n<meta property=\"og:site_name\" content=\"Lajme nga Ulqini\" \/>\n<meta property=\"article:published_time\" content=\"2013-09-04T05:42:13+00:00\" \/>\n<meta property=\"og:image\" content=\"http:\/\/www.visit-ulcinj.com\/blog\/wp-content\/uploads\/2013\/09\/policia.jpg\" \/>\n<meta name=\"twitter:label1\" content=\"Written by\" \/>\n\t<meta name=\"twitter:data1\" content=\"ulqini\" \/>\n\t<meta name=\"twitter:label2\" content=\"Est. reading time\" \/>\n\t<meta name=\"twitter:data2\" content=\"1 minute\" \/>\n<script type=\"application\/ld+json\" class=\"yoast-schema-graph\">{\"@context\":\"https:\/\/schema.org\",\"@graph\":[{\"@type\":\"WebSite\",\"@id\":\"https:\/\/www.visit-ulcinj.com\/blog\/#website\",\"url\":\"https:\/\/www.visit-ulcinj.com\/blog\/\",\"name\":\"Lajme nga Ulqini\",\"description\":\"Lajme,Vijesti,Ulqini,Ulqin,Crna Gora,Mali i Zi\",\"potentialAction\":[{\"@type\":\"SearchAction\",\"target\":{\"@type\":\"EntryPoint\",\"urlTemplate\":\"https:\/\/www.visit-ulcinj.com\/blog\/?s={search_term_string}\"},\"query-input\":\"required name=search_term_string\"}],\"inLanguage\":\"en-US\"},{\"@type\":\"ImageObject\",\"inLanguage\":\"en-US\",\"@id\":\"https:\/\/www.visit-ulcinj.com\/blog\/2013\/09\/04\/durres-plagoset-me-thike-shtetasi-malazez\/#primaryimage\",\"url\":\"https:\/\/www.visit-ulcinj.com\/blog\/wp-content\/uploads\/2013\/09\/policia.jpg\",\"contentUrl\":\"https:\/\/www.visit-ulcinj.com\/blog\/wp-content\/uploads\/2013\/09\/policia.jpg\",\"width\":670,\"height\":570},{\"@type\":\"WebPage\",\"@id\":\"https:\/\/www.visit-ulcinj.com\/blog\/2013\/09\/04\/durres-plagoset-me-thike-shtetasi-malazez\/#webpage\",\"url\":\"https:\/\/www.visit-ulcinj.com\/blog\/2013\/09\/04\/durres-plagoset-me-thike-shtetasi-malazez\/\",\"name\":\"Durr\u00ebs, plagoset me thik\u00eb shtetasi malazez - Lajme nga Ulqini\",\"isPartOf\":{\"@id\":\"https:\/\/www.visit-ulcinj.com\/blog\/#website\"},\"primaryImageOfPage\":{\"@id\":\"https:\/\/www.visit-ulcinj.com\/blog\/2013\/09\/04\/durres-plagoset-me-thike-shtetasi-malazez\/#primaryimage\"},\"datePublished\":\"2013-09-04T05:42:13+00:00\",\"dateModified\":\"2013-09-04T05:42:13+00:00\",\"author\":{\"@id\":\"https:\/\/www.visit-ulcinj.com\/blog\/#\/schema\/person\/dcab619c614d3038751c63bc2aadc06d\"},\"description\":\"Nj\u00eb shtetas malazez \u00ebsht\u00eb plagosur me thik\u00eb m\u00ebngjesin e sot\u00ebm n\u00eb qytetin e Durr\u00ebsit. Ngjarja ka ndodhur tek nj\u00eb hotel n\u00eb zon\u00ebn e plazhit, pran\u00eb Ur\u00ebs s\u00eb\",\"breadcrumb\":{\"@id\":\"https:\/\/www.visit-ulcinj.com\/blog\/2013\/09\/04\/durres-plagoset-me-thike-shtetasi-malazez\/#breadcrumb\"},\"inLanguage\":\"en-US\",\"potentialAction\":[{\"@type\":\"ReadAction\",\"target\":[\"https:\/\/www.visit-ulcinj.com\/blog\/2013\/09\/04\/durres-plagoset-me-thike-shtetasi-malazez\/\"]}]},{\"@type\":\"BreadcrumbList\",\"@id\":\"https:\/\/www.visit-ulcinj.com\/blog\/2013\/09\/04\/durres-plagoset-me-thike-shtetasi-malazez\/#breadcrumb\",\"itemListElement\":[{\"@type\":\"ListItem\",\"position\":1,\"name\":\"Durr\u00ebs, plagoset me thik\u00eb shtetasi malazez\"}]},{\"@type\":\"Person\",\"@id\":\"https:\/\/www.visit-ulcinj.com\/blog\/#\/schema\/person\/dcab619c614d3038751c63bc2aadc06d\",\"name\":\"ulqini\",\"sameAs\":[\"http:\/\/www.visit-ulcinj.com\"],\"url\":\"https:\/\/www.visit-ulcinj.com\/blog\/author\/admin\/\"}]}<\/script>\n<!-- \/ Yoast SEO plugin. -->","yoast_head_json":{"title":"Durr\u00ebs, plagoset me thik\u00eb shtetasi malazez - Lajme nga Ulqini","description":"Nj\u00eb shtetas malazez \u00ebsht\u00eb plagosur me thik\u00eb m\u00ebngjesin e sot\u00ebm n\u00eb qytetin e Durr\u00ebsit. Ngjarja ka ndodhur tek nj\u00eb hotel n\u00eb zon\u00ebn e plazhit, pran\u00eb Ur\u00ebs s\u00eb","robots":{"index":"index","follow":"follow","max-snippet":"max-snippet:-1","max-image-preview":"max-image-preview:large","max-video-preview":"max-video-preview:-1"},"canonical":"https:\/\/www.visit-ulcinj.com\/blog\/2013\/09\/04\/durres-plagoset-me-thike-shtetasi-malazez\/","og_locale":"en_US","og_type":"article","og_title":"Durr\u00ebs, plagoset me thik\u00eb shtetasi malazez - Lajme nga Ulqini","og_description":"Nj\u00eb shtetas malazez \u00ebsht\u00eb plagosur me thik\u00eb m\u00ebngjesin e sot\u00ebm n\u00eb qytetin e Durr\u00ebsit. Ngjarja ka ndodhur tek nj\u00eb hotel n\u00eb zon\u00ebn e plazhit, pran\u00eb Ur\u00ebs s\u00eb","og_url":"https:\/\/www.visit-ulcinj.com\/blog\/2013\/09\/04\/durres-plagoset-me-thike-shtetasi-malazez\/","og_site_name":"Lajme nga Ulqini","article_published_time":"2013-09-04T05:42:13+00:00","og_image":[{"url":"http:\/\/www.visit-ulcinj.com\/blog\/wp-content\/uploads\/2013\/09\/policia.jpg"}],"twitter_misc":{"Written by":"ulqini","Est. reading time":"1 minute"},"schema":{"@context":"https:\/\/schema.org","@graph":[{"@type":"WebSite","@id":"https:\/\/www.visit-ulcinj.com\/blog\/#website","url":"https:\/\/www.visit-ulcinj.com\/blog\/","name":"Lajme nga Ulqini","description":"Lajme,Vijesti,Ulqini,Ulqin,Crna Gora,Mali i Zi","potentialAction":[{"@type":"SearchAction","target":{"@type":"EntryPoint","urlTemplate":"https:\/\/www.visit-ulcinj.com\/blog\/?s={search_term_string}"},"query-input":"required name=search_term_string"}],"inLanguage":"en-US"},{"@type":"ImageObject","inLanguage":"en-US","@id":"https:\/\/www.visit-ulcinj.com\/blog\/2013\/09\/04\/durres-plagoset-me-thike-shtetasi-malazez\/#primaryimage","url":"https:\/\/www.visit-ulcinj.com\/blog\/wp-content\/uploads\/2013\/09\/policia.jpg","contentUrl":"https:\/\/www.visit-ulcinj.com\/blog\/wp-content\/uploads\/2013\/09\/policia.jpg","width":670,"height":570},{"@type":"WebPage","@id":"https:\/\/www.visit-ulcinj.com\/blog\/2013\/09\/04\/durres-plagoset-me-thike-shtetasi-malazez\/#webpage","url":"https:\/\/www.visit-ulcinj.com\/blog\/2013\/09\/04\/durres-plagoset-me-thike-shtetasi-malazez\/","name":"Durr\u00ebs, plagoset me thik\u00eb shtetasi malazez - Lajme nga Ulqini","isPartOf":{"@id":"https:\/\/www.visit-ulcinj.com\/blog\/#website"},"primaryImageOfPage":{"@id":"https:\/\/www.visit-ulcinj.com\/blog\/2013\/09\/04\/durres-plagoset-me-thike-shtetasi-malazez\/#primaryimage"},"datePublished":"2013-09-04T05:42:13+00:00","dateModified":"2013-09-04T05:42:13+00:00","author":{"@id":"https:\/\/www.visit-ulcinj.com\/blog\/#\/schema\/person\/dcab619c614d3038751c63bc2aadc06d"},"description":"Nj\u00eb shtetas malazez \u00ebsht\u00eb plagosur me thik\u00eb m\u00ebngjesin e sot\u00ebm n\u00eb qytetin e Durr\u00ebsit. Ngjarja ka ndodhur tek nj\u00eb hotel n\u00eb zon\u00ebn e plazhit, pran\u00eb Ur\u00ebs s\u00eb","breadcrumb":{"@id":"https:\/\/www.visit-ulcinj.com\/blog\/2013\/09\/04\/durres-plagoset-me-thike-shtetasi-malazez\/#breadcrumb"},"inLanguage":"en-US","potentialAction":[{"@type":"ReadAction","target":["https:\/\/www.visit-ulcinj.com\/blog\/2013\/09\/04\/durres-plagoset-me-thike-shtetasi-malazez\/"]}]},{"@type":"BreadcrumbList","@id":"https:\/\/www.visit-ulcinj.com\/blog\/2013\/09\/04\/durres-plagoset-me-thike-shtetasi-malazez\/#breadcrumb","itemListElement":[{"@type":"ListItem","position":1,"name":"Durr\u00ebs, plagoset me thik\u00eb shtetasi malazez"}]},{"@type":"Person","@id":"https:\/\/www.visit-ulcinj.com\/blog\/#\/schema\/person\/dcab619c614d3038751c63bc2aadc06d","name":"ulqini","sameAs":["http:\/\/www.visit-ulcinj.com"],"url":"https:\/\/www.visit-ulcinj.com\/blog\/author\/admin\/"}]}},"jetpack_featured_media_url":"","jetpack_sharing_enabled":true,"jetpack_shortlink":"https:\/\/wp.me\/pe6lTn-jnX","_links":{"self":[{"href":"https:\/\/www.visit-ulcinj.com\/blog\/wp-json\/wp\/v2\/posts\/74521"}],"collection":[{"href":"https:\/\/www.visit-ulcinj.com\/blog\/wp-json\/wp\/v2\/posts"}],"about":[{"href":"https:\/\/www.visit-ulcinj.com\/blog\/wp-json\/wp\/v2\/types\/post"}],"author":[{"embeddable":true,"href":"https:\/\/www.visit-ulcinj.com\/blog\/wp-json\/wp\/v2\/users\/1"}],"replies":[{"embeddable":true,"href":"https:\/\/www.visit-ulcinj.com\/blog\/wp-json\/wp\/v2\/comments?post=74521"}],"version-history":[{"count":1,"href":"https:\/\/www.visit-ulcinj.com\/blog\/wp-json\/wp\/v2\/posts\/74521\/revisions"}],"predecessor-version":[{"id":74523,"href":"https:\/\/www.visit-ulcinj.com\/blog\/wp-json\/wp\/v2\/posts\/74521\/revisions\/74523"}],"wp:attachment":[{"href":"https:\/\/www.visit-ulcinj.com\/blog\/wp-json\/wp\/v2\/media?parent=74521"}],"wp:term":[{"taxonomy":"category","embeddable":true,"href":"https:\/\/www.visit-ulcinj.com\/blog\/wp-json\/wp\/v2\/categories?post=74521"},{"taxonomy":"post_tag","embeddable":true,"href":"https:\/\/www.visit-ulcinj.com\/blog\/wp-json\/wp\/v2\/tags?post=74521"}],"curies":[{"name":"wp","href":"https:\/\/api.w.org\/{rel}","templated":true}]}}