{"id":74526,"date":"2013-09-04T14:12:49","date_gmt":"2013-09-04T13:12:49","guid":{"rendered":"http:\/\/www.visit-ulcinj.com\/blog\/?p=74526"},"modified":"2013-09-04T14:12:49","modified_gmt":"2013-09-04T13:12:49","slug":"abazovic-forca-je-samo-dobar-dak-dps-a","status":"publish","type":"post","link":"https:\/\/www.visit-ulcinj.com\/blog\/2013\/09\/04\/abazovic-forca-je-samo-dobar-dak-dps-a\/","title":{"rendered":"Abazovi\u0107: Forca je samo dobar \u0111ak DPS-a"},"content":{"rendered":"<p><a href=\"http:\/\/www.visit-ulcinj.com\/blog\/wp-content\/uploads\/2013\/07\/dritanabazovic.jpg\"><img loading=\"lazy\" class=\"alignleft  wp-image-73777\" alt=\"dritanabazovic\" src=\"http:\/\/www.visit-ulcinj.com\/blog\/wp-content\/uploads\/2013\/07\/dritanabazovic.jpg\" width=\"508\" height=\"360\" \/><\/a>Poslanik Pozitivne Crne Gore Dritan Abazovi\u0107 kritikovao je lokalnu vlast u Ulcinju, ocjenjuju\u0107i da je na sceni \u201csilovanje demokratije\u201d.<\/p>\n<p>\u201cSistem lokalne uprave ne mo\u017ee funkcionisati bez dobrog sistema dono\u0161enja odluka ili mo\u017ee, ali se onda takva zajednica ne mo\u017ee nazvati demokratskom. To \u0161to DPS radi dr\u017eavi, lokalna vlast u Ulcinju radi ovom gradu. Ako misli da je to dobro, uvjeravam ih da nije i da \u0107e se, ako toga jo\u0161 nijesu svjesni, uskoro u to uvjeriti\u201d, kazao je Abazovi\u0107.<\/p>\n<p>Ocijenio je da najve\u0107e razo\u010darenje predstavlja Forca, nekada najrespektabilnija opoziciona stranka, a sada najve\u0107i koalicioni partner u vlasti.<\/p>\n<p>\u201cForca je zapravo dokazala da je postala dobar u\u010denik DPS-a. Drugi manji partneri u vlasti cijelo vrijeme bili su statisti koje su najvi\u0161e zanimale funkcije i da ostanu u ve\u0107ini, kakva god ona bila\u201d, naveo je Abazovi\u0107 u saop\u0161tenju.<\/p>\n<p>On je pozvao lokalnu vlast da vrati mandat, poru\u010duju\u0107i da samo gra\u0111ani mogu imati posljednju rije\u010d.<\/p>\n<p>\u201cUzurpiranje njihove volje, na bilo koji dosjetljivi na\u010din, nije kreativno rje\u0161enje, ve\u0107 politi\u010dko ruganje zdravom razumu\u201d, ocijenio je on.<\/p>\n<p>Podsjetio je da je Ulcinj oduvijek po\u010divao, odr\u017eavao se i razvijao na univerzalnim vrijednostima.<\/p>\n<p>\u201cNajzad i lokalni politi\u010dari se moraju vratiti svojoj tradiciji, koju su, \u010dini se, rado \u017ertvovali za gram klimave i fiktivne vlasti. Grijeh je to pomisliti, a kamoli i u\u010diniti ovom gradu\u201d, ocijenio je Abazovi\u0107.<\/p>\n<p>On je apelovao na sve politi\u010dke subjekte u gradu da budu slo\u017ena i demokratska zajednica u cilju ekonomskog progresa koji gra\u0111ani toliko i\u0161\u010dekuju.<\/p>\n<p>\u201cU suprotnom, taj progres \u0107e se, kao i mnogo puta do sada, prosuti u d\u017eepove pojedinaca koji ne razumiju odbranu javnog interesa\u201d, zaklju\u010dio je Abazovi\u0107.<\/p>\n<p><strong>Samir Adrovi\u0107<\/strong><br \/>\n<strong><a href=\"http:\/\/www.vijesti.me\/\">Vijesti online<\/a><\/strong><\/p>\n","protected":false},"excerpt":{"rendered":"<p>Poslanik Pozitivne Crne Gore Dritan Abazovi\u0107 kritikovao je lokalnu vlast u Ulcinju, ocjenjuju\u0107i da je na sceni \u201csilovanje demokratije\u201d. \u201cSistem lokalne uprave ne mo\u017ee funkcionisati bez dobrog sistema dono\u0161enja odluka ili mo\u017ee, ali se onda takva zajednica ne mo\u017ee nazvati demokratskom. To \u0161to DPS radi dr\u017eavi, lokalna vlast u Ulcinju radi ovom gradu. Ako misli [&hellip;]<\/p>\n","protected":false},"author":1,"featured_media":0,"comment_status":"closed","ping_status":"closed","sticky":false,"template":"","format":"standard","meta":{"spay_email":"","jetpack_publicize_message":"","jetpack_is_tweetstorm":false,"jetpack_publicize_feature_enabled":true},"categories":[8337],"tags":[],"jetpack_publicize_connections":[],"yoast_head":"<!-- This site is optimized with the Yoast SEO plugin v19.1 - https:\/\/yoast.com\/wordpress\/plugins\/seo\/ -->\n<title>Abazovi\u0107: Forca je samo dobar \u0111ak DPS-a - Lajme nga Ulqini<\/title>\n<meta name=\"description\" content=\"Poslanik Pozitivne Crne Gore Dritan Abazovi\u0107 kritikovao je lokalnu vlast u Ulcinju, ocjenjuju\u0107i da je na sceni \u201csilovanje demokratije\u201d. \u201cSistem lokalne\" \/>\n<meta name=\"robots\" content=\"index, follow, max-snippet:-1, max-image-preview:large, max-video-preview:-1\" \/>\n<link rel=\"canonical\" href=\"https:\/\/www.visit-ulcinj.com\/blog\/2013\/09\/04\/abazovic-forca-je-samo-dobar-dak-dps-a\/\" \/>\n<meta property=\"og:locale\" content=\"en_US\" \/>\n<meta property=\"og:type\" content=\"article\" \/>\n<meta property=\"og:title\" content=\"Abazovi\u0107: Forca je samo dobar \u0111ak DPS-a - Lajme nga Ulqini\" \/>\n<meta property=\"og:description\" content=\"Poslanik Pozitivne Crne Gore Dritan Abazovi\u0107 kritikovao je lokalnu vlast u Ulcinju, ocjenjuju\u0107i da je na sceni \u201csilovanje demokratije\u201d. \u201cSistem lokalne\" \/>\n<meta property=\"og:url\" content=\"https:\/\/www.visit-ulcinj.com\/blog\/2013\/09\/04\/abazovic-forca-je-samo-dobar-dak-dps-a\/\" \/>\n<meta property=\"og:site_name\" content=\"Lajme nga Ulqini\" \/>\n<meta property=\"article:published_time\" content=\"2013-09-04T13:12:49+00:00\" \/>\n<meta property=\"og:image\" content=\"http:\/\/www.visit-ulcinj.com\/blog\/wp-content\/uploads\/2013\/07\/dritanabazovic.jpg\" \/>\n<meta name=\"twitter:label1\" content=\"Written by\" \/>\n\t<meta name=\"twitter:data1\" content=\"ulqini\" \/>\n\t<meta name=\"twitter:label2\" content=\"Est. reading time\" \/>\n\t<meta name=\"twitter:data2\" content=\"2 minutes\" \/>\n<script type=\"application\/ld+json\" class=\"yoast-schema-graph\">{\"@context\":\"https:\/\/schema.org\",\"@graph\":[{\"@type\":\"WebSite\",\"@id\":\"https:\/\/www.visit-ulcinj.com\/blog\/#website\",\"url\":\"https:\/\/www.visit-ulcinj.com\/blog\/\",\"name\":\"Lajme nga Ulqini\",\"description\":\"Lajme,Vijesti,Ulqini,Ulqin,Crna Gora,Mali i Zi\",\"potentialAction\":[{\"@type\":\"SearchAction\",\"target\":{\"@type\":\"EntryPoint\",\"urlTemplate\":\"https:\/\/www.visit-ulcinj.com\/blog\/?s={search_term_string}\"},\"query-input\":\"required name=search_term_string\"}],\"inLanguage\":\"en-US\"},{\"@type\":\"ImageObject\",\"inLanguage\":\"en-US\",\"@id\":\"https:\/\/www.visit-ulcinj.com\/blog\/2013\/09\/04\/abazovic-forca-je-samo-dobar-dak-dps-a\/#primaryimage\",\"url\":\"https:\/\/www.visit-ulcinj.com\/blog\/wp-content\/uploads\/2013\/07\/dritanabazovic.jpg\",\"contentUrl\":\"https:\/\/www.visit-ulcinj.com\/blog\/wp-content\/uploads\/2013\/07\/dritanabazovic.jpg\",\"width\":556,\"height\":413},{\"@type\":\"WebPage\",\"@id\":\"https:\/\/www.visit-ulcinj.com\/blog\/2013\/09\/04\/abazovic-forca-je-samo-dobar-dak-dps-a\/#webpage\",\"url\":\"https:\/\/www.visit-ulcinj.com\/blog\/2013\/09\/04\/abazovic-forca-je-samo-dobar-dak-dps-a\/\",\"name\":\"Abazovi\u0107: Forca je samo dobar \u0111ak DPS-a - Lajme nga Ulqini\",\"isPartOf\":{\"@id\":\"https:\/\/www.visit-ulcinj.com\/blog\/#website\"},\"primaryImageOfPage\":{\"@id\":\"https:\/\/www.visit-ulcinj.com\/blog\/2013\/09\/04\/abazovic-forca-je-samo-dobar-dak-dps-a\/#primaryimage\"},\"datePublished\":\"2013-09-04T13:12:49+00:00\",\"dateModified\":\"2013-09-04T13:12:49+00:00\",\"author\":{\"@id\":\"https:\/\/www.visit-ulcinj.com\/blog\/#\/schema\/person\/dcab619c614d3038751c63bc2aadc06d\"},\"description\":\"Poslanik Pozitivne Crne Gore Dritan Abazovi\u0107 kritikovao je lokalnu vlast u Ulcinju, ocjenjuju\u0107i da je na sceni \u201csilovanje demokratije\u201d. \u201cSistem lokalne\",\"breadcrumb\":{\"@id\":\"https:\/\/www.visit-ulcinj.com\/blog\/2013\/09\/04\/abazovic-forca-je-samo-dobar-dak-dps-a\/#breadcrumb\"},\"inLanguage\":\"en-US\",\"potentialAction\":[{\"@type\":\"ReadAction\",\"target\":[\"https:\/\/www.visit-ulcinj.com\/blog\/2013\/09\/04\/abazovic-forca-je-samo-dobar-dak-dps-a\/\"]}]},{\"@type\":\"BreadcrumbList\",\"@id\":\"https:\/\/www.visit-ulcinj.com\/blog\/2013\/09\/04\/abazovic-forca-je-samo-dobar-dak-dps-a\/#breadcrumb\",\"itemListElement\":[{\"@type\":\"ListItem\",\"position\":1,\"name\":\"Abazovi\u0107: Forca je samo dobar \u0111ak DPS-a\"}]},{\"@type\":\"Person\",\"@id\":\"https:\/\/www.visit-ulcinj.com\/blog\/#\/schema\/person\/dcab619c614d3038751c63bc2aadc06d\",\"name\":\"ulqini\",\"sameAs\":[\"http:\/\/www.visit-ulcinj.com\"],\"url\":\"https:\/\/www.visit-ulcinj.com\/blog\/author\/admin\/\"}]}<\/script>\n<!-- \/ Yoast SEO plugin. -->","yoast_head_json":{"title":"Abazovi\u0107: Forca je samo dobar \u0111ak DPS-a - Lajme nga Ulqini","description":"Poslanik Pozitivne Crne Gore Dritan Abazovi\u0107 kritikovao je lokalnu vlast u Ulcinju, ocjenjuju\u0107i da je na sceni \u201csilovanje demokratije\u201d. \u201cSistem lokalne","robots":{"index":"index","follow":"follow","max-snippet":"max-snippet:-1","max-image-preview":"max-image-preview:large","max-video-preview":"max-video-preview:-1"},"canonical":"https:\/\/www.visit-ulcinj.com\/blog\/2013\/09\/04\/abazovic-forca-je-samo-dobar-dak-dps-a\/","og_locale":"en_US","og_type":"article","og_title":"Abazovi\u0107: Forca je samo dobar \u0111ak DPS-a - Lajme nga Ulqini","og_description":"Poslanik Pozitivne Crne Gore Dritan Abazovi\u0107 kritikovao je lokalnu vlast u Ulcinju, ocjenjuju\u0107i da je na sceni \u201csilovanje demokratije\u201d. \u201cSistem lokalne","og_url":"https:\/\/www.visit-ulcinj.com\/blog\/2013\/09\/04\/abazovic-forca-je-samo-dobar-dak-dps-a\/","og_site_name":"Lajme nga Ulqini","article_published_time":"2013-09-04T13:12:49+00:00","og_image":[{"url":"http:\/\/www.visit-ulcinj.com\/blog\/wp-content\/uploads\/2013\/07\/dritanabazovic.jpg"}],"twitter_misc":{"Written by":"ulqini","Est. reading time":"2 minutes"},"schema":{"@context":"https:\/\/schema.org","@graph":[{"@type":"WebSite","@id":"https:\/\/www.visit-ulcinj.com\/blog\/#website","url":"https:\/\/www.visit-ulcinj.com\/blog\/","name":"Lajme nga Ulqini","description":"Lajme,Vijesti,Ulqini,Ulqin,Crna Gora,Mali i Zi","potentialAction":[{"@type":"SearchAction","target":{"@type":"EntryPoint","urlTemplate":"https:\/\/www.visit-ulcinj.com\/blog\/?s={search_term_string}"},"query-input":"required name=search_term_string"}],"inLanguage":"en-US"},{"@type":"ImageObject","inLanguage":"en-US","@id":"https:\/\/www.visit-ulcinj.com\/blog\/2013\/09\/04\/abazovic-forca-je-samo-dobar-dak-dps-a\/#primaryimage","url":"https:\/\/www.visit-ulcinj.com\/blog\/wp-content\/uploads\/2013\/07\/dritanabazovic.jpg","contentUrl":"https:\/\/www.visit-ulcinj.com\/blog\/wp-content\/uploads\/2013\/07\/dritanabazovic.jpg","width":556,"height":413},{"@type":"WebPage","@id":"https:\/\/www.visit-ulcinj.com\/blog\/2013\/09\/04\/abazovic-forca-je-samo-dobar-dak-dps-a\/#webpage","url":"https:\/\/www.visit-ulcinj.com\/blog\/2013\/09\/04\/abazovic-forca-je-samo-dobar-dak-dps-a\/","name":"Abazovi\u0107: Forca je samo dobar \u0111ak DPS-a - Lajme nga Ulqini","isPartOf":{"@id":"https:\/\/www.visit-ulcinj.com\/blog\/#website"},"primaryImageOfPage":{"@id":"https:\/\/www.visit-ulcinj.com\/blog\/2013\/09\/04\/abazovic-forca-je-samo-dobar-dak-dps-a\/#primaryimage"},"datePublished":"2013-09-04T13:12:49+00:00","dateModified":"2013-09-04T13:12:49+00:00","author":{"@id":"https:\/\/www.visit-ulcinj.com\/blog\/#\/schema\/person\/dcab619c614d3038751c63bc2aadc06d"},"description":"Poslanik Pozitivne Crne Gore Dritan Abazovi\u0107 kritikovao je lokalnu vlast u Ulcinju, ocjenjuju\u0107i da je na sceni \u201csilovanje demokratije\u201d. \u201cSistem lokalne","breadcrumb":{"@id":"https:\/\/www.visit-ulcinj.com\/blog\/2013\/09\/04\/abazovic-forca-je-samo-dobar-dak-dps-a\/#breadcrumb"},"inLanguage":"en-US","potentialAction":[{"@type":"ReadAction","target":["https:\/\/www.visit-ulcinj.com\/blog\/2013\/09\/04\/abazovic-forca-je-samo-dobar-dak-dps-a\/"]}]},{"@type":"BreadcrumbList","@id":"https:\/\/www.visit-ulcinj.com\/blog\/2013\/09\/04\/abazovic-forca-je-samo-dobar-dak-dps-a\/#breadcrumb","itemListElement":[{"@type":"ListItem","position":1,"name":"Abazovi\u0107: Forca je samo dobar \u0111ak DPS-a"}]},{"@type":"Person","@id":"https:\/\/www.visit-ulcinj.com\/blog\/#\/schema\/person\/dcab619c614d3038751c63bc2aadc06d","name":"ulqini","sameAs":["http:\/\/www.visit-ulcinj.com"],"url":"https:\/\/www.visit-ulcinj.com\/blog\/author\/admin\/"}]}},"jetpack_featured_media_url":"","jetpack_sharing_enabled":true,"jetpack_shortlink":"https:\/\/wp.me\/pe6lTn-jo2","_links":{"self":[{"href":"https:\/\/www.visit-ulcinj.com\/blog\/wp-json\/wp\/v2\/posts\/74526"}],"collection":[{"href":"https:\/\/www.visit-ulcinj.com\/blog\/wp-json\/wp\/v2\/posts"}],"about":[{"href":"https:\/\/www.visit-ulcinj.com\/blog\/wp-json\/wp\/v2\/types\/post"}],"author":[{"embeddable":true,"href":"https:\/\/www.visit-ulcinj.com\/blog\/wp-json\/wp\/v2\/users\/1"}],"replies":[{"embeddable":true,"href":"https:\/\/www.visit-ulcinj.com\/blog\/wp-json\/wp\/v2\/comments?post=74526"}],"version-history":[{"count":1,"href":"https:\/\/www.visit-ulcinj.com\/blog\/wp-json\/wp\/v2\/posts\/74526\/revisions"}],"predecessor-version":[{"id":74527,"href":"https:\/\/www.visit-ulcinj.com\/blog\/wp-json\/wp\/v2\/posts\/74526\/revisions\/74527"}],"wp:attachment":[{"href":"https:\/\/www.visit-ulcinj.com\/blog\/wp-json\/wp\/v2\/media?parent=74526"}],"wp:term":[{"taxonomy":"category","embeddable":true,"href":"https:\/\/www.visit-ulcinj.com\/blog\/wp-json\/wp\/v2\/categories?post=74526"},{"taxonomy":"post_tag","embeddable":true,"href":"https:\/\/www.visit-ulcinj.com\/blog\/wp-json\/wp\/v2\/tags?post=74526"}],"curies":[{"name":"wp","href":"https:\/\/api.w.org\/{rel}","templated":true}]}}