{"id":74537,"date":"2013-09-05T20:40:35","date_gmt":"2013-09-05T19:40:35","guid":{"rendered":"http:\/\/www.visit-ulcinj.com\/blog\/?p=74537"},"modified":"2013-09-06T22:37:40","modified_gmt":"2013-09-06T21:37:40","slug":"kryetari-cungu-takon-perfaqesuesit-e-biznis-klub-ana-e-malit","status":"publish","type":"post","link":"https:\/\/www.visit-ulcinj.com\/blog\/2013\/09\/05\/kryetari-cungu-takon-perfaqesuesit-e-biznis-klub-ana-e-malit\/","title":{"rendered":"Kryetari Cungu takon p\u00ebrfaq\u00ebsuesit e Biznis Klub Ana e Malit"},"content":{"rendered":"<p><strong><a href=\"http:\/\/www.visit-ulcinj.com\/blog\/wp-content\/uploads\/2013\/09\/Cungu-Biznis-klubi-Ana-malit.jpg\"><img loading=\"lazy\" class=\"alignleft  wp-image-74538\" alt=\"Cungu-Biznis-klubi-Ana-malit\" src=\"http:\/\/www.visit-ulcinj.com\/blog\/wp-content\/uploads\/2013\/09\/Cungu-Biznis-klubi-Ana-malit.jpg\" width=\"508\" height=\"360\" \/><\/a>Kryetari i komun\u00ebs s\u00eb Ulqinit Nazif Cungu priti sot n\u00eb takim p\u00ebrfaq\u00ebsuesit e Biznis Klub Ana e Malit<\/strong><\/p>\n<p>Kryetari i komun\u00ebs s\u00eb Ulqinit Nazif Cungu priti sot n\u00eb takim p\u00ebrfaq\u00ebsuesit e Biznis Klub Ana e Malit me t\u00eb cil\u00ebt diskutuan lidhur k\u00ebrkesat q\u00eb ato kan\u00eb si dhe mund\u00ebsin\u00eb e bashkpunimit n\u00eb mes t\u00eb BKA-s\u00eb dhe komun\u00ebs s\u00eb Ulqinit p\u00ebr realizimin e projekteve konkrete me r\u00ebnd\u00ebsi p\u00ebr qytetaret tan\u00eb.<br \/>\nKryetari i k\u00ebtij klubi z.Kabil Kurti prezantoj para kryetarit Cungu iden\u00eb e nd\u00ebrtimit t\u00eb nj\u00eb qendre sportive n\u00eb An\u00eb t\u00eb Malit, qender e cila do t\u00eb p\u00ebrfshij\u00eb fushen e futbollit, fushen e tenisit, fushen basketbollit, sallen e ushtrimeve fizike e k\u00ebshtu me rradh\u00eb ku me k\u00ebt\u00eb rast k\u00ebrkoj mb\u00ebshtetjen e komun\u00ebs s\u00eb Ulqinit p\u00ebr realizimin e k\u00ebtij projekti kaq t\u00eb r\u00ebndesishem sportiv. Ai poashtu njoftoj kryetarin se p\u00ebr realizimin e k\u00ebtij projekti mb\u00ebshtetje t\u00eb ve\u00e7ant\u00eb ka shprehur edhe diaspora e komun\u00ebs s\u00eb Ulqinit.<br \/>\nKryetari Cungu falenderoj Biznes Klub Ana e Malit p\u00ebr k\u00ebt\u00eb iniciative por edhe p\u00ebr aktivitetin e deritanishem dhe u shpreh se komuna e Ulqinit do t\u00eb mb\u00ebshtes fuqishem realizimin e nj\u00eb projekti t\u00eb till\u00eb n\u00eb An\u00eb t\u00eb Malit. Duke qen\u00eb se jan\u00eb n\u00eb fazen e p\u00ebrpunimit plani hapsinor i komun\u00ebs s\u00eb Ulqinit dhe plani urbanistik p\u00ebr Kaderkoll\u00eb, \u00ebsht\u00eb mir\u00eb t\u00eb p\u00ebrcaktohet lokacioni p\u00ebr ndertimin e k\u00ebsaj qendre sportive n\u00eb m\u00ebnyr\u00eb q\u00eb ky lokacion t\u00eb trajtohet n\u00eb k\u00ebto dokumente planifikuese si zon\u00eb p\u00ebr rekreacion dhe sport u shpreh Cungu.<br \/>\nT\u00eb pranishmit diskutuan lidhur organizimin e dites s\u00eb sheges ku k\u00ebt\u00eb vit Komuna e Ulqinit do t\u00eb jet\u00eb bashkorganizatore me BKA-n, diskutuan lidhur me kerkesat dhe nevojat n\u00eb fushen e bujq\u00ebsis\u00eb pasi mbrenda k\u00ebtij muaji Ulqinin do ta vizitoj ministri i bujq\u00ebsis\u00eb s\u00eb Malit t\u00eb Zi, poashtu diskutuan p\u00ebr bashpunim n\u00eb \u00e7eshtje t\u00eb tjera me r\u00ebnd\u00ebsi.<\/p>\n<p>&nbsp;<\/p>\n<p><strong>Op\u0161tina Ulcinj \/ Komuna e Ulqinit<\/strong><br \/>\nTel: +382 30 412 050<br \/>\nFax: +382 30 412 413<br \/>\nAdresa: Bul. Skenderbeu bb, 85360 Ulcinj, MNE<\/p>\n","protected":false},"excerpt":{"rendered":"<p>Kryetari i komun\u00ebs s\u00eb Ulqinit Nazif Cungu priti sot n\u00eb takim p\u00ebrfaq\u00ebsuesit e Biznis Klub Ana e Malit Kryetari i komun\u00ebs s\u00eb Ulqinit Nazif Cungu priti sot n\u00eb takim p\u00ebrfaq\u00ebsuesit e Biznis Klub Ana e Malit me t\u00eb cil\u00ebt diskutuan lidhur k\u00ebrkesat q\u00eb ato kan\u00eb si dhe mund\u00ebsin\u00eb e bashkpunimit n\u00eb mes t\u00eb BKA-s\u00eb dhe [&hellip;]<\/p>\n","protected":false},"author":1,"featured_media":0,"comment_status":"closed","ping_status":"closed","sticky":false,"template":"","format":"standard","meta":{"spay_email":"","jetpack_publicize_message":"","jetpack_is_tweetstorm":false,"jetpack_publicize_feature_enabled":true},"categories":[10,1],"tags":[],"jetpack_publicize_connections":[],"yoast_head":"<!-- This site is optimized with the Yoast SEO plugin v19.1 - https:\/\/yoast.com\/wordpress\/plugins\/seo\/ -->\n<title>Kryetari Cungu takon p\u00ebrfaq\u00ebsuesit e Biznis Klub Ana e Malit - Lajme nga Ulqini<\/title>\n<meta name=\"description\" content=\"Kryetari i komun\u00ebs s\u00eb Ulqinit Nazif Cungu priti sot n\u00eb takim p\u00ebrfaq\u00ebsuesit e Biznis Klub Ana e Malit Kryetari i komun\u00ebs s\u00eb Ulqinit Nazif Cungu priti sot\" \/>\n<meta name=\"robots\" content=\"index, follow, max-snippet:-1, max-image-preview:large, max-video-preview:-1\" \/>\n<link rel=\"canonical\" href=\"https:\/\/www.visit-ulcinj.com\/blog\/2013\/09\/05\/kryetari-cungu-takon-perfaqesuesit-e-biznis-klub-ana-e-malit\/\" \/>\n<meta property=\"og:locale\" content=\"en_US\" \/>\n<meta property=\"og:type\" content=\"article\" \/>\n<meta property=\"og:title\" content=\"Kryetari Cungu takon p\u00ebrfaq\u00ebsuesit e Biznis Klub Ana e Malit - Lajme nga Ulqini\" \/>\n<meta property=\"og:description\" content=\"Kryetari i komun\u00ebs s\u00eb Ulqinit Nazif Cungu priti sot n\u00eb takim p\u00ebrfaq\u00ebsuesit e Biznis Klub Ana e Malit Kryetari i komun\u00ebs s\u00eb Ulqinit Nazif Cungu priti sot\" \/>\n<meta property=\"og:url\" content=\"https:\/\/www.visit-ulcinj.com\/blog\/2013\/09\/05\/kryetari-cungu-takon-perfaqesuesit-e-biznis-klub-ana-e-malit\/\" \/>\n<meta property=\"og:site_name\" content=\"Lajme nga Ulqini\" \/>\n<meta property=\"article:published_time\" content=\"2013-09-05T19:40:35+00:00\" \/>\n<meta property=\"article:modified_time\" content=\"2013-09-06T21:37:40+00:00\" \/>\n<meta property=\"og:image\" content=\"http:\/\/www.visit-ulcinj.com\/blog\/wp-content\/uploads\/2013\/09\/Cungu-Biznis-klubi-Ana-malit.jpg\" \/>\n<meta name=\"twitter:label1\" content=\"Written by\" \/>\n\t<meta name=\"twitter:data1\" content=\"ulqini\" \/>\n\t<meta name=\"twitter:label2\" content=\"Est. reading time\" \/>\n\t<meta name=\"twitter:data2\" content=\"2 minutes\" \/>\n<script type=\"application\/ld+json\" class=\"yoast-schema-graph\">{\"@context\":\"https:\/\/schema.org\",\"@graph\":[{\"@type\":\"WebSite\",\"@id\":\"https:\/\/www.visit-ulcinj.com\/blog\/#website\",\"url\":\"https:\/\/www.visit-ulcinj.com\/blog\/\",\"name\":\"Lajme nga Ulqini\",\"description\":\"Lajme,Vijesti,Ulqini,Ulqin,Crna Gora,Mali i Zi\",\"potentialAction\":[{\"@type\":\"SearchAction\",\"target\":{\"@type\":\"EntryPoint\",\"urlTemplate\":\"https:\/\/www.visit-ulcinj.com\/blog\/?s={search_term_string}\"},\"query-input\":\"required name=search_term_string\"}],\"inLanguage\":\"en-US\"},{\"@type\":\"ImageObject\",\"inLanguage\":\"en-US\",\"@id\":\"https:\/\/www.visit-ulcinj.com\/blog\/2013\/09\/05\/kryetari-cungu-takon-perfaqesuesit-e-biznis-klub-ana-e-malit\/#primaryimage\",\"url\":\"https:\/\/www.visit-ulcinj.com\/blog\/wp-content\/uploads\/2013\/09\/Cungu-Biznis-klubi-Ana-malit.jpg\",\"contentUrl\":\"https:\/\/www.visit-ulcinj.com\/blog\/wp-content\/uploads\/2013\/09\/Cungu-Biznis-klubi-Ana-malit.jpg\",\"width\":640,\"height\":424},{\"@type\":\"WebPage\",\"@id\":\"https:\/\/www.visit-ulcinj.com\/blog\/2013\/09\/05\/kryetari-cungu-takon-perfaqesuesit-e-biznis-klub-ana-e-malit\/#webpage\",\"url\":\"https:\/\/www.visit-ulcinj.com\/blog\/2013\/09\/05\/kryetari-cungu-takon-perfaqesuesit-e-biznis-klub-ana-e-malit\/\",\"name\":\"Kryetari Cungu takon p\u00ebrfaq\u00ebsuesit e Biznis Klub Ana e Malit - Lajme nga Ulqini\",\"isPartOf\":{\"@id\":\"https:\/\/www.visit-ulcinj.com\/blog\/#website\"},\"primaryImageOfPage\":{\"@id\":\"https:\/\/www.visit-ulcinj.com\/blog\/2013\/09\/05\/kryetari-cungu-takon-perfaqesuesit-e-biznis-klub-ana-e-malit\/#primaryimage\"},\"datePublished\":\"2013-09-05T19:40:35+00:00\",\"dateModified\":\"2013-09-06T21:37:40+00:00\",\"author\":{\"@id\":\"https:\/\/www.visit-ulcinj.com\/blog\/#\/schema\/person\/dcab619c614d3038751c63bc2aadc06d\"},\"description\":\"Kryetari i komun\u00ebs s\u00eb Ulqinit Nazif Cungu priti sot n\u00eb takim p\u00ebrfaq\u00ebsuesit e Biznis Klub Ana e Malit Kryetari i komun\u00ebs s\u00eb Ulqinit Nazif Cungu priti sot\",\"breadcrumb\":{\"@id\":\"https:\/\/www.visit-ulcinj.com\/blog\/2013\/09\/05\/kryetari-cungu-takon-perfaqesuesit-e-biznis-klub-ana-e-malit\/#breadcrumb\"},\"inLanguage\":\"en-US\",\"potentialAction\":[{\"@type\":\"ReadAction\",\"target\":[\"https:\/\/www.visit-ulcinj.com\/blog\/2013\/09\/05\/kryetari-cungu-takon-perfaqesuesit-e-biznis-klub-ana-e-malit\/\"]}]},{\"@type\":\"BreadcrumbList\",\"@id\":\"https:\/\/www.visit-ulcinj.com\/blog\/2013\/09\/05\/kryetari-cungu-takon-perfaqesuesit-e-biznis-klub-ana-e-malit\/#breadcrumb\",\"itemListElement\":[{\"@type\":\"ListItem\",\"position\":1,\"name\":\"Kryetari Cungu takon p\u00ebrfaq\u00ebsuesit e Biznis Klub Ana e Malit\"}]},{\"@type\":\"Person\",\"@id\":\"https:\/\/www.visit-ulcinj.com\/blog\/#\/schema\/person\/dcab619c614d3038751c63bc2aadc06d\",\"name\":\"ulqini\",\"sameAs\":[\"http:\/\/www.visit-ulcinj.com\"],\"url\":\"https:\/\/www.visit-ulcinj.com\/blog\/author\/admin\/\"}]}<\/script>\n<!-- \/ Yoast SEO plugin. -->","yoast_head_json":{"title":"Kryetari Cungu takon p\u00ebrfaq\u00ebsuesit e Biznis Klub Ana e Malit - Lajme nga Ulqini","description":"Kryetari i komun\u00ebs s\u00eb Ulqinit Nazif Cungu priti sot n\u00eb takim p\u00ebrfaq\u00ebsuesit e Biznis Klub Ana e Malit Kryetari i komun\u00ebs s\u00eb Ulqinit Nazif Cungu priti sot","robots":{"index":"index","follow":"follow","max-snippet":"max-snippet:-1","max-image-preview":"max-image-preview:large","max-video-preview":"max-video-preview:-1"},"canonical":"https:\/\/www.visit-ulcinj.com\/blog\/2013\/09\/05\/kryetari-cungu-takon-perfaqesuesit-e-biznis-klub-ana-e-malit\/","og_locale":"en_US","og_type":"article","og_title":"Kryetari Cungu takon p\u00ebrfaq\u00ebsuesit e Biznis Klub Ana e Malit - Lajme nga Ulqini","og_description":"Kryetari i komun\u00ebs s\u00eb Ulqinit Nazif Cungu priti sot n\u00eb takim p\u00ebrfaq\u00ebsuesit e Biznis Klub Ana e Malit Kryetari i komun\u00ebs s\u00eb Ulqinit Nazif Cungu priti sot","og_url":"https:\/\/www.visit-ulcinj.com\/blog\/2013\/09\/05\/kryetari-cungu-takon-perfaqesuesit-e-biznis-klub-ana-e-malit\/","og_site_name":"Lajme nga Ulqini","article_published_time":"2013-09-05T19:40:35+00:00","article_modified_time":"2013-09-06T21:37:40+00:00","og_image":[{"url":"http:\/\/www.visit-ulcinj.com\/blog\/wp-content\/uploads\/2013\/09\/Cungu-Biznis-klubi-Ana-malit.jpg"}],"twitter_misc":{"Written by":"ulqini","Est. reading time":"2 minutes"},"schema":{"@context":"https:\/\/schema.org","@graph":[{"@type":"WebSite","@id":"https:\/\/www.visit-ulcinj.com\/blog\/#website","url":"https:\/\/www.visit-ulcinj.com\/blog\/","name":"Lajme nga Ulqini","description":"Lajme,Vijesti,Ulqini,Ulqin,Crna Gora,Mali i Zi","potentialAction":[{"@type":"SearchAction","target":{"@type":"EntryPoint","urlTemplate":"https:\/\/www.visit-ulcinj.com\/blog\/?s={search_term_string}"},"query-input":"required name=search_term_string"}],"inLanguage":"en-US"},{"@type":"ImageObject","inLanguage":"en-US","@id":"https:\/\/www.visit-ulcinj.com\/blog\/2013\/09\/05\/kryetari-cungu-takon-perfaqesuesit-e-biznis-klub-ana-e-malit\/#primaryimage","url":"https:\/\/www.visit-ulcinj.com\/blog\/wp-content\/uploads\/2013\/09\/Cungu-Biznis-klubi-Ana-malit.jpg","contentUrl":"https:\/\/www.visit-ulcinj.com\/blog\/wp-content\/uploads\/2013\/09\/Cungu-Biznis-klubi-Ana-malit.jpg","width":640,"height":424},{"@type":"WebPage","@id":"https:\/\/www.visit-ulcinj.com\/blog\/2013\/09\/05\/kryetari-cungu-takon-perfaqesuesit-e-biznis-klub-ana-e-malit\/#webpage","url":"https:\/\/www.visit-ulcinj.com\/blog\/2013\/09\/05\/kryetari-cungu-takon-perfaqesuesit-e-biznis-klub-ana-e-malit\/","name":"Kryetari Cungu takon p\u00ebrfaq\u00ebsuesit e Biznis Klub Ana e Malit - Lajme nga Ulqini","isPartOf":{"@id":"https:\/\/www.visit-ulcinj.com\/blog\/#website"},"primaryImageOfPage":{"@id":"https:\/\/www.visit-ulcinj.com\/blog\/2013\/09\/05\/kryetari-cungu-takon-perfaqesuesit-e-biznis-klub-ana-e-malit\/#primaryimage"},"datePublished":"2013-09-05T19:40:35+00:00","dateModified":"2013-09-06T21:37:40+00:00","author":{"@id":"https:\/\/www.visit-ulcinj.com\/blog\/#\/schema\/person\/dcab619c614d3038751c63bc2aadc06d"},"description":"Kryetari i komun\u00ebs s\u00eb Ulqinit Nazif Cungu priti sot n\u00eb takim p\u00ebrfaq\u00ebsuesit e Biznis Klub Ana e Malit Kryetari i komun\u00ebs s\u00eb Ulqinit Nazif Cungu priti sot","breadcrumb":{"@id":"https:\/\/www.visit-ulcinj.com\/blog\/2013\/09\/05\/kryetari-cungu-takon-perfaqesuesit-e-biznis-klub-ana-e-malit\/#breadcrumb"},"inLanguage":"en-US","potentialAction":[{"@type":"ReadAction","target":["https:\/\/www.visit-ulcinj.com\/blog\/2013\/09\/05\/kryetari-cungu-takon-perfaqesuesit-e-biznis-klub-ana-e-malit\/"]}]},{"@type":"BreadcrumbList","@id":"https:\/\/www.visit-ulcinj.com\/blog\/2013\/09\/05\/kryetari-cungu-takon-perfaqesuesit-e-biznis-klub-ana-e-malit\/#breadcrumb","itemListElement":[{"@type":"ListItem","position":1,"name":"Kryetari Cungu takon p\u00ebrfaq\u00ebsuesit e Biznis Klub Ana e Malit"}]},{"@type":"Person","@id":"https:\/\/www.visit-ulcinj.com\/blog\/#\/schema\/person\/dcab619c614d3038751c63bc2aadc06d","name":"ulqini","sameAs":["http:\/\/www.visit-ulcinj.com"],"url":"https:\/\/www.visit-ulcinj.com\/blog\/author\/admin\/"}]}},"jetpack_featured_media_url":"","jetpack_sharing_enabled":true,"jetpack_shortlink":"https:\/\/wp.me\/pe6lTn-jod","_links":{"self":[{"href":"https:\/\/www.visit-ulcinj.com\/blog\/wp-json\/wp\/v2\/posts\/74537"}],"collection":[{"href":"https:\/\/www.visit-ulcinj.com\/blog\/wp-json\/wp\/v2\/posts"}],"about":[{"href":"https:\/\/www.visit-ulcinj.com\/blog\/wp-json\/wp\/v2\/types\/post"}],"author":[{"embeddable":true,"href":"https:\/\/www.visit-ulcinj.com\/blog\/wp-json\/wp\/v2\/users\/1"}],"replies":[{"embeddable":true,"href":"https:\/\/www.visit-ulcinj.com\/blog\/wp-json\/wp\/v2\/comments?post=74537"}],"version-history":[{"count":3,"href":"https:\/\/www.visit-ulcinj.com\/blog\/wp-json\/wp\/v2\/posts\/74537\/revisions"}],"predecessor-version":[{"id":74577,"href":"https:\/\/www.visit-ulcinj.com\/blog\/wp-json\/wp\/v2\/posts\/74537\/revisions\/74577"}],"wp:attachment":[{"href":"https:\/\/www.visit-ulcinj.com\/blog\/wp-json\/wp\/v2\/media?parent=74537"}],"wp:term":[{"taxonomy":"category","embeddable":true,"href":"https:\/\/www.visit-ulcinj.com\/blog\/wp-json\/wp\/v2\/categories?post=74537"},{"taxonomy":"post_tag","embeddable":true,"href":"https:\/\/www.visit-ulcinj.com\/blog\/wp-json\/wp\/v2\/tags?post=74537"}],"curies":[{"name":"wp","href":"https:\/\/api.w.org\/{rel}","templated":true}]}}