{"id":74542,"date":"2013-09-06T06:41:44","date_gmt":"2013-09-06T05:41:44","guid":{"rendered":"http:\/\/www.visit-ulcinj.com\/blog\/?p=74542"},"modified":"2013-09-06T06:43:18","modified_gmt":"2013-09-06T05:43:18","slug":"canka-kazne-i-stihija-u-ulcinj","status":"publish","type":"post","link":"https:\/\/www.visit-ulcinj.com\/blog\/2013\/09\/06\/canka-kazne-i-stihija-u-ulcinj\/","title":{"rendered":"Canka: Kazne i stihija u Ulcinj"},"content":{"rendered":"<p><a href=\"http:\/\/www.visit-ulcinj.com\/blog\/wp-content\/uploads\/2013\/06\/Ulqini-gati-per-sezonin-veror-2013.jpg\"><img loading=\"lazy\" class=\"alignleft  wp-image-72548\" alt=\"Ulqini-gati-per-sezonin-veror-2013\" src=\"http:\/\/www.visit-ulcinj.com\/blog\/wp-content\/uploads\/2013\/06\/Ulqini-gati-per-sezonin-veror-2013.jpg\" width=\"508\" height=\"360\" \/><\/a>Iako \u0107e se tek analizirati rezultati ove turisti\u010dke sezone, ubrzo \u0107e se potvrditi da je i ona bila samo jo\u0161 jedna u nizu onih kakve imamo ve\u0107 vi\u0161e od 20 godina. Sve se svodilo na parolu: ko vi\u0161e i br\u017ee ugrabi! A tu turizma i zadovoljnog gosta ima malo ili \u010de\u0161\u0107e nimalo.<\/p>\n<p>Posebno ne ako se u sezonu ulazi sa velikim o\u010dekivanjima, \u017eeljom da se zaradi toliko da se pregura \u010ditava godina, plate kreditne rate, obaveze prema dr\u017eavi, komunalije. Ako se zna da je ove godine trebalo najvi\u0161e strahovati od inspekcija, onda slika ulcinjskog turizma, uz neshvatljivu epizodu sa nedostatkom vode usred sezone ili haosom u saobra\u0107aju, biva potpuna.<\/p>\n<p>I u ovu se sezonu u\u0161lo sa nervozom, koja je po\u010dela jo\u0161 u predsezoni. Jer, ve\u0107 od 30. aprila na ulcinjsku rivijeru su po\u010deli da sti\u017eu inspektori. Da \u0107e oni biti veoma revnosni, potvrdili su akcijama ve\u0107 tokom prvomajskih praznika. Da u to nema sumnje ponovio je nekoliko dana kasnije u razgovoru sa predsjednikom op\u0161tine Nazifom Cunguom i njihov glavni \u0161ef Bo\u017eidar Vuksanovi\u0107.<\/p>\n<p>Preduzetnici su se odjednom na\u0161li u \u010dudu.<\/p>\n<p>,,Naprosto, nijesu ni znali \u0161ta ih je sna\u0161lo \u2013 tek \u0161to su uzajmili ili digli kredite da bi otvorili svoje radnje, dr\u017eava u liku inspektora preventivno je uzimala hara\u010d. Nerijetko, u jednoj istoj radnji istovremeno, sudarale su se po dvije ili tri inspekcije&#8221;, ka\u017ee novinar Samir Adrovi\u0107.<\/p>\n<p>,,Morali ste dobro da razmislite ako ste htjeli nekom za drugim stolom da po\u0161aljete pi\u0107e, jer ste ujedno trebali da po\u0161aljete i ra\u010dun! Ili se pi\u0107e nije smjelo \u010desto piti na otvorenom kada je duvao vjetar, jer je postojala &#8216;mala&#8217; mogu\u0107nost da ra\u010dun poleti. Nije se smjelo desiti ni da ponesete neki lijek u likvidnom stanju u kafanu, jer ve\u0107ina lokala nije imala ba\u0161 to pi\u0107e u ponudi, pa konobar ne bi bio u mogu\u0107nosti da vam dostavi ra\u010dun za to, a inspektori bi to jedva do\u010dekali&#8221;, kazao nam je opisuju\u0107i poslovanje u sezoni vlasnik poznatog ulcinjskog restorana, koji je insistirao na anonimnosti.<\/p>\n<p>Takve epizode trajale su puna dva mjeseca. Ulcinjani su se bunili, ali su u Upravi za inspekcijske poslove, \u010dini se, ipak, zadovoljno trljali ruke. Jer, akcije inspektora su dale zna\u010dajan efekat. Nezvani\u010dno, naplata PDV u Ulcinju je za prvih sedam mjeseci ove godine nekoliko puta ve\u0107a nego u istom periodu pro\u0161le! Ako se tome dodaju i ostale izre\u010dene kazne, onda je ukupan novac koji se slio u dr\u017eavni bud\u017eet iz Ulcinja ove sezone bio \u010dak iznad svih o\u010dekivanja. Poslana je jasna poruka: na\u010din na koji se ranije poslovalo, vi\u0161e ne\u0107e va\u017eiti. Poslovica \u201eNa gre\u0161kama se u\u010di&#8221; je promijenjena u \u201egre\u0161ke se pla\u0107aju&#8221;.<\/p>\n<p>,,Snaga dr\u017eave&#8221; dovela je do tihe pobune preduzetnika, posebno zakupaca pla\u017ea, koji su krajem juna i po\u010detkom jula nekoliko puta prijetili da \u0107e zatvoriti kupali\u0161ta. Bila bi to katastrofa za taj grad, koji se u svijetu najvi\u0161e prepoznaje po svojim pla\u017eama. Oni su najbolji dio ulcinjske turisti\u010dke ponude, pravi brend koji su upravo stvorili njihovi zakupci, dugogodi\u0161njim vrijednim radom i znanjem.<\/p>\n<p>,,Inspektora ima vi\u0161e na pla\u017eama nego turista&#8221;, grmio je predsjednik Udru\u017eenja zakupaca Prelja \u0160krelja.<\/p>\n<p>Nije imao ko da ga \u010duje, ali se situacija stabilizovala kada su inspektori po\u010deli da kontroli\u0161u \u010ditavu ulcinjsku rivijeru, dugu 33 kilometara.<\/p>\n<p>Kada se crta podvu\u010de, rezultat rada dr\u017eavnih inspektora je vidljiv: od ukupno 115 hiljada eura koje je Uprava za inspekcijske poslove naplatila u proteklih 100 dana na kupali\u0161tima na Crnogorskom primorju, tre\u0107ina je izre\u010dena u Ulcinju. Zvani\u010dno je saop\u0161teno da je kod zakupaca ulcinjskih pla\u017ea tokom sezone utvr\u0111eno 175 nepravilnosti, a iznos kazni je ukupno iznosio 39.475 eura. Klju\u010dni razlozi za izricanje kazni su bili kr\u0161enje obaveze osloba\u0111anja pola pla\u017ee od mobilijara i po\u010detak obavljanja djelatnosti bez odobrenja nadle\u017enog sekretarijata u op\u0161tini.<\/p>\n<p>,,Samo se odjednom stvore odnekuda ili niotkuda, ni\u0161ta ne pitaju, po\u010dnu da se muvaju oko kase, a zatim drsko u\u0111u u \u0161ank i tra\u017ee od konobara da im poka\u017ee koliko novca ima u nov\u010daniku. A kad se sve to sabere, dobije se mu\u010dan utisak da se u stvari tu vi\u0161e radi o ka\u017enjavanju jednog grada i njegovih mje\u0161tana, nego o principijelnom i odgovornom odnosu dr\u017eave prema stanovnicima mjesta koje \u017eivi od turizma&#8221;, isti\u010de kolega Adrovi\u0107.<\/p>\n<p>Jedino je zakazala ulcinjska turisti\u010dka inspekcija. Malo je izgleda da \u0107e se u bud\u017eet lokalne Turisti\u010dke organizacije po osnovu naplate boravi\u0161ne takse ove godine sliti 170 hiljada eura, koliko je prikupljeno pro\u0161le godine. Istovremeno su u susjednom Baru uspjeli da taj rezultat poprave za 20, a u Budvi za \u010dak 40 odsto!<\/p>\n<p>Uprkos tome, i \u010dinjenici da je zavr\u0161ena kao stihija, zvani\u010dnici \u0107e tvrditi da je ova sezona bila bolja nego 2012. godine. Obilje\u017eili su je neorganizovanost i nesnala\u017eenje op\u0161tinskih organa, \u010diji su se \u010delnici vi\u0161e bavili kalkulacijama kako da svoju rasklimanu vladavinu bar jo\u0161 malo produ\u017ee. To \u0161to se niko ne mo\u017ee sjetiti kada je lokalni parlament raspravljao o turizmu, \u0161to ne postoji strategija razvoja te djelatnosti, i naro\u010dito ne strategija destinacijskog menad\u017ementa, malo je koga previ\u0161e uzbu\u0111ivala. Stoga ne \u010dudi \u0161to Ulcinj bitku za goste uspje\u0161no gubi na svom terenu! Nevjerovatno zaista, jer je \u010dak i ova sezona pokazala da prostora za uspjeh ima dovoljno, da je ulcinjska rivijera zahvaljuju\u0107i prirodnim ljepotama, prekrasno ure\u0111enim pla\u017eama, ljubazno\u0161\u0107u mje\u0161tana i inicijativi nekoliko desetina preduzetnika, po\u017eeljna destinacija za turiste iz svih zemalja regiona i Evrope.<br \/>\n<a href=\"http:\/\/www.monitor.co.me\/\/index.php?option=com_content&amp;view=article&amp;id=4592:kazne-i-stihija&amp;catid=3122:broj-1193&amp;Itemid=4378\" target=\"_blank\"><strong>Mustafa CANKA<\/strong><\/a><br \/>\n<a href=\"http:\/\/www.monitor.co.me\/\/index.php?option=com_content&amp;view=article&amp;id=4592:kazne-i-stihija&amp;catid=3122:broj-1193&amp;Itemid=4378\" target=\"_blank\"><strong>Izvor: Monitor<\/strong><\/a><\/p>\n","protected":false},"excerpt":{"rendered":"<p>Iako \u0107e se tek analizirati rezultati ove turisti\u010dke sezone, ubrzo \u0107e se potvrditi da je i ona bila samo jo\u0161 jedna u nizu onih kakve imamo ve\u0107 vi\u0161e od 20 godina. Sve se svodilo na parolu: ko vi\u0161e i br\u017ee ugrabi! A tu turizma i zadovoljnog gosta ima malo ili \u010de\u0161\u0107e nimalo. Posebno ne ako [&hellip;]<\/p>\n","protected":false},"author":1,"featured_media":0,"comment_status":"closed","ping_status":"closed","sticky":false,"template":"","format":"standard","meta":{"spay_email":"","jetpack_publicize_message":"","jetpack_is_tweetstorm":false,"jetpack_publicize_feature_enabled":true},"categories":[8337],"tags":[],"jetpack_publicize_connections":[],"yoast_head":"<!-- This site is optimized with the Yoast SEO plugin v19.1 - https:\/\/yoast.com\/wordpress\/plugins\/seo\/ -->\n<title>Canka: Kazne i stihija u Ulcinj - Lajme nga Ulqini<\/title>\n<meta name=\"description\" content=\"Iako \u0107e se tek analizirati rezultati ove turisti\u010dke sezone, ubrzo \u0107e se potvrditi da je i ona bila samo jo\u0161 jedna u nizu onih kakve imamo ve\u0107 vi\u0161e od 20\" \/>\n<meta name=\"robots\" content=\"index, follow, max-snippet:-1, max-image-preview:large, max-video-preview:-1\" \/>\n<link rel=\"canonical\" href=\"https:\/\/www.visit-ulcinj.com\/blog\/2013\/09\/06\/canka-kazne-i-stihija-u-ulcinj\/\" \/>\n<meta property=\"og:locale\" content=\"en_US\" \/>\n<meta property=\"og:type\" content=\"article\" \/>\n<meta property=\"og:title\" content=\"Canka: Kazne i stihija u Ulcinj - Lajme nga Ulqini\" \/>\n<meta property=\"og:description\" content=\"Iako \u0107e se tek analizirati rezultati ove turisti\u010dke sezone, ubrzo \u0107e se potvrditi da je i ona bila samo jo\u0161 jedna u nizu onih kakve imamo ve\u0107 vi\u0161e od 20\" \/>\n<meta property=\"og:url\" content=\"https:\/\/www.visit-ulcinj.com\/blog\/2013\/09\/06\/canka-kazne-i-stihija-u-ulcinj\/\" \/>\n<meta property=\"og:site_name\" content=\"Lajme nga Ulqini\" \/>\n<meta property=\"article:published_time\" content=\"2013-09-06T05:41:44+00:00\" \/>\n<meta property=\"article:modified_time\" content=\"2013-09-06T05:43:18+00:00\" \/>\n<meta property=\"og:image\" content=\"http:\/\/www.visit-ulcinj.com\/blog\/wp-content\/uploads\/2013\/06\/Ulqini-gati-per-sezonin-veror-2013.jpg\" \/>\n<meta name=\"twitter:label1\" content=\"Written by\" \/>\n\t<meta name=\"twitter:data1\" content=\"ulqini\" \/>\n\t<meta name=\"twitter:label2\" content=\"Est. reading time\" \/>\n\t<meta name=\"twitter:data2\" content=\"5 minutes\" \/>\n<script type=\"application\/ld+json\" class=\"yoast-schema-graph\">{\"@context\":\"https:\/\/schema.org\",\"@graph\":[{\"@type\":\"WebSite\",\"@id\":\"https:\/\/www.visit-ulcinj.com\/blog\/#website\",\"url\":\"https:\/\/www.visit-ulcinj.com\/blog\/\",\"name\":\"Lajme nga Ulqini\",\"description\":\"Lajme,Vijesti,Ulqini,Ulqin,Crna Gora,Mali i Zi\",\"potentialAction\":[{\"@type\":\"SearchAction\",\"target\":{\"@type\":\"EntryPoint\",\"urlTemplate\":\"https:\/\/www.visit-ulcinj.com\/blog\/?s={search_term_string}\"},\"query-input\":\"required name=search_term_string\"}],\"inLanguage\":\"en-US\"},{\"@type\":\"ImageObject\",\"inLanguage\":\"en-US\",\"@id\":\"https:\/\/www.visit-ulcinj.com\/blog\/2013\/09\/06\/canka-kazne-i-stihija-u-ulcinj\/#primaryimage\",\"url\":\"https:\/\/www.visit-ulcinj.com\/blog\/wp-content\/uploads\/2013\/06\/Ulqini-gati-per-sezonin-veror-2013.jpg\",\"contentUrl\":\"https:\/\/www.visit-ulcinj.com\/blog\/wp-content\/uploads\/2013\/06\/Ulqini-gati-per-sezonin-veror-2013.jpg\",\"width\":596,\"height\":395},{\"@type\":\"WebPage\",\"@id\":\"https:\/\/www.visit-ulcinj.com\/blog\/2013\/09\/06\/canka-kazne-i-stihija-u-ulcinj\/#webpage\",\"url\":\"https:\/\/www.visit-ulcinj.com\/blog\/2013\/09\/06\/canka-kazne-i-stihija-u-ulcinj\/\",\"name\":\"Canka: Kazne i stihija u Ulcinj - Lajme nga Ulqini\",\"isPartOf\":{\"@id\":\"https:\/\/www.visit-ulcinj.com\/blog\/#website\"},\"primaryImageOfPage\":{\"@id\":\"https:\/\/www.visit-ulcinj.com\/blog\/2013\/09\/06\/canka-kazne-i-stihija-u-ulcinj\/#primaryimage\"},\"datePublished\":\"2013-09-06T05:41:44+00:00\",\"dateModified\":\"2013-09-06T05:43:18+00:00\",\"author\":{\"@id\":\"https:\/\/www.visit-ulcinj.com\/blog\/#\/schema\/person\/dcab619c614d3038751c63bc2aadc06d\"},\"description\":\"Iako \u0107e se tek analizirati rezultati ove turisti\u010dke sezone, ubrzo \u0107e se potvrditi da je i ona bila samo jo\u0161 jedna u nizu onih kakve imamo ve\u0107 vi\u0161e od 20\",\"breadcrumb\":{\"@id\":\"https:\/\/www.visit-ulcinj.com\/blog\/2013\/09\/06\/canka-kazne-i-stihija-u-ulcinj\/#breadcrumb\"},\"inLanguage\":\"en-US\",\"potentialAction\":[{\"@type\":\"ReadAction\",\"target\":[\"https:\/\/www.visit-ulcinj.com\/blog\/2013\/09\/06\/canka-kazne-i-stihija-u-ulcinj\/\"]}]},{\"@type\":\"BreadcrumbList\",\"@id\":\"https:\/\/www.visit-ulcinj.com\/blog\/2013\/09\/06\/canka-kazne-i-stihija-u-ulcinj\/#breadcrumb\",\"itemListElement\":[{\"@type\":\"ListItem\",\"position\":1,\"name\":\"Canka: Kazne i stihija u Ulcinj\"}]},{\"@type\":\"Person\",\"@id\":\"https:\/\/www.visit-ulcinj.com\/blog\/#\/schema\/person\/dcab619c614d3038751c63bc2aadc06d\",\"name\":\"ulqini\",\"sameAs\":[\"http:\/\/www.visit-ulcinj.com\"],\"url\":\"https:\/\/www.visit-ulcinj.com\/blog\/author\/admin\/\"}]}<\/script>\n<!-- \/ Yoast SEO plugin. -->","yoast_head_json":{"title":"Canka: Kazne i stihija u Ulcinj - Lajme nga Ulqini","description":"Iako \u0107e se tek analizirati rezultati ove turisti\u010dke sezone, ubrzo \u0107e se potvrditi da je i ona bila samo jo\u0161 jedna u nizu onih kakve imamo ve\u0107 vi\u0161e od 20","robots":{"index":"index","follow":"follow","max-snippet":"max-snippet:-1","max-image-preview":"max-image-preview:large","max-video-preview":"max-video-preview:-1"},"canonical":"https:\/\/www.visit-ulcinj.com\/blog\/2013\/09\/06\/canka-kazne-i-stihija-u-ulcinj\/","og_locale":"en_US","og_type":"article","og_title":"Canka: Kazne i stihija u Ulcinj - Lajme nga Ulqini","og_description":"Iako \u0107e se tek analizirati rezultati ove turisti\u010dke sezone, ubrzo \u0107e se potvrditi da je i ona bila samo jo\u0161 jedna u nizu onih kakve imamo ve\u0107 vi\u0161e od 20","og_url":"https:\/\/www.visit-ulcinj.com\/blog\/2013\/09\/06\/canka-kazne-i-stihija-u-ulcinj\/","og_site_name":"Lajme nga Ulqini","article_published_time":"2013-09-06T05:41:44+00:00","article_modified_time":"2013-09-06T05:43:18+00:00","og_image":[{"url":"http:\/\/www.visit-ulcinj.com\/blog\/wp-content\/uploads\/2013\/06\/Ulqini-gati-per-sezonin-veror-2013.jpg"}],"twitter_misc":{"Written by":"ulqini","Est. reading time":"5 minutes"},"schema":{"@context":"https:\/\/schema.org","@graph":[{"@type":"WebSite","@id":"https:\/\/www.visit-ulcinj.com\/blog\/#website","url":"https:\/\/www.visit-ulcinj.com\/blog\/","name":"Lajme nga Ulqini","description":"Lajme,Vijesti,Ulqini,Ulqin,Crna Gora,Mali i Zi","potentialAction":[{"@type":"SearchAction","target":{"@type":"EntryPoint","urlTemplate":"https:\/\/www.visit-ulcinj.com\/blog\/?s={search_term_string}"},"query-input":"required name=search_term_string"}],"inLanguage":"en-US"},{"@type":"ImageObject","inLanguage":"en-US","@id":"https:\/\/www.visit-ulcinj.com\/blog\/2013\/09\/06\/canka-kazne-i-stihija-u-ulcinj\/#primaryimage","url":"https:\/\/www.visit-ulcinj.com\/blog\/wp-content\/uploads\/2013\/06\/Ulqini-gati-per-sezonin-veror-2013.jpg","contentUrl":"https:\/\/www.visit-ulcinj.com\/blog\/wp-content\/uploads\/2013\/06\/Ulqini-gati-per-sezonin-veror-2013.jpg","width":596,"height":395},{"@type":"WebPage","@id":"https:\/\/www.visit-ulcinj.com\/blog\/2013\/09\/06\/canka-kazne-i-stihija-u-ulcinj\/#webpage","url":"https:\/\/www.visit-ulcinj.com\/blog\/2013\/09\/06\/canka-kazne-i-stihija-u-ulcinj\/","name":"Canka: Kazne i stihija u Ulcinj - Lajme nga Ulqini","isPartOf":{"@id":"https:\/\/www.visit-ulcinj.com\/blog\/#website"},"primaryImageOfPage":{"@id":"https:\/\/www.visit-ulcinj.com\/blog\/2013\/09\/06\/canka-kazne-i-stihija-u-ulcinj\/#primaryimage"},"datePublished":"2013-09-06T05:41:44+00:00","dateModified":"2013-09-06T05:43:18+00:00","author":{"@id":"https:\/\/www.visit-ulcinj.com\/blog\/#\/schema\/person\/dcab619c614d3038751c63bc2aadc06d"},"description":"Iako \u0107e se tek analizirati rezultati ove turisti\u010dke sezone, ubrzo \u0107e se potvrditi da je i ona bila samo jo\u0161 jedna u nizu onih kakve imamo ve\u0107 vi\u0161e od 20","breadcrumb":{"@id":"https:\/\/www.visit-ulcinj.com\/blog\/2013\/09\/06\/canka-kazne-i-stihija-u-ulcinj\/#breadcrumb"},"inLanguage":"en-US","potentialAction":[{"@type":"ReadAction","target":["https:\/\/www.visit-ulcinj.com\/blog\/2013\/09\/06\/canka-kazne-i-stihija-u-ulcinj\/"]}]},{"@type":"BreadcrumbList","@id":"https:\/\/www.visit-ulcinj.com\/blog\/2013\/09\/06\/canka-kazne-i-stihija-u-ulcinj\/#breadcrumb","itemListElement":[{"@type":"ListItem","position":1,"name":"Canka: Kazne i stihija u Ulcinj"}]},{"@type":"Person","@id":"https:\/\/www.visit-ulcinj.com\/blog\/#\/schema\/person\/dcab619c614d3038751c63bc2aadc06d","name":"ulqini","sameAs":["http:\/\/www.visit-ulcinj.com"],"url":"https:\/\/www.visit-ulcinj.com\/blog\/author\/admin\/"}]}},"jetpack_featured_media_url":"","jetpack_sharing_enabled":true,"jetpack_shortlink":"https:\/\/wp.me\/pe6lTn-joi","_links":{"self":[{"href":"https:\/\/www.visit-ulcinj.com\/blog\/wp-json\/wp\/v2\/posts\/74542"}],"collection":[{"href":"https:\/\/www.visit-ulcinj.com\/blog\/wp-json\/wp\/v2\/posts"}],"about":[{"href":"https:\/\/www.visit-ulcinj.com\/blog\/wp-json\/wp\/v2\/types\/post"}],"author":[{"embeddable":true,"href":"https:\/\/www.visit-ulcinj.com\/blog\/wp-json\/wp\/v2\/users\/1"}],"replies":[{"embeddable":true,"href":"https:\/\/www.visit-ulcinj.com\/blog\/wp-json\/wp\/v2\/comments?post=74542"}],"version-history":[{"count":3,"href":"https:\/\/www.visit-ulcinj.com\/blog\/wp-json\/wp\/v2\/posts\/74542\/revisions"}],"predecessor-version":[{"id":74544,"href":"https:\/\/www.visit-ulcinj.com\/blog\/wp-json\/wp\/v2\/posts\/74542\/revisions\/74544"}],"wp:attachment":[{"href":"https:\/\/www.visit-ulcinj.com\/blog\/wp-json\/wp\/v2\/media?parent=74542"}],"wp:term":[{"taxonomy":"category","embeddable":true,"href":"https:\/\/www.visit-ulcinj.com\/blog\/wp-json\/wp\/v2\/categories?post=74542"},{"taxonomy":"post_tag","embeddable":true,"href":"https:\/\/www.visit-ulcinj.com\/blog\/wp-json\/wp\/v2\/tags?post=74542"}],"curies":[{"name":"wp","href":"https:\/\/api.w.org\/{rel}","templated":true}]}}