{"id":74546,"date":"2013-09-06T12:36:18","date_gmt":"2013-09-06T11:36:18","guid":{"rendered":"http:\/\/www.visit-ulcinj.com\/blog\/?p=74546"},"modified":"2013-09-06T13:38:49","modified_gmt":"2013-09-06T12:38:49","slug":"nika-askush-nuk-u-be-profet-ne-vendin-e-vet","status":"publish","type":"post","link":"https:\/\/www.visit-ulcinj.com\/blog\/2013\/09\/06\/nika-askush-nuk-u-be-profet-ne-vendin-e-vet\/","title":{"rendered":"Nika: askush nuk u b\u00eb profet n\u00eb vendin e vet?!!"},"content":{"rendered":"<p><strong><a href=\"http:\/\/www.visit-ulcinj.com\/blog\/wp-content\/uploads\/2009\/11\/Muhamet-Nika.jpg\"><img loading=\"lazy\" class=\"alignleft  wp-image-27022\" alt=\"Muhamet Nika\" src=\"http:\/\/www.visit-ulcinj.com\/blog\/wp-content\/uploads\/2009\/11\/Muhamet-Nika.jpg\" width=\"508\" height=\"360\" \/><\/a>Nga Muhamet Nika<\/strong><\/p>\n<p><strong>Kujt i nevoitet monopoli kulturor?!<\/strong><\/p>\n<p>Dihet se n\u00eb bot\u00ebn shqiptare n\u00eb p\u00ebrgjithsi , mendimi kritik rreth problemeve kulturore, z\u00eb e paraqitet tep\u00ebr von\u00eb , ose paraqitet tep\u00ebr i\u00a0 instrumentalizuar nga cenzura politike ose autocenzura e informimit. Aktualisht, edhe problem I autocenzures , po duket se nuk \u00ebsht\u00eb krejt i leht\u00eb p\u00ebr tu zgjidhur. Duket paradoksale, por memdimi kritik intelektual q\u00eb b\u00ebhej ndaj politik\u00ebs, kur p\u00ebrfundoi, nuk p\u00ebrfshiu\u00a0 edhe segmentet e ndryshme kulturore , t\u00eb cilat shquhen, p\u00ebr\u00a0 monopol kulturor.Sot p\u00ebr sot, \u00ebsht\u00eb nevoj\u00eb e dit\u00ebs, t\u00eb zhb\u00ebhet tendenca dhe ledhatimi i supeve, ndaj asaj q\u00eb nuk \u00ebsht\u00eb e nevojshme dhe q\u00eb po\u00a0 b\u00ebjn\u00eb\u00a0 disa individ\u00eb e qarqe meskine\u00a0 t\u00eb kultur\u00ebs shqiptare n\u00eb Mal t\u00eb Zi. Duke e ndier se ka ardhur koha t\u00eb thyhet edhe monizmi kulturor, pas atij politik, k\u00ebtu n\u00eb Mal t\u00eb Zi, kemi nisur, q\u00eb koh\u00eb pas kohe ,me \u201coponent\u00ebt\u201d e kultur\u00ebs, t\u00eb zhvillojm\u00eb nj\u00eb kritik\u00eb, por , \u201cpa q\u00ebllim t\u00eb kritik\u00ebs,\u201d, \u00a0ve\u00e7 se me q\u00ebllim t\u00eb objektivitetit.<\/p>\n<p>&nbsp;<\/p>\n<p><strong>\u00c7rar\u00eb thuhe n\u00eb nj\u00eb lib\u00ebr?! ..Dhe tash po e shoh sa \u00ebsht\u00eb sahati\u2026?!!<\/strong><\/p>\n<p>N\u00eb nj\u00eb lib\u00ebr, p\u00ebr gazetarin\u00eb e lir\u00eb, \u00a0emrin e autorit, nuk e mbaj mend, shkruan se, \u00a0p\u00ebr njer\u00ebzit, vesh\u00ebt dhe syt, dijn\u00eb nga nj\u00ebher\u00eb t\u00eb jen\u00eb d\u00ebshmitar\u00eb, shum\u00eb t\u00eb k\u00ebqij, n\u00ebse arsyen nuk e kan\u00eb t\u00eb p\u00ebrkushtuar .N\u00eb k\u00ebt\u00eb th\u00ebnie u binda \u00a0edhe vet\u00eb\u00a0 \u00a0me rastin\u00a0 e ndjekjes s\u00eb\u00a0 takimit , me shkrimtarin, Mehmet Kraja,\u00a0 t\u00eb mbajtur\u00a0 sivjet, n\u00eb kuad\u00ebr t\u00eb Kalimer\u00ebs Poetike,\u00a0 t\u00eb organizuar nga ART CLUBI, n\u00eb Ulqin. Duke q\u00ebn\u00eb i z\u00ebn\u00eb me obligime tjera, nuk pat\u00ebm mund\u00ebsi ta ndiqnim nga af\u00ebr dhe p\u00ebr t\u00eb qen\u00eb sa do pak t\u00eb ky\u00e7ur , vendosa q\u00eb evenimentin, m\u00eb t\u00eb r\u00ebnd\u00ebsish\u00ebm kulturor t\u00eb qytetit, ta ndjek\u00a0 p\u00ebrms medias. Nd\u00ebrsa nisur, nga p\u00ebrvoja e mir\u00eb e informimit, rreth k\u00ebtyre \u00e7\u00ebshtjeve q\u00eb k\u00ebrkojn\u00eb nj\u00eb informim specialistik e profesional, thjesht\u00eb mendova q\u00eb Koha Javore do t\u00eb ishte zgjidhja m\u00eb e mir\u00eb &#8211; T\u00eb pakt\u00ebn, deri tash kemi pasur nj\u00eb informim objektiv\u00a0\u00a0 nga ana e saj.<\/p>\n<p>K\u00ebrsh\u00ebrin\u00eb time,\u00a0 p\u00ebr mbr\u00ebmjen, e t\u00ebrhiqte, mendimi se \u00e7far\u00eb do t\u00eb ket\u00eb th\u00ebn\u00eb n\u00eb mbr\u00ebmje poeti, Basri \u00c7apriqi,\u00a0 p\u00ebr proz\u00ebn e Mehmet Kraj\u00ebs , q\u00eb ishte mysafir i Kalimer\u00ebs Poetike n\u00eb Ulqin. Para se t\u00eb sqaroj shqet\u00ebsimin, p\u00ebr t\u00eb qen\u00eb i kuptuesh\u00ebm, ndiej nvoj\u00ebn t\u00eb arsyetoj , si m\u00eb posht\u00eb: Dihet se t\u00eb dy k\u00ebta artist\u00eb , i siguruan\u00a0 vetes fam\u00eb me filozofin\u00eb e mendimit origjinal t\u00eb vetin , gj\u00eb\u00a0 q\u00eb , kryesisht, bazohet n\u00eb etnopsikologjin\u00eb poetike dhe narrative \u00a0popullore t\u00eb An\u00ebs s\u00eb Malit dhe t\u00eb Kraj\u00ebs.. Kam p\u00ebrshtypjen, q\u00eb ata , adhurues t\u00eb poezis\u00eb s\u00eb \u00c7apriqit, q\u00eb s\u2019jan\u00eb nga Ana e Malit, nuk mund ta kuptojn\u00eb, poezin\u00eb e\u00a0 tij, t\u00eb koh\u00ebs rinore p\u00ebr shembull, as at\u00eb m\u00eb t\u00eb thjesht\u00ebn\u201cSahat Kulla e Tivarit\u201d q\u00eb ka vet\u00ebm edhe nj\u00eb varg,\u00a0\u00a0 i cili vazhdon: \u201c Tash po e shoh sa \u00ebsht\u00eb sahati&#8230;.\u201d?!!! Ose gjithashtu,\u00a0 t\u00eb tjer\u00ebt, q\u00eb nuk jan\u00eb nga Kraja, nuk e kuptojn\u00eb drejt\u00eb ngarkes\u00ebn emocionale q\u00eb bart\u00eb filozofia shpreh\u00ebse, e titullit t\u00eb romanit, p\u00ebrshembull,\u00a0 \u201c Im at\u00eb e donte Hitlerin \u201c.., t\u00eb atij kranjani, q\u00eb bie n\u00eb Shkod\u00ebr, dhe pa e ditur se p\u00ebrse, zgjedh fotografin\u00eb e Hitlerit p\u00ebr model&#8230;<\/p>\n<p>Po \u00a0shtojm\u00eb k\u00ebtu, se p\u00ebr filozofin\u00eb e kritik\u00ebs letrare, vlen nj\u00eb parim i cili thot\u00eb, q\u00eb\u00a0 p\u00ebr tu b\u00ebr\u00eb poet apo shkrimtar i madh \u00ebsht\u00eb mir\u00eb t\u00eb kesh fat, t\u00eb te takoj\u00eb, q\u00eb t\u00eb eksplorosh, i pari , n\u00eb \u201d livadhin artistik \u201d t\u00eb vendlindjes sate dhe t\u00eb mbash mir\u00eb mend f\u00ebmij\u00ebrin\u00eb t\u00ebnde\u2026.. Kjo ishte edhe\u00a0 e ve\u00e7anta e indit artistik\u00a0 te\u00a0 t\u00eb dy artist\u00ebve tan\u00eb. K\u00ebta, dit\u00ebn me mjeshtri ta nd\u00ebrlidhin ate,\u00a0 me indin mbarkomb\u00ebtar krijues. Por, duke i kaluar k\u00ebta kufij , duket se ndihet nevoja e p\u00ebrkzhimit t\u00eb dy autor\u00ebve\u00a0 edhe n\u00eb gjuh\u00eb\u00a0 tjera t\u00eb huja.<\/p>\n<p>Krijuesit tjer\u00eb, shqiptar\u00eb nga Mali i Zi, si duket nuk e pat\u00ebn sensualitetin e mjeshtris\u00eb s\u00eb tyre, dhe mbet\u00ebn n\u00eb suazat loka pasi shprehit\u00eb poetike t\u00eb figur\u00ebs i bazonin kryesisht mbi p\u00ebrvoj\u00ebn e\u00a0 poet\u00ebve tjer\u00ebve, ose ndikoheshin n\u00eb figur\u00eb\u00a0 nga k\u00ebta dy artist\u00eb\u2026 Megjithat\u00eb nuk mendojm\u00eb, q\u00eb k\u00ebta dy artist\u00eb arrit\u00ebn t\u2019i konsumojn\u00eb t\u00eb gjitha lulet e livadhit dhe vend p\u00ebr t\u00eb dale gjithashtu edhe poet\u00eb e shkrimtar\u00eb t\u00eb zot\u00eb \u00a0nga ky n\u00ebnqiell me siguri q\u00eb ekziston\u2026<\/p>\n<p>Por p\u00ebr \u00e7udin\u00eb time, gazetari, i Koh\u00ebs Javore, me sa duket, as q\u00eb i kishte shkuar n\u00eb mendje, se \u00e7far\u00eb mund t\u00eb thoj\u00eb nj\u00eb poet i k\u00ebtyre an\u00ebve , p\u00ebr nj\u00eb shkrimtar\u00eb t\u00eb k\u00ebtyre an\u00ebve\u2026, dhe ndoshta,\u00a0 mund t\u00eb mos i ket\u00eb\u00a0 hetuar fare\u201d livadhadhet p\u00ebr t\u00eb cil\u00ebt po shkruaj\u2026\u201d ?!!<\/p>\n<p>Ai k\u00ebsaj radhe, p\u00ebr lexuesit e Koh\u00ebs\u00a0 Javore, e kish vler\u00ebsuar, po duket m\u00eb t\u00eb\u00a0\u00a0 arsyeshme t\u00eb sjell\u00eb nj\u00eb v\u00ebshtrim t\u00eb Qazim Muj\u00eb, p\u00ebr Kraj\u00ebn\u2026.<\/p>\n<p>U \u00e7udita edhe m\u00eb shum\u00eb, kur pash\u00eb q\u00eb n\u00eb numrin e revist\u00ebs i kishte dh\u00ebn\u00eb hap\u00ebsir\u00eb, m\u00eb se t\u00eb nevojshme, Nikoll\u00eb\u00a0 Berish\u00ebs, Anton Goj\u00eb\u00e7s etj\u2026, por jo asaj q\u00eb un\u00eb prisja\u2026?! Shpresova dhe u vertetova, q\u00eb\u00a0 shqet\u00ebsimi i im\u00a0 nuk ka qen\u00eb i vetmi me k\u00ebt\u00eb rast.. Kurse po rr\u00ebfej, q\u00eb\u00a0\u00a0 puna , n\u00eb mua, \u00a0k\u00ebsaj here, nuk mbaroi me kaq\u2026\u00c7udia, u \u201cp\u00ebrzie \u00a0me zemrim dhe inat\u201d, andaj edhe fillova t\u00eb arsyetoj: \u00a0p\u00ebrse, artist\u00ebt e nj\u00ebment\u00eb\u00a0 i kan\u00eb frik\u00eb \u201cprovincat\u201d, bashk\u00eb me \u201cprovincialist\u00ebt\u201d!!!<\/p>\n<p>Ndoshta, pasi q\u00eb ishim n\u00eb kala , prehjen e gjeta, s\u00ebrish n\u00eb kala\u2026?! Dhe k\u00ebsaj radhe nga nj\u00eb zbulim\u00a0 i Ruzhdi Ushakut,\u00a0 p\u00ebr nj\u00eb proverb latin t\u00eb skalitur, n\u00eb nj\u00eb gur t\u00eb Kalas s\u00eb Ulqinit, me \u00a0nj\u00eb latinishte t\u00eb bastardhuar,ku thuhet: \u201cAskush nuk u b\u00eb profet n\u00eb vendin e vet\u201d?! Ushaku gjithashtu, zbulon , se fjala e urt\u00eb , latine\u00a0 nuk duhet t\u00eb jet\u00eb shkruar, nga nj\u00eb mjesht\u00ebr q\u00eb zot\u00ebronte\u00a0 latinishten, por mesiguri\u00a0 nga dikush tjet\u00ebr-mbase \u00a0\u00a0mjesht\u00ebr vendas shqiptar?! Thash me vete, historia\u00a0 n\u00eb Kala po na u p\u00ebrs\u00ebritka\u2026?!!! Jam kurioz, t\u00eb dij\u00eb, athua q\u00eb , edhe ky zbulim,\u00a0 i Ushakut t\u00eb jet\u00eb i rast\u00ebsish\u00ebm nga ai( mendojm\u00eb rreth gjuh\u00ebs s\u00eb shkrimit\u2026 apo mos t\u2019i ket\u00eb ndodhur, pas\u00a0 ndonj\u00eb experience, aha \u2026, t\u00eb p\u00ebrjetuar n\u00eb l\u00ebkur\u00ebn e tij n\u00eb provinc\u00eb nga provincialist\u00ebt\u2026.?!\u00a0 Kujtoj lexuesit e nd\u00ebruar, q\u00eb di\u00e7ka e till\u00eb Ushakut, mund t\u2019i ket\u00eb ngjar\u00eb nga provincialist\u00ebt e politik\u00ebs, k\u00ebtu n\u00eb Ulqin\u2026<\/p>\n<p>Para disa viteve, u hodh idea,\u00a0 me sa\u00a0 di un\u00eb, q\u00eb nuk u miratua, \u00a0nga Kuvendi i Ulqinit, q\u00eb R. Ushaku, t\u00eb shpallej qytetar nderi dhe p\u00ebr pun\u00ebn e tij\u00a0 t\u00eb kompenzohej edhe materialisht\u2026.?!Kujtoj k\u00ebtu, se po ky Kuvend(i Ulqinit), n\u00eb koh\u00ebn e komuinizmit, ka pasur\u00a0 shum\u00eb m\u00eb tep\u00ebr vesh p\u00ebr t\u00eb d\u00ebgjuar sugjerimet e intelektual\u00ebve dhe bile i pat ndar\u00eb nj\u00eb truall nd\u00ebrtimor aktorit\u00a0 t\u00eb mir\u00ebnjohur, Bekim Fehmiut\u2026?!<\/p>\n<p>Prandaj dua t\u00eb\u00a0\u00a0 pyes: A thua \u201ckryemjeshtri\u201d, q\u00eb skaliti proverbin, mund t\u00eb ket\u00eb qen\u00eb \u201c nj\u00eb kryemjesht\u00ebr\u201d i nivelit t\u00eb Ushakut, Kraj\u00ebs e \u00c7apriqit\u2026, me siguri q\u00eb po!!!\u00a0 Kjo po duket \u00ebsht\u00eb \u00a0smunie patologjike provinciale e trash\u00ebguar\u2026?!!<\/p>\n<p>&nbsp;<\/p>\n<p><strong>\u00a0O Zot kur do t\u00eb \u00e7lirohemi nga\u201dHalimat\u201d dhe\u00a0 \u201cSelimat\u201d e Nolit\u2026?!!<\/strong><\/p>\n<p>Thuhet, se p\u00ebr t\u00eb hetuar, ta z\u00ebm\u00eb madh\u00ebshtin\u00eb e lart\u00ebsis\u00eb s\u00eb nj\u00eb mali, pran\u00eb t\u00eb cilit jemi ose gjindemi, \u00ebsht\u00eb m\u00eb\u00a0 mir\u00eb t\u00eb largohemi nga ai, p\u00ebr ta shikuar se si zbulohet\u00a0 madh\u00ebshtia e tij , n\u00eb raport me malet tjera , por si duket edhe kjo nga ndonj\u00ebher\u00eb nuk mjafton. Sepse shqisat mund t\u00eb tradh\u00ebtojn\u00eb e at\u00ebher\u00eb\u00a0 e pat puna\u2026<\/p>\n<p>Rasti i malit \u00c7apriqi , Ushaku e Kraja, \u00a0e d\u00ebshmon k\u00ebt\u00eb.\u00a0 Personat e p\u00ebrmendur,edhe pse mund t\u00eb jen\u00eb \u00a0\u201d t\u00eb harruar \u201c, nga Ulqini, ata, zbulohen e rizbulohen tash disa her\u00eb nga dy qendrat kulturore Prishtina\u00a0 e Tirana( e sidomos kur\u00a0 krijuesit tan\u00eb, zbulojn\u00eb e rizbulojn\u00eb instiktivisht nuancat e luleve t\u00eb livadheve t\u00eb veta- n\u00eb fakt t\u00eb livadheve tona).<\/p>\n<p>Besohet \u00a0se nj\u00ebra nga teorit\u00eb e suksesit, \u00ebsht\u00eb, q\u00eb njeriu i suksesh\u00ebm, kurr\u00eb nuk b\u00ebn\u00eb kompromis, me gj\u00ebra t\u00eb pa ndershme dhe mbase , anashkalimi, \u00a0I artist\u00ebve, mund t\u00eb ket\u00eb ndodh\u00eb, pse jo edhe si rezultat i nj\u00eb atmosfere aspak t\u00eb p\u00eblqyeshme q\u00eb b\u00ebjn\u00eb qarqet e caktuara ndaj personaliteteve t\u00eb p\u00ebrmendura, t\u00eb cil\u00ebt jan\u00eb parimor e q\u00eb kjo pastaj edhe \u00a0u kushton.<\/p>\n<p>Po shtoj n\u00eb fund se gjat\u00eb k\u00ebtij viti, pati edhe anashkalime tjera, ndaj poetit,\u00a0 po ve\u00e7oj k\u00ebtu, anashkalimin nga\u00a0 organizator\u00ebt e simpoziumit Masakra e Tivarit, mbajtur n\u00eb Ulqin, ku prap, \u00c7apriqi nuk u ftua, edhe pse p\u00ebr masak\u00ebr kishte krijuar nj\u00eb poezi antologjike?!! Ose u injorua totalish edhe\u00a0 nga fondi i pakicave&#8230;, mesiguri\u00a0 nga direktivat \u00a0\u201ce komisar\u00ebve t\u00eb \u00a0komintern\u00ebs s\u00eb partive simotra.. .\u201d Veprimet e k\u00ebtyre\u00a0 t\u00eb fundit ,\u00a0 as\u00a0 q\u00eb t\u00eb habisin, sepse fundi i fundit edhe nj\u00eb sjellje e till\u00eb \u00ebsht\u00eb\u00a0 pritur, nga komisar\u00ebt \u00a0e strehuar t\u00eb jatak\u00ebt e\u00a0 Fondt.. P\u00ebr mua dihet q\u00eb fondi dhe ata p\u00ebr rreth fondit,\u00a0 nuk\u00a0 kan\u00eb \u00a0\u00a0ndonj\u00eb meritum kulturor\u00a0 me kondicion q\u00eb do\u00a0 t\u00eb p\u00ebrcillte pun\u00ebn dhe veprimtarin\u00eb e akademik\u00ebve&#8230;?!<\/p>\n<p>Kurse ne ,\u00a0 p\u00ebr ta\u00a0 p\u00ebrfunduar v\u00ebshtrimin \u00a0\u00a0dhe p\u00ebr t\u00eb relaksuar\u00a0 vet\u00ebn, \u00a0do mundohemi\u00a0 t\u00eb sjellim n\u00eb kujtes\u00eb, vargjet e Nolit, \u00a0q\u00eb nisin k\u00ebshtu:<\/p>\n<p>Ti Halim q\u00eb s\u2019di k\u00ebndim<\/p>\n<p>je vezir p\u00ebr n\u00eb arsim<\/p>\n<p>Ti Selim q\u00eb je kusar<\/p>\n<p>Je vezir p\u00ebr n\u00eb thesar&#8230;.<\/p>\n<p><strong>Muhamet Nika<\/strong><\/p>\n","protected":false},"excerpt":{"rendered":"<p>Nga Muhamet Nika Kujt i nevoitet monopoli kulturor?! Dihet se n\u00eb bot\u00ebn shqiptare n\u00eb p\u00ebrgjithsi , mendimi kritik rreth problemeve kulturore, z\u00eb e paraqitet tep\u00ebr von\u00eb , ose paraqitet tep\u00ebr i\u00a0 instrumentalizuar nga cenzura politike ose autocenzura e informimit. Aktualisht, edhe problem I autocenzures , po duket se nuk \u00ebsht\u00eb krejt i leht\u00eb p\u00ebr tu [&hellip;]<\/p>\n","protected":false},"author":1,"featured_media":0,"comment_status":"closed","ping_status":"closed","sticky":false,"template":"","format":"standard","meta":{"spay_email":"","jetpack_publicize_message":"","jetpack_is_tweetstorm":false,"jetpack_publicize_feature_enabled":true},"categories":[1,14249],"tags":[],"jetpack_publicize_connections":[],"yoast_head":"<!-- This site is optimized with the Yoast SEO plugin v19.1 - https:\/\/yoast.com\/wordpress\/plugins\/seo\/ -->\n<title>Nika: askush nuk u b\u00eb profet n\u00eb vendin e vet?!! - Lajme nga Ulqini<\/title>\n<meta name=\"description\" content=\"Nga Muhamet Nika Kujt i nevoitet monopoli kulturor?! Dihet se n\u00eb bot\u00ebn shqiptare n\u00eb p\u00ebrgjithsi , mendimi kritik rreth problemeve kulturore, z\u00eb e paraqitet\" \/>\n<meta name=\"robots\" content=\"index, follow, max-snippet:-1, max-image-preview:large, max-video-preview:-1\" \/>\n<link rel=\"canonical\" href=\"https:\/\/www.visit-ulcinj.com\/blog\/2013\/09\/06\/nika-askush-nuk-u-be-profet-ne-vendin-e-vet\/\" \/>\n<meta property=\"og:locale\" content=\"en_US\" \/>\n<meta property=\"og:type\" content=\"article\" \/>\n<meta property=\"og:title\" content=\"Nika: askush nuk u b\u00eb profet n\u00eb vendin e vet?!! - Lajme nga Ulqini\" \/>\n<meta property=\"og:description\" content=\"Nga Muhamet Nika Kujt i nevoitet monopoli kulturor?! Dihet se n\u00eb bot\u00ebn shqiptare n\u00eb p\u00ebrgjithsi , mendimi kritik rreth problemeve kulturore, z\u00eb e paraqitet\" \/>\n<meta property=\"og:url\" content=\"https:\/\/www.visit-ulcinj.com\/blog\/2013\/09\/06\/nika-askush-nuk-u-be-profet-ne-vendin-e-vet\/\" \/>\n<meta property=\"og:site_name\" content=\"Lajme nga Ulqini\" \/>\n<meta property=\"article:published_time\" content=\"2013-09-06T11:36:18+00:00\" \/>\n<meta property=\"article:modified_time\" content=\"2013-09-06T12:38:49+00:00\" \/>\n<meta property=\"og:image\" content=\"http:\/\/www.visit-ulcinj.com\/blog\/wp-content\/uploads\/2009\/11\/Muhamet-Nika.jpg\" \/>\n<meta name=\"twitter:label1\" content=\"Written by\" \/>\n\t<meta name=\"twitter:data1\" content=\"ulqini\" \/>\n\t<meta name=\"twitter:label2\" content=\"Est. reading time\" \/>\n\t<meta name=\"twitter:data2\" content=\"8 minutes\" \/>\n<script type=\"application\/ld+json\" class=\"yoast-schema-graph\">{\"@context\":\"https:\/\/schema.org\",\"@graph\":[{\"@type\":\"WebSite\",\"@id\":\"https:\/\/www.visit-ulcinj.com\/blog\/#website\",\"url\":\"https:\/\/www.visit-ulcinj.com\/blog\/\",\"name\":\"Lajme nga Ulqini\",\"description\":\"Lajme,Vijesti,Ulqini,Ulqin,Crna Gora,Mali i Zi\",\"potentialAction\":[{\"@type\":\"SearchAction\",\"target\":{\"@type\":\"EntryPoint\",\"urlTemplate\":\"https:\/\/www.visit-ulcinj.com\/blog\/?s={search_term_string}\"},\"query-input\":\"required name=search_term_string\"}],\"inLanguage\":\"en-US\"},{\"@type\":\"ImageObject\",\"inLanguage\":\"en-US\",\"@id\":\"https:\/\/www.visit-ulcinj.com\/blog\/2013\/09\/06\/nika-askush-nuk-u-be-profet-ne-vendin-e-vet\/#primaryimage\",\"url\":\"https:\/\/www.visit-ulcinj.com\/blog\/wp-content\/uploads\/2009\/11\/Muhamet-Nika.jpg\",\"contentUrl\":\"https:\/\/www.visit-ulcinj.com\/blog\/wp-content\/uploads\/2009\/11\/Muhamet-Nika.jpg\",\"width\":\"527\",\"height\":\"415\"},{\"@type\":\"WebPage\",\"@id\":\"https:\/\/www.visit-ulcinj.com\/blog\/2013\/09\/06\/nika-askush-nuk-u-be-profet-ne-vendin-e-vet\/#webpage\",\"url\":\"https:\/\/www.visit-ulcinj.com\/blog\/2013\/09\/06\/nika-askush-nuk-u-be-profet-ne-vendin-e-vet\/\",\"name\":\"Nika: askush nuk u b\u00eb profet n\u00eb vendin e vet?!! - Lajme nga Ulqini\",\"isPartOf\":{\"@id\":\"https:\/\/www.visit-ulcinj.com\/blog\/#website\"},\"primaryImageOfPage\":{\"@id\":\"https:\/\/www.visit-ulcinj.com\/blog\/2013\/09\/06\/nika-askush-nuk-u-be-profet-ne-vendin-e-vet\/#primaryimage\"},\"datePublished\":\"2013-09-06T11:36:18+00:00\",\"dateModified\":\"2013-09-06T12:38:49+00:00\",\"author\":{\"@id\":\"https:\/\/www.visit-ulcinj.com\/blog\/#\/schema\/person\/dcab619c614d3038751c63bc2aadc06d\"},\"description\":\"Nga Muhamet Nika Kujt i nevoitet monopoli kulturor?! Dihet se n\u00eb bot\u00ebn shqiptare n\u00eb p\u00ebrgjithsi , mendimi kritik rreth problemeve kulturore, z\u00eb e paraqitet\",\"breadcrumb\":{\"@id\":\"https:\/\/www.visit-ulcinj.com\/blog\/2013\/09\/06\/nika-askush-nuk-u-be-profet-ne-vendin-e-vet\/#breadcrumb\"},\"inLanguage\":\"en-US\",\"potentialAction\":[{\"@type\":\"ReadAction\",\"target\":[\"https:\/\/www.visit-ulcinj.com\/blog\/2013\/09\/06\/nika-askush-nuk-u-be-profet-ne-vendin-e-vet\/\"]}]},{\"@type\":\"BreadcrumbList\",\"@id\":\"https:\/\/www.visit-ulcinj.com\/blog\/2013\/09\/06\/nika-askush-nuk-u-be-profet-ne-vendin-e-vet\/#breadcrumb\",\"itemListElement\":[{\"@type\":\"ListItem\",\"position\":1,\"name\":\"Nika: askush nuk u b\u00eb profet n\u00eb vendin e vet?!!\"}]},{\"@type\":\"Person\",\"@id\":\"https:\/\/www.visit-ulcinj.com\/blog\/#\/schema\/person\/dcab619c614d3038751c63bc2aadc06d\",\"name\":\"ulqini\",\"sameAs\":[\"http:\/\/www.visit-ulcinj.com\"],\"url\":\"https:\/\/www.visit-ulcinj.com\/blog\/author\/admin\/\"}]}<\/script>\n<!-- \/ Yoast SEO plugin. -->","yoast_head_json":{"title":"Nika: askush nuk u b\u00eb profet n\u00eb vendin e vet?!! - Lajme nga Ulqini","description":"Nga Muhamet Nika Kujt i nevoitet monopoli kulturor?! Dihet se n\u00eb bot\u00ebn shqiptare n\u00eb p\u00ebrgjithsi , mendimi kritik rreth problemeve kulturore, z\u00eb e paraqitet","robots":{"index":"index","follow":"follow","max-snippet":"max-snippet:-1","max-image-preview":"max-image-preview:large","max-video-preview":"max-video-preview:-1"},"canonical":"https:\/\/www.visit-ulcinj.com\/blog\/2013\/09\/06\/nika-askush-nuk-u-be-profet-ne-vendin-e-vet\/","og_locale":"en_US","og_type":"article","og_title":"Nika: askush nuk u b\u00eb profet n\u00eb vendin e vet?!! - Lajme nga Ulqini","og_description":"Nga Muhamet Nika Kujt i nevoitet monopoli kulturor?! Dihet se n\u00eb bot\u00ebn shqiptare n\u00eb p\u00ebrgjithsi , mendimi kritik rreth problemeve kulturore, z\u00eb e paraqitet","og_url":"https:\/\/www.visit-ulcinj.com\/blog\/2013\/09\/06\/nika-askush-nuk-u-be-profet-ne-vendin-e-vet\/","og_site_name":"Lajme nga Ulqini","article_published_time":"2013-09-06T11:36:18+00:00","article_modified_time":"2013-09-06T12:38:49+00:00","og_image":[{"url":"http:\/\/www.visit-ulcinj.com\/blog\/wp-content\/uploads\/2009\/11\/Muhamet-Nika.jpg"}],"twitter_misc":{"Written by":"ulqini","Est. reading time":"8 minutes"},"schema":{"@context":"https:\/\/schema.org","@graph":[{"@type":"WebSite","@id":"https:\/\/www.visit-ulcinj.com\/blog\/#website","url":"https:\/\/www.visit-ulcinj.com\/blog\/","name":"Lajme nga Ulqini","description":"Lajme,Vijesti,Ulqini,Ulqin,Crna Gora,Mali i Zi","potentialAction":[{"@type":"SearchAction","target":{"@type":"EntryPoint","urlTemplate":"https:\/\/www.visit-ulcinj.com\/blog\/?s={search_term_string}"},"query-input":"required name=search_term_string"}],"inLanguage":"en-US"},{"@type":"ImageObject","inLanguage":"en-US","@id":"https:\/\/www.visit-ulcinj.com\/blog\/2013\/09\/06\/nika-askush-nuk-u-be-profet-ne-vendin-e-vet\/#primaryimage","url":"https:\/\/www.visit-ulcinj.com\/blog\/wp-content\/uploads\/2009\/11\/Muhamet-Nika.jpg","contentUrl":"https:\/\/www.visit-ulcinj.com\/blog\/wp-content\/uploads\/2009\/11\/Muhamet-Nika.jpg","width":"527","height":"415"},{"@type":"WebPage","@id":"https:\/\/www.visit-ulcinj.com\/blog\/2013\/09\/06\/nika-askush-nuk-u-be-profet-ne-vendin-e-vet\/#webpage","url":"https:\/\/www.visit-ulcinj.com\/blog\/2013\/09\/06\/nika-askush-nuk-u-be-profet-ne-vendin-e-vet\/","name":"Nika: askush nuk u b\u00eb profet n\u00eb vendin e vet?!! - Lajme nga Ulqini","isPartOf":{"@id":"https:\/\/www.visit-ulcinj.com\/blog\/#website"},"primaryImageOfPage":{"@id":"https:\/\/www.visit-ulcinj.com\/blog\/2013\/09\/06\/nika-askush-nuk-u-be-profet-ne-vendin-e-vet\/#primaryimage"},"datePublished":"2013-09-06T11:36:18+00:00","dateModified":"2013-09-06T12:38:49+00:00","author":{"@id":"https:\/\/www.visit-ulcinj.com\/blog\/#\/schema\/person\/dcab619c614d3038751c63bc2aadc06d"},"description":"Nga Muhamet Nika Kujt i nevoitet monopoli kulturor?! Dihet se n\u00eb bot\u00ebn shqiptare n\u00eb p\u00ebrgjithsi , mendimi kritik rreth problemeve kulturore, z\u00eb e paraqitet","breadcrumb":{"@id":"https:\/\/www.visit-ulcinj.com\/blog\/2013\/09\/06\/nika-askush-nuk-u-be-profet-ne-vendin-e-vet\/#breadcrumb"},"inLanguage":"en-US","potentialAction":[{"@type":"ReadAction","target":["https:\/\/www.visit-ulcinj.com\/blog\/2013\/09\/06\/nika-askush-nuk-u-be-profet-ne-vendin-e-vet\/"]}]},{"@type":"BreadcrumbList","@id":"https:\/\/www.visit-ulcinj.com\/blog\/2013\/09\/06\/nika-askush-nuk-u-be-profet-ne-vendin-e-vet\/#breadcrumb","itemListElement":[{"@type":"ListItem","position":1,"name":"Nika: askush nuk u b\u00eb profet n\u00eb vendin e vet?!!"}]},{"@type":"Person","@id":"https:\/\/www.visit-ulcinj.com\/blog\/#\/schema\/person\/dcab619c614d3038751c63bc2aadc06d","name":"ulqini","sameAs":["http:\/\/www.visit-ulcinj.com"],"url":"https:\/\/www.visit-ulcinj.com\/blog\/author\/admin\/"}]}},"jetpack_featured_media_url":"","jetpack_sharing_enabled":true,"jetpack_shortlink":"https:\/\/wp.me\/pe6lTn-jom","_links":{"self":[{"href":"https:\/\/www.visit-ulcinj.com\/blog\/wp-json\/wp\/v2\/posts\/74546"}],"collection":[{"href":"https:\/\/www.visit-ulcinj.com\/blog\/wp-json\/wp\/v2\/posts"}],"about":[{"href":"https:\/\/www.visit-ulcinj.com\/blog\/wp-json\/wp\/v2\/types\/post"}],"author":[{"embeddable":true,"href":"https:\/\/www.visit-ulcinj.com\/blog\/wp-json\/wp\/v2\/users\/1"}],"replies":[{"embeddable":true,"href":"https:\/\/www.visit-ulcinj.com\/blog\/wp-json\/wp\/v2\/comments?post=74546"}],"version-history":[{"count":2,"href":"https:\/\/www.visit-ulcinj.com\/blog\/wp-json\/wp\/v2\/posts\/74546\/revisions"}],"predecessor-version":[{"id":74553,"href":"https:\/\/www.visit-ulcinj.com\/blog\/wp-json\/wp\/v2\/posts\/74546\/revisions\/74553"}],"wp:attachment":[{"href":"https:\/\/www.visit-ulcinj.com\/blog\/wp-json\/wp\/v2\/media?parent=74546"}],"wp:term":[{"taxonomy":"category","embeddable":true,"href":"https:\/\/www.visit-ulcinj.com\/blog\/wp-json\/wp\/v2\/categories?post=74546"},{"taxonomy":"post_tag","embeddable":true,"href":"https:\/\/www.visit-ulcinj.com\/blog\/wp-json\/wp\/v2\/tags?post=74546"}],"curies":[{"name":"wp","href":"https:\/\/api.w.org\/{rel}","templated":true}]}}