{"id":74548,"date":"2013-09-06T13:37:08","date_gmt":"2013-09-06T12:37:08","guid":{"rendered":"http:\/\/www.visit-ulcinj.com\/blog\/?p=74548"},"modified":"2013-09-07T04:40:45","modified_gmt":"2013-09-07T03:40:45","slug":"kuzhinieri-i-famshem-muho-kraja","status":"publish","type":"post","link":"https:\/\/www.visit-ulcinj.com\/blog\/2013\/09\/06\/kuzhinieri-i-famshem-muho-kraja\/","title":{"rendered":"Kuzhinieri i famsh\u00ebm Muho Kraja"},"content":{"rendered":"<p><b>P\u00ebrmes Guzhin\u00ebs , nd\u00ebr vite promovim I shij\u00ebs s\u00eb mire n\u00eb Ulqin, Mal t\u00eb Zi.<\/b><\/p>\n<div><\/div>\n<div>Ulqini ofron p\u00ebr turist\u00ebt bukuri t\u00eb radha dhe t\u00eb llojllojshme q\u00eb natyra I ka dhuruar, por pas nj\u00eb dite t\u00eb mbushur me aktivitetete, p\u00ebr pushuesit nuk egziston asgj\u00eb m\u00eb josh\u00ebse se sa nj\u00eb ushqim I shish\u00ebm dhe I\u00a0 mir\u00ebp\u00ebrgaditur.<\/div>\n<div>Turist\u00ebt udh\u00ebtojn\u00eb p\u00ebr t\u00eb zbuluar teritore t\u00eb reja dhe ti largoh\u00ebn rutin\u00ebs s\u00eb p\u00ebrditshme t\u00eb jet\u00ebs, p\u00ebr k\u00ebt\u00eb arsye strategjia e Hotelit Mediteran \u00ebsht\u00eb q\u00eb t\u00eb tejkalojm\u00eb pritshm\u00ebrit\u00eb konsumatore p\u00ebrmes ofrimit t\u00eb asaj \u201ct\u00eb ndryshm\u00ebs\u201d, q\u00eb turist\u00ebt nuk e gjejn\u00eb n\u00eb vendin e tyre.<br \/>\n<a href=\"http:\/\/www.visit-ulcinj.com\/blog\/wp-content\/uploads\/2013\/09\/Muho-Kraja-Kuzhinjeri-famshem.jpg\"><img loading=\"lazy\" class=\"alignleft  wp-image-74549\" alt=\"Muho-Kraja-Kuzhinjeri-famshem\" src=\"http:\/\/www.visit-ulcinj.com\/blog\/wp-content\/uploads\/2013\/09\/Muho-Kraja-Kuzhinjeri-famshem.jpg\" width=\"508\" height=\"600\" \/><\/a><\/div>\n<div>Ketu fillon edhe misioni I nj\u00eb dashamir\u00ebsi t\u00eb guzhin\u00ebs, I cili permes gatimeve t\u00eb shishme ka promovuar gastronomin\u00eb tradicionale t\u00eb k\u00ebtij qyteti nd\u00ebr vite. Muho Kraja esht\u00eb guzhinjeri yn\u00eb I mir\u00ebnjohur me mbi 43 vite eksperience n\u00eb gastronomi, I cili s\u00eb bashku me stafin e tij profesional me plot pasjon drejton p\u00ebrgaditjet e guzhin\u00ebs n\u00eb Hotelin Mediteran.<\/div>\n<div>Ne shum\u00eb vende te botes tashm\u00eb po zhvillohen forma te ndryshme turizmi t\u00eb dedikuara gastronomies, kurse tek ne n\u00eb Mediteran mysafiret gjejn\u00eb t\u00eb nd\u00ebrthurura s\u00ebbashku karakteristikat e nj\u00eb qyteti bregdetar\u00eb me gatimet e fresk\u00ebta tradicionale. Guzhina e Ulqinit \u00ebsht\u00eb shum\u00eb e pasur dhe unike n\u00eb shije, fakt ky q\u00eb e sh\u00ebndrron cdo konsumim rutine n\u00eb nj\u00eb experience t\u00eb vecant\u00eb p\u00ebr cdo mysafir. N\u00eb rrjetet sociale shum\u00eb mysafir\u00eb e p\u00ebrshkruajn ushqimin n\u00eb Hotelin Mediteran si m\u00eb t\u00eb pasurin dhe m\u00eb t\u00eb shishmin n\u00eb Ballkan, arsye kjo q\u00eb ne t\u00eb vazhdojm\u00eb ti ruajm\u00eb me fanatiz\u00ebm k\u00ebto m\u00ebnyra tradicionale. Ne k\u00ebt\u00eb priz\u00ebm t\u00eb ngjarjeve ne kemi krijuar nj\u00eb bindje p\u00ebr r\u00ebndesin\u00eb e ushqimit tradicional, t\u00eb fresket, ushqim hallall dhe produkte bio lokale. Mysafir\u00ebt e mbeshtesin k\u00ebt\u00eb form\u00eb gatimi t\u00eb Hotelit dhe e admirojn\u00eb ushqimin tradicional t\u00eb Ulqinit , n\u00eb k\u00ebt\u00eb m\u00ebnyre kemi arritur edhe nj\u00eb avantazh konkurues shum\u00eb t\u00eb r\u00ebnd\u00ebsish\u00ebm n\u00eb treg.<\/div>\n<div>\u00a0<a href=\"http:\/\/www.visit-ulcinj.com\/blog\/wp-content\/uploads\/2013\/09\/restoranti-mediteran-ulqin.jpg\"><img loading=\"lazy\" class=\"alignleft  wp-image-74550\" alt=\"restoranti-mediteran-ulqin\" src=\"http:\/\/www.visit-ulcinj.com\/blog\/wp-content\/uploads\/2013\/09\/restoranti-mediteran-ulqin.jpg\" width=\"508\" height=\"360\" \/><\/a><\/div>\n<div>Shprehja \u201cDashuria vjen nga stomaku\u201d I p\u00ebrshtatet m\u00eb se miri komenteve pozitive dhe d\u00ebshir\u00ebs s\u00eb mysafir\u00ebve q\u00eb n\u00eb t\u00eb ardhm\u00ebn t\u00eb rikthehen p\u00ebrs\u00ebri n\u00eb Ulqin, dhe me kurreshtje t\u00eb presin gatimet e radh\u00ebs n\u00eb Mediteran. Faleminderit stafit shum\u00eb t\u00eb vyer I cili leht\u00ebson pun\u00ebt e departamentit t\u00eb marketingut duke zgjeruar cdo dit\u00eb listen e \u201cmysafir\u00ebve besnik\u00eb\u201d, dhe duke krijuar p\u00ebrshtypjet m\u00eb t\u00eb mira p\u00ebr mysafir\u00ebt q\u00eb ato ti p\u00ebrcjellin n\u00eb vendin e tyre t\u00eb origjin\u00ebs. K\u00ebnaq\u00ebsija e mysafir\u00ebve \u00ebsht\u00eb tashm\u00eb nj\u00eb pun\u00eb e Hotelit Mediteran.<\/div>\n<div><\/div>\n<div>\n<div>\n<div><strong>MSc. Suzana Taipoviq<\/strong><\/div>\n<div><strong>Marketing Menager<\/strong><\/div>\n<div><strong>Hotel- Mediteran Resort<\/strong><\/div>\n<\/div>\n<\/div>\n","protected":false},"excerpt":{"rendered":"<p>P\u00ebrmes Guzhin\u00ebs , nd\u00ebr vite promovim I shij\u00ebs s\u00eb mire n\u00eb Ulqin, Mal t\u00eb Zi. Ulqini ofron p\u00ebr turist\u00ebt bukuri t\u00eb radha dhe t\u00eb llojllojshme q\u00eb natyra I ka dhuruar, por pas nj\u00eb dite t\u00eb mbushur me aktivitetete, p\u00ebr pushuesit nuk egziston asgj\u00eb m\u00eb josh\u00ebse se sa nj\u00eb ushqim I shish\u00ebm dhe I\u00a0 mir\u00ebp\u00ebrgaditur. Turist\u00ebt [&hellip;]<\/p>\n","protected":false},"author":1,"featured_media":0,"comment_status":"closed","ping_status":"closed","sticky":false,"template":"","format":"standard","meta":{"spay_email":"","jetpack_publicize_message":"","jetpack_is_tweetstorm":false,"jetpack_publicize_feature_enabled":true},"categories":[5,1],"tags":[],"jetpack_publicize_connections":[],"yoast_head":"<!-- This site is optimized with the Yoast SEO plugin v19.1 - https:\/\/yoast.com\/wordpress\/plugins\/seo\/ -->\n<title>Kuzhinieri i famsh\u00ebm Muho Kraja - Lajme nga Ulqini<\/title>\n<meta name=\"description\" content=\"P\u00ebrmes Guzhin\u00ebs , nd\u00ebr vite promovim I shij\u00ebs s\u00eb mire n\u00eb Ulqin, Mal t\u00eb Zi. Ulqini ofron p\u00ebr turist\u00ebt bukuri t\u00eb radha dhe t\u00eb llojllojshme q\u00eb natyra I ka\" \/>\n<meta name=\"robots\" content=\"index, follow, max-snippet:-1, max-image-preview:large, max-video-preview:-1\" \/>\n<link rel=\"canonical\" href=\"https:\/\/www.visit-ulcinj.com\/blog\/2013\/09\/06\/kuzhinieri-i-famshem-muho-kraja\/\" \/>\n<meta property=\"og:locale\" content=\"en_US\" \/>\n<meta property=\"og:type\" content=\"article\" \/>\n<meta property=\"og:title\" content=\"Kuzhinieri i famsh\u00ebm Muho Kraja - Lajme nga Ulqini\" \/>\n<meta property=\"og:description\" content=\"P\u00ebrmes Guzhin\u00ebs , nd\u00ebr vite promovim I shij\u00ebs s\u00eb mire n\u00eb Ulqin, Mal t\u00eb Zi. Ulqini ofron p\u00ebr turist\u00ebt bukuri t\u00eb radha dhe t\u00eb llojllojshme q\u00eb natyra I ka\" \/>\n<meta property=\"og:url\" content=\"https:\/\/www.visit-ulcinj.com\/blog\/2013\/09\/06\/kuzhinieri-i-famshem-muho-kraja\/\" \/>\n<meta property=\"og:site_name\" content=\"Lajme nga Ulqini\" \/>\n<meta property=\"article:published_time\" content=\"2013-09-06T12:37:08+00:00\" \/>\n<meta property=\"article:modified_time\" content=\"2013-09-07T03:40:45+00:00\" \/>\n<meta property=\"og:image\" content=\"http:\/\/www.visit-ulcinj.com\/blog\/wp-content\/uploads\/2013\/09\/Muho-Kraja-Kuzhinjeri-famshem.jpg\" \/>\n<meta name=\"twitter:label1\" content=\"Written by\" \/>\n\t<meta name=\"twitter:data1\" content=\"ulqini\" \/>\n\t<meta name=\"twitter:label2\" content=\"Est. reading time\" \/>\n\t<meta name=\"twitter:data2\" content=\"2 minutes\" \/>\n<script type=\"application\/ld+json\" class=\"yoast-schema-graph\">{\"@context\":\"https:\/\/schema.org\",\"@graph\":[{\"@type\":\"WebSite\",\"@id\":\"https:\/\/www.visit-ulcinj.com\/blog\/#website\",\"url\":\"https:\/\/www.visit-ulcinj.com\/blog\/\",\"name\":\"Lajme nga Ulqini\",\"description\":\"Lajme,Vijesti,Ulqini,Ulqin,Crna Gora,Mali i Zi\",\"potentialAction\":[{\"@type\":\"SearchAction\",\"target\":{\"@type\":\"EntryPoint\",\"urlTemplate\":\"https:\/\/www.visit-ulcinj.com\/blog\/?s={search_term_string}\"},\"query-input\":\"required name=search_term_string\"}],\"inLanguage\":\"en-US\"},{\"@type\":\"ImageObject\",\"inLanguage\":\"en-US\",\"@id\":\"https:\/\/www.visit-ulcinj.com\/blog\/2013\/09\/06\/kuzhinieri-i-famshem-muho-kraja\/#primaryimage\",\"url\":\"https:\/\/www.visit-ulcinj.com\/blog\/wp-content\/uploads\/2013\/09\/Muho-Kraja-Kuzhinjeri-famshem.jpg\",\"contentUrl\":\"https:\/\/www.visit-ulcinj.com\/blog\/wp-content\/uploads\/2013\/09\/Muho-Kraja-Kuzhinjeri-famshem.jpg\",\"width\":478,\"height\":750},{\"@type\":\"WebPage\",\"@id\":\"https:\/\/www.visit-ulcinj.com\/blog\/2013\/09\/06\/kuzhinieri-i-famshem-muho-kraja\/#webpage\",\"url\":\"https:\/\/www.visit-ulcinj.com\/blog\/2013\/09\/06\/kuzhinieri-i-famshem-muho-kraja\/\",\"name\":\"Kuzhinieri i famsh\u00ebm Muho Kraja - Lajme nga Ulqini\",\"isPartOf\":{\"@id\":\"https:\/\/www.visit-ulcinj.com\/blog\/#website\"},\"primaryImageOfPage\":{\"@id\":\"https:\/\/www.visit-ulcinj.com\/blog\/2013\/09\/06\/kuzhinieri-i-famshem-muho-kraja\/#primaryimage\"},\"datePublished\":\"2013-09-06T12:37:08+00:00\",\"dateModified\":\"2013-09-07T03:40:45+00:00\",\"author\":{\"@id\":\"https:\/\/www.visit-ulcinj.com\/blog\/#\/schema\/person\/dcab619c614d3038751c63bc2aadc06d\"},\"description\":\"P\u00ebrmes Guzhin\u00ebs , nd\u00ebr vite promovim I shij\u00ebs s\u00eb mire n\u00eb Ulqin, Mal t\u00eb Zi. Ulqini ofron p\u00ebr turist\u00ebt bukuri t\u00eb radha dhe t\u00eb llojllojshme q\u00eb natyra I ka\",\"breadcrumb\":{\"@id\":\"https:\/\/www.visit-ulcinj.com\/blog\/2013\/09\/06\/kuzhinieri-i-famshem-muho-kraja\/#breadcrumb\"},\"inLanguage\":\"en-US\",\"potentialAction\":[{\"@type\":\"ReadAction\",\"target\":[\"https:\/\/www.visit-ulcinj.com\/blog\/2013\/09\/06\/kuzhinieri-i-famshem-muho-kraja\/\"]}]},{\"@type\":\"BreadcrumbList\",\"@id\":\"https:\/\/www.visit-ulcinj.com\/blog\/2013\/09\/06\/kuzhinieri-i-famshem-muho-kraja\/#breadcrumb\",\"itemListElement\":[{\"@type\":\"ListItem\",\"position\":1,\"name\":\"Kuzhinieri i famsh\u00ebm Muho Kraja\"}]},{\"@type\":\"Person\",\"@id\":\"https:\/\/www.visit-ulcinj.com\/blog\/#\/schema\/person\/dcab619c614d3038751c63bc2aadc06d\",\"name\":\"ulqini\",\"sameAs\":[\"http:\/\/www.visit-ulcinj.com\"],\"url\":\"https:\/\/www.visit-ulcinj.com\/blog\/author\/admin\/\"}]}<\/script>\n<!-- \/ Yoast SEO plugin. -->","yoast_head_json":{"title":"Kuzhinieri i famsh\u00ebm Muho Kraja - Lajme nga Ulqini","description":"P\u00ebrmes Guzhin\u00ebs , nd\u00ebr vite promovim I shij\u00ebs s\u00eb mire n\u00eb Ulqin, Mal t\u00eb Zi. Ulqini ofron p\u00ebr turist\u00ebt bukuri t\u00eb radha dhe t\u00eb llojllojshme q\u00eb natyra I ka","robots":{"index":"index","follow":"follow","max-snippet":"max-snippet:-1","max-image-preview":"max-image-preview:large","max-video-preview":"max-video-preview:-1"},"canonical":"https:\/\/www.visit-ulcinj.com\/blog\/2013\/09\/06\/kuzhinieri-i-famshem-muho-kraja\/","og_locale":"en_US","og_type":"article","og_title":"Kuzhinieri i famsh\u00ebm Muho Kraja - Lajme nga Ulqini","og_description":"P\u00ebrmes Guzhin\u00ebs , nd\u00ebr vite promovim I shij\u00ebs s\u00eb mire n\u00eb Ulqin, Mal t\u00eb Zi. Ulqini ofron p\u00ebr turist\u00ebt bukuri t\u00eb radha dhe t\u00eb llojllojshme q\u00eb natyra I ka","og_url":"https:\/\/www.visit-ulcinj.com\/blog\/2013\/09\/06\/kuzhinieri-i-famshem-muho-kraja\/","og_site_name":"Lajme nga Ulqini","article_published_time":"2013-09-06T12:37:08+00:00","article_modified_time":"2013-09-07T03:40:45+00:00","og_image":[{"url":"http:\/\/www.visit-ulcinj.com\/blog\/wp-content\/uploads\/2013\/09\/Muho-Kraja-Kuzhinjeri-famshem.jpg"}],"twitter_misc":{"Written by":"ulqini","Est. reading time":"2 minutes"},"schema":{"@context":"https:\/\/schema.org","@graph":[{"@type":"WebSite","@id":"https:\/\/www.visit-ulcinj.com\/blog\/#website","url":"https:\/\/www.visit-ulcinj.com\/blog\/","name":"Lajme nga Ulqini","description":"Lajme,Vijesti,Ulqini,Ulqin,Crna Gora,Mali i Zi","potentialAction":[{"@type":"SearchAction","target":{"@type":"EntryPoint","urlTemplate":"https:\/\/www.visit-ulcinj.com\/blog\/?s={search_term_string}"},"query-input":"required name=search_term_string"}],"inLanguage":"en-US"},{"@type":"ImageObject","inLanguage":"en-US","@id":"https:\/\/www.visit-ulcinj.com\/blog\/2013\/09\/06\/kuzhinieri-i-famshem-muho-kraja\/#primaryimage","url":"https:\/\/www.visit-ulcinj.com\/blog\/wp-content\/uploads\/2013\/09\/Muho-Kraja-Kuzhinjeri-famshem.jpg","contentUrl":"https:\/\/www.visit-ulcinj.com\/blog\/wp-content\/uploads\/2013\/09\/Muho-Kraja-Kuzhinjeri-famshem.jpg","width":478,"height":750},{"@type":"WebPage","@id":"https:\/\/www.visit-ulcinj.com\/blog\/2013\/09\/06\/kuzhinieri-i-famshem-muho-kraja\/#webpage","url":"https:\/\/www.visit-ulcinj.com\/blog\/2013\/09\/06\/kuzhinieri-i-famshem-muho-kraja\/","name":"Kuzhinieri i famsh\u00ebm Muho Kraja - Lajme nga Ulqini","isPartOf":{"@id":"https:\/\/www.visit-ulcinj.com\/blog\/#website"},"primaryImageOfPage":{"@id":"https:\/\/www.visit-ulcinj.com\/blog\/2013\/09\/06\/kuzhinieri-i-famshem-muho-kraja\/#primaryimage"},"datePublished":"2013-09-06T12:37:08+00:00","dateModified":"2013-09-07T03:40:45+00:00","author":{"@id":"https:\/\/www.visit-ulcinj.com\/blog\/#\/schema\/person\/dcab619c614d3038751c63bc2aadc06d"},"description":"P\u00ebrmes Guzhin\u00ebs , nd\u00ebr vite promovim I shij\u00ebs s\u00eb mire n\u00eb Ulqin, Mal t\u00eb Zi. Ulqini ofron p\u00ebr turist\u00ebt bukuri t\u00eb radha dhe t\u00eb llojllojshme q\u00eb natyra I ka","breadcrumb":{"@id":"https:\/\/www.visit-ulcinj.com\/blog\/2013\/09\/06\/kuzhinieri-i-famshem-muho-kraja\/#breadcrumb"},"inLanguage":"en-US","potentialAction":[{"@type":"ReadAction","target":["https:\/\/www.visit-ulcinj.com\/blog\/2013\/09\/06\/kuzhinieri-i-famshem-muho-kraja\/"]}]},{"@type":"BreadcrumbList","@id":"https:\/\/www.visit-ulcinj.com\/blog\/2013\/09\/06\/kuzhinieri-i-famshem-muho-kraja\/#breadcrumb","itemListElement":[{"@type":"ListItem","position":1,"name":"Kuzhinieri i famsh\u00ebm Muho Kraja"}]},{"@type":"Person","@id":"https:\/\/www.visit-ulcinj.com\/blog\/#\/schema\/person\/dcab619c614d3038751c63bc2aadc06d","name":"ulqini","sameAs":["http:\/\/www.visit-ulcinj.com"],"url":"https:\/\/www.visit-ulcinj.com\/blog\/author\/admin\/"}]}},"jetpack_featured_media_url":"","jetpack_sharing_enabled":true,"jetpack_shortlink":"https:\/\/wp.me\/pe6lTn-joo","_links":{"self":[{"href":"https:\/\/www.visit-ulcinj.com\/blog\/wp-json\/wp\/v2\/posts\/74548"}],"collection":[{"href":"https:\/\/www.visit-ulcinj.com\/blog\/wp-json\/wp\/v2\/posts"}],"about":[{"href":"https:\/\/www.visit-ulcinj.com\/blog\/wp-json\/wp\/v2\/types\/post"}],"author":[{"embeddable":true,"href":"https:\/\/www.visit-ulcinj.com\/blog\/wp-json\/wp\/v2\/users\/1"}],"replies":[{"embeddable":true,"href":"https:\/\/www.visit-ulcinj.com\/blog\/wp-json\/wp\/v2\/comments?post=74548"}],"version-history":[{"count":4,"href":"https:\/\/www.visit-ulcinj.com\/blog\/wp-json\/wp\/v2\/posts\/74548\/revisions"}],"predecessor-version":[{"id":74604,"href":"https:\/\/www.visit-ulcinj.com\/blog\/wp-json\/wp\/v2\/posts\/74548\/revisions\/74604"}],"wp:attachment":[{"href":"https:\/\/www.visit-ulcinj.com\/blog\/wp-json\/wp\/v2\/media?parent=74548"}],"wp:term":[{"taxonomy":"category","embeddable":true,"href":"https:\/\/www.visit-ulcinj.com\/blog\/wp-json\/wp\/v2\/categories?post=74548"},{"taxonomy":"post_tag","embeddable":true,"href":"https:\/\/www.visit-ulcinj.com\/blog\/wp-json\/wp\/v2\/tags?post=74548"}],"curies":[{"name":"wp","href":"https:\/\/api.w.org\/{rel}","templated":true}]}}