{"id":7455,"date":"2008-12-18T20:41:47","date_gmt":"2008-12-18T19:41:47","guid":{"rendered":"http:\/\/www.visit-ulcinj.com\/blog\/?p=7455"},"modified":"2008-12-18T20:41:47","modified_gmt":"2008-12-18T19:41:47","slug":"merr-baladen-e-mentor-kurtishit","status":"publish","type":"post","link":"https:\/\/www.visit-ulcinj.com\/blog\/2008\/12\/18\/merr-baladen-e-mentor-kurtishit\/","title":{"rendered":"Merr Balad\u00ebn e Mentor Kurtishit"},"content":{"rendered":"<p><a href=\"http:\/\/www.visit-ulcinj.com\/blog\/wp-content\/uploads\/2008\/12\/rovena-stefa10.jpg\"><img loading=\"lazy\" class=\"alignleft size-medium wp-image-7465\" title=\"rovena-stefa10\" src=\"http:\/\/www.visit-ulcinj.com\/blog\/wp-content\/uploads\/2008\/12\/rovena-stefa10-300x212.jpg\" alt=\"\" width=\"300\" height=\"212\" \/><\/a>Nj\u00ebra nd\u00ebr k\u00ebng\u00ebt e reja t\u00eb Rovena Stefa \u201cMalli\u201d, \u00ebsht\u00eb shum\u00eb e k\u00ebrkuar nga adhuruesit e saj, pasi q\u00eb p\u00ebr nj\u00eb koh\u00eb t\u00eb shkurt\u00ebr \u00ebsht\u00eb klikuar n\u00eb YouTube nga 17,846 adhurues t\u00eb k\u00ebng\u00ebtar\u00ebs. K\u00ebt\u00eb k\u00ebng\u00eb Rovena e ka huazuar nga Mentor Kurtishi. \u00cbsht\u00eb pjes\u00eb e albumit t\u00eb fundit t\u00eb k\u00ebng\u00ebtar\u00ebs dhe n\u00eb YouTube \u00ebsht\u00eb vendosur kah mesi i tetorit. Po ashtu, \u00ebsht\u00eb nj\u00eb k\u00ebng\u00eb me nj\u00eb tekst ku e gjejn\u00eb veten t\u00eb gjith\u00eb, e q\u00eb vite m\u00eb par\u00eb, p\u00ebr t\u00eb par\u00ebn her\u00eb e ka k\u00ebnduar Mentor Kurtishi. Tash e k\u00ebndon Rovena Stefa dhe duket q\u00eb me z\u00ebrin e saj ka b\u00ebr\u00eb q\u00eb kjo k\u00ebng\u00eb t\u00eb dal\u00eb m\u00eb bukur n\u00eb versionin e saj.<\/p>\n\n<!--YouTube Error: bad URL entered-->\n","protected":false},"excerpt":{"rendered":"<p>Nj\u00ebra nd\u00ebr k\u00ebng\u00ebt e reja t\u00eb Rovena Stefa \u201cMalli\u201d, \u00ebsht\u00eb shum\u00eb e k\u00ebrkuar nga adhuruesit e saj, pasi q\u00eb p\u00ebr nj\u00eb koh\u00eb t\u00eb shkurt\u00ebr \u00ebsht\u00eb klikuar n\u00eb YouTube nga 17,846 adhurues t\u00eb k\u00ebng\u00ebtar\u00ebs. K\u00ebt\u00eb k\u00ebng\u00eb Rovena e ka huazuar nga Mentor Kurtishi. \u00cbsht\u00eb pjes\u00eb e albumit t\u00eb fundit t\u00eb k\u00ebng\u00ebtar\u00ebs dhe n\u00eb YouTube \u00ebsht\u00eb vendosur [&hellip;]<\/p>\n","protected":false},"author":1,"featured_media":0,"comment_status":"open","ping_status":"closed","sticky":false,"template":"","format":"standard","meta":{"spay_email":"","jetpack_publicize_message":"","jetpack_is_tweetstorm":false,"jetpack_publicize_feature_enabled":true},"categories":[1],"tags":[5308,5309,4869],"jetpack_publicize_connections":[],"yoast_head":"<!-- This site is optimized with the Yoast SEO plugin v19.1 - https:\/\/yoast.com\/wordpress\/plugins\/seo\/ -->\n<title>Merr Balad\u00ebn e Mentor Kurtishit - Lajme nga Ulqini<\/title>\n<meta name=\"description\" content=\"Nj\u00ebra nd\u00ebr k\u00ebng\u00ebt e reja t\u00eb Rovena Stefa \u201cMalli\u201d, \u00ebsht\u00eb shum\u00eb e k\u00ebrkuar nga adhuruesit e saj, pasi q\u00eb p\u00ebr nj\u00eb koh\u00eb t\u00eb shkurt\u00ebr \u00ebsht\u00eb klikuar n\u00eb YouTube\" \/>\n<meta name=\"robots\" content=\"index, follow, max-snippet:-1, max-image-preview:large, max-video-preview:-1\" \/>\n<link rel=\"canonical\" href=\"https:\/\/www.visit-ulcinj.com\/blog\/2008\/12\/18\/merr-baladen-e-mentor-kurtishit\/\" \/>\n<meta property=\"og:locale\" content=\"en_US\" \/>\n<meta property=\"og:type\" content=\"article\" \/>\n<meta property=\"og:title\" content=\"Merr Balad\u00ebn e Mentor Kurtishit - Lajme nga Ulqini\" \/>\n<meta property=\"og:description\" content=\"Nj\u00ebra nd\u00ebr k\u00ebng\u00ebt e reja t\u00eb Rovena Stefa \u201cMalli\u201d, \u00ebsht\u00eb shum\u00eb e k\u00ebrkuar nga adhuruesit e saj, pasi q\u00eb p\u00ebr nj\u00eb koh\u00eb t\u00eb shkurt\u00ebr \u00ebsht\u00eb klikuar n\u00eb YouTube\" \/>\n<meta property=\"og:url\" content=\"https:\/\/www.visit-ulcinj.com\/blog\/2008\/12\/18\/merr-baladen-e-mentor-kurtishit\/\" \/>\n<meta property=\"og:site_name\" content=\"Lajme nga Ulqini\" \/>\n<meta property=\"article:published_time\" content=\"2008-12-18T19:41:47+00:00\" \/>\n<meta property=\"og:image\" content=\"https:\/\/www.visit-ulcinj.com\/blog\/wp-content\/uploads\/2008\/12\/rovena-stefa-150x150.jpg\" \/>\n<meta name=\"twitter:label1\" content=\"Written by\" \/>\n\t<meta name=\"twitter:data1\" content=\"ulqini\" \/>\n\t<meta name=\"twitter:label2\" content=\"Est. reading time\" \/>\n\t<meta name=\"twitter:data2\" content=\"1 minute\" \/>\n<script type=\"application\/ld+json\" class=\"yoast-schema-graph\">{\"@context\":\"https:\/\/schema.org\",\"@graph\":[{\"@type\":\"WebSite\",\"@id\":\"https:\/\/www.visit-ulcinj.com\/blog\/#website\",\"url\":\"https:\/\/www.visit-ulcinj.com\/blog\/\",\"name\":\"Lajme nga Ulqini\",\"description\":\"Lajme,Vijesti,Ulqini,Ulqin,Crna Gora,Mali i Zi\",\"potentialAction\":[{\"@type\":\"SearchAction\",\"target\":{\"@type\":\"EntryPoint\",\"urlTemplate\":\"https:\/\/www.visit-ulcinj.com\/blog\/?s={search_term_string}\"},\"query-input\":\"required name=search_term_string\"}],\"inLanguage\":\"en-US\"},{\"@type\":\"ImageObject\",\"inLanguage\":\"en-US\",\"@id\":\"https:\/\/www.visit-ulcinj.com\/blog\/2008\/12\/18\/merr-baladen-e-mentor-kurtishit\/#primaryimage\",\"url\":\"http:\/\/www.visit-ulcinj.com\/blog\/wp-content\/uploads\/2008\/12\/rovena-stefa10-300x212.jpg\",\"contentUrl\":\"http:\/\/www.visit-ulcinj.com\/blog\/wp-content\/uploads\/2008\/12\/rovena-stefa10-300x212.jpg\"},{\"@type\":\"WebPage\",\"@id\":\"https:\/\/www.visit-ulcinj.com\/blog\/2008\/12\/18\/merr-baladen-e-mentor-kurtishit\/#webpage\",\"url\":\"https:\/\/www.visit-ulcinj.com\/blog\/2008\/12\/18\/merr-baladen-e-mentor-kurtishit\/\",\"name\":\"Merr Balad\u00ebn e Mentor Kurtishit - Lajme nga Ulqini\",\"isPartOf\":{\"@id\":\"https:\/\/www.visit-ulcinj.com\/blog\/#website\"},\"primaryImageOfPage\":{\"@id\":\"https:\/\/www.visit-ulcinj.com\/blog\/2008\/12\/18\/merr-baladen-e-mentor-kurtishit\/#primaryimage\"},\"datePublished\":\"2008-12-18T19:41:47+00:00\",\"dateModified\":\"2008-12-18T19:41:47+00:00\",\"author\":{\"@id\":\"https:\/\/www.visit-ulcinj.com\/blog\/#\/schema\/person\/dcab619c614d3038751c63bc2aadc06d\"},\"description\":\"Nj\u00ebra nd\u00ebr k\u00ebng\u00ebt e reja t\u00eb Rovena Stefa \u201cMalli\u201d, \u00ebsht\u00eb shum\u00eb e k\u00ebrkuar nga adhuruesit e saj, pasi q\u00eb p\u00ebr nj\u00eb koh\u00eb t\u00eb shkurt\u00ebr \u00ebsht\u00eb klikuar n\u00eb YouTube\",\"breadcrumb\":{\"@id\":\"https:\/\/www.visit-ulcinj.com\/blog\/2008\/12\/18\/merr-baladen-e-mentor-kurtishit\/#breadcrumb\"},\"inLanguage\":\"en-US\",\"potentialAction\":[{\"@type\":\"ReadAction\",\"target\":[\"https:\/\/www.visit-ulcinj.com\/blog\/2008\/12\/18\/merr-baladen-e-mentor-kurtishit\/\"]}]},{\"@type\":\"BreadcrumbList\",\"@id\":\"https:\/\/www.visit-ulcinj.com\/blog\/2008\/12\/18\/merr-baladen-e-mentor-kurtishit\/#breadcrumb\",\"itemListElement\":[{\"@type\":\"ListItem\",\"position\":1,\"name\":\"Merr Balad\u00ebn e Mentor Kurtishit\"}]},{\"@type\":\"Person\",\"@id\":\"https:\/\/www.visit-ulcinj.com\/blog\/#\/schema\/person\/dcab619c614d3038751c63bc2aadc06d\",\"name\":\"ulqini\",\"sameAs\":[\"http:\/\/www.visit-ulcinj.com\"],\"url\":\"https:\/\/www.visit-ulcinj.com\/blog\/author\/admin\/\"}]}<\/script>\n<!-- \/ Yoast SEO plugin. -->","yoast_head_json":{"title":"Merr Balad\u00ebn e Mentor Kurtishit - Lajme nga Ulqini","description":"Nj\u00ebra nd\u00ebr k\u00ebng\u00ebt e reja t\u00eb Rovena Stefa \u201cMalli\u201d, \u00ebsht\u00eb shum\u00eb e k\u00ebrkuar nga adhuruesit e saj, pasi q\u00eb p\u00ebr nj\u00eb koh\u00eb t\u00eb shkurt\u00ebr \u00ebsht\u00eb klikuar n\u00eb YouTube","robots":{"index":"index","follow":"follow","max-snippet":"max-snippet:-1","max-image-preview":"max-image-preview:large","max-video-preview":"max-video-preview:-1"},"canonical":"https:\/\/www.visit-ulcinj.com\/blog\/2008\/12\/18\/merr-baladen-e-mentor-kurtishit\/","og_locale":"en_US","og_type":"article","og_title":"Merr Balad\u00ebn e Mentor Kurtishit - Lajme nga Ulqini","og_description":"Nj\u00ebra nd\u00ebr k\u00ebng\u00ebt e reja t\u00eb Rovena Stefa \u201cMalli\u201d, \u00ebsht\u00eb shum\u00eb e k\u00ebrkuar nga adhuruesit e saj, pasi q\u00eb p\u00ebr nj\u00eb koh\u00eb t\u00eb shkurt\u00ebr \u00ebsht\u00eb klikuar n\u00eb YouTube","og_url":"https:\/\/www.visit-ulcinj.com\/blog\/2008\/12\/18\/merr-baladen-e-mentor-kurtishit\/","og_site_name":"Lajme nga Ulqini","article_published_time":"2008-12-18T19:41:47+00:00","og_image":[{"url":"https:\/\/www.visit-ulcinj.com\/blog\/wp-content\/uploads\/2008\/12\/rovena-stefa-150x150.jpg"}],"twitter_misc":{"Written by":"ulqini","Est. reading time":"1 minute"},"schema":{"@context":"https:\/\/schema.org","@graph":[{"@type":"WebSite","@id":"https:\/\/www.visit-ulcinj.com\/blog\/#website","url":"https:\/\/www.visit-ulcinj.com\/blog\/","name":"Lajme nga Ulqini","description":"Lajme,Vijesti,Ulqini,Ulqin,Crna Gora,Mali i Zi","potentialAction":[{"@type":"SearchAction","target":{"@type":"EntryPoint","urlTemplate":"https:\/\/www.visit-ulcinj.com\/blog\/?s={search_term_string}"},"query-input":"required name=search_term_string"}],"inLanguage":"en-US"},{"@type":"ImageObject","inLanguage":"en-US","@id":"https:\/\/www.visit-ulcinj.com\/blog\/2008\/12\/18\/merr-baladen-e-mentor-kurtishit\/#primaryimage","url":"http:\/\/www.visit-ulcinj.com\/blog\/wp-content\/uploads\/2008\/12\/rovena-stefa10-300x212.jpg","contentUrl":"http:\/\/www.visit-ulcinj.com\/blog\/wp-content\/uploads\/2008\/12\/rovena-stefa10-300x212.jpg"},{"@type":"WebPage","@id":"https:\/\/www.visit-ulcinj.com\/blog\/2008\/12\/18\/merr-baladen-e-mentor-kurtishit\/#webpage","url":"https:\/\/www.visit-ulcinj.com\/blog\/2008\/12\/18\/merr-baladen-e-mentor-kurtishit\/","name":"Merr Balad\u00ebn e Mentor Kurtishit - Lajme nga Ulqini","isPartOf":{"@id":"https:\/\/www.visit-ulcinj.com\/blog\/#website"},"primaryImageOfPage":{"@id":"https:\/\/www.visit-ulcinj.com\/blog\/2008\/12\/18\/merr-baladen-e-mentor-kurtishit\/#primaryimage"},"datePublished":"2008-12-18T19:41:47+00:00","dateModified":"2008-12-18T19:41:47+00:00","author":{"@id":"https:\/\/www.visit-ulcinj.com\/blog\/#\/schema\/person\/dcab619c614d3038751c63bc2aadc06d"},"description":"Nj\u00ebra nd\u00ebr k\u00ebng\u00ebt e reja t\u00eb Rovena Stefa \u201cMalli\u201d, \u00ebsht\u00eb shum\u00eb e k\u00ebrkuar nga adhuruesit e saj, pasi q\u00eb p\u00ebr nj\u00eb koh\u00eb t\u00eb shkurt\u00ebr \u00ebsht\u00eb klikuar n\u00eb YouTube","breadcrumb":{"@id":"https:\/\/www.visit-ulcinj.com\/blog\/2008\/12\/18\/merr-baladen-e-mentor-kurtishit\/#breadcrumb"},"inLanguage":"en-US","potentialAction":[{"@type":"ReadAction","target":["https:\/\/www.visit-ulcinj.com\/blog\/2008\/12\/18\/merr-baladen-e-mentor-kurtishit\/"]}]},{"@type":"BreadcrumbList","@id":"https:\/\/www.visit-ulcinj.com\/blog\/2008\/12\/18\/merr-baladen-e-mentor-kurtishit\/#breadcrumb","itemListElement":[{"@type":"ListItem","position":1,"name":"Merr Balad\u00ebn e Mentor Kurtishit"}]},{"@type":"Person","@id":"https:\/\/www.visit-ulcinj.com\/blog\/#\/schema\/person\/dcab619c614d3038751c63bc2aadc06d","name":"ulqini","sameAs":["http:\/\/www.visit-ulcinj.com"],"url":"https:\/\/www.visit-ulcinj.com\/blog\/author\/admin\/"}]}},"jetpack_featured_media_url":"","jetpack_sharing_enabled":true,"jetpack_shortlink":"https:\/\/wp.me\/pe6lTn-1Wf","_links":{"self":[{"href":"https:\/\/www.visit-ulcinj.com\/blog\/wp-json\/wp\/v2\/posts\/7455"}],"collection":[{"href":"https:\/\/www.visit-ulcinj.com\/blog\/wp-json\/wp\/v2\/posts"}],"about":[{"href":"https:\/\/www.visit-ulcinj.com\/blog\/wp-json\/wp\/v2\/types\/post"}],"author":[{"embeddable":true,"href":"https:\/\/www.visit-ulcinj.com\/blog\/wp-json\/wp\/v2\/users\/1"}],"replies":[{"embeddable":true,"href":"https:\/\/www.visit-ulcinj.com\/blog\/wp-json\/wp\/v2\/comments?post=7455"}],"version-history":[{"count":0,"href":"https:\/\/www.visit-ulcinj.com\/blog\/wp-json\/wp\/v2\/posts\/7455\/revisions"}],"wp:attachment":[{"href":"https:\/\/www.visit-ulcinj.com\/blog\/wp-json\/wp\/v2\/media?parent=7455"}],"wp:term":[{"taxonomy":"category","embeddable":true,"href":"https:\/\/www.visit-ulcinj.com\/blog\/wp-json\/wp\/v2\/categories?post=7455"},{"taxonomy":"post_tag","embeddable":true,"href":"https:\/\/www.visit-ulcinj.com\/blog\/wp-json\/wp\/v2\/tags?post=7455"}],"curies":[{"name":"wp","href":"https:\/\/api.w.org\/{rel}","templated":true}]}}