{"id":74554,"date":"2013-09-06T21:59:47","date_gmt":"2013-09-06T20:59:47","guid":{"rendered":"http:\/\/www.visit-ulcinj.com\/blog\/?p=74554"},"modified":"2013-09-06T22:01:19","modified_gmt":"2013-09-06T21:01:19","slug":"festival-marubi-end-season-fest","status":"publish","type":"post","link":"https:\/\/www.visit-ulcinj.com\/blog\/2013\/09\/06\/festival-marubi-end-season-fest\/","title":{"rendered":"Festival MARUBI END SEASON FEST"},"content":{"rendered":"<p>U sklopu projekta \u00a0Marubi \u2013 model saradnje za promociju turizma izmedju Skadra i Ulcinja, finansirano od strane Evropske Unije, Kancelarija za Medjunarodnu Saradnju i Projekte-Op\u0161tina Ulcinj, organizuje 3-dnevni festival pod imenom \u201cMarubi End Season Fest\u201d.<\/p>\n<p>3 dnevni festival (20.09 \u2013 22.09.2013) sadr\u017ei bogat program \u2013 kombinacija tradicije, legende i modernog.<br \/>\n<a href=\"http:\/\/www.visit-ulcinj.com\/blog\/wp-content\/uploads\/2013\/09\/marubiulcinj.jpg\"><img loading=\"lazy\" class=\"alignleft  wp-image-74555\" alt=\"marubiulcinj\" src=\"http:\/\/www.visit-ulcinj.com\/blog\/wp-content\/uploads\/2013\/09\/marubiulcinj.jpg\" width=\"508\" height=\"600\" \/><\/a><\/p>\n<p>1. dan, takozvani Dan Tradicije \u2013 Planiran je Sajam tradiconalne ishrane i suvenira (Trg Robova), sa po\u010detkom u 19:00 \u010dasova, nakon \u010dega u 20:00 sati po\u010dinje izvedba Kulturno Umjetni\u010dkog programa, klasi\u010dno-zabavna muzika i folklorni performans (Unutra\u0161njost muzeja).<\/p>\n<p>Mjesto odr\u017eavanja: Trg Robova i unutra\u0161njost Muzeja \u2013 Stari Grad.<\/p>\n<p>2. Dan, Dan Mladih, o\u010dekuje vas Kitesurf performans i Deejay program, sa po\u010detkom od 12:00 \u010dasova, i nastavlja se tokom cjelog dana. Mjesto odr\u017eavanja: Velika Pla\u017ea.<\/p>\n<p>3. dan, Dan Legendi &#8211; u programu je koreografska interpretacija ulcinjskih legendi i klasi\u010dne pjesme.<\/p>\n<p>Mjesto Odr\u017eavanja: Valdanos.<\/p>\n<p>U sklopu festivala \u0107e se takodje odr\u017eati i Outdoor izlo\u017eba fortografija iz Marubi-jevog nasledja, i drugih fotografa. Mjesto odr\u017eavanja: \u0160etali\u0161te pored Male pla\u017ee.<br \/>\nDobrodo\u0161li!<\/p>\n<p>Izvor: Ulcinjtravel<\/p>\n","protected":false},"excerpt":{"rendered":"<p>U sklopu projekta \u00a0Marubi \u2013 model saradnje za promociju turizma izmedju Skadra i Ulcinja, finansirano od strane Evropske Unije, Kancelarija za Medjunarodnu Saradnju i Projekte-Op\u0161tina Ulcinj, organizuje 3-dnevni festival pod imenom \u201cMarubi End Season Fest\u201d. 3 dnevni festival (20.09 \u2013 22.09.2013) sadr\u017ei bogat program \u2013 kombinacija tradicije, legende i modernog. 1. dan, takozvani Dan Tradicije [&hellip;]<\/p>\n","protected":false},"author":1,"featured_media":0,"comment_status":"closed","ping_status":"closed","sticky":false,"template":"","format":"standard","meta":{"spay_email":"","jetpack_publicize_message":"","jetpack_is_tweetstorm":false,"jetpack_publicize_feature_enabled":true},"categories":[6950],"tags":[],"jetpack_publicize_connections":[],"yoast_head":"<!-- This site is optimized with the Yoast SEO plugin v19.1 - https:\/\/yoast.com\/wordpress\/plugins\/seo\/ -->\n<title>Festival MARUBI END SEASON FEST - Lajme nga Ulqini<\/title>\n<meta name=\"description\" content=\"U sklopu projekta \u00a0Marubi \u2013 model saradnje za promociju turizma izmedju Skadra i Ulcinja, finansirano od strane Evropske Unije, Kancelarija za\" \/>\n<meta name=\"robots\" content=\"index, follow, max-snippet:-1, max-image-preview:large, max-video-preview:-1\" \/>\n<link rel=\"canonical\" href=\"https:\/\/www.visit-ulcinj.com\/blog\/2013\/09\/06\/festival-marubi-end-season-fest\/\" \/>\n<meta property=\"og:locale\" content=\"en_US\" \/>\n<meta property=\"og:type\" content=\"article\" \/>\n<meta property=\"og:title\" content=\"Festival MARUBI END SEASON FEST - Lajme nga Ulqini\" \/>\n<meta property=\"og:description\" content=\"U sklopu projekta \u00a0Marubi \u2013 model saradnje za promociju turizma izmedju Skadra i Ulcinja, finansirano od strane Evropske Unije, Kancelarija za\" \/>\n<meta property=\"og:url\" content=\"https:\/\/www.visit-ulcinj.com\/blog\/2013\/09\/06\/festival-marubi-end-season-fest\/\" \/>\n<meta property=\"og:site_name\" content=\"Lajme nga Ulqini\" \/>\n<meta property=\"article:published_time\" content=\"2013-09-06T20:59:47+00:00\" \/>\n<meta property=\"article:modified_time\" content=\"2013-09-06T21:01:19+00:00\" \/>\n<meta property=\"og:image\" content=\"http:\/\/www.visit-ulcinj.com\/blog\/wp-content\/uploads\/2013\/09\/marubiulcinj.jpg\" \/>\n<meta name=\"twitter:label1\" content=\"Written by\" \/>\n\t<meta name=\"twitter:data1\" content=\"ulqini\" \/>\n\t<meta name=\"twitter:label2\" content=\"Est. reading time\" \/>\n\t<meta name=\"twitter:data2\" content=\"1 minute\" \/>\n<script type=\"application\/ld+json\" class=\"yoast-schema-graph\">{\"@context\":\"https:\/\/schema.org\",\"@graph\":[{\"@type\":\"WebSite\",\"@id\":\"https:\/\/www.visit-ulcinj.com\/blog\/#website\",\"url\":\"https:\/\/www.visit-ulcinj.com\/blog\/\",\"name\":\"Lajme nga Ulqini\",\"description\":\"Lajme,Vijesti,Ulqini,Ulqin,Crna Gora,Mali i Zi\",\"potentialAction\":[{\"@type\":\"SearchAction\",\"target\":{\"@type\":\"EntryPoint\",\"urlTemplate\":\"https:\/\/www.visit-ulcinj.com\/blog\/?s={search_term_string}\"},\"query-input\":\"required name=search_term_string\"}],\"inLanguage\":\"en-US\"},{\"@type\":\"ImageObject\",\"inLanguage\":\"en-US\",\"@id\":\"https:\/\/www.visit-ulcinj.com\/blog\/2013\/09\/06\/festival-marubi-end-season-fest\/#primaryimage\",\"url\":\"https:\/\/www.visit-ulcinj.com\/blog\/wp-content\/uploads\/2013\/09\/marubiulcinj.jpg\",\"contentUrl\":\"https:\/\/www.visit-ulcinj.com\/blog\/wp-content\/uploads\/2013\/09\/marubiulcinj.jpg\",\"width\":700,\"height\":999},{\"@type\":\"WebPage\",\"@id\":\"https:\/\/www.visit-ulcinj.com\/blog\/2013\/09\/06\/festival-marubi-end-season-fest\/#webpage\",\"url\":\"https:\/\/www.visit-ulcinj.com\/blog\/2013\/09\/06\/festival-marubi-end-season-fest\/\",\"name\":\"Festival MARUBI END SEASON FEST - Lajme nga Ulqini\",\"isPartOf\":{\"@id\":\"https:\/\/www.visit-ulcinj.com\/blog\/#website\"},\"primaryImageOfPage\":{\"@id\":\"https:\/\/www.visit-ulcinj.com\/blog\/2013\/09\/06\/festival-marubi-end-season-fest\/#primaryimage\"},\"datePublished\":\"2013-09-06T20:59:47+00:00\",\"dateModified\":\"2013-09-06T21:01:19+00:00\",\"author\":{\"@id\":\"https:\/\/www.visit-ulcinj.com\/blog\/#\/schema\/person\/dcab619c614d3038751c63bc2aadc06d\"},\"description\":\"U sklopu projekta \u00a0Marubi \u2013 model saradnje za promociju turizma izmedju Skadra i Ulcinja, finansirano od strane Evropske Unije, Kancelarija za\",\"breadcrumb\":{\"@id\":\"https:\/\/www.visit-ulcinj.com\/blog\/2013\/09\/06\/festival-marubi-end-season-fest\/#breadcrumb\"},\"inLanguage\":\"en-US\",\"potentialAction\":[{\"@type\":\"ReadAction\",\"target\":[\"https:\/\/www.visit-ulcinj.com\/blog\/2013\/09\/06\/festival-marubi-end-season-fest\/\"]}]},{\"@type\":\"BreadcrumbList\",\"@id\":\"https:\/\/www.visit-ulcinj.com\/blog\/2013\/09\/06\/festival-marubi-end-season-fest\/#breadcrumb\",\"itemListElement\":[{\"@type\":\"ListItem\",\"position\":1,\"name\":\"Festival MARUBI END SEASON FEST\"}]},{\"@type\":\"Person\",\"@id\":\"https:\/\/www.visit-ulcinj.com\/blog\/#\/schema\/person\/dcab619c614d3038751c63bc2aadc06d\",\"name\":\"ulqini\",\"sameAs\":[\"http:\/\/www.visit-ulcinj.com\"],\"url\":\"https:\/\/www.visit-ulcinj.com\/blog\/author\/admin\/\"}]}<\/script>\n<!-- \/ Yoast SEO plugin. -->","yoast_head_json":{"title":"Festival MARUBI END SEASON FEST - Lajme nga Ulqini","description":"U sklopu projekta \u00a0Marubi \u2013 model saradnje za promociju turizma izmedju Skadra i Ulcinja, finansirano od strane Evropske Unije, Kancelarija za","robots":{"index":"index","follow":"follow","max-snippet":"max-snippet:-1","max-image-preview":"max-image-preview:large","max-video-preview":"max-video-preview:-1"},"canonical":"https:\/\/www.visit-ulcinj.com\/blog\/2013\/09\/06\/festival-marubi-end-season-fest\/","og_locale":"en_US","og_type":"article","og_title":"Festival MARUBI END SEASON FEST - Lajme nga Ulqini","og_description":"U sklopu projekta \u00a0Marubi \u2013 model saradnje za promociju turizma izmedju Skadra i Ulcinja, finansirano od strane Evropske Unije, Kancelarija za","og_url":"https:\/\/www.visit-ulcinj.com\/blog\/2013\/09\/06\/festival-marubi-end-season-fest\/","og_site_name":"Lajme nga Ulqini","article_published_time":"2013-09-06T20:59:47+00:00","article_modified_time":"2013-09-06T21:01:19+00:00","og_image":[{"url":"http:\/\/www.visit-ulcinj.com\/blog\/wp-content\/uploads\/2013\/09\/marubiulcinj.jpg"}],"twitter_misc":{"Written by":"ulqini","Est. reading time":"1 minute"},"schema":{"@context":"https:\/\/schema.org","@graph":[{"@type":"WebSite","@id":"https:\/\/www.visit-ulcinj.com\/blog\/#website","url":"https:\/\/www.visit-ulcinj.com\/blog\/","name":"Lajme nga Ulqini","description":"Lajme,Vijesti,Ulqini,Ulqin,Crna Gora,Mali i Zi","potentialAction":[{"@type":"SearchAction","target":{"@type":"EntryPoint","urlTemplate":"https:\/\/www.visit-ulcinj.com\/blog\/?s={search_term_string}"},"query-input":"required name=search_term_string"}],"inLanguage":"en-US"},{"@type":"ImageObject","inLanguage":"en-US","@id":"https:\/\/www.visit-ulcinj.com\/blog\/2013\/09\/06\/festival-marubi-end-season-fest\/#primaryimage","url":"https:\/\/www.visit-ulcinj.com\/blog\/wp-content\/uploads\/2013\/09\/marubiulcinj.jpg","contentUrl":"https:\/\/www.visit-ulcinj.com\/blog\/wp-content\/uploads\/2013\/09\/marubiulcinj.jpg","width":700,"height":999},{"@type":"WebPage","@id":"https:\/\/www.visit-ulcinj.com\/blog\/2013\/09\/06\/festival-marubi-end-season-fest\/#webpage","url":"https:\/\/www.visit-ulcinj.com\/blog\/2013\/09\/06\/festival-marubi-end-season-fest\/","name":"Festival MARUBI END SEASON FEST - Lajme nga Ulqini","isPartOf":{"@id":"https:\/\/www.visit-ulcinj.com\/blog\/#website"},"primaryImageOfPage":{"@id":"https:\/\/www.visit-ulcinj.com\/blog\/2013\/09\/06\/festival-marubi-end-season-fest\/#primaryimage"},"datePublished":"2013-09-06T20:59:47+00:00","dateModified":"2013-09-06T21:01:19+00:00","author":{"@id":"https:\/\/www.visit-ulcinj.com\/blog\/#\/schema\/person\/dcab619c614d3038751c63bc2aadc06d"},"description":"U sklopu projekta \u00a0Marubi \u2013 model saradnje za promociju turizma izmedju Skadra i Ulcinja, finansirano od strane Evropske Unije, Kancelarija za","breadcrumb":{"@id":"https:\/\/www.visit-ulcinj.com\/blog\/2013\/09\/06\/festival-marubi-end-season-fest\/#breadcrumb"},"inLanguage":"en-US","potentialAction":[{"@type":"ReadAction","target":["https:\/\/www.visit-ulcinj.com\/blog\/2013\/09\/06\/festival-marubi-end-season-fest\/"]}]},{"@type":"BreadcrumbList","@id":"https:\/\/www.visit-ulcinj.com\/blog\/2013\/09\/06\/festival-marubi-end-season-fest\/#breadcrumb","itemListElement":[{"@type":"ListItem","position":1,"name":"Festival MARUBI END SEASON FEST"}]},{"@type":"Person","@id":"https:\/\/www.visit-ulcinj.com\/blog\/#\/schema\/person\/dcab619c614d3038751c63bc2aadc06d","name":"ulqini","sameAs":["http:\/\/www.visit-ulcinj.com"],"url":"https:\/\/www.visit-ulcinj.com\/blog\/author\/admin\/"}]}},"jetpack_featured_media_url":"","jetpack_sharing_enabled":true,"jetpack_shortlink":"https:\/\/wp.me\/pe6lTn-jou","_links":{"self":[{"href":"https:\/\/www.visit-ulcinj.com\/blog\/wp-json\/wp\/v2\/posts\/74554"}],"collection":[{"href":"https:\/\/www.visit-ulcinj.com\/blog\/wp-json\/wp\/v2\/posts"}],"about":[{"href":"https:\/\/www.visit-ulcinj.com\/blog\/wp-json\/wp\/v2\/types\/post"}],"author":[{"embeddable":true,"href":"https:\/\/www.visit-ulcinj.com\/blog\/wp-json\/wp\/v2\/users\/1"}],"replies":[{"embeddable":true,"href":"https:\/\/www.visit-ulcinj.com\/blog\/wp-json\/wp\/v2\/comments?post=74554"}],"version-history":[{"count":3,"href":"https:\/\/www.visit-ulcinj.com\/blog\/wp-json\/wp\/v2\/posts\/74554\/revisions"}],"predecessor-version":[{"id":74558,"href":"https:\/\/www.visit-ulcinj.com\/blog\/wp-json\/wp\/v2\/posts\/74554\/revisions\/74558"}],"wp:attachment":[{"href":"https:\/\/www.visit-ulcinj.com\/blog\/wp-json\/wp\/v2\/media?parent=74554"}],"wp:term":[{"taxonomy":"category","embeddable":true,"href":"https:\/\/www.visit-ulcinj.com\/blog\/wp-json\/wp\/v2\/categories?post=74554"},{"taxonomy":"post_tag","embeddable":true,"href":"https:\/\/www.visit-ulcinj.com\/blog\/wp-json\/wp\/v2\/tags?post=74554"}],"curies":[{"name":"wp","href":"https:\/\/api.w.org\/{rel}","templated":true}]}}