{"id":74565,"date":"2013-09-06T22:29:14","date_gmt":"2013-09-06T21:29:14","guid":{"rendered":"http:\/\/www.visit-ulcinj.com\/blog\/?p=74565"},"modified":"2013-09-06T22:29:14","modified_gmt":"2013-09-06T21:29:14","slug":"13-me-shume-turista-ne-ulqin-se-vitin-e-kaluar","status":"publish","type":"post","link":"https:\/\/www.visit-ulcinj.com\/blog\/2013\/09\/06\/13-me-shume-turista-ne-ulqin-se-vitin-e-kaluar\/","title":{"rendered":"1\/3 &#8211; Me shume turista n\u00eb Ulqin se vitin e kaluar"},"content":{"rendered":"<p><a href=\"http:\/\/www.visit-ulcinj.com\/blog\/wp-content\/uploads\/2013\/09\/OT-ULQIN.jpg\"><img loading=\"lazy\" class=\"alignleft  wp-image-74566\" alt=\"OT-ULQIN\" src=\"http:\/\/www.visit-ulcinj.com\/blog\/wp-content\/uploads\/2013\/09\/OT-ULQIN.jpg\" width=\"508\" height=\"360\" \/><\/a>Sipas t\u00eb dh\u00ebnave t\u00eb OT, n\u00eb rivier\u00ebn e Ulqinit pushojn\u00eb \u00a0rreth 3500 mysafir\u00eb, ose 31 p\u00ebr qind vizita \u00a0m\u00eb shum\u00eb se n\u00eb t\u00eb nj\u00ebjt\u00ebn periudh\u00eb vitin e kaluar 2012.<\/p>\n<p>Hotelier\u00ebt kan\u00eb shenuar viziten me te mir\u00eb ku asht\u00eb regjistruar nj\u00eb ritje prej 35 per qind me mire se ne vitin e kaluar ne te njajten koh\u00eb prej 2321 musafir\u00eb. Kurse ne akomodimin privat q\u00ebndrojn\u00eb 1100 musafir\u00eb.<\/p>\n<p>Shiko Tabloidin:<\/p>\n<p><a href=\"http:\/\/www.visit-ulcinj.com\/blog\/wp-content\/uploads\/2013\/09\/Tabloidi.jpg\"><img loading=\"lazy\" class=\"alignleft  wp-image-74567\" alt=\"Tabloidi\" src=\"http:\/\/www.visit-ulcinj.com\/blog\/wp-content\/uploads\/2013\/09\/Tabloidi.jpg\" width=\"508\" height=\"400\" \/><\/a><\/p>\n","protected":false},"excerpt":{"rendered":"<p>Sipas t\u00eb dh\u00ebnave t\u00eb OT, n\u00eb rivier\u00ebn e Ulqinit pushojn\u00eb \u00a0rreth 3500 mysafir\u00eb, ose 31 p\u00ebr qind vizita \u00a0m\u00eb shum\u00eb se n\u00eb t\u00eb nj\u00ebjt\u00ebn periudh\u00eb vitin e kaluar 2012. Hotelier\u00ebt kan\u00eb shenuar viziten me te mir\u00eb ku asht\u00eb regjistruar nj\u00eb ritje prej 35 per qind me mire se ne vitin e kaluar ne te njajten [&hellip;]<\/p>\n","protected":false},"author":1,"featured_media":0,"comment_status":"closed","ping_status":"closed","sticky":false,"template":"","format":"standard","meta":{"spay_email":"","jetpack_publicize_message":"","jetpack_is_tweetstorm":false,"jetpack_publicize_feature_enabled":true},"categories":[12],"tags":[],"jetpack_publicize_connections":[],"yoast_head":"<!-- This site is optimized with the Yoast SEO plugin v19.1 - https:\/\/yoast.com\/wordpress\/plugins\/seo\/ -->\n<title>1\/3 - Me shume turista n\u00eb Ulqin se vitin e kaluar - Lajme nga Ulqini<\/title>\n<meta name=\"description\" content=\"Sipas t\u00eb dh\u00ebnave t\u00eb OT, n\u00eb rivier\u00ebn e Ulqinit pushojn\u00eb \u00a0rreth 3500 mysafir\u00eb, ose 31 p\u00ebr qind vizita \u00a0m\u00eb shum\u00eb se n\u00eb t\u00eb nj\u00ebjt\u00ebn periudh\u00eb vitin e kaluar\" \/>\n<meta name=\"robots\" content=\"index, follow, max-snippet:-1, max-image-preview:large, max-video-preview:-1\" \/>\n<link rel=\"canonical\" href=\"https:\/\/www.visit-ulcinj.com\/blog\/2013\/09\/06\/13-me-shume-turista-ne-ulqin-se-vitin-e-kaluar\/\" \/>\n<meta property=\"og:locale\" content=\"en_US\" \/>\n<meta property=\"og:type\" content=\"article\" \/>\n<meta property=\"og:title\" content=\"1\/3 - Me shume turista n\u00eb Ulqin se vitin e kaluar - Lajme nga Ulqini\" \/>\n<meta property=\"og:description\" content=\"Sipas t\u00eb dh\u00ebnave t\u00eb OT, n\u00eb rivier\u00ebn e Ulqinit pushojn\u00eb \u00a0rreth 3500 mysafir\u00eb, ose 31 p\u00ebr qind vizita \u00a0m\u00eb shum\u00eb se n\u00eb t\u00eb nj\u00ebjt\u00ebn periudh\u00eb vitin e kaluar\" \/>\n<meta property=\"og:url\" content=\"https:\/\/www.visit-ulcinj.com\/blog\/2013\/09\/06\/13-me-shume-turista-ne-ulqin-se-vitin-e-kaluar\/\" \/>\n<meta property=\"og:site_name\" content=\"Lajme nga Ulqini\" \/>\n<meta property=\"article:published_time\" content=\"2013-09-06T21:29:14+00:00\" \/>\n<meta property=\"og:image\" content=\"http:\/\/www.visit-ulcinj.com\/blog\/wp-content\/uploads\/2013\/09\/OT-ULQIN.jpg\" \/>\n<meta name=\"twitter:label1\" content=\"Written by\" \/>\n\t<meta name=\"twitter:data1\" content=\"ulqini\" \/>\n<script type=\"application\/ld+json\" class=\"yoast-schema-graph\">{\"@context\":\"https:\/\/schema.org\",\"@graph\":[{\"@type\":\"WebSite\",\"@id\":\"https:\/\/www.visit-ulcinj.com\/blog\/#website\",\"url\":\"https:\/\/www.visit-ulcinj.com\/blog\/\",\"name\":\"Lajme nga Ulqini\",\"description\":\"Lajme,Vijesti,Ulqini,Ulqin,Crna Gora,Mali i Zi\",\"potentialAction\":[{\"@type\":\"SearchAction\",\"target\":{\"@type\":\"EntryPoint\",\"urlTemplate\":\"https:\/\/www.visit-ulcinj.com\/blog\/?s={search_term_string}\"},\"query-input\":\"required name=search_term_string\"}],\"inLanguage\":\"en-US\"},{\"@type\":\"ImageObject\",\"inLanguage\":\"en-US\",\"@id\":\"https:\/\/www.visit-ulcinj.com\/blog\/2013\/09\/06\/13-me-shume-turista-ne-ulqin-se-vitin-e-kaluar\/#primaryimage\",\"url\":\"https:\/\/www.visit-ulcinj.com\/blog\/wp-content\/uploads\/2013\/09\/OT-ULQIN.jpg\",\"contentUrl\":\"https:\/\/www.visit-ulcinj.com\/blog\/wp-content\/uploads\/2013\/09\/OT-ULQIN.jpg\",\"width\":800,\"height\":391},{\"@type\":\"WebPage\",\"@id\":\"https:\/\/www.visit-ulcinj.com\/blog\/2013\/09\/06\/13-me-shume-turista-ne-ulqin-se-vitin-e-kaluar\/#webpage\",\"url\":\"https:\/\/www.visit-ulcinj.com\/blog\/2013\/09\/06\/13-me-shume-turista-ne-ulqin-se-vitin-e-kaluar\/\",\"name\":\"1\/3 - Me shume turista n\u00eb Ulqin se vitin e kaluar - Lajme nga Ulqini\",\"isPartOf\":{\"@id\":\"https:\/\/www.visit-ulcinj.com\/blog\/#website\"},\"primaryImageOfPage\":{\"@id\":\"https:\/\/www.visit-ulcinj.com\/blog\/2013\/09\/06\/13-me-shume-turista-ne-ulqin-se-vitin-e-kaluar\/#primaryimage\"},\"datePublished\":\"2013-09-06T21:29:14+00:00\",\"dateModified\":\"2013-09-06T21:29:14+00:00\",\"author\":{\"@id\":\"https:\/\/www.visit-ulcinj.com\/blog\/#\/schema\/person\/dcab619c614d3038751c63bc2aadc06d\"},\"description\":\"Sipas t\u00eb dh\u00ebnave t\u00eb OT, n\u00eb rivier\u00ebn e Ulqinit pushojn\u00eb \u00a0rreth 3500 mysafir\u00eb, ose 31 p\u00ebr qind vizita \u00a0m\u00eb shum\u00eb se n\u00eb t\u00eb nj\u00ebjt\u00ebn periudh\u00eb vitin e kaluar\",\"breadcrumb\":{\"@id\":\"https:\/\/www.visit-ulcinj.com\/blog\/2013\/09\/06\/13-me-shume-turista-ne-ulqin-se-vitin-e-kaluar\/#breadcrumb\"},\"inLanguage\":\"en-US\",\"potentialAction\":[{\"@type\":\"ReadAction\",\"target\":[\"https:\/\/www.visit-ulcinj.com\/blog\/2013\/09\/06\/13-me-shume-turista-ne-ulqin-se-vitin-e-kaluar\/\"]}]},{\"@type\":\"BreadcrumbList\",\"@id\":\"https:\/\/www.visit-ulcinj.com\/blog\/2013\/09\/06\/13-me-shume-turista-ne-ulqin-se-vitin-e-kaluar\/#breadcrumb\",\"itemListElement\":[{\"@type\":\"ListItem\",\"position\":1,\"name\":\"1\/3 &#8211; Me shume turista n\u00eb Ulqin se vitin e kaluar\"}]},{\"@type\":\"Person\",\"@id\":\"https:\/\/www.visit-ulcinj.com\/blog\/#\/schema\/person\/dcab619c614d3038751c63bc2aadc06d\",\"name\":\"ulqini\",\"sameAs\":[\"http:\/\/www.visit-ulcinj.com\"],\"url\":\"https:\/\/www.visit-ulcinj.com\/blog\/author\/admin\/\"}]}<\/script>\n<!-- \/ Yoast SEO plugin. -->","yoast_head_json":{"title":"1\/3 - Me shume turista n\u00eb Ulqin se vitin e kaluar - Lajme nga Ulqini","description":"Sipas t\u00eb dh\u00ebnave t\u00eb OT, n\u00eb rivier\u00ebn e Ulqinit pushojn\u00eb \u00a0rreth 3500 mysafir\u00eb, ose 31 p\u00ebr qind vizita \u00a0m\u00eb shum\u00eb se n\u00eb t\u00eb nj\u00ebjt\u00ebn periudh\u00eb vitin e kaluar","robots":{"index":"index","follow":"follow","max-snippet":"max-snippet:-1","max-image-preview":"max-image-preview:large","max-video-preview":"max-video-preview:-1"},"canonical":"https:\/\/www.visit-ulcinj.com\/blog\/2013\/09\/06\/13-me-shume-turista-ne-ulqin-se-vitin-e-kaluar\/","og_locale":"en_US","og_type":"article","og_title":"1\/3 - Me shume turista n\u00eb Ulqin se vitin e kaluar - Lajme nga Ulqini","og_description":"Sipas t\u00eb dh\u00ebnave t\u00eb OT, n\u00eb rivier\u00ebn e Ulqinit pushojn\u00eb \u00a0rreth 3500 mysafir\u00eb, ose 31 p\u00ebr qind vizita \u00a0m\u00eb shum\u00eb se n\u00eb t\u00eb nj\u00ebjt\u00ebn periudh\u00eb vitin e kaluar","og_url":"https:\/\/www.visit-ulcinj.com\/blog\/2013\/09\/06\/13-me-shume-turista-ne-ulqin-se-vitin-e-kaluar\/","og_site_name":"Lajme nga Ulqini","article_published_time":"2013-09-06T21:29:14+00:00","og_image":[{"url":"http:\/\/www.visit-ulcinj.com\/blog\/wp-content\/uploads\/2013\/09\/OT-ULQIN.jpg"}],"twitter_misc":{"Written by":"ulqini"},"schema":{"@context":"https:\/\/schema.org","@graph":[{"@type":"WebSite","@id":"https:\/\/www.visit-ulcinj.com\/blog\/#website","url":"https:\/\/www.visit-ulcinj.com\/blog\/","name":"Lajme nga Ulqini","description":"Lajme,Vijesti,Ulqini,Ulqin,Crna Gora,Mali i Zi","potentialAction":[{"@type":"SearchAction","target":{"@type":"EntryPoint","urlTemplate":"https:\/\/www.visit-ulcinj.com\/blog\/?s={search_term_string}"},"query-input":"required name=search_term_string"}],"inLanguage":"en-US"},{"@type":"ImageObject","inLanguage":"en-US","@id":"https:\/\/www.visit-ulcinj.com\/blog\/2013\/09\/06\/13-me-shume-turista-ne-ulqin-se-vitin-e-kaluar\/#primaryimage","url":"https:\/\/www.visit-ulcinj.com\/blog\/wp-content\/uploads\/2013\/09\/OT-ULQIN.jpg","contentUrl":"https:\/\/www.visit-ulcinj.com\/blog\/wp-content\/uploads\/2013\/09\/OT-ULQIN.jpg","width":800,"height":391},{"@type":"WebPage","@id":"https:\/\/www.visit-ulcinj.com\/blog\/2013\/09\/06\/13-me-shume-turista-ne-ulqin-se-vitin-e-kaluar\/#webpage","url":"https:\/\/www.visit-ulcinj.com\/blog\/2013\/09\/06\/13-me-shume-turista-ne-ulqin-se-vitin-e-kaluar\/","name":"1\/3 - Me shume turista n\u00eb Ulqin se vitin e kaluar - Lajme nga Ulqini","isPartOf":{"@id":"https:\/\/www.visit-ulcinj.com\/blog\/#website"},"primaryImageOfPage":{"@id":"https:\/\/www.visit-ulcinj.com\/blog\/2013\/09\/06\/13-me-shume-turista-ne-ulqin-se-vitin-e-kaluar\/#primaryimage"},"datePublished":"2013-09-06T21:29:14+00:00","dateModified":"2013-09-06T21:29:14+00:00","author":{"@id":"https:\/\/www.visit-ulcinj.com\/blog\/#\/schema\/person\/dcab619c614d3038751c63bc2aadc06d"},"description":"Sipas t\u00eb dh\u00ebnave t\u00eb OT, n\u00eb rivier\u00ebn e Ulqinit pushojn\u00eb \u00a0rreth 3500 mysafir\u00eb, ose 31 p\u00ebr qind vizita \u00a0m\u00eb shum\u00eb se n\u00eb t\u00eb nj\u00ebjt\u00ebn periudh\u00eb vitin e kaluar","breadcrumb":{"@id":"https:\/\/www.visit-ulcinj.com\/blog\/2013\/09\/06\/13-me-shume-turista-ne-ulqin-se-vitin-e-kaluar\/#breadcrumb"},"inLanguage":"en-US","potentialAction":[{"@type":"ReadAction","target":["https:\/\/www.visit-ulcinj.com\/blog\/2013\/09\/06\/13-me-shume-turista-ne-ulqin-se-vitin-e-kaluar\/"]}]},{"@type":"BreadcrumbList","@id":"https:\/\/www.visit-ulcinj.com\/blog\/2013\/09\/06\/13-me-shume-turista-ne-ulqin-se-vitin-e-kaluar\/#breadcrumb","itemListElement":[{"@type":"ListItem","position":1,"name":"1\/3 &#8211; Me shume turista n\u00eb Ulqin se vitin e kaluar"}]},{"@type":"Person","@id":"https:\/\/www.visit-ulcinj.com\/blog\/#\/schema\/person\/dcab619c614d3038751c63bc2aadc06d","name":"ulqini","sameAs":["http:\/\/www.visit-ulcinj.com"],"url":"https:\/\/www.visit-ulcinj.com\/blog\/author\/admin\/"}]}},"jetpack_featured_media_url":"","jetpack_sharing_enabled":true,"jetpack_shortlink":"https:\/\/wp.me\/pe6lTn-joF","_links":{"self":[{"href":"https:\/\/www.visit-ulcinj.com\/blog\/wp-json\/wp\/v2\/posts\/74565"}],"collection":[{"href":"https:\/\/www.visit-ulcinj.com\/blog\/wp-json\/wp\/v2\/posts"}],"about":[{"href":"https:\/\/www.visit-ulcinj.com\/blog\/wp-json\/wp\/v2\/types\/post"}],"author":[{"embeddable":true,"href":"https:\/\/www.visit-ulcinj.com\/blog\/wp-json\/wp\/v2\/users\/1"}],"replies":[{"embeddable":true,"href":"https:\/\/www.visit-ulcinj.com\/blog\/wp-json\/wp\/v2\/comments?post=74565"}],"version-history":[{"count":1,"href":"https:\/\/www.visit-ulcinj.com\/blog\/wp-json\/wp\/v2\/posts\/74565\/revisions"}],"predecessor-version":[{"id":74568,"href":"https:\/\/www.visit-ulcinj.com\/blog\/wp-json\/wp\/v2\/posts\/74565\/revisions\/74568"}],"wp:attachment":[{"href":"https:\/\/www.visit-ulcinj.com\/blog\/wp-json\/wp\/v2\/media?parent=74565"}],"wp:term":[{"taxonomy":"category","embeddable":true,"href":"https:\/\/www.visit-ulcinj.com\/blog\/wp-json\/wp\/v2\/categories?post=74565"},{"taxonomy":"post_tag","embeddable":true,"href":"https:\/\/www.visit-ulcinj.com\/blog\/wp-json\/wp\/v2\/tags?post=74565"}],"curies":[{"name":"wp","href":"https:\/\/api.w.org\/{rel}","templated":true}]}}