{"id":74569,"date":"2013-09-06T22:33:06","date_gmt":"2013-09-06T21:33:06","guid":{"rendered":"http:\/\/www.visit-ulcinj.com\/blog\/?p=74569"},"modified":"2013-09-06T22:33:28","modified_gmt":"2013-09-06T21:33:28","slug":"abazovic-danaj-steti-albancima-u-crnoj-gori","status":"publish","type":"post","link":"https:\/\/www.visit-ulcinj.com\/blog\/2013\/09\/06\/abazovic-danaj-steti-albancima-u-crnoj-gori\/","title":{"rendered":"Abazovi\u0107: Danaj \u0161teti Albancima u Crnoj Gori"},"content":{"rendered":"<p>Poslanik Pozitivne Crne Gore Dritan Abazovi\u0107 smatra da su izjave \u010delnika liste \u201ePrirodna Albanija\u201d Ko\u010de Danaja u slu\u017ebi budu\u0107eg referenduma u Tuzima i da, kako je rekao za Portal RTCG, idu na ruku vladaju\u0107oj koaliciji u Crnoj Gori.<br \/>\n<a href=\"http:\/\/www.visit-ulcinj.com\/blog\/wp-content\/uploads\/2013\/09\/Dritan-AbazoviC.jpg\"><img loading=\"lazy\" class=\"alignleft  wp-image-74570\" alt=\"Dritan AbazoviC\" src=\"http:\/\/www.visit-ulcinj.com\/blog\/wp-content\/uploads\/2013\/09\/Dritan-AbazoviC.jpg\" width=\"508\" height=\"600\" \/><\/a><\/p>\n<p>Danaj je za \u201eDan\u201c izjavio da Abazovi\u0107 i poslanik Genci Nimanbegu srcem podr\u017eavaju\u00a0 platformu \u201ePrirodne Albanije\u201c \u00a0kojom je odre\u0111eno da Ulcinj bude progla\u0161en kao slobodan grad izme\u0111u Albanije i Crne Gore.<\/p>\n<p>\u201eNe bih vi\u0161e op\u0161irno komentarisao izjave gospodina Danaja. Mislim da sve ovo \u0161to se de\u0161ava jeste u slu\u017ebi budu\u0107eg referenduma u Tuzima i da sve ide na ruku stvaranja jednog, da tako ka\u017eem, animoziteta prema albanskom narodu. Ne vidim \u010demu drugom slu\u017ee ovakve izjave i davanje prostora ovoj temi. To zaista ne mogu da shvatim osim da je sve u slu\u017ebi nekih destruktivnih \u00a0politika koje u ovom momentu odgovaraju vladaju\u0107oj koaliciji u Crnoj Gori\u201c, kazao je Abazovi\u0107 Portalu RTCG.<\/p>\n<p>Danaj, koji planira da do novembra preda peticiju sa milion potpisa zapadnim vladama da pomognu stvaranje projekta \u201ePrirodne Albanije\u201c, kazao je u intervjuu za \u201eDan\u201c da \u017eeli da se ukinu odluke Londonske konferencije i prizna pravni akt od 28. novembra 1912. godine, kojim je zapravo progla\u0161ena nezavisnost Albanije u njenim prirodnim granicama. Su\u0161tina platforme je, kako je rekao, ujedinjenje Kosova sa Albanijom, ujedinjenje Albanije i isto\u010dne Makedonije (odnosno, 40 odsto teritorije dana\u0161nje Makedonije na kojoj \u017eive Albanci), stvaranje slobodne regije Kamerija izme\u0111u Gr\u010dke i Albanije, i ujedinjenje doline Pre\u0161eva sa Albanijom.<\/p>\n<p>Poslanik Pozitivne ka\u017ee da danajeve izjave nemaju te\u017einu ni utemeljenje.<\/p>\n<p>\u201eMislim da se ovakvim temama skre\u0107e fokus sa stvarnih pitanja i \u017eivotnih problema sa kojim se susre\u0107u, ne samo gra\u0111ani albanske nacionalnosti, nego i svi gra\u0111ani. Ovakve teme su trebalo, i mislili smo svi, da su postale pro\u0161lost. \u00a0S druge strane oone nemaju nikakvu te\u017einu niti upori\u0161te u dr\u017eavi u kojoj djeluje Danajev pokret i ideja\u201c, obja\u0161njava Abazovi\u0107.<\/p>\n<p>&nbsp;<\/p>\n<p><strong>Izvor: TVCG<\/strong><\/p>\n","protected":false},"excerpt":{"rendered":"<p>Poslanik Pozitivne Crne Gore Dritan Abazovi\u0107 smatra da su izjave \u010delnika liste \u201ePrirodna Albanija\u201d Ko\u010de Danaja u slu\u017ebi budu\u0107eg referenduma u Tuzima i da, kako je rekao za Portal RTCG, idu na ruku vladaju\u0107oj koaliciji u Crnoj Gori. Danaj je za \u201eDan\u201c izjavio da Abazovi\u0107 i poslanik Genci Nimanbegu srcem podr\u017eavaju\u00a0 platformu \u201ePrirodne Albanije\u201c \u00a0kojom [&hellip;]<\/p>\n","protected":false},"author":1,"featured_media":0,"comment_status":"closed","ping_status":"closed","sticky":false,"template":"","format":"standard","meta":{"spay_email":"","jetpack_publicize_message":"","jetpack_is_tweetstorm":false,"jetpack_publicize_feature_enabled":true},"categories":[6950],"tags":[],"jetpack_publicize_connections":[],"yoast_head":"<!-- This site is optimized with the Yoast SEO plugin v19.1 - https:\/\/yoast.com\/wordpress\/plugins\/seo\/ -->\n<title>Abazovi\u0107: Danaj \u0161teti Albancima u Crnoj Gori - Lajme nga Ulqini<\/title>\n<meta name=\"description\" content=\"Poslanik Pozitivne Crne Gore Dritan Abazovi\u0107 smatra da su izjave \u010delnika liste \u201ePrirodna Albanija\u201d Ko\u010de Danaja u slu\u017ebi budu\u0107eg referenduma u Tuzima i da,\" \/>\n<meta name=\"robots\" content=\"index, follow, max-snippet:-1, max-image-preview:large, max-video-preview:-1\" \/>\n<link rel=\"canonical\" href=\"https:\/\/www.visit-ulcinj.com\/blog\/2013\/09\/06\/abazovic-danaj-steti-albancima-u-crnoj-gori\/\" \/>\n<meta property=\"og:locale\" content=\"en_US\" \/>\n<meta property=\"og:type\" content=\"article\" \/>\n<meta property=\"og:title\" content=\"Abazovi\u0107: Danaj \u0161teti Albancima u Crnoj Gori - Lajme nga Ulqini\" \/>\n<meta property=\"og:description\" content=\"Poslanik Pozitivne Crne Gore Dritan Abazovi\u0107 smatra da su izjave \u010delnika liste \u201ePrirodna Albanija\u201d Ko\u010de Danaja u slu\u017ebi budu\u0107eg referenduma u Tuzima i da,\" \/>\n<meta property=\"og:url\" content=\"https:\/\/www.visit-ulcinj.com\/blog\/2013\/09\/06\/abazovic-danaj-steti-albancima-u-crnoj-gori\/\" \/>\n<meta property=\"og:site_name\" content=\"Lajme nga Ulqini\" \/>\n<meta property=\"article:published_time\" content=\"2013-09-06T21:33:06+00:00\" \/>\n<meta property=\"article:modified_time\" content=\"2013-09-06T21:33:28+00:00\" \/>\n<meta property=\"og:image\" content=\"http:\/\/www.visit-ulcinj.com\/blog\/wp-content\/uploads\/2013\/09\/Dritan-AbazoviC.jpg\" \/>\n<meta name=\"twitter:label1\" content=\"Written by\" \/>\n\t<meta name=\"twitter:data1\" content=\"ulqini\" \/>\n\t<meta name=\"twitter:label2\" content=\"Est. reading time\" \/>\n\t<meta name=\"twitter:data2\" content=\"2 minutes\" \/>\n<script type=\"application\/ld+json\" class=\"yoast-schema-graph\">{\"@context\":\"https:\/\/schema.org\",\"@graph\":[{\"@type\":\"WebSite\",\"@id\":\"https:\/\/www.visit-ulcinj.com\/blog\/#website\",\"url\":\"https:\/\/www.visit-ulcinj.com\/blog\/\",\"name\":\"Lajme nga Ulqini\",\"description\":\"Lajme,Vijesti,Ulqini,Ulqin,Crna Gora,Mali i Zi\",\"potentialAction\":[{\"@type\":\"SearchAction\",\"target\":{\"@type\":\"EntryPoint\",\"urlTemplate\":\"https:\/\/www.visit-ulcinj.com\/blog\/?s={search_term_string}\"},\"query-input\":\"required name=search_term_string\"}],\"inLanguage\":\"en-US\"},{\"@type\":\"ImageObject\",\"inLanguage\":\"en-US\",\"@id\":\"https:\/\/www.visit-ulcinj.com\/blog\/2013\/09\/06\/abazovic-danaj-steti-albancima-u-crnoj-gori\/#primaryimage\",\"url\":\"https:\/\/www.visit-ulcinj.com\/blog\/wp-content\/uploads\/2013\/09\/Dritan-AbazoviC.jpg\",\"contentUrl\":\"https:\/\/www.visit-ulcinj.com\/blog\/wp-content\/uploads\/2013\/09\/Dritan-AbazoviC.jpg\",\"width\":450,\"height\":538},{\"@type\":\"WebPage\",\"@id\":\"https:\/\/www.visit-ulcinj.com\/blog\/2013\/09\/06\/abazovic-danaj-steti-albancima-u-crnoj-gori\/#webpage\",\"url\":\"https:\/\/www.visit-ulcinj.com\/blog\/2013\/09\/06\/abazovic-danaj-steti-albancima-u-crnoj-gori\/\",\"name\":\"Abazovi\u0107: Danaj \u0161teti Albancima u Crnoj Gori - Lajme nga Ulqini\",\"isPartOf\":{\"@id\":\"https:\/\/www.visit-ulcinj.com\/blog\/#website\"},\"primaryImageOfPage\":{\"@id\":\"https:\/\/www.visit-ulcinj.com\/blog\/2013\/09\/06\/abazovic-danaj-steti-albancima-u-crnoj-gori\/#primaryimage\"},\"datePublished\":\"2013-09-06T21:33:06+00:00\",\"dateModified\":\"2013-09-06T21:33:28+00:00\",\"author\":{\"@id\":\"https:\/\/www.visit-ulcinj.com\/blog\/#\/schema\/person\/dcab619c614d3038751c63bc2aadc06d\"},\"description\":\"Poslanik Pozitivne Crne Gore Dritan Abazovi\u0107 smatra da su izjave \u010delnika liste \u201ePrirodna Albanija\u201d Ko\u010de Danaja u slu\u017ebi budu\u0107eg referenduma u Tuzima i da,\",\"breadcrumb\":{\"@id\":\"https:\/\/www.visit-ulcinj.com\/blog\/2013\/09\/06\/abazovic-danaj-steti-albancima-u-crnoj-gori\/#breadcrumb\"},\"inLanguage\":\"en-US\",\"potentialAction\":[{\"@type\":\"ReadAction\",\"target\":[\"https:\/\/www.visit-ulcinj.com\/blog\/2013\/09\/06\/abazovic-danaj-steti-albancima-u-crnoj-gori\/\"]}]},{\"@type\":\"BreadcrumbList\",\"@id\":\"https:\/\/www.visit-ulcinj.com\/blog\/2013\/09\/06\/abazovic-danaj-steti-albancima-u-crnoj-gori\/#breadcrumb\",\"itemListElement\":[{\"@type\":\"ListItem\",\"position\":1,\"name\":\"Abazovi\u0107: Danaj \u0161teti Albancima u Crnoj Gori\"}]},{\"@type\":\"Person\",\"@id\":\"https:\/\/www.visit-ulcinj.com\/blog\/#\/schema\/person\/dcab619c614d3038751c63bc2aadc06d\",\"name\":\"ulqini\",\"sameAs\":[\"http:\/\/www.visit-ulcinj.com\"],\"url\":\"https:\/\/www.visit-ulcinj.com\/blog\/author\/admin\/\"}]}<\/script>\n<!-- \/ Yoast SEO plugin. -->","yoast_head_json":{"title":"Abazovi\u0107: Danaj \u0161teti Albancima u Crnoj Gori - Lajme nga Ulqini","description":"Poslanik Pozitivne Crne Gore Dritan Abazovi\u0107 smatra da su izjave \u010delnika liste \u201ePrirodna Albanija\u201d Ko\u010de Danaja u slu\u017ebi budu\u0107eg referenduma u Tuzima i da,","robots":{"index":"index","follow":"follow","max-snippet":"max-snippet:-1","max-image-preview":"max-image-preview:large","max-video-preview":"max-video-preview:-1"},"canonical":"https:\/\/www.visit-ulcinj.com\/blog\/2013\/09\/06\/abazovic-danaj-steti-albancima-u-crnoj-gori\/","og_locale":"en_US","og_type":"article","og_title":"Abazovi\u0107: Danaj \u0161teti Albancima u Crnoj Gori - Lajme nga Ulqini","og_description":"Poslanik Pozitivne Crne Gore Dritan Abazovi\u0107 smatra da su izjave \u010delnika liste \u201ePrirodna Albanija\u201d Ko\u010de Danaja u slu\u017ebi budu\u0107eg referenduma u Tuzima i da,","og_url":"https:\/\/www.visit-ulcinj.com\/blog\/2013\/09\/06\/abazovic-danaj-steti-albancima-u-crnoj-gori\/","og_site_name":"Lajme nga Ulqini","article_published_time":"2013-09-06T21:33:06+00:00","article_modified_time":"2013-09-06T21:33:28+00:00","og_image":[{"url":"http:\/\/www.visit-ulcinj.com\/blog\/wp-content\/uploads\/2013\/09\/Dritan-AbazoviC.jpg"}],"twitter_misc":{"Written by":"ulqini","Est. reading time":"2 minutes"},"schema":{"@context":"https:\/\/schema.org","@graph":[{"@type":"WebSite","@id":"https:\/\/www.visit-ulcinj.com\/blog\/#website","url":"https:\/\/www.visit-ulcinj.com\/blog\/","name":"Lajme nga Ulqini","description":"Lajme,Vijesti,Ulqini,Ulqin,Crna Gora,Mali i Zi","potentialAction":[{"@type":"SearchAction","target":{"@type":"EntryPoint","urlTemplate":"https:\/\/www.visit-ulcinj.com\/blog\/?s={search_term_string}"},"query-input":"required name=search_term_string"}],"inLanguage":"en-US"},{"@type":"ImageObject","inLanguage":"en-US","@id":"https:\/\/www.visit-ulcinj.com\/blog\/2013\/09\/06\/abazovic-danaj-steti-albancima-u-crnoj-gori\/#primaryimage","url":"https:\/\/www.visit-ulcinj.com\/blog\/wp-content\/uploads\/2013\/09\/Dritan-AbazoviC.jpg","contentUrl":"https:\/\/www.visit-ulcinj.com\/blog\/wp-content\/uploads\/2013\/09\/Dritan-AbazoviC.jpg","width":450,"height":538},{"@type":"WebPage","@id":"https:\/\/www.visit-ulcinj.com\/blog\/2013\/09\/06\/abazovic-danaj-steti-albancima-u-crnoj-gori\/#webpage","url":"https:\/\/www.visit-ulcinj.com\/blog\/2013\/09\/06\/abazovic-danaj-steti-albancima-u-crnoj-gori\/","name":"Abazovi\u0107: Danaj \u0161teti Albancima u Crnoj Gori - Lajme nga Ulqini","isPartOf":{"@id":"https:\/\/www.visit-ulcinj.com\/blog\/#website"},"primaryImageOfPage":{"@id":"https:\/\/www.visit-ulcinj.com\/blog\/2013\/09\/06\/abazovic-danaj-steti-albancima-u-crnoj-gori\/#primaryimage"},"datePublished":"2013-09-06T21:33:06+00:00","dateModified":"2013-09-06T21:33:28+00:00","author":{"@id":"https:\/\/www.visit-ulcinj.com\/blog\/#\/schema\/person\/dcab619c614d3038751c63bc2aadc06d"},"description":"Poslanik Pozitivne Crne Gore Dritan Abazovi\u0107 smatra da su izjave \u010delnika liste \u201ePrirodna Albanija\u201d Ko\u010de Danaja u slu\u017ebi budu\u0107eg referenduma u Tuzima i da,","breadcrumb":{"@id":"https:\/\/www.visit-ulcinj.com\/blog\/2013\/09\/06\/abazovic-danaj-steti-albancima-u-crnoj-gori\/#breadcrumb"},"inLanguage":"en-US","potentialAction":[{"@type":"ReadAction","target":["https:\/\/www.visit-ulcinj.com\/blog\/2013\/09\/06\/abazovic-danaj-steti-albancima-u-crnoj-gori\/"]}]},{"@type":"BreadcrumbList","@id":"https:\/\/www.visit-ulcinj.com\/blog\/2013\/09\/06\/abazovic-danaj-steti-albancima-u-crnoj-gori\/#breadcrumb","itemListElement":[{"@type":"ListItem","position":1,"name":"Abazovi\u0107: Danaj \u0161teti Albancima u Crnoj Gori"}]},{"@type":"Person","@id":"https:\/\/www.visit-ulcinj.com\/blog\/#\/schema\/person\/dcab619c614d3038751c63bc2aadc06d","name":"ulqini","sameAs":["http:\/\/www.visit-ulcinj.com"],"url":"https:\/\/www.visit-ulcinj.com\/blog\/author\/admin\/"}]}},"jetpack_featured_media_url":"","jetpack_sharing_enabled":true,"jetpack_shortlink":"https:\/\/wp.me\/pe6lTn-joJ","_links":{"self":[{"href":"https:\/\/www.visit-ulcinj.com\/blog\/wp-json\/wp\/v2\/posts\/74569"}],"collection":[{"href":"https:\/\/www.visit-ulcinj.com\/blog\/wp-json\/wp\/v2\/posts"}],"about":[{"href":"https:\/\/www.visit-ulcinj.com\/blog\/wp-json\/wp\/v2\/types\/post"}],"author":[{"embeddable":true,"href":"https:\/\/www.visit-ulcinj.com\/blog\/wp-json\/wp\/v2\/users\/1"}],"replies":[{"embeddable":true,"href":"https:\/\/www.visit-ulcinj.com\/blog\/wp-json\/wp\/v2\/comments?post=74569"}],"version-history":[{"count":2,"href":"https:\/\/www.visit-ulcinj.com\/blog\/wp-json\/wp\/v2\/posts\/74569\/revisions"}],"predecessor-version":[{"id":74572,"href":"https:\/\/www.visit-ulcinj.com\/blog\/wp-json\/wp\/v2\/posts\/74569\/revisions\/74572"}],"wp:attachment":[{"href":"https:\/\/www.visit-ulcinj.com\/blog\/wp-json\/wp\/v2\/media?parent=74569"}],"wp:term":[{"taxonomy":"category","embeddable":true,"href":"https:\/\/www.visit-ulcinj.com\/blog\/wp-json\/wp\/v2\/categories?post=74569"},{"taxonomy":"post_tag","embeddable":true,"href":"https:\/\/www.visit-ulcinj.com\/blog\/wp-json\/wp\/v2\/tags?post=74569"}],"curies":[{"name":"wp","href":"https:\/\/api.w.org\/{rel}","templated":true}]}}