{"id":74573,"date":"2013-09-06T22:36:24","date_gmt":"2013-09-06T21:36:24","guid":{"rendered":"http:\/\/www.visit-ulcinj.com\/blog\/?p=74573"},"modified":"2013-09-06T22:36:46","modified_gmt":"2013-09-06T21:36:46","slug":"danaj-ulcinj-pripada-prirodnoj-albaniji","status":"publish","type":"post","link":"https:\/\/www.visit-ulcinj.com\/blog\/2013\/09\/06\/danaj-ulcinj-pripada-prirodnoj-albaniji\/","title":{"rendered":"Danaj: Ulcinj pripada &#8220;Prirodnoj Albaniji&#8221;"},"content":{"rendered":"<p><a href=\"http:\/\/www.visit-ulcinj.com\/blog\/wp-content\/uploads\/2013\/09\/KOCO-DANAJ.jpg\"><img loading=\"lazy\" class=\"alignleft  wp-image-74574\" alt=\"KOCO DANAJ\" src=\"http:\/\/www.visit-ulcinj.com\/blog\/wp-content\/uploads\/2013\/09\/KOCO-DANAJ.jpg\" width=\"508\" height=\"314\" \/><\/a>U platformi \u201cPrirodne Albanije\u201c odre\u0111eno je da Ulcinj bude progla\u0161en kao slobodan grad izme\u0111u Albanije i Crne Gore, jer dokumenti iz arhiva turske dr\u017eave pokazuju da je Ulcinj Crnoj Gori dat uz 100-godi\u0161nju koncesiju, rekao je \u010delnik liste \u201ePrirodna Albanija\u201d Ko\u010do Danaj.<\/p>\n<p>On je istakao da Berlinski kongres nije odlu\u010dio da Ulcinj pripadne Crnoj Gori, te da je tako ne\u0161to ura\u0111eno nekoliko godina kasnije.<\/p>\n<p>Danaj, koji planira da do novembra preda peticiju sa milion potpisa zapadnim vladama da pomognu stvaranje projekta \u201ePrirodne Albanije\u201c, kazao je u intervjuu za \u201eDan\u201c da \u017eeli da se ukinu odluke Londonske konferencije i prizna pravni akt od 28. novembra 1912. Godine, kojim je zapravo progla\u0161ena nezavisnost Albanije u njenim prirodnim granicama.<\/p>\n<p>Na pitanje da li ima kontakte sa premijerom Crne Gore Milom \u0110ukanovi\u0107em, Danaj je odgovorio: \u201eNe, nemam nikakav kontakt sa premijerom \u0110ukanovi\u0107em i njegovom strankom, ali mislim da bi crnogorski politi\u010dari trebalo da pomognu Albaniji da ostvari projekat \u2019Prirodne Albanije\u2019\u201d.<\/p>\n<p>On je rekao da se ne smije zaboraviti da su albanski glasovi bili od klju\u010dnog zna\u010daja za postizanje cifre od 55 odsto na crnogorskom referendumu o nezavisnosti.<\/p>\n<p>\u201eU to vrijeme Albanija je ohrabrila Albance u Crnoj Gori da glasaju na referendumu. U me\u0111uvremenu, Vlada Crne Gore Albancima ne priznaje pravo ni na op\u0161tinu Tuzi\u201c, rekao je Danaj.<\/p>\n<p>Govore\u0107i o planu \u201eoduzimanja\u201c djelova Crne Gore, kako bi oni postali dio \u201ePrirodne Albanije\u201c, Danaj je rekao da postoji nesporazum u regionalnim medijima u vezi ideje i realizacije tog projekta.<\/p>\n<p>\u201eSamo \u017eelimo da me\u0111unarodna zajednica poni\u0161ti odluke Londonske konferencije na isti na\u010din na koji je to uradila sa konferencijom u Versaju i na Jalti. Znate da je Crna Gora bila nezavisna dr\u017eava do 1919. godine. Konferencija u Versaju poni\u0161tila je njenu nezavisnost i stvorila dr\u017eavu Srba, Hrvata i Slovenaca. Tih godina, u Crnoj Gori po\u010deo je sukob \u2019bjela\u0161a\u2019 i \u2019zelena\u0161a\u2019. Ali, poslije vi\u0161e decenija Crnoj Gori je dozvoljeno da vrati nezavisnost i referendum je odr\u017ean. Tako je popravljena nepravda koja joj je u\u010dinjena. To je upravo ono \u0161to mi \u017eelimo da se ukinu odluke Londonske konferencije i prizna pravni akt od 28. novembra 1912. godine kojim je zapravo progla\u0161ena nezavisnost Albanije u njenim prirodnim granicama od Pre\u0161eva do Preveze, od Dra\u010da do Skoplja\u201c, kazao je on.<\/p>\n<p>On je uvjeren i da realizacija takve ideje ne\u0107e donijeti novi rat na Balkanu, ve\u0107 se region stabilizovati ispravljanjem istorijske nepravde prema albanskom narodu.<\/p>\n<p>Su\u0161tina platforme je, kako je rekao, ujedinjenje Kosova sa Albanijom, ujedinjenje Albanije i isto\u010dne Makedonije (odnosno, 40 odsto teritorije dana\u0161nje Makedonije na kojoj \u017eive Albanci), stvaranje slobodne regije Kamerija izme\u0111u Gr\u010dke i Albanije, i ujedinjenje doline Pre\u0161eva sa Albanijom.<\/p>\n<p>Kad je rije\u010d o podr\u0161ci albanskih parlamentaraca u Crnoj Gori, Danaj je podsjetio na izjavu Vaselja Sini\u0161taja koji je javno podr\u017eao inicijativu.<\/p>\n<p>\u201eOstali poslanici su se verbalno usprotivili ovom zahtjevu. Ali oni ga podr\u017eavaju u njihovim srcima, poput (Genci) Nimanbegua ili Dritana Abazovi\u0107a\u201c, zaklju\u010duje Danaj.<\/p>\n<p>&nbsp;<\/p>\n<p><strong>Izvor: TVCG<\/strong><\/p>\n","protected":false},"excerpt":{"rendered":"<p>U platformi \u201cPrirodne Albanije\u201c odre\u0111eno je da Ulcinj bude progla\u0161en kao slobodan grad izme\u0111u Albanije i Crne Gore, jer dokumenti iz arhiva turske dr\u017eave pokazuju da je Ulcinj Crnoj Gori dat uz 100-godi\u0161nju koncesiju, rekao je \u010delnik liste \u201ePrirodna Albanija\u201d Ko\u010do Danaj. On je istakao da Berlinski kongres nije odlu\u010dio da Ulcinj pripadne Crnoj Gori, [&hellip;]<\/p>\n","protected":false},"author":1,"featured_media":0,"comment_status":"closed","ping_status":"closed","sticky":false,"template":"","format":"standard","meta":{"spay_email":"","jetpack_publicize_message":"","jetpack_is_tweetstorm":false,"jetpack_publicize_feature_enabled":true},"categories":[8337],"tags":[],"jetpack_publicize_connections":[],"yoast_head":"<!-- This site is optimized with the Yoast SEO plugin v19.1 - https:\/\/yoast.com\/wordpress\/plugins\/seo\/ -->\n<title>Danaj: Ulcinj pripada &quot;Prirodnoj Albaniji&quot; - Lajme nga Ulqini<\/title>\n<meta name=\"description\" content=\"U platformi \u201cPrirodne Albanije\u201c odre\u0111eno je da Ulcinj bude progla\u0161en kao slobodan grad izme\u0111u Albanije i Crne Gore, jer dokumenti iz arhiva turske dr\u017eave\" \/>\n<meta name=\"robots\" content=\"index, follow, max-snippet:-1, max-image-preview:large, max-video-preview:-1\" \/>\n<link rel=\"canonical\" href=\"https:\/\/www.visit-ulcinj.com\/blog\/2013\/09\/06\/danaj-ulcinj-pripada-prirodnoj-albaniji\/\" \/>\n<meta property=\"og:locale\" content=\"en_US\" \/>\n<meta property=\"og:type\" content=\"article\" \/>\n<meta property=\"og:title\" content=\"Danaj: Ulcinj pripada &quot;Prirodnoj Albaniji&quot; - Lajme nga Ulqini\" \/>\n<meta property=\"og:description\" content=\"U platformi \u201cPrirodne Albanije\u201c odre\u0111eno je da Ulcinj bude progla\u0161en kao slobodan grad izme\u0111u Albanije i Crne Gore, jer dokumenti iz arhiva turske dr\u017eave\" \/>\n<meta property=\"og:url\" content=\"https:\/\/www.visit-ulcinj.com\/blog\/2013\/09\/06\/danaj-ulcinj-pripada-prirodnoj-albaniji\/\" \/>\n<meta property=\"og:site_name\" content=\"Lajme nga Ulqini\" \/>\n<meta property=\"article:published_time\" content=\"2013-09-06T21:36:24+00:00\" \/>\n<meta property=\"article:modified_time\" content=\"2013-09-06T21:36:46+00:00\" \/>\n<meta property=\"og:image\" content=\"http:\/\/www.visit-ulcinj.com\/blog\/wp-content\/uploads\/2013\/09\/KOCO-DANAJ.jpg\" \/>\n<meta name=\"twitter:label1\" content=\"Written by\" \/>\n\t<meta name=\"twitter:data1\" content=\"ulqini\" \/>\n\t<meta name=\"twitter:label2\" content=\"Est. reading time\" \/>\n\t<meta name=\"twitter:data2\" content=\"3 minutes\" \/>\n<script type=\"application\/ld+json\" class=\"yoast-schema-graph\">{\"@context\":\"https:\/\/schema.org\",\"@graph\":[{\"@type\":\"WebSite\",\"@id\":\"https:\/\/www.visit-ulcinj.com\/blog\/#website\",\"url\":\"https:\/\/www.visit-ulcinj.com\/blog\/\",\"name\":\"Lajme nga Ulqini\",\"description\":\"Lajme,Vijesti,Ulqini,Ulqin,Crna Gora,Mali i Zi\",\"potentialAction\":[{\"@type\":\"SearchAction\",\"target\":{\"@type\":\"EntryPoint\",\"urlTemplate\":\"https:\/\/www.visit-ulcinj.com\/blog\/?s={search_term_string}\"},\"query-input\":\"required name=search_term_string\"}],\"inLanguage\":\"en-US\"},{\"@type\":\"ImageObject\",\"inLanguage\":\"en-US\",\"@id\":\"https:\/\/www.visit-ulcinj.com\/blog\/2013\/09\/06\/danaj-ulcinj-pripada-prirodnoj-albaniji\/#primaryimage\",\"url\":\"https:\/\/www.visit-ulcinj.com\/blog\/wp-content\/uploads\/2013\/09\/KOCO-DANAJ.jpg\",\"contentUrl\":\"https:\/\/www.visit-ulcinj.com\/blog\/wp-content\/uploads\/2013\/09\/KOCO-DANAJ.jpg\",\"width\":645,\"height\":314},{\"@type\":\"WebPage\",\"@id\":\"https:\/\/www.visit-ulcinj.com\/blog\/2013\/09\/06\/danaj-ulcinj-pripada-prirodnoj-albaniji\/#webpage\",\"url\":\"https:\/\/www.visit-ulcinj.com\/blog\/2013\/09\/06\/danaj-ulcinj-pripada-prirodnoj-albaniji\/\",\"name\":\"Danaj: Ulcinj pripada \\\"Prirodnoj Albaniji\\\" - Lajme nga Ulqini\",\"isPartOf\":{\"@id\":\"https:\/\/www.visit-ulcinj.com\/blog\/#website\"},\"primaryImageOfPage\":{\"@id\":\"https:\/\/www.visit-ulcinj.com\/blog\/2013\/09\/06\/danaj-ulcinj-pripada-prirodnoj-albaniji\/#primaryimage\"},\"datePublished\":\"2013-09-06T21:36:24+00:00\",\"dateModified\":\"2013-09-06T21:36:46+00:00\",\"author\":{\"@id\":\"https:\/\/www.visit-ulcinj.com\/blog\/#\/schema\/person\/dcab619c614d3038751c63bc2aadc06d\"},\"description\":\"U platformi \u201cPrirodne Albanije\u201c odre\u0111eno je da Ulcinj bude progla\u0161en kao slobodan grad izme\u0111u Albanije i Crne Gore, jer dokumenti iz arhiva turske dr\u017eave\",\"breadcrumb\":{\"@id\":\"https:\/\/www.visit-ulcinj.com\/blog\/2013\/09\/06\/danaj-ulcinj-pripada-prirodnoj-albaniji\/#breadcrumb\"},\"inLanguage\":\"en-US\",\"potentialAction\":[{\"@type\":\"ReadAction\",\"target\":[\"https:\/\/www.visit-ulcinj.com\/blog\/2013\/09\/06\/danaj-ulcinj-pripada-prirodnoj-albaniji\/\"]}]},{\"@type\":\"BreadcrumbList\",\"@id\":\"https:\/\/www.visit-ulcinj.com\/blog\/2013\/09\/06\/danaj-ulcinj-pripada-prirodnoj-albaniji\/#breadcrumb\",\"itemListElement\":[{\"@type\":\"ListItem\",\"position\":1,\"name\":\"Danaj: Ulcinj pripada &#8220;Prirodnoj Albaniji&#8221;\"}]},{\"@type\":\"Person\",\"@id\":\"https:\/\/www.visit-ulcinj.com\/blog\/#\/schema\/person\/dcab619c614d3038751c63bc2aadc06d\",\"name\":\"ulqini\",\"sameAs\":[\"http:\/\/www.visit-ulcinj.com\"],\"url\":\"https:\/\/www.visit-ulcinj.com\/blog\/author\/admin\/\"}]}<\/script>\n<!-- \/ Yoast SEO plugin. -->","yoast_head_json":{"title":"Danaj: Ulcinj pripada \"Prirodnoj Albaniji\" - Lajme nga Ulqini","description":"U platformi \u201cPrirodne Albanije\u201c odre\u0111eno je da Ulcinj bude progla\u0161en kao slobodan grad izme\u0111u Albanije i Crne Gore, jer dokumenti iz arhiva turske dr\u017eave","robots":{"index":"index","follow":"follow","max-snippet":"max-snippet:-1","max-image-preview":"max-image-preview:large","max-video-preview":"max-video-preview:-1"},"canonical":"https:\/\/www.visit-ulcinj.com\/blog\/2013\/09\/06\/danaj-ulcinj-pripada-prirodnoj-albaniji\/","og_locale":"en_US","og_type":"article","og_title":"Danaj: Ulcinj pripada \"Prirodnoj Albaniji\" - Lajme nga Ulqini","og_description":"U platformi \u201cPrirodne Albanije\u201c odre\u0111eno je da Ulcinj bude progla\u0161en kao slobodan grad izme\u0111u Albanije i Crne Gore, jer dokumenti iz arhiva turske dr\u017eave","og_url":"https:\/\/www.visit-ulcinj.com\/blog\/2013\/09\/06\/danaj-ulcinj-pripada-prirodnoj-albaniji\/","og_site_name":"Lajme nga Ulqini","article_published_time":"2013-09-06T21:36:24+00:00","article_modified_time":"2013-09-06T21:36:46+00:00","og_image":[{"url":"http:\/\/www.visit-ulcinj.com\/blog\/wp-content\/uploads\/2013\/09\/KOCO-DANAJ.jpg"}],"twitter_misc":{"Written by":"ulqini","Est. reading time":"3 minutes"},"schema":{"@context":"https:\/\/schema.org","@graph":[{"@type":"WebSite","@id":"https:\/\/www.visit-ulcinj.com\/blog\/#website","url":"https:\/\/www.visit-ulcinj.com\/blog\/","name":"Lajme nga Ulqini","description":"Lajme,Vijesti,Ulqini,Ulqin,Crna Gora,Mali i Zi","potentialAction":[{"@type":"SearchAction","target":{"@type":"EntryPoint","urlTemplate":"https:\/\/www.visit-ulcinj.com\/blog\/?s={search_term_string}"},"query-input":"required name=search_term_string"}],"inLanguage":"en-US"},{"@type":"ImageObject","inLanguage":"en-US","@id":"https:\/\/www.visit-ulcinj.com\/blog\/2013\/09\/06\/danaj-ulcinj-pripada-prirodnoj-albaniji\/#primaryimage","url":"https:\/\/www.visit-ulcinj.com\/blog\/wp-content\/uploads\/2013\/09\/KOCO-DANAJ.jpg","contentUrl":"https:\/\/www.visit-ulcinj.com\/blog\/wp-content\/uploads\/2013\/09\/KOCO-DANAJ.jpg","width":645,"height":314},{"@type":"WebPage","@id":"https:\/\/www.visit-ulcinj.com\/blog\/2013\/09\/06\/danaj-ulcinj-pripada-prirodnoj-albaniji\/#webpage","url":"https:\/\/www.visit-ulcinj.com\/blog\/2013\/09\/06\/danaj-ulcinj-pripada-prirodnoj-albaniji\/","name":"Danaj: Ulcinj pripada \"Prirodnoj Albaniji\" - Lajme nga Ulqini","isPartOf":{"@id":"https:\/\/www.visit-ulcinj.com\/blog\/#website"},"primaryImageOfPage":{"@id":"https:\/\/www.visit-ulcinj.com\/blog\/2013\/09\/06\/danaj-ulcinj-pripada-prirodnoj-albaniji\/#primaryimage"},"datePublished":"2013-09-06T21:36:24+00:00","dateModified":"2013-09-06T21:36:46+00:00","author":{"@id":"https:\/\/www.visit-ulcinj.com\/blog\/#\/schema\/person\/dcab619c614d3038751c63bc2aadc06d"},"description":"U platformi \u201cPrirodne Albanije\u201c odre\u0111eno je da Ulcinj bude progla\u0161en kao slobodan grad izme\u0111u Albanije i Crne Gore, jer dokumenti iz arhiva turske dr\u017eave","breadcrumb":{"@id":"https:\/\/www.visit-ulcinj.com\/blog\/2013\/09\/06\/danaj-ulcinj-pripada-prirodnoj-albaniji\/#breadcrumb"},"inLanguage":"en-US","potentialAction":[{"@type":"ReadAction","target":["https:\/\/www.visit-ulcinj.com\/blog\/2013\/09\/06\/danaj-ulcinj-pripada-prirodnoj-albaniji\/"]}]},{"@type":"BreadcrumbList","@id":"https:\/\/www.visit-ulcinj.com\/blog\/2013\/09\/06\/danaj-ulcinj-pripada-prirodnoj-albaniji\/#breadcrumb","itemListElement":[{"@type":"ListItem","position":1,"name":"Danaj: Ulcinj pripada &#8220;Prirodnoj Albaniji&#8221;"}]},{"@type":"Person","@id":"https:\/\/www.visit-ulcinj.com\/blog\/#\/schema\/person\/dcab619c614d3038751c63bc2aadc06d","name":"ulqini","sameAs":["http:\/\/www.visit-ulcinj.com"],"url":"https:\/\/www.visit-ulcinj.com\/blog\/author\/admin\/"}]}},"jetpack_featured_media_url":"","jetpack_sharing_enabled":true,"jetpack_shortlink":"https:\/\/wp.me\/pe6lTn-joN","_links":{"self":[{"href":"https:\/\/www.visit-ulcinj.com\/blog\/wp-json\/wp\/v2\/posts\/74573"}],"collection":[{"href":"https:\/\/www.visit-ulcinj.com\/blog\/wp-json\/wp\/v2\/posts"}],"about":[{"href":"https:\/\/www.visit-ulcinj.com\/blog\/wp-json\/wp\/v2\/types\/post"}],"author":[{"embeddable":true,"href":"https:\/\/www.visit-ulcinj.com\/blog\/wp-json\/wp\/v2\/users\/1"}],"replies":[{"embeddable":true,"href":"https:\/\/www.visit-ulcinj.com\/blog\/wp-json\/wp\/v2\/comments?post=74573"}],"version-history":[{"count":2,"href":"https:\/\/www.visit-ulcinj.com\/blog\/wp-json\/wp\/v2\/posts\/74573\/revisions"}],"predecessor-version":[{"id":74576,"href":"https:\/\/www.visit-ulcinj.com\/blog\/wp-json\/wp\/v2\/posts\/74573\/revisions\/74576"}],"wp:attachment":[{"href":"https:\/\/www.visit-ulcinj.com\/blog\/wp-json\/wp\/v2\/media?parent=74573"}],"wp:term":[{"taxonomy":"category","embeddable":true,"href":"https:\/\/www.visit-ulcinj.com\/blog\/wp-json\/wp\/v2\/categories?post=74573"},{"taxonomy":"post_tag","embeddable":true,"href":"https:\/\/www.visit-ulcinj.com\/blog\/wp-json\/wp\/v2\/tags?post=74573"}],"curies":[{"name":"wp","href":"https:\/\/api.w.org\/{rel}","templated":true}]}}