{"id":74582,"date":"2013-09-06T22:45:34","date_gmt":"2013-09-06T21:45:34","guid":{"rendered":"http:\/\/www.visit-ulcinj.com\/blog\/?p=74582"},"modified":"2013-09-06T22:47:37","modified_gmt":"2013-09-06T21:47:37","slug":"arrestim-ne-ulqin-per-tentim-vrasjeje","status":"publish","type":"post","link":"https:\/\/www.visit-ulcinj.com\/blog\/2013\/09\/06\/arrestim-ne-ulqin-per-tentim-vrasjeje\/","title":{"rendered":"Arrestim n\u00eb Ulqin p\u00ebr tentim vrasjeje"},"content":{"rendered":"<p><a href=\"http:\/\/www.visit-ulcinj.com\/blog\/wp-content\/uploads\/2012\/05\/policija_ulqin.jpg\"><img loading=\"lazy\" class=\"alignleft  wp-image-60664\" alt=\"policija_ulqin\" src=\"http:\/\/www.visit-ulcinj.com\/blog\/wp-content\/uploads\/2012\/05\/policija_ulqin.jpg\" width=\"300\" height=\"350\" \/><\/a>Policia e Ulqinit ka arrestuar shtetasin kosovar me inicialet Sh.H. nga Ferizaj, me q\u00ebndrim n\u00eb Ulqin, p\u00ebr shkak t\u00eb dyshimit se sot ka tentuar t\u00eb vras\u00eb pes\u00eb persona.<\/p>\n<p>Nga Drejtoria e Policis\u00eb \u00ebsht\u00eb kumtuar se p\u00ebrpunimi kriminalistik \u00e7on n\u00eb dyshim se SH.H. rreth or\u00ebs 1 pas mesnat\u00ebs n\u00eb restorantin \u201cStari ribar\u201d n\u00eb Ulqin nga nj\u00eb pushk\u00eb gjysm\u00eb automatike n\u00eb drejtim t\u00eb disa personave ka sht\u00ebn\u00eb disa her\u00eb.<\/p>\n<p>N\u00eb njoftim theksohet se \u00ebsht\u00eb plagosur qytetari i Ulqinit me inicial\u00ebt S.Z. dhe kat\u00ebr shtetas t\u00eb Shqip\u00ebris\u00eb. Ngjarjes, si\u00e7 dyshohet, i ka parapri nj\u00eb konfrontim verbal midis t\u00eb dyshuarit dhe nj\u00eb personi tjet\u00ebr, nga nj\u00ebra an\u00eb dhe kat\u00ebr personave t\u00eb plagosur nga Shqip\u00ebria nga ana tjet\u00ebr, q\u00eb ka ndodhur rreth mesnat\u00ebs.<\/p>\n<p>Dyshohet se SH.H. m\u00eb pastaj ka dal\u00eb nga lokali dhe pas 15 minutash \u00ebsht\u00eb kthyer dhe ka filluar t\u00eb gjuaj n\u00ebp\u00ebr drejtim t\u00eb plagosurve menj\u00ebher\u00eb sa kishte hyr\u00eb n\u00eb lokal, kurse m\u00eb pastaj \u00ebsht\u00eb arratisur.<\/p>\n<p>Policia menj\u00ebher\u00eb e ka identifikuar t\u00eb dyshuarin dhe e ka arrestuar pas 30 minutash.\u00a0 Sipas informatave paraprake, gjendja sh\u00ebndet\u00ebsore e t\u00eb plagosurve \u00ebsht\u00eb stabile, kan\u00eb th\u00ebn\u00eb nga Policia.<\/p>\n<p>TVCG<\/p>\n","protected":false},"excerpt":{"rendered":"<p>Policia e Ulqinit ka arrestuar shtetasin kosovar me inicialet Sh.H. nga Ferizaj, me q\u00ebndrim n\u00eb Ulqin, p\u00ebr shkak t\u00eb dyshimit se sot ka tentuar t\u00eb vras\u00eb pes\u00eb persona. Nga Drejtoria e Policis\u00eb \u00ebsht\u00eb kumtuar se p\u00ebrpunimi kriminalistik \u00e7on n\u00eb dyshim se SH.H. rreth or\u00ebs 1 pas mesnat\u00ebs n\u00eb restorantin \u201cStari ribar\u201d n\u00eb Ulqin nga nj\u00eb [&hellip;]<\/p>\n","protected":false},"author":1,"featured_media":0,"comment_status":"closed","ping_status":"closed","sticky":false,"template":"","format":"standard","meta":{"spay_email":"","jetpack_publicize_message":"","jetpack_is_tweetstorm":false,"jetpack_publicize_feature_enabled":true},"categories":[11],"tags":[],"jetpack_publicize_connections":[],"yoast_head":"<!-- This site is optimized with the Yoast SEO plugin v19.1 - https:\/\/yoast.com\/wordpress\/plugins\/seo\/ -->\n<title>Arrestim n\u00eb Ulqin p\u00ebr tentim vrasjeje - Lajme nga Ulqini<\/title>\n<meta name=\"description\" content=\"Policia e Ulqinit ka arrestuar shtetasin kosovar me inicialet Sh.H. nga Ferizaj, me q\u00ebndrim n\u00eb Ulqin, p\u00ebr shkak t\u00eb dyshimit se sot ka tentuar t\u00eb vras\u00eb\" \/>\n<meta name=\"robots\" content=\"index, follow, max-snippet:-1, max-image-preview:large, max-video-preview:-1\" \/>\n<link rel=\"canonical\" href=\"https:\/\/www.visit-ulcinj.com\/blog\/2013\/09\/06\/arrestim-ne-ulqin-per-tentim-vrasjeje\/\" \/>\n<meta property=\"og:locale\" content=\"en_US\" \/>\n<meta property=\"og:type\" content=\"article\" \/>\n<meta property=\"og:title\" content=\"Arrestim n\u00eb Ulqin p\u00ebr tentim vrasjeje - Lajme nga Ulqini\" \/>\n<meta property=\"og:description\" content=\"Policia e Ulqinit ka arrestuar shtetasin kosovar me inicialet Sh.H. nga Ferizaj, me q\u00ebndrim n\u00eb Ulqin, p\u00ebr shkak t\u00eb dyshimit se sot ka tentuar t\u00eb vras\u00eb\" \/>\n<meta property=\"og:url\" content=\"https:\/\/www.visit-ulcinj.com\/blog\/2013\/09\/06\/arrestim-ne-ulqin-per-tentim-vrasjeje\/\" \/>\n<meta property=\"og:site_name\" content=\"Lajme nga Ulqini\" \/>\n<meta property=\"article:published_time\" content=\"2013-09-06T21:45:34+00:00\" \/>\n<meta property=\"article:modified_time\" content=\"2013-09-06T21:47:37+00:00\" \/>\n<meta property=\"og:image\" content=\"http:\/\/www.visit-ulcinj.com\/blog\/wp-content\/uploads\/2012\/05\/policija_ulqin.jpg\" \/>\n<meta name=\"twitter:label1\" content=\"Written by\" \/>\n\t<meta name=\"twitter:data1\" content=\"ulqini\" \/>\n\t<meta name=\"twitter:label2\" content=\"Est. reading time\" \/>\n\t<meta name=\"twitter:data2\" content=\"1 minute\" \/>\n<script type=\"application\/ld+json\" class=\"yoast-schema-graph\">{\"@context\":\"https:\/\/schema.org\",\"@graph\":[{\"@type\":\"WebSite\",\"@id\":\"https:\/\/www.visit-ulcinj.com\/blog\/#website\",\"url\":\"https:\/\/www.visit-ulcinj.com\/blog\/\",\"name\":\"Lajme nga Ulqini\",\"description\":\"Lajme,Vijesti,Ulqini,Ulqin,Crna Gora,Mali i Zi\",\"potentialAction\":[{\"@type\":\"SearchAction\",\"target\":{\"@type\":\"EntryPoint\",\"urlTemplate\":\"https:\/\/www.visit-ulcinj.com\/blog\/?s={search_term_string}\"},\"query-input\":\"required name=search_term_string\"}],\"inLanguage\":\"en-US\"},{\"@type\":\"ImageObject\",\"inLanguage\":\"en-US\",\"@id\":\"https:\/\/www.visit-ulcinj.com\/blog\/2013\/09\/06\/arrestim-ne-ulqin-per-tentim-vrasjeje\/#primaryimage\",\"url\":\"https:\/\/www.visit-ulcinj.com\/blog\/wp-content\/uploads\/2012\/05\/policija_ulqin.jpg\",\"contentUrl\":\"https:\/\/www.visit-ulcinj.com\/blog\/wp-content\/uploads\/2012\/05\/policija_ulqin.jpg\",\"width\":\"431\",\"height\":\"446\"},{\"@type\":\"WebPage\",\"@id\":\"https:\/\/www.visit-ulcinj.com\/blog\/2013\/09\/06\/arrestim-ne-ulqin-per-tentim-vrasjeje\/#webpage\",\"url\":\"https:\/\/www.visit-ulcinj.com\/blog\/2013\/09\/06\/arrestim-ne-ulqin-per-tentim-vrasjeje\/\",\"name\":\"Arrestim n\u00eb Ulqin p\u00ebr tentim vrasjeje - Lajme nga Ulqini\",\"isPartOf\":{\"@id\":\"https:\/\/www.visit-ulcinj.com\/blog\/#website\"},\"primaryImageOfPage\":{\"@id\":\"https:\/\/www.visit-ulcinj.com\/blog\/2013\/09\/06\/arrestim-ne-ulqin-per-tentim-vrasjeje\/#primaryimage\"},\"datePublished\":\"2013-09-06T21:45:34+00:00\",\"dateModified\":\"2013-09-06T21:47:37+00:00\",\"author\":{\"@id\":\"https:\/\/www.visit-ulcinj.com\/blog\/#\/schema\/person\/dcab619c614d3038751c63bc2aadc06d\"},\"description\":\"Policia e Ulqinit ka arrestuar shtetasin kosovar me inicialet Sh.H. nga Ferizaj, me q\u00ebndrim n\u00eb Ulqin, p\u00ebr shkak t\u00eb dyshimit se sot ka tentuar t\u00eb vras\u00eb\",\"breadcrumb\":{\"@id\":\"https:\/\/www.visit-ulcinj.com\/blog\/2013\/09\/06\/arrestim-ne-ulqin-per-tentim-vrasjeje\/#breadcrumb\"},\"inLanguage\":\"en-US\",\"potentialAction\":[{\"@type\":\"ReadAction\",\"target\":[\"https:\/\/www.visit-ulcinj.com\/blog\/2013\/09\/06\/arrestim-ne-ulqin-per-tentim-vrasjeje\/\"]}]},{\"@type\":\"BreadcrumbList\",\"@id\":\"https:\/\/www.visit-ulcinj.com\/blog\/2013\/09\/06\/arrestim-ne-ulqin-per-tentim-vrasjeje\/#breadcrumb\",\"itemListElement\":[{\"@type\":\"ListItem\",\"position\":1,\"name\":\"Arrestim n\u00eb Ulqin p\u00ebr tentim vrasjeje\"}]},{\"@type\":\"Person\",\"@id\":\"https:\/\/www.visit-ulcinj.com\/blog\/#\/schema\/person\/dcab619c614d3038751c63bc2aadc06d\",\"name\":\"ulqini\",\"sameAs\":[\"http:\/\/www.visit-ulcinj.com\"],\"url\":\"https:\/\/www.visit-ulcinj.com\/blog\/author\/admin\/\"}]}<\/script>\n<!-- \/ Yoast SEO plugin. -->","yoast_head_json":{"title":"Arrestim n\u00eb Ulqin p\u00ebr tentim vrasjeje - Lajme nga Ulqini","description":"Policia e Ulqinit ka arrestuar shtetasin kosovar me inicialet Sh.H. nga Ferizaj, me q\u00ebndrim n\u00eb Ulqin, p\u00ebr shkak t\u00eb dyshimit se sot ka tentuar t\u00eb vras\u00eb","robots":{"index":"index","follow":"follow","max-snippet":"max-snippet:-1","max-image-preview":"max-image-preview:large","max-video-preview":"max-video-preview:-1"},"canonical":"https:\/\/www.visit-ulcinj.com\/blog\/2013\/09\/06\/arrestim-ne-ulqin-per-tentim-vrasjeje\/","og_locale":"en_US","og_type":"article","og_title":"Arrestim n\u00eb Ulqin p\u00ebr tentim vrasjeje - Lajme nga Ulqini","og_description":"Policia e Ulqinit ka arrestuar shtetasin kosovar me inicialet Sh.H. nga Ferizaj, me q\u00ebndrim n\u00eb Ulqin, p\u00ebr shkak t\u00eb dyshimit se sot ka tentuar t\u00eb vras\u00eb","og_url":"https:\/\/www.visit-ulcinj.com\/blog\/2013\/09\/06\/arrestim-ne-ulqin-per-tentim-vrasjeje\/","og_site_name":"Lajme nga Ulqini","article_published_time":"2013-09-06T21:45:34+00:00","article_modified_time":"2013-09-06T21:47:37+00:00","og_image":[{"url":"http:\/\/www.visit-ulcinj.com\/blog\/wp-content\/uploads\/2012\/05\/policija_ulqin.jpg"}],"twitter_misc":{"Written by":"ulqini","Est. reading time":"1 minute"},"schema":{"@context":"https:\/\/schema.org","@graph":[{"@type":"WebSite","@id":"https:\/\/www.visit-ulcinj.com\/blog\/#website","url":"https:\/\/www.visit-ulcinj.com\/blog\/","name":"Lajme nga Ulqini","description":"Lajme,Vijesti,Ulqini,Ulqin,Crna Gora,Mali i Zi","potentialAction":[{"@type":"SearchAction","target":{"@type":"EntryPoint","urlTemplate":"https:\/\/www.visit-ulcinj.com\/blog\/?s={search_term_string}"},"query-input":"required name=search_term_string"}],"inLanguage":"en-US"},{"@type":"ImageObject","inLanguage":"en-US","@id":"https:\/\/www.visit-ulcinj.com\/blog\/2013\/09\/06\/arrestim-ne-ulqin-per-tentim-vrasjeje\/#primaryimage","url":"https:\/\/www.visit-ulcinj.com\/blog\/wp-content\/uploads\/2012\/05\/policija_ulqin.jpg","contentUrl":"https:\/\/www.visit-ulcinj.com\/blog\/wp-content\/uploads\/2012\/05\/policija_ulqin.jpg","width":"431","height":"446"},{"@type":"WebPage","@id":"https:\/\/www.visit-ulcinj.com\/blog\/2013\/09\/06\/arrestim-ne-ulqin-per-tentim-vrasjeje\/#webpage","url":"https:\/\/www.visit-ulcinj.com\/blog\/2013\/09\/06\/arrestim-ne-ulqin-per-tentim-vrasjeje\/","name":"Arrestim n\u00eb Ulqin p\u00ebr tentim vrasjeje - Lajme nga Ulqini","isPartOf":{"@id":"https:\/\/www.visit-ulcinj.com\/blog\/#website"},"primaryImageOfPage":{"@id":"https:\/\/www.visit-ulcinj.com\/blog\/2013\/09\/06\/arrestim-ne-ulqin-per-tentim-vrasjeje\/#primaryimage"},"datePublished":"2013-09-06T21:45:34+00:00","dateModified":"2013-09-06T21:47:37+00:00","author":{"@id":"https:\/\/www.visit-ulcinj.com\/blog\/#\/schema\/person\/dcab619c614d3038751c63bc2aadc06d"},"description":"Policia e Ulqinit ka arrestuar shtetasin kosovar me inicialet Sh.H. nga Ferizaj, me q\u00ebndrim n\u00eb Ulqin, p\u00ebr shkak t\u00eb dyshimit se sot ka tentuar t\u00eb vras\u00eb","breadcrumb":{"@id":"https:\/\/www.visit-ulcinj.com\/blog\/2013\/09\/06\/arrestim-ne-ulqin-per-tentim-vrasjeje\/#breadcrumb"},"inLanguage":"en-US","potentialAction":[{"@type":"ReadAction","target":["https:\/\/www.visit-ulcinj.com\/blog\/2013\/09\/06\/arrestim-ne-ulqin-per-tentim-vrasjeje\/"]}]},{"@type":"BreadcrumbList","@id":"https:\/\/www.visit-ulcinj.com\/blog\/2013\/09\/06\/arrestim-ne-ulqin-per-tentim-vrasjeje\/#breadcrumb","itemListElement":[{"@type":"ListItem","position":1,"name":"Arrestim n\u00eb Ulqin p\u00ebr tentim vrasjeje"}]},{"@type":"Person","@id":"https:\/\/www.visit-ulcinj.com\/blog\/#\/schema\/person\/dcab619c614d3038751c63bc2aadc06d","name":"ulqini","sameAs":["http:\/\/www.visit-ulcinj.com"],"url":"https:\/\/www.visit-ulcinj.com\/blog\/author\/admin\/"}]}},"jetpack_featured_media_url":"","jetpack_sharing_enabled":true,"jetpack_shortlink":"https:\/\/wp.me\/pe6lTn-joW","_links":{"self":[{"href":"https:\/\/www.visit-ulcinj.com\/blog\/wp-json\/wp\/v2\/posts\/74582"}],"collection":[{"href":"https:\/\/www.visit-ulcinj.com\/blog\/wp-json\/wp\/v2\/posts"}],"about":[{"href":"https:\/\/www.visit-ulcinj.com\/blog\/wp-json\/wp\/v2\/types\/post"}],"author":[{"embeddable":true,"href":"https:\/\/www.visit-ulcinj.com\/blog\/wp-json\/wp\/v2\/users\/1"}],"replies":[{"embeddable":true,"href":"https:\/\/www.visit-ulcinj.com\/blog\/wp-json\/wp\/v2\/comments?post=74582"}],"version-history":[{"count":3,"href":"https:\/\/www.visit-ulcinj.com\/blog\/wp-json\/wp\/v2\/posts\/74582\/revisions"}],"predecessor-version":[{"id":74585,"href":"https:\/\/www.visit-ulcinj.com\/blog\/wp-json\/wp\/v2\/posts\/74582\/revisions\/74585"}],"wp:attachment":[{"href":"https:\/\/www.visit-ulcinj.com\/blog\/wp-json\/wp\/v2\/media?parent=74582"}],"wp:term":[{"taxonomy":"category","embeddable":true,"href":"https:\/\/www.visit-ulcinj.com\/blog\/wp-json\/wp\/v2\/categories?post=74582"},{"taxonomy":"post_tag","embeddable":true,"href":"https:\/\/www.visit-ulcinj.com\/blog\/wp-json\/wp\/v2\/tags?post=74582"}],"curies":[{"name":"wp","href":"https:\/\/api.w.org\/{rel}","templated":true}]}}