{"id":74608,"date":"2013-09-07T23:44:38","date_gmt":"2013-09-07T22:44:38","guid":{"rendered":"http:\/\/www.visit-ulcinj.com\/blog\/?p=74608"},"modified":"2013-09-07T23:44:38","modified_gmt":"2013-09-07T22:44:38","slug":"ulcinj-pasina-kuca-bice-obnovljena","status":"publish","type":"post","link":"https:\/\/www.visit-ulcinj.com\/blog\/2013\/09\/07\/ulcinj-pasina-kuca-bice-obnovljena\/","title":{"rendered":"Ulcinj: Pa\u0161ina ku\u0107a bi\u0107e obnovljena"},"content":{"rendered":"<p><strong><a href=\"http:\/\/www.visit-ulcinj.com\/blog\/wp-content\/uploads\/2013\/09\/pasina-kuca-ulcinj.jpg\"><img loading=\"lazy\" class=\"alignleft  wp-image-74609\" alt=\"pasina-kuca-ulcinj\" src=\"http:\/\/www.visit-ulcinj.com\/blog\/wp-content\/uploads\/2013\/09\/pasina-kuca-ulcinj.jpg\" width=\"508\" height=\"360\" \/><\/a>ULCINJ \u2013 Nakon izrade konzervatorskog projekta i sprovo\u0111enja mjera konzervacije, Pa\u0161inoj ku\u0107i u Ulcinju bi\u0107e vra\u0107en stari sjaj.<\/strong><\/p>\n<p>Za izradu projekta Ministarstvo kulture opredijelilo je 12.000 eura, a realizator je Kulturni centar u Ulcinju. Pa\u0161ina ku\u0107a koja je sagra\u0111ena oko 1742. godine predstavlja jedno od za\u0161ti\u0107enih kulturnih dobara najju\u017enijeg grada u Crnoj Gori. Ku\u0107a koja je nekada bila rezidencija skadarskog pa\u0161e Jusufa \u010cau\u0161olija, danas je zapu\u0161tena i zarasla u korov, o\u0161te\u0107enog krova, ispucalih zidova, bez prozora, oronule fasade\u2026<\/p>\n<p>Na podru\u010dju ulcinjske op\u0161tine je u skladu sa Zakonom o za\u0161titi spomenika kulture registrovano deset nepokretnih spomenika kulture. Stari grad Ulcinj i srednjevjekovni grad \u0160as svrstani su u prvu kategoriju za\u0161tite. U drugu kategoriju svrstana je Crkva \u2013 D\u017eamija, dok su u tre\u0107u kategoriju za\u0161tite svrstane Saborna crkva sv. Nikole, Sahat kula, Pa\u0161ina d\u017eamija, Pa\u0161ina ku\u0107a, glavna d\u017eamija Namaz\u0111ah, arheolo\u0161ki lokalitet Kru\u010de i Crkva sv. Nikole pod Bijelom gorom.<\/p>\n<p><strong><em>A. \u017d.<\/em><\/strong><br \/>\n<strong>Izvor: Pobjeda<\/strong><\/p>\n","protected":false},"excerpt":{"rendered":"<p>ULCINJ \u2013 Nakon izrade konzervatorskog projekta i sprovo\u0111enja mjera konzervacije, Pa\u0161inoj ku\u0107i u Ulcinju bi\u0107e vra\u0107en stari sjaj. Za izradu projekta Ministarstvo kulture opredijelilo je 12.000 eura, a realizator je Kulturni centar u Ulcinju. Pa\u0161ina ku\u0107a koja je sagra\u0111ena oko 1742. godine predstavlja jedno od za\u0161ti\u0107enih kulturnih dobara najju\u017enijeg grada u Crnoj Gori. Ku\u0107a koja [&hellip;]<\/p>\n","protected":false},"author":1,"featured_media":0,"comment_status":"closed","ping_status":"closed","sticky":false,"template":"","format":"standard","meta":{"spay_email":"","jetpack_publicize_message":"","jetpack_is_tweetstorm":false,"jetpack_publicize_feature_enabled":true},"categories":[6950],"tags":[],"jetpack_publicize_connections":[],"yoast_head":"<!-- This site is optimized with the Yoast SEO plugin v19.1 - https:\/\/yoast.com\/wordpress\/plugins\/seo\/ -->\n<title>Ulcinj: Pa\u0161ina ku\u0107a bi\u0107e obnovljena - Lajme nga Ulqini<\/title>\n<meta name=\"description\" content=\"ULCINJ \u2013 Nakon izrade konzervatorskog projekta i sprovo\u0111enja mjera konzervacije, Pa\u0161inoj ku\u0107i u Ulcinju bi\u0107e vra\u0107en stari sjaj. Za izradu projekta\" \/>\n<meta name=\"robots\" content=\"index, follow, max-snippet:-1, max-image-preview:large, max-video-preview:-1\" \/>\n<link rel=\"canonical\" href=\"https:\/\/www.visit-ulcinj.com\/blog\/2013\/09\/07\/ulcinj-pasina-kuca-bice-obnovljena\/\" \/>\n<meta property=\"og:locale\" content=\"en_US\" \/>\n<meta property=\"og:type\" content=\"article\" \/>\n<meta property=\"og:title\" content=\"Ulcinj: Pa\u0161ina ku\u0107a bi\u0107e obnovljena - Lajme nga Ulqini\" \/>\n<meta property=\"og:description\" content=\"ULCINJ \u2013 Nakon izrade konzervatorskog projekta i sprovo\u0111enja mjera konzervacije, Pa\u0161inoj ku\u0107i u Ulcinju bi\u0107e vra\u0107en stari sjaj. Za izradu projekta\" \/>\n<meta property=\"og:url\" content=\"https:\/\/www.visit-ulcinj.com\/blog\/2013\/09\/07\/ulcinj-pasina-kuca-bice-obnovljena\/\" \/>\n<meta property=\"og:site_name\" content=\"Lajme nga Ulqini\" \/>\n<meta property=\"article:published_time\" content=\"2013-09-07T22:44:38+00:00\" \/>\n<meta property=\"og:image\" content=\"http:\/\/www.visit-ulcinj.com\/blog\/wp-content\/uploads\/2013\/09\/pasina-kuca-ulcinj.jpg\" \/>\n<meta name=\"twitter:label1\" content=\"Written by\" \/>\n\t<meta name=\"twitter:data1\" content=\"ulqini\" \/>\n\t<meta name=\"twitter:label2\" content=\"Est. reading time\" \/>\n\t<meta name=\"twitter:data2\" content=\"1 minute\" \/>\n<script type=\"application\/ld+json\" class=\"yoast-schema-graph\">{\"@context\":\"https:\/\/schema.org\",\"@graph\":[{\"@type\":\"WebSite\",\"@id\":\"https:\/\/www.visit-ulcinj.com\/blog\/#website\",\"url\":\"https:\/\/www.visit-ulcinj.com\/blog\/\",\"name\":\"Lajme nga Ulqini\",\"description\":\"Lajme,Vijesti,Ulqini,Ulqin,Crna Gora,Mali i Zi\",\"potentialAction\":[{\"@type\":\"SearchAction\",\"target\":{\"@type\":\"EntryPoint\",\"urlTemplate\":\"https:\/\/www.visit-ulcinj.com\/blog\/?s={search_term_string}\"},\"query-input\":\"required name=search_term_string\"}],\"inLanguage\":\"en-US\"},{\"@type\":\"ImageObject\",\"inLanguage\":\"en-US\",\"@id\":\"https:\/\/www.visit-ulcinj.com\/blog\/2013\/09\/07\/ulcinj-pasina-kuca-bice-obnovljena\/#primaryimage\",\"url\":\"https:\/\/www.visit-ulcinj.com\/blog\/wp-content\/uploads\/2013\/09\/pasina-kuca-ulcinj.jpg\",\"contentUrl\":\"https:\/\/www.visit-ulcinj.com\/blog\/wp-content\/uploads\/2013\/09\/pasina-kuca-ulcinj.jpg\",\"width\":640,\"height\":398},{\"@type\":\"WebPage\",\"@id\":\"https:\/\/www.visit-ulcinj.com\/blog\/2013\/09\/07\/ulcinj-pasina-kuca-bice-obnovljena\/#webpage\",\"url\":\"https:\/\/www.visit-ulcinj.com\/blog\/2013\/09\/07\/ulcinj-pasina-kuca-bice-obnovljena\/\",\"name\":\"Ulcinj: Pa\u0161ina ku\u0107a bi\u0107e obnovljena - Lajme nga Ulqini\",\"isPartOf\":{\"@id\":\"https:\/\/www.visit-ulcinj.com\/blog\/#website\"},\"primaryImageOfPage\":{\"@id\":\"https:\/\/www.visit-ulcinj.com\/blog\/2013\/09\/07\/ulcinj-pasina-kuca-bice-obnovljena\/#primaryimage\"},\"datePublished\":\"2013-09-07T22:44:38+00:00\",\"dateModified\":\"2013-09-07T22:44:38+00:00\",\"author\":{\"@id\":\"https:\/\/www.visit-ulcinj.com\/blog\/#\/schema\/person\/dcab619c614d3038751c63bc2aadc06d\"},\"description\":\"ULCINJ \u2013 Nakon izrade konzervatorskog projekta i sprovo\u0111enja mjera konzervacije, Pa\u0161inoj ku\u0107i u Ulcinju bi\u0107e vra\u0107en stari sjaj. Za izradu projekta\",\"breadcrumb\":{\"@id\":\"https:\/\/www.visit-ulcinj.com\/blog\/2013\/09\/07\/ulcinj-pasina-kuca-bice-obnovljena\/#breadcrumb\"},\"inLanguage\":\"en-US\",\"potentialAction\":[{\"@type\":\"ReadAction\",\"target\":[\"https:\/\/www.visit-ulcinj.com\/blog\/2013\/09\/07\/ulcinj-pasina-kuca-bice-obnovljena\/\"]}]},{\"@type\":\"BreadcrumbList\",\"@id\":\"https:\/\/www.visit-ulcinj.com\/blog\/2013\/09\/07\/ulcinj-pasina-kuca-bice-obnovljena\/#breadcrumb\",\"itemListElement\":[{\"@type\":\"ListItem\",\"position\":1,\"name\":\"Ulcinj: Pa\u0161ina ku\u0107a bi\u0107e obnovljena\"}]},{\"@type\":\"Person\",\"@id\":\"https:\/\/www.visit-ulcinj.com\/blog\/#\/schema\/person\/dcab619c614d3038751c63bc2aadc06d\",\"name\":\"ulqini\",\"sameAs\":[\"http:\/\/www.visit-ulcinj.com\"],\"url\":\"https:\/\/www.visit-ulcinj.com\/blog\/author\/admin\/\"}]}<\/script>\n<!-- \/ Yoast SEO plugin. -->","yoast_head_json":{"title":"Ulcinj: Pa\u0161ina ku\u0107a bi\u0107e obnovljena - Lajme nga Ulqini","description":"ULCINJ \u2013 Nakon izrade konzervatorskog projekta i sprovo\u0111enja mjera konzervacije, Pa\u0161inoj ku\u0107i u Ulcinju bi\u0107e vra\u0107en stari sjaj. Za izradu projekta","robots":{"index":"index","follow":"follow","max-snippet":"max-snippet:-1","max-image-preview":"max-image-preview:large","max-video-preview":"max-video-preview:-1"},"canonical":"https:\/\/www.visit-ulcinj.com\/blog\/2013\/09\/07\/ulcinj-pasina-kuca-bice-obnovljena\/","og_locale":"en_US","og_type":"article","og_title":"Ulcinj: Pa\u0161ina ku\u0107a bi\u0107e obnovljena - Lajme nga Ulqini","og_description":"ULCINJ \u2013 Nakon izrade konzervatorskog projekta i sprovo\u0111enja mjera konzervacije, Pa\u0161inoj ku\u0107i u Ulcinju bi\u0107e vra\u0107en stari sjaj. Za izradu projekta","og_url":"https:\/\/www.visit-ulcinj.com\/blog\/2013\/09\/07\/ulcinj-pasina-kuca-bice-obnovljena\/","og_site_name":"Lajme nga Ulqini","article_published_time":"2013-09-07T22:44:38+00:00","og_image":[{"url":"http:\/\/www.visit-ulcinj.com\/blog\/wp-content\/uploads\/2013\/09\/pasina-kuca-ulcinj.jpg"}],"twitter_misc":{"Written by":"ulqini","Est. reading time":"1 minute"},"schema":{"@context":"https:\/\/schema.org","@graph":[{"@type":"WebSite","@id":"https:\/\/www.visit-ulcinj.com\/blog\/#website","url":"https:\/\/www.visit-ulcinj.com\/blog\/","name":"Lajme nga Ulqini","description":"Lajme,Vijesti,Ulqini,Ulqin,Crna Gora,Mali i Zi","potentialAction":[{"@type":"SearchAction","target":{"@type":"EntryPoint","urlTemplate":"https:\/\/www.visit-ulcinj.com\/blog\/?s={search_term_string}"},"query-input":"required name=search_term_string"}],"inLanguage":"en-US"},{"@type":"ImageObject","inLanguage":"en-US","@id":"https:\/\/www.visit-ulcinj.com\/blog\/2013\/09\/07\/ulcinj-pasina-kuca-bice-obnovljena\/#primaryimage","url":"https:\/\/www.visit-ulcinj.com\/blog\/wp-content\/uploads\/2013\/09\/pasina-kuca-ulcinj.jpg","contentUrl":"https:\/\/www.visit-ulcinj.com\/blog\/wp-content\/uploads\/2013\/09\/pasina-kuca-ulcinj.jpg","width":640,"height":398},{"@type":"WebPage","@id":"https:\/\/www.visit-ulcinj.com\/blog\/2013\/09\/07\/ulcinj-pasina-kuca-bice-obnovljena\/#webpage","url":"https:\/\/www.visit-ulcinj.com\/blog\/2013\/09\/07\/ulcinj-pasina-kuca-bice-obnovljena\/","name":"Ulcinj: Pa\u0161ina ku\u0107a bi\u0107e obnovljena - Lajme nga Ulqini","isPartOf":{"@id":"https:\/\/www.visit-ulcinj.com\/blog\/#website"},"primaryImageOfPage":{"@id":"https:\/\/www.visit-ulcinj.com\/blog\/2013\/09\/07\/ulcinj-pasina-kuca-bice-obnovljena\/#primaryimage"},"datePublished":"2013-09-07T22:44:38+00:00","dateModified":"2013-09-07T22:44:38+00:00","author":{"@id":"https:\/\/www.visit-ulcinj.com\/blog\/#\/schema\/person\/dcab619c614d3038751c63bc2aadc06d"},"description":"ULCINJ \u2013 Nakon izrade konzervatorskog projekta i sprovo\u0111enja mjera konzervacije, Pa\u0161inoj ku\u0107i u Ulcinju bi\u0107e vra\u0107en stari sjaj. Za izradu projekta","breadcrumb":{"@id":"https:\/\/www.visit-ulcinj.com\/blog\/2013\/09\/07\/ulcinj-pasina-kuca-bice-obnovljena\/#breadcrumb"},"inLanguage":"en-US","potentialAction":[{"@type":"ReadAction","target":["https:\/\/www.visit-ulcinj.com\/blog\/2013\/09\/07\/ulcinj-pasina-kuca-bice-obnovljena\/"]}]},{"@type":"BreadcrumbList","@id":"https:\/\/www.visit-ulcinj.com\/blog\/2013\/09\/07\/ulcinj-pasina-kuca-bice-obnovljena\/#breadcrumb","itemListElement":[{"@type":"ListItem","position":1,"name":"Ulcinj: Pa\u0161ina ku\u0107a bi\u0107e obnovljena"}]},{"@type":"Person","@id":"https:\/\/www.visit-ulcinj.com\/blog\/#\/schema\/person\/dcab619c614d3038751c63bc2aadc06d","name":"ulqini","sameAs":["http:\/\/www.visit-ulcinj.com"],"url":"https:\/\/www.visit-ulcinj.com\/blog\/author\/admin\/"}]}},"jetpack_featured_media_url":"","jetpack_sharing_enabled":true,"jetpack_shortlink":"https:\/\/wp.me\/pe6lTn-jpm","_links":{"self":[{"href":"https:\/\/www.visit-ulcinj.com\/blog\/wp-json\/wp\/v2\/posts\/74608"}],"collection":[{"href":"https:\/\/www.visit-ulcinj.com\/blog\/wp-json\/wp\/v2\/posts"}],"about":[{"href":"https:\/\/www.visit-ulcinj.com\/blog\/wp-json\/wp\/v2\/types\/post"}],"author":[{"embeddable":true,"href":"https:\/\/www.visit-ulcinj.com\/blog\/wp-json\/wp\/v2\/users\/1"}],"replies":[{"embeddable":true,"href":"https:\/\/www.visit-ulcinj.com\/blog\/wp-json\/wp\/v2\/comments?post=74608"}],"version-history":[{"count":1,"href":"https:\/\/www.visit-ulcinj.com\/blog\/wp-json\/wp\/v2\/posts\/74608\/revisions"}],"predecessor-version":[{"id":74610,"href":"https:\/\/www.visit-ulcinj.com\/blog\/wp-json\/wp\/v2\/posts\/74608\/revisions\/74610"}],"wp:attachment":[{"href":"https:\/\/www.visit-ulcinj.com\/blog\/wp-json\/wp\/v2\/media?parent=74608"}],"wp:term":[{"taxonomy":"category","embeddable":true,"href":"https:\/\/www.visit-ulcinj.com\/blog\/wp-json\/wp\/v2\/categories?post=74608"},{"taxonomy":"post_tag","embeddable":true,"href":"https:\/\/www.visit-ulcinj.com\/blog\/wp-json\/wp\/v2\/tags?post=74608"}],"curies":[{"name":"wp","href":"https:\/\/api.w.org\/{rel}","templated":true}]}}