{"id":74628,"date":"2013-09-09T13:43:10","date_gmt":"2013-09-09T12:43:10","guid":{"rendered":"http:\/\/www.visit-ulcinj.com\/blog\/?p=74628"},"modified":"2013-09-09T13:43:10","modified_gmt":"2013-09-09T12:43:10","slug":"ismet-aloshi-kenga-pasioni-im-i-jetes-video","status":"publish","type":"post","link":"https:\/\/www.visit-ulcinj.com\/blog\/2013\/09\/09\/ismet-aloshi-kenga-pasioni-im-i-jetes-video\/","title":{"rendered":"Ismet Aloshi k\u00ebnga pasioni im i jet\u00ebs &#8211; Video"},"content":{"rendered":"<p><strong><a href=\"http:\/\/www.visit-ulcinj.com\/blog\/wp-content\/uploads\/2013\/09\/Ismet-Aloshi.jpg\"><img loading=\"lazy\" class=\"alignleft  wp-image-74629\" alt=\"Ismet Aloshi\" src=\"http:\/\/www.visit-ulcinj.com\/blog\/wp-content\/uploads\/2013\/09\/Ismet-Aloshi.jpg\" width=\"508\" height=\"360\" \/><\/a>Shkruan Ilir Lleshi<\/strong><\/p>\n<p>K\u00ebng\u00ebtari nga Ulqini, Ismet Aloshi u lind me 1984. Muziken e kishte pasion qe ne f\u00ebmijeri. Tek sa i jepte lend\u00ebn e muzik\u00ebs, n\u00eb klas\u00eb t\u00eb pest\u00eb n\u00eb IP Shkolla fillore \u201cBedri Elezaga\u201d Katerkoll\u00eb-Ulqin, ku Ismeti b\u00ebri m\u00ebsimin fillor, arsimtari Viktor Nrekiqi zbuloj talentin e ti n\u00eb t\u00eb k\u00ebnduar. Arsimtari menjihere filloj trajnimet ne t\u00eb k\u00ebnduar, dhe ne manifestimin i cili u mbajt p\u00ebr Dit\u00ebn e shkoll\u00ebs m\u00eb 15. Maj 1996. n\u00eb moshen 12 vje\u00e7are, me k\u00ebng\u00ebn p\u00ebr f\u00ebmij\u00eb \u201cSa e dua shkoll\u00ebn time\u201d, Ismet Aloshi debuton n\u00eb sken\u00eb si k\u00ebng\u00ebtar\u00eb. Nj\u00eb \u201cugur\u201d i mir\u00eb! Ishte ai hapi i par\u00eb drejt\u00eb rrug\u00ebs s\u00eb karier\u00ebs e cila pa dyshim do t\u00eb jet\u00eb e buj\u00ebshme. Deri ne p\u00ebrfundimin e shkoll\u00ebs fillore, \u00e7do vit, ka marr\u00eb pjes\u00eb si solist, n\u00eb manifestime q\u00eb u organizonin n\u00eb shkoll\u00eb.<\/p>\n<p>Me perfundimin e shkoll\u00ebs fillore, u regjistrua n\u00eb IP Shkolla e mesme \u201cVllazrim-Bashkim\u201d n\u00eb Ulqin. Tek sa ishte n\u00eb vitin e dyt\u00eb t\u00eb shkoll\u00ebs s\u00eb mesme, nxorri dy k\u00ebng\u00ebt e para. K\u00ebng\u00ebt: \u201cEja sonte\u201d dhe \u201cUn\u00eb nuk kam vajz\u00eb pare\u201d, me tekst t\u00eb M. Kaleziq dhe muzik\u00eb te A. \u00c7obit, u in\u00e7izuan n\u00eb Studion \u201cAlbaton\u201d n\u00eb Ulqin. Ishte ky nj\u00eb sukses i jasht\u00ebzakonsh\u00ebm i k\u00ebng\u00ebtarit t\u00eb ri. K\u00ebng\u00ebt u mir\u00ebpriten nga publiku. Tanim\u00eb ishte e qart\u00eb se sken\u00ebs s\u00eb muzik\u00ebs s\u00eb k\u00ebtyre treva po i shtohet edhe nj\u00eb k\u00ebng\u00ebtari i ri.<\/p>\n<p>Ishte n\u00eb moshen 18 vje\u00e7are kur b\u00ebri prezantimin e albumit t\u00eb par\u00eb \u201cUn\u00eb nuk kam vajz\u00eb pare\u201d. Koncerti recital me rastin e promovimit t\u00eb albumit t\u00eb par\u00eb, u mbajt n\u00eb Ulqin. Albumi u cil\u00ebsua si i sukses\u00ebsh\u00ebm dhe menj\u00ebher\u00eb u shit Produksionit \u201cAdonis\u201d Ulqin, me pronar Xhavid Markashi. Albumi u shit edhe ne Shtetet e bashkuara t\u00eb Amerikes, ku pati nj\u00eb jehon\u00eb t\u00eb jasht\u00ebzakon\u00ebshme.<\/p>\n<p>Shok\u00ebt me t\u00eb cil\u00ebt Ismeti vepronte e bashkpunonte, shprehen deshir\u00ebn e formimit t\u00eb nj\u00eb grupi muzikor\u00eb. Ajo edhe ndodhi. Kah fundi i vitit 2001. formohet grupi muzikor\u00eb \u201cAulona\u201d, n\u00eb p\u00ebrb\u00ebrje: Ismet Aloshi dhe Sead Asllani solist, G\u00ebzim Haxhimehmeti dhe Abedin Veliu sint.<br \/>\n<a href=\"http:\/\/www.visit-ulcinj.com\/blog\/wp-content\/uploads\/2013\/09\/Ismet-Aloshi-1.jpg\"><img loading=\"lazy\" class=\"alignleft  wp-image-74630\" alt=\"Ismet Aloshi-1\" src=\"http:\/\/www.visit-ulcinj.com\/blog\/wp-content\/uploads\/2013\/09\/Ismet-Aloshi-1.jpg\" width=\"508\" height=\"360\" \/><\/a><br \/>\nBashk\u00ebpunim t\u00eb shkelqyer, k\u00ebng\u00ebtari Ismet Aloshi e kishte me t\u00eb gjith\u00eb koleg\u00ebt e vet n\u00eb Ulqin. Deri n\u00eb vitin 2002. meq\u00eb vijonte m\u00ebsimet n\u00eb shkoll\u00eb t\u00eb mesme, aktivitetin muzikor\u00eb e ka zhvilluar kryesisht\u00eb n\u00eb Ulqin.<\/p>\n<p>Pas perfundimit t\u00eb shkoll\u00ebs s\u00eb mesme, regjistroi drejtimin matematikor\u00eb n\u00eb Univerzitetin \u201cLuigj Gurakuqi\u201d n\u00eb Shkoder.<\/p>\n<p>N\u00eb vitin 2003, nxorri albumin e dyt\u00eb t\u00eb titulluar \u201cP\u00ebr ty vajz\u00eb\u201d. Albumi me motive dashurie e balade e p\u00ebrb\u00ebnin 8 k\u00ebng\u00eb. Teksti i k\u00ebng\u00ebve u b\u00eb nga autor t\u00eb ndryshem vendas kurse muzika nga G\u00ebzim Haxhimehmeti. Hiti i albumit ishte balada \u201cP\u00ebr ty vajz\u00eb\u201d, sipas t\u00eb cilit u titullua edhe vet albumi. Editor i k\u00ebti albumi ka qene Produksioni \u201cFenix\u201d n\u00eb Tiran\u00eb dhe Produksioni \u201cArb\u201d n\u00eb Ulqin.<\/p>\n<p>Albumin e ti t\u00eb tret\u00eb e nxorri n\u00eb vitin 2005. Ishte nj\u00eb album live, n\u00eb bashkpunim me kolegun Sead Asllani. Albumi u shit n\u00eb Kosov\u00eb n\u00ebn p\u00ebrkujdesjen e Produksionit \u201cL &amp; I Company\u201d Prishtin\u00eb. Aty b\u00ebri edhe xhirimet e dy video klipeve me rastin e Programit festiv t\u00eb Vitit t\u00eb Ri 2006.<\/p>\n<p>N\u00eb vitin 2007. nxjerr albumin e kat\u00ebrt. Ky album n\u00eb p\u00ebrb\u00ebrjen e vet pati 10 k\u00ebng\u00eb kryesishte potpuri dasmash. Qe nj\u00eb bashk\u00ebpunim i shkelqyer me koleg\u00ebt Sead Asllani e Bardh Spaha. Albumin e editoi Produksioni muzikor\u00eb \u201cFenix\u201d Tiran\u00eb. T\u00eb drejt\u00eb shitje pat edhe Produksioni \u201cBrahusha\u201d Shkoder, me pronar Gzim Brahusha. Per te pati nj\u00eb interesim t\u00eb jasht\u00ebzakonsh\u00ebm. K\u00ebt\u00eb e tregon fakti i shitjes s\u00eb mbi 20.000 kopjeve t\u00eb CD-ve.<\/p>\n<p>Dashuria me vajzen e ti t\u00eb zemres Ardita Osmanin nga Ulqini, u kurorzua me martes\u00eb n\u00eb vitin 2007. \u00c7ifti fitoj djalin Vedati me, 27.3.2008. ndersa m\u00eb, 24.10.2011. lindi djali Visari.<br \/>\n\u2013\u201cI mir\u00eb i sinqert\u00eb i dashur e mbi t\u00eb gjitha i perkushtuar p\u00ebr familje \u00ebsht\u00eb Ismeti\u201d. K\u00ebshtu shprehet Ardita bashk\u00ebshortja e ti.<\/p>\n<p>Gjat\u00eb k\u00ebtyre viteve ka b\u00ebr\u00eb 10 k\u00ebng\u00eb t\u00eb cilat ende nuk i ka p\u00ebrmbledh\u00eb n\u00eb albume. K\u00ebto k\u00ebng\u00eb jan\u00eb punuar n\u00eb video klipe q\u00eb jane xhiruar n\u00eb programe t\u00eb Vitit t\u00eb Ri.<br \/>\n<a href=\"http:\/\/www.visit-ulcinj.com\/blog\/wp-content\/uploads\/2013\/09\/Ismet-Aloshi-2.jpg\"><img loading=\"lazy\" class=\"alignleft  wp-image-74631\" alt=\"Ismet Aloshi-2\" src=\"http:\/\/www.visit-ulcinj.com\/blog\/wp-content\/uploads\/2013\/09\/Ismet-Aloshi-2.jpg\" width=\"508\" height=\"360\" \/><\/a><br \/>\nKa qen\u00eb n\u00eb shum vende t\u00eb Europ\u00ebs, si : Gjermani, Itali, Belgjik\u00eb, Austri, Hungari, \u00c7eki e Turqi. Gjat k\u00ebtyre viteve, dha kontributin e vet n\u00eb organizimin e koncerteve e manifestimeve kulturore t\u00eb organizuara n\u00ebn patronatin e Sht\u00ebpis\u00eb s\u00eb kultur\u00ebs n\u00eb Ulqin. I ftuar nga kryesia e Komunes s\u00eb Ulqinit, n\u00eb vitin 2007. Ismet Aloshi shkoj n\u00eb New York te SHBA, p\u00ebr t\u00eb dh\u00ebn\u00eb koncert me rastin e 28. N\u00ebntorit Dit\u00ebs s\u00eb Flamurti. P\u00ebr paraqitjen e vlerave kulturore t\u00eb trevave tona, Komuna e Ulqinit ishte e ftuar n\u00eb vitin 2008 nga Majori i \u00c7ikagos. S\u00eb bashku me koleg\u00eb t\u00eb tjer\u00eb, n\u00eb organizimin e Komunes s\u00eb Ulqinit, Ismet p\u00ebrs\u00ebri jep shfaqje ne SHBA por k\u00ebsaj here n\u00eb \u00c7ikago. Pas k\u00ebsaj, SHBA-t\u00eb i vizitoj edhe her\u00eb tjera si i ftuar nga bashk\u00ebvendasit tan\u00eb.<\/p>\n<p>Ndonese muzika \u00ebsht\u00eb pasioni i jet\u00ebs s\u00eb ti, Ismet Aloshi vazhdon t\u00eb merret me te. Ate e shohim si solist n\u00eb Grupin muzikor \u201cRomantika\u201d, n\u00eb shoq\u00ebri t\u00eb Sead Asllanit solist, Abedin Veliut e Ilir Gjecbitraj sintist dhe Bahri Hurmit klarinetist e tupanxhi. E shohim ne g\u00ebzime familjare q\u00eb nga Ulqini, Shkodra, Lezha Dursi e deri n\u00eb Tiran\u00eb e vende tjera t\u00eb shqip\u00ebris\u00eb.<\/p>\n<p>K\u00ebng\u00ebn e don. E kondon at\u00eb me shum pasion dhe kjo e b\u00ebn\u00eb at\u00eb t\u00eb sukses\u00ebsh\u00ebm. K\u00ebt\u00eb m\u00eb s\u00eb miri e d\u00ebshmon num\u00ebri i fansave t\u00eb ti. P\u00ebr mb\u00ebshtetjen e madhe t\u00eb cil\u00ebn ia dhan\u00eb, gjat\u00eb gjith\u00eb karieres s\u00eb ti artistike, Ismet Aloshi i falenderon fansat. Shpesh shprehet se \u201ck\u00ebng\u00ebtari pa fansa \u00ebsht\u00eb si peshku pa uj\u201d. P\u00ebrvec fansave vendase, ne ve\u00e7anti falenderon mbeshtetjen e atyre nga diaspora q\u00eb nga Italia e deri n\u00eb Amerik\u00eb. Ndon\u00ebse muzik\u00ebn e ka pasion, k\u00ebng\u00ebtari Ismet Aloshi me k\u00ebng\u00ebt e tij vazhdon t\u00eb ushqej shpirtrat e fansave dhe do ta b\u00ebj\u00eb ate pegjithmon\u00eb.<\/p>\n<p><iframe loading=\"lazy\" width=\"508\" height=\"360\" src=\"\/\/www.youtube.com\/embed\/gwEHZoe2PgM\" frameborder=\"0\" allowfullscreen><\/iframe><\/p>\n","protected":false},"excerpt":{"rendered":"<p>Shkruan Ilir Lleshi K\u00ebng\u00ebtari nga Ulqini, Ismet Aloshi u lind me 1984. Muziken e kishte pasion qe ne f\u00ebmijeri. Tek sa i jepte lend\u00ebn e muzik\u00ebs, n\u00eb klas\u00eb t\u00eb pest\u00eb n\u00eb IP Shkolla fillore \u201cBedri Elezaga\u201d Katerkoll\u00eb-Ulqin, ku Ismeti b\u00ebri m\u00ebsimin fillor, arsimtari Viktor Nrekiqi zbuloj talentin e ti n\u00eb t\u00eb k\u00ebnduar. Arsimtari menjihere filloj [&hellip;]<\/p>\n","protected":false},"author":1,"featured_media":0,"comment_status":"closed","ping_status":"closed","sticky":false,"template":"","format":"standard","meta":{"spay_email":"","jetpack_publicize_message":"","jetpack_is_tweetstorm":false,"jetpack_publicize_feature_enabled":true},"categories":[1],"tags":[],"jetpack_publicize_connections":[],"yoast_head":"<!-- This site is optimized with the Yoast SEO plugin v19.1 - https:\/\/yoast.com\/wordpress\/plugins\/seo\/ -->\n<title>Ismet Aloshi k\u00ebnga pasioni im i jet\u00ebs - Video - Lajme nga Ulqini<\/title>\n<meta name=\"description\" content=\"Shkruan Ilir Lleshi K\u00ebng\u00ebtari nga Ulqini, Ismet Aloshi u lind me 1984. Muziken e kishte pasion qe ne f\u00ebmijeri. Tek sa i jepte lend\u00ebn e muzik\u00ebs, n\u00eb klas\u00eb\" \/>\n<meta name=\"robots\" content=\"index, follow, max-snippet:-1, max-image-preview:large, max-video-preview:-1\" \/>\n<link rel=\"canonical\" href=\"https:\/\/www.visit-ulcinj.com\/blog\/2013\/09\/09\/ismet-aloshi-kenga-pasioni-im-i-jetes-video\/\" \/>\n<meta property=\"og:locale\" content=\"en_US\" \/>\n<meta property=\"og:type\" content=\"article\" \/>\n<meta property=\"og:title\" content=\"Ismet Aloshi k\u00ebnga pasioni im i jet\u00ebs - Video - Lajme nga Ulqini\" \/>\n<meta property=\"og:description\" content=\"Shkruan Ilir Lleshi K\u00ebng\u00ebtari nga Ulqini, Ismet Aloshi u lind me 1984. Muziken e kishte pasion qe ne f\u00ebmijeri. Tek sa i jepte lend\u00ebn e muzik\u00ebs, n\u00eb klas\u00eb\" \/>\n<meta property=\"og:url\" content=\"https:\/\/www.visit-ulcinj.com\/blog\/2013\/09\/09\/ismet-aloshi-kenga-pasioni-im-i-jetes-video\/\" \/>\n<meta property=\"og:site_name\" content=\"Lajme nga Ulqini\" \/>\n<meta property=\"article:published_time\" content=\"2013-09-09T12:43:10+00:00\" \/>\n<meta property=\"og:image\" content=\"http:\/\/www.visit-ulcinj.com\/blog\/wp-content\/uploads\/2013\/09\/Ismet-Aloshi.jpg\" \/>\n<meta name=\"twitter:label1\" content=\"Written by\" \/>\n\t<meta name=\"twitter:data1\" content=\"ulqini\" \/>\n\t<meta name=\"twitter:label2\" content=\"Est. reading time\" \/>\n\t<meta name=\"twitter:data2\" content=\"5 minutes\" \/>\n<script type=\"application\/ld+json\" class=\"yoast-schema-graph\">{\"@context\":\"https:\/\/schema.org\",\"@graph\":[{\"@type\":\"WebSite\",\"@id\":\"https:\/\/www.visit-ulcinj.com\/blog\/#website\",\"url\":\"https:\/\/www.visit-ulcinj.com\/blog\/\",\"name\":\"Lajme nga Ulqini\",\"description\":\"Lajme,Vijesti,Ulqini,Ulqin,Crna Gora,Mali i Zi\",\"potentialAction\":[{\"@type\":\"SearchAction\",\"target\":{\"@type\":\"EntryPoint\",\"urlTemplate\":\"https:\/\/www.visit-ulcinj.com\/blog\/?s={search_term_string}\"},\"query-input\":\"required name=search_term_string\"}],\"inLanguage\":\"en-US\"},{\"@type\":\"ImageObject\",\"inLanguage\":\"en-US\",\"@id\":\"https:\/\/www.visit-ulcinj.com\/blog\/2013\/09\/09\/ismet-aloshi-kenga-pasioni-im-i-jetes-video\/#primaryimage\",\"url\":\"https:\/\/www.visit-ulcinj.com\/blog\/wp-content\/uploads\/2013\/09\/Ismet-Aloshi.jpg\",\"contentUrl\":\"https:\/\/www.visit-ulcinj.com\/blog\/wp-content\/uploads\/2013\/09\/Ismet-Aloshi.jpg\",\"width\":960,\"height\":512},{\"@type\":\"WebPage\",\"@id\":\"https:\/\/www.visit-ulcinj.com\/blog\/2013\/09\/09\/ismet-aloshi-kenga-pasioni-im-i-jetes-video\/#webpage\",\"url\":\"https:\/\/www.visit-ulcinj.com\/blog\/2013\/09\/09\/ismet-aloshi-kenga-pasioni-im-i-jetes-video\/\",\"name\":\"Ismet Aloshi k\u00ebnga pasioni im i jet\u00ebs - Video - Lajme nga Ulqini\",\"isPartOf\":{\"@id\":\"https:\/\/www.visit-ulcinj.com\/blog\/#website\"},\"primaryImageOfPage\":{\"@id\":\"https:\/\/www.visit-ulcinj.com\/blog\/2013\/09\/09\/ismet-aloshi-kenga-pasioni-im-i-jetes-video\/#primaryimage\"},\"datePublished\":\"2013-09-09T12:43:10+00:00\",\"dateModified\":\"2013-09-09T12:43:10+00:00\",\"author\":{\"@id\":\"https:\/\/www.visit-ulcinj.com\/blog\/#\/schema\/person\/dcab619c614d3038751c63bc2aadc06d\"},\"description\":\"Shkruan Ilir Lleshi K\u00ebng\u00ebtari nga Ulqini, Ismet Aloshi u lind me 1984. Muziken e kishte pasion qe ne f\u00ebmijeri. Tek sa i jepte lend\u00ebn e muzik\u00ebs, n\u00eb klas\u00eb\",\"breadcrumb\":{\"@id\":\"https:\/\/www.visit-ulcinj.com\/blog\/2013\/09\/09\/ismet-aloshi-kenga-pasioni-im-i-jetes-video\/#breadcrumb\"},\"inLanguage\":\"en-US\",\"potentialAction\":[{\"@type\":\"ReadAction\",\"target\":[\"https:\/\/www.visit-ulcinj.com\/blog\/2013\/09\/09\/ismet-aloshi-kenga-pasioni-im-i-jetes-video\/\"]}]},{\"@type\":\"BreadcrumbList\",\"@id\":\"https:\/\/www.visit-ulcinj.com\/blog\/2013\/09\/09\/ismet-aloshi-kenga-pasioni-im-i-jetes-video\/#breadcrumb\",\"itemListElement\":[{\"@type\":\"ListItem\",\"position\":1,\"name\":\"Ismet Aloshi k\u00ebnga pasioni im i jet\u00ebs &#8211; Video\"}]},{\"@type\":\"Person\",\"@id\":\"https:\/\/www.visit-ulcinj.com\/blog\/#\/schema\/person\/dcab619c614d3038751c63bc2aadc06d\",\"name\":\"ulqini\",\"sameAs\":[\"http:\/\/www.visit-ulcinj.com\"],\"url\":\"https:\/\/www.visit-ulcinj.com\/blog\/author\/admin\/\"}]}<\/script>\n<!-- \/ Yoast SEO plugin. -->","yoast_head_json":{"title":"Ismet Aloshi k\u00ebnga pasioni im i jet\u00ebs - Video - Lajme nga Ulqini","description":"Shkruan Ilir Lleshi K\u00ebng\u00ebtari nga Ulqini, Ismet Aloshi u lind me 1984. Muziken e kishte pasion qe ne f\u00ebmijeri. Tek sa i jepte lend\u00ebn e muzik\u00ebs, n\u00eb klas\u00eb","robots":{"index":"index","follow":"follow","max-snippet":"max-snippet:-1","max-image-preview":"max-image-preview:large","max-video-preview":"max-video-preview:-1"},"canonical":"https:\/\/www.visit-ulcinj.com\/blog\/2013\/09\/09\/ismet-aloshi-kenga-pasioni-im-i-jetes-video\/","og_locale":"en_US","og_type":"article","og_title":"Ismet Aloshi k\u00ebnga pasioni im i jet\u00ebs - Video - Lajme nga Ulqini","og_description":"Shkruan Ilir Lleshi K\u00ebng\u00ebtari nga Ulqini, Ismet Aloshi u lind me 1984. Muziken e kishte pasion qe ne f\u00ebmijeri. Tek sa i jepte lend\u00ebn e muzik\u00ebs, n\u00eb klas\u00eb","og_url":"https:\/\/www.visit-ulcinj.com\/blog\/2013\/09\/09\/ismet-aloshi-kenga-pasioni-im-i-jetes-video\/","og_site_name":"Lajme nga Ulqini","article_published_time":"2013-09-09T12:43:10+00:00","og_image":[{"url":"http:\/\/www.visit-ulcinj.com\/blog\/wp-content\/uploads\/2013\/09\/Ismet-Aloshi.jpg"}],"twitter_misc":{"Written by":"ulqini","Est. reading time":"5 minutes"},"schema":{"@context":"https:\/\/schema.org","@graph":[{"@type":"WebSite","@id":"https:\/\/www.visit-ulcinj.com\/blog\/#website","url":"https:\/\/www.visit-ulcinj.com\/blog\/","name":"Lajme nga Ulqini","description":"Lajme,Vijesti,Ulqini,Ulqin,Crna Gora,Mali i Zi","potentialAction":[{"@type":"SearchAction","target":{"@type":"EntryPoint","urlTemplate":"https:\/\/www.visit-ulcinj.com\/blog\/?s={search_term_string}"},"query-input":"required name=search_term_string"}],"inLanguage":"en-US"},{"@type":"ImageObject","inLanguage":"en-US","@id":"https:\/\/www.visit-ulcinj.com\/blog\/2013\/09\/09\/ismet-aloshi-kenga-pasioni-im-i-jetes-video\/#primaryimage","url":"https:\/\/www.visit-ulcinj.com\/blog\/wp-content\/uploads\/2013\/09\/Ismet-Aloshi.jpg","contentUrl":"https:\/\/www.visit-ulcinj.com\/blog\/wp-content\/uploads\/2013\/09\/Ismet-Aloshi.jpg","width":960,"height":512},{"@type":"WebPage","@id":"https:\/\/www.visit-ulcinj.com\/blog\/2013\/09\/09\/ismet-aloshi-kenga-pasioni-im-i-jetes-video\/#webpage","url":"https:\/\/www.visit-ulcinj.com\/blog\/2013\/09\/09\/ismet-aloshi-kenga-pasioni-im-i-jetes-video\/","name":"Ismet Aloshi k\u00ebnga pasioni im i jet\u00ebs - Video - Lajme nga Ulqini","isPartOf":{"@id":"https:\/\/www.visit-ulcinj.com\/blog\/#website"},"primaryImageOfPage":{"@id":"https:\/\/www.visit-ulcinj.com\/blog\/2013\/09\/09\/ismet-aloshi-kenga-pasioni-im-i-jetes-video\/#primaryimage"},"datePublished":"2013-09-09T12:43:10+00:00","dateModified":"2013-09-09T12:43:10+00:00","author":{"@id":"https:\/\/www.visit-ulcinj.com\/blog\/#\/schema\/person\/dcab619c614d3038751c63bc2aadc06d"},"description":"Shkruan Ilir Lleshi K\u00ebng\u00ebtari nga Ulqini, Ismet Aloshi u lind me 1984. Muziken e kishte pasion qe ne f\u00ebmijeri. Tek sa i jepte lend\u00ebn e muzik\u00ebs, n\u00eb klas\u00eb","breadcrumb":{"@id":"https:\/\/www.visit-ulcinj.com\/blog\/2013\/09\/09\/ismet-aloshi-kenga-pasioni-im-i-jetes-video\/#breadcrumb"},"inLanguage":"en-US","potentialAction":[{"@type":"ReadAction","target":["https:\/\/www.visit-ulcinj.com\/blog\/2013\/09\/09\/ismet-aloshi-kenga-pasioni-im-i-jetes-video\/"]}]},{"@type":"BreadcrumbList","@id":"https:\/\/www.visit-ulcinj.com\/blog\/2013\/09\/09\/ismet-aloshi-kenga-pasioni-im-i-jetes-video\/#breadcrumb","itemListElement":[{"@type":"ListItem","position":1,"name":"Ismet Aloshi k\u00ebnga pasioni im i jet\u00ebs &#8211; Video"}]},{"@type":"Person","@id":"https:\/\/www.visit-ulcinj.com\/blog\/#\/schema\/person\/dcab619c614d3038751c63bc2aadc06d","name":"ulqini","sameAs":["http:\/\/www.visit-ulcinj.com"],"url":"https:\/\/www.visit-ulcinj.com\/blog\/author\/admin\/"}]}},"jetpack_featured_media_url":"","jetpack_sharing_enabled":true,"jetpack_shortlink":"https:\/\/wp.me\/pe6lTn-jpG","_links":{"self":[{"href":"https:\/\/www.visit-ulcinj.com\/blog\/wp-json\/wp\/v2\/posts\/74628"}],"collection":[{"href":"https:\/\/www.visit-ulcinj.com\/blog\/wp-json\/wp\/v2\/posts"}],"about":[{"href":"https:\/\/www.visit-ulcinj.com\/blog\/wp-json\/wp\/v2\/types\/post"}],"author":[{"embeddable":true,"href":"https:\/\/www.visit-ulcinj.com\/blog\/wp-json\/wp\/v2\/users\/1"}],"replies":[{"embeddable":true,"href":"https:\/\/www.visit-ulcinj.com\/blog\/wp-json\/wp\/v2\/comments?post=74628"}],"version-history":[{"count":1,"href":"https:\/\/www.visit-ulcinj.com\/blog\/wp-json\/wp\/v2\/posts\/74628\/revisions"}],"predecessor-version":[{"id":74632,"href":"https:\/\/www.visit-ulcinj.com\/blog\/wp-json\/wp\/v2\/posts\/74628\/revisions\/74632"}],"wp:attachment":[{"href":"https:\/\/www.visit-ulcinj.com\/blog\/wp-json\/wp\/v2\/media?parent=74628"}],"wp:term":[{"taxonomy":"category","embeddable":true,"href":"https:\/\/www.visit-ulcinj.com\/blog\/wp-json\/wp\/v2\/categories?post=74628"},{"taxonomy":"post_tag","embeddable":true,"href":"https:\/\/www.visit-ulcinj.com\/blog\/wp-json\/wp\/v2\/tags?post=74628"}],"curies":[{"name":"wp","href":"https:\/\/api.w.org\/{rel}","templated":true}]}}