{"id":74658,"date":"2013-09-10T15:47:13","date_gmt":"2013-09-10T14:47:13","guid":{"rendered":"http:\/\/www.visit-ulcinj.com\/blog\/?p=74658"},"modified":"2013-09-14T07:17:00","modified_gmt":"2013-09-14T06:17:00","slug":"end-season-fest-20-22-shtator-2013","status":"publish","type":"post","link":"https:\/\/www.visit-ulcinj.com\/blog\/2013\/09\/10\/end-season-fest-20-22-shtator-2013\/","title":{"rendered":"END SEASON FEST &#8211; 20 &#8211; 22 shtator 2013"},"content":{"rendered":"<p><strong><a href=\"http:\/\/www.visit-ulcinj.com\/blog\/wp-content\/uploads\/2013\/09\/marubiulcinj.jpg\"><img loading=\"lazy\" class=\"alignleft  wp-image-74555\" alt=\"marubiulcinj\" src=\"http:\/\/www.visit-ulcinj.com\/blog\/wp-content\/uploads\/2013\/09\/marubiulcinj.jpg\" width=\"508\" height=\"600\" \/><\/a>Festivali Marubi<\/strong><\/p>\n<p>T\u00eb nderuar p\u00ebrfaq\u00ebsues t\u00eb mediave, t\u00eb nderuar qytetar\u00eb<\/p>\n<p>D\u00ebshiroj t\u2019u njoftoj q\u00eb jemi n\u00eb prag t\u00eb mbajtjes s\u00eb nj\u00eb manifestimi t\u00eb r\u00ebnd\u00ebsish\u00ebm p\u00ebr qytetin ton\u00eb, i cili ka p\u00ebr q\u00ebllim pasurimin dhe diversifikimin e ofert\u00ebs turistike me synimin q\u00eb t\u00eb zgjatet sezoni turistik.<\/p>\n<p>END SEASON FEST \u2013 Marubi do t\u00eb mbahet nga data 20 deri, m\u00eb 22 shtator n\u00eb disa lokacione. B\u00ebhet fjal\u00eb p\u00ebr nj\u00eb koncept inovativ t\u00eb manifestimit me t\u00eb cilin promovojm\u00eb trash\u00ebgimin\u00eb ton\u00eb kulturore, tradit\u00ebn dhe ve\u00e7antit\u00eb e tjera t\u00eb k\u00ebtij n\u00ebnqielli.<\/p>\n<p>END SEASON FEST i dedikohet t\u00eb gjith\u00eb turist\u00ebve dhe qytetar\u00ebve t\u00eb Komun\u00ebs s\u00eb Ulqinit pa marr\u00eb parasysh mosh\u00ebn e tyre, sepse n\u00eb vetvete p\u00ebrshkon nj\u00eb vist\u00ebr t\u00eb aktiviteteve t\u00eb p\u00ebrshtatur p\u00ebr t\u00eb gjitha shijet.<\/p>\n<p>Dita e par\u00eb e Festivalit \u00ebsht\u00eb dita e promovimeve t\u00eb vlerave tona tradicionale. Gjat\u00eb dit\u00ebs s\u00eb par\u00eb, m\u00eb 20 shtator n\u00eb Sheshin e rob\u00ebrve n\u00eb Kala, do t\u00eb mbahet Panairi i kuzhin\u00ebs tradicionale dhe suvenireve n\u00eb t\u00eb cilin do t\u00eb ekspozohen t\u00eb gjitha gjell\u00ebt tradicionale t\u00eb cilat qytetin ton\u00eb e b\u00ebjn\u00eb destinacion t\u00eb njohur n\u00eb rajon. Suvenir\u00ebt autentik\u00eb, pjes\u00eb e tradit\u00ebs ton\u00eb shekullore t\u00eb artizanatit, do ta b\u00ebjn\u00eb k\u00ebt\u00eb panair edhe m\u00eb shum\u00eb t\u00ebrheq\u00ebs p\u00ebr vizitor\u00ebt.<\/p>\n<p>Po at\u00eb dit\u00eb, pas panairit, pason koncerti i muzik\u00ebs klasike dhe asaj burimore gjat\u00eb t\u00eb cilit vizitor\u00ebt do t\u00eb ken\u00eb rast t\u00eb d\u00ebgjojn\u00eb tonet e muzik\u00ebs klasike, burimore dhe asaj etno me motive nga Ulqini dhe rajoni.<\/p>\n<p>Dita e dyt\u00eb e END SEASON FEST \u2013 it \u00ebsht\u00eb dita e rinis\u00eb! Dita e dyt\u00eb mbahet me dat\u00ebn 21 shtator n\u00eb plazhet kajt surfing DOLCINIUM dhe PACHA beach.<\/p>\n<p>P\u00ebr t\u00eb rinjt\u00eb kemi organizuar p\u00ebrmbajtje p\u00ebr arg\u00ebtim t\u00eb mir\u00eb si\u00e7 \u00ebsht\u00eb muzika e DJ \u2013 me me renome nga Ulqini dhe rajoni, akrobacione kajt surf dhe shkoll\u00eb, turne n\u00eb volejboll etj.<\/p>\n<p>Dita e tret\u00eb e Festivalit, gjithsesi \u00ebsht\u00eb nata m\u00eb interesante. Dita e legjendave do t\u00eb mbahet, m\u00eb 22 shtator n\u00eb lokalitetin Valdanos, n\u00eb fush\u00ebn pas plazhit. Programi i dit\u00ebs s\u00eb legjendave p\u00ebrmban paraqitjen premier\u00eb t\u00eb koreografis\u00eb p\u00ebr dy legjenda ulqinake \u2013 Kroni i Zanave dhe Legjenda e Flo\u00e7k\u00ebs, t\u00eb punuara posa\u00e7\u00ebrisht p\u00ebr nat\u00ebn e tret\u00eb t\u00eb Festivalit. K\u00ebshtu p\u00ebr t\u00eb par\u00ebn her\u00eb promovohet nj\u00eb pjes\u00eb shum\u00eb e pasur por e l\u00ebn\u00eb pas dore e trash\u00ebgimis\u00eb ton\u00eb kulturore.<\/p>\n<p>Festivali mbahet n\u00eb kuad\u00ebr t\u00eb projektit MARUBI: model i bashk\u00ebpunimit me q\u00ebllim t\u00eb promovimit t\u00eb turizmit n\u00eb mes Shkodr\u00ebs dhe Ulqinit, t\u00eb cilin e financon Bashkimi Europian. Partner\u00eb t\u00eb Projektit, krahas Komun\u00ebs son\u00eb jan\u00eb Komuna e Shkodr\u00ebs, Organizata turistike e Ulqinit, Muzeu i Ulqinit, Agjencia p\u00ebr zhvillim TEULEDA dhe Fototeka MARUBI nga Shkodra.<\/p>\n<p>Do t\u00eb shfryt\u00ebzoj rastin q\u00eb shkurtimisht t\u00eb p\u00ebrmendi aktivitete e realizuara deri tash n\u00eb kuad\u00ebr t\u00eb k\u00ebtij projekti:<\/p>\n<p>&#8211;\u00a0\u00a0\u00a0\u00a0\u00a0\u00a0\u00a0\u00a0\u00a0 Hapja permanente e ekspozit\u00ebs Marubi n\u00eb Kull\u00ebn e Balshajve n\u00eb Kala me m\u00eb shum\u00eb se 70 fotografi,<\/p>\n<p>&#8211;\u00a0\u00a0\u00a0\u00a0\u00a0\u00a0\u00a0\u00a0\u00a0 Vendosja e sinjalistik\u00ebs dhe rinovimi i muzeut t\u00eb Ulqinit,<\/p>\n<p>&#8211;\u00a0\u00a0\u00a0\u00a0\u00a0\u00a0\u00a0\u00a0\u00a0 Rregullimi dhe pastrimi i 8 shtigjeve malore n\u00eb Komun\u00ebn e Ulqinit me q\u00ebllim t\u00eb promovimit t\u00eb autdoor turizmit,<\/p>\n<p>&#8211;\u00a0\u00a0\u00a0\u00a0\u00a0\u00a0\u00a0\u00a0\u00a0 Vendosja e sinjalistik\u00ebs p\u00ebr 8 shtigjet malore n\u00eb territorin e Komun\u00ebs s\u00eb Ulqinit.<\/p>\n<p>Sot me mua jan\u00eb firmat dhe shoqatat t\u00eb cilat pas zbatimit t\u00eb procedurave tenderike n\u00eb pajtim me rregullat e BE, kan\u00eb fituar kontratat p\u00ebr organizimin e disa aktiviteteve n\u00eb kuad\u00ebr t\u00eb END SEASON FEST \u2013 it.<\/p>\n<p>N\u00eb fund, shfryt\u00ebzoj rastin q\u00eb n\u00eb m\u00ebnyr\u00eb t\u00eb ve\u00e7ant\u00eb t&#8217;i fal\u00ebnderohem donatorit Delegacionit t\u00eb Bashkimit Europian n\u00eb Mal t\u00eb Zi p\u00ebr k\u00ebt\u00eb projekt, kurse t\u00eb gjith\u00ebve ju ftoj q\u00eb t\u00eb bashkoheni me ne n\u00eb momentet e kremtimit gjat\u00eb festivalit.<\/p>\n<p>Faleminderit.<\/p>\n<p><iframe loading=\"lazy\" width=\"508\" height=\"360\" src=\"\/\/www.youtube.com\/embed\/q5HjgKmKpVY\" frameborder=\"0\" allowfullscreen><\/iframe><\/p>\n","protected":false},"excerpt":{"rendered":"<p>Festivali Marubi T\u00eb nderuar p\u00ebrfaq\u00ebsues t\u00eb mediave, t\u00eb nderuar qytetar\u00eb D\u00ebshiroj t\u2019u njoftoj q\u00eb jemi n\u00eb prag t\u00eb mbajtjes s\u00eb nj\u00eb manifestimi t\u00eb r\u00ebnd\u00ebsish\u00ebm p\u00ebr qytetin ton\u00eb, i cili ka p\u00ebr q\u00ebllim pasurimin dhe diversifikimin e ofert\u00ebs turistike me synimin q\u00eb t\u00eb zgjatet sezoni turistik. END SEASON FEST \u2013 Marubi do t\u00eb mbahet nga data [&hellip;]<\/p>\n","protected":false},"author":1,"featured_media":0,"comment_status":"closed","ping_status":"closed","sticky":false,"template":"","format":"standard","meta":{"spay_email":"","jetpack_publicize_message":"","jetpack_is_tweetstorm":false,"jetpack_publicize_feature_enabled":true},"categories":[15],"tags":[],"jetpack_publicize_connections":[],"yoast_head":"<!-- This site is optimized with the Yoast SEO plugin v19.1 - https:\/\/yoast.com\/wordpress\/plugins\/seo\/ -->\n<title>END SEASON FEST - 20 - 22 shtator 2013 - Lajme nga Ulqini<\/title>\n<meta name=\"description\" content=\"Festivali Marubi T\u00eb nderuar p\u00ebrfaq\u00ebsues t\u00eb mediave, t\u00eb nderuar qytetar\u00eb D\u00ebshiroj t\u2019u njoftoj q\u00eb jemi n\u00eb prag t\u00eb mbajtjes s\u00eb nj\u00eb manifestimi t\u00eb r\u00ebnd\u00ebsish\u00ebm\" \/>\n<meta name=\"robots\" content=\"index, follow, max-snippet:-1, max-image-preview:large, max-video-preview:-1\" \/>\n<link rel=\"canonical\" href=\"https:\/\/www.visit-ulcinj.com\/blog\/2013\/09\/10\/end-season-fest-20-22-shtator-2013\/\" \/>\n<meta property=\"og:locale\" content=\"en_US\" \/>\n<meta property=\"og:type\" content=\"article\" \/>\n<meta property=\"og:title\" content=\"END SEASON FEST - 20 - 22 shtator 2013 - Lajme nga Ulqini\" \/>\n<meta property=\"og:description\" content=\"Festivali Marubi T\u00eb nderuar p\u00ebrfaq\u00ebsues t\u00eb mediave, t\u00eb nderuar qytetar\u00eb D\u00ebshiroj t\u2019u njoftoj q\u00eb jemi n\u00eb prag t\u00eb mbajtjes s\u00eb nj\u00eb manifestimi t\u00eb r\u00ebnd\u00ebsish\u00ebm\" \/>\n<meta property=\"og:url\" content=\"https:\/\/www.visit-ulcinj.com\/blog\/2013\/09\/10\/end-season-fest-20-22-shtator-2013\/\" \/>\n<meta property=\"og:site_name\" content=\"Lajme nga Ulqini\" \/>\n<meta property=\"article:published_time\" content=\"2013-09-10T14:47:13+00:00\" \/>\n<meta property=\"article:modified_time\" content=\"2013-09-14T06:17:00+00:00\" \/>\n<meta property=\"og:image\" content=\"http:\/\/www.visit-ulcinj.com\/blog\/wp-content\/uploads\/2013\/09\/marubiulcinj.jpg\" \/>\n<meta name=\"twitter:label1\" content=\"Written by\" \/>\n\t<meta name=\"twitter:data1\" content=\"ulqini\" \/>\n\t<meta name=\"twitter:label2\" content=\"Est. reading time\" \/>\n\t<meta name=\"twitter:data2\" content=\"3 minutes\" \/>\n<script type=\"application\/ld+json\" class=\"yoast-schema-graph\">{\"@context\":\"https:\/\/schema.org\",\"@graph\":[{\"@type\":\"WebSite\",\"@id\":\"https:\/\/www.visit-ulcinj.com\/blog\/#website\",\"url\":\"https:\/\/www.visit-ulcinj.com\/blog\/\",\"name\":\"Lajme nga Ulqini\",\"description\":\"Lajme,Vijesti,Ulqini,Ulqin,Crna Gora,Mali i Zi\",\"potentialAction\":[{\"@type\":\"SearchAction\",\"target\":{\"@type\":\"EntryPoint\",\"urlTemplate\":\"https:\/\/www.visit-ulcinj.com\/blog\/?s={search_term_string}\"},\"query-input\":\"required name=search_term_string\"}],\"inLanguage\":\"en-US\"},{\"@type\":\"ImageObject\",\"inLanguage\":\"en-US\",\"@id\":\"https:\/\/www.visit-ulcinj.com\/blog\/2013\/09\/10\/end-season-fest-20-22-shtator-2013\/#primaryimage\",\"url\":\"https:\/\/www.visit-ulcinj.com\/blog\/wp-content\/uploads\/2013\/09\/marubiulcinj.jpg\",\"contentUrl\":\"https:\/\/www.visit-ulcinj.com\/blog\/wp-content\/uploads\/2013\/09\/marubiulcinj.jpg\",\"width\":700,\"height\":999},{\"@type\":\"WebPage\",\"@id\":\"https:\/\/www.visit-ulcinj.com\/blog\/2013\/09\/10\/end-season-fest-20-22-shtator-2013\/#webpage\",\"url\":\"https:\/\/www.visit-ulcinj.com\/blog\/2013\/09\/10\/end-season-fest-20-22-shtator-2013\/\",\"name\":\"END SEASON FEST - 20 - 22 shtator 2013 - Lajme nga Ulqini\",\"isPartOf\":{\"@id\":\"https:\/\/www.visit-ulcinj.com\/blog\/#website\"},\"primaryImageOfPage\":{\"@id\":\"https:\/\/www.visit-ulcinj.com\/blog\/2013\/09\/10\/end-season-fest-20-22-shtator-2013\/#primaryimage\"},\"datePublished\":\"2013-09-10T14:47:13+00:00\",\"dateModified\":\"2013-09-14T06:17:00+00:00\",\"author\":{\"@id\":\"https:\/\/www.visit-ulcinj.com\/blog\/#\/schema\/person\/dcab619c614d3038751c63bc2aadc06d\"},\"description\":\"Festivali Marubi T\u00eb nderuar p\u00ebrfaq\u00ebsues t\u00eb mediave, t\u00eb nderuar qytetar\u00eb D\u00ebshiroj t\u2019u njoftoj q\u00eb jemi n\u00eb prag t\u00eb mbajtjes s\u00eb nj\u00eb manifestimi t\u00eb r\u00ebnd\u00ebsish\u00ebm\",\"breadcrumb\":{\"@id\":\"https:\/\/www.visit-ulcinj.com\/blog\/2013\/09\/10\/end-season-fest-20-22-shtator-2013\/#breadcrumb\"},\"inLanguage\":\"en-US\",\"potentialAction\":[{\"@type\":\"ReadAction\",\"target\":[\"https:\/\/www.visit-ulcinj.com\/blog\/2013\/09\/10\/end-season-fest-20-22-shtator-2013\/\"]}]},{\"@type\":\"BreadcrumbList\",\"@id\":\"https:\/\/www.visit-ulcinj.com\/blog\/2013\/09\/10\/end-season-fest-20-22-shtator-2013\/#breadcrumb\",\"itemListElement\":[{\"@type\":\"ListItem\",\"position\":1,\"name\":\"END SEASON FEST &#8211; 20 &#8211; 22 shtator 2013\"}]},{\"@type\":\"Person\",\"@id\":\"https:\/\/www.visit-ulcinj.com\/blog\/#\/schema\/person\/dcab619c614d3038751c63bc2aadc06d\",\"name\":\"ulqini\",\"sameAs\":[\"http:\/\/www.visit-ulcinj.com\"],\"url\":\"https:\/\/www.visit-ulcinj.com\/blog\/author\/admin\/\"}]}<\/script>\n<!-- \/ Yoast SEO plugin. -->","yoast_head_json":{"title":"END SEASON FEST - 20 - 22 shtator 2013 - Lajme nga Ulqini","description":"Festivali Marubi T\u00eb nderuar p\u00ebrfaq\u00ebsues t\u00eb mediave, t\u00eb nderuar qytetar\u00eb D\u00ebshiroj t\u2019u njoftoj q\u00eb jemi n\u00eb prag t\u00eb mbajtjes s\u00eb nj\u00eb manifestimi t\u00eb r\u00ebnd\u00ebsish\u00ebm","robots":{"index":"index","follow":"follow","max-snippet":"max-snippet:-1","max-image-preview":"max-image-preview:large","max-video-preview":"max-video-preview:-1"},"canonical":"https:\/\/www.visit-ulcinj.com\/blog\/2013\/09\/10\/end-season-fest-20-22-shtator-2013\/","og_locale":"en_US","og_type":"article","og_title":"END SEASON FEST - 20 - 22 shtator 2013 - Lajme nga Ulqini","og_description":"Festivali Marubi T\u00eb nderuar p\u00ebrfaq\u00ebsues t\u00eb mediave, t\u00eb nderuar qytetar\u00eb D\u00ebshiroj t\u2019u njoftoj q\u00eb jemi n\u00eb prag t\u00eb mbajtjes s\u00eb nj\u00eb manifestimi t\u00eb r\u00ebnd\u00ebsish\u00ebm","og_url":"https:\/\/www.visit-ulcinj.com\/blog\/2013\/09\/10\/end-season-fest-20-22-shtator-2013\/","og_site_name":"Lajme nga Ulqini","article_published_time":"2013-09-10T14:47:13+00:00","article_modified_time":"2013-09-14T06:17:00+00:00","og_image":[{"url":"http:\/\/www.visit-ulcinj.com\/blog\/wp-content\/uploads\/2013\/09\/marubiulcinj.jpg"}],"twitter_misc":{"Written by":"ulqini","Est. reading time":"3 minutes"},"schema":{"@context":"https:\/\/schema.org","@graph":[{"@type":"WebSite","@id":"https:\/\/www.visit-ulcinj.com\/blog\/#website","url":"https:\/\/www.visit-ulcinj.com\/blog\/","name":"Lajme nga Ulqini","description":"Lajme,Vijesti,Ulqini,Ulqin,Crna Gora,Mali i Zi","potentialAction":[{"@type":"SearchAction","target":{"@type":"EntryPoint","urlTemplate":"https:\/\/www.visit-ulcinj.com\/blog\/?s={search_term_string}"},"query-input":"required name=search_term_string"}],"inLanguage":"en-US"},{"@type":"ImageObject","inLanguage":"en-US","@id":"https:\/\/www.visit-ulcinj.com\/blog\/2013\/09\/10\/end-season-fest-20-22-shtator-2013\/#primaryimage","url":"https:\/\/www.visit-ulcinj.com\/blog\/wp-content\/uploads\/2013\/09\/marubiulcinj.jpg","contentUrl":"https:\/\/www.visit-ulcinj.com\/blog\/wp-content\/uploads\/2013\/09\/marubiulcinj.jpg","width":700,"height":999},{"@type":"WebPage","@id":"https:\/\/www.visit-ulcinj.com\/blog\/2013\/09\/10\/end-season-fest-20-22-shtator-2013\/#webpage","url":"https:\/\/www.visit-ulcinj.com\/blog\/2013\/09\/10\/end-season-fest-20-22-shtator-2013\/","name":"END SEASON FEST - 20 - 22 shtator 2013 - Lajme nga Ulqini","isPartOf":{"@id":"https:\/\/www.visit-ulcinj.com\/blog\/#website"},"primaryImageOfPage":{"@id":"https:\/\/www.visit-ulcinj.com\/blog\/2013\/09\/10\/end-season-fest-20-22-shtator-2013\/#primaryimage"},"datePublished":"2013-09-10T14:47:13+00:00","dateModified":"2013-09-14T06:17:00+00:00","author":{"@id":"https:\/\/www.visit-ulcinj.com\/blog\/#\/schema\/person\/dcab619c614d3038751c63bc2aadc06d"},"description":"Festivali Marubi T\u00eb nderuar p\u00ebrfaq\u00ebsues t\u00eb mediave, t\u00eb nderuar qytetar\u00eb D\u00ebshiroj t\u2019u njoftoj q\u00eb jemi n\u00eb prag t\u00eb mbajtjes s\u00eb nj\u00eb manifestimi t\u00eb r\u00ebnd\u00ebsish\u00ebm","breadcrumb":{"@id":"https:\/\/www.visit-ulcinj.com\/blog\/2013\/09\/10\/end-season-fest-20-22-shtator-2013\/#breadcrumb"},"inLanguage":"en-US","potentialAction":[{"@type":"ReadAction","target":["https:\/\/www.visit-ulcinj.com\/blog\/2013\/09\/10\/end-season-fest-20-22-shtator-2013\/"]}]},{"@type":"BreadcrumbList","@id":"https:\/\/www.visit-ulcinj.com\/blog\/2013\/09\/10\/end-season-fest-20-22-shtator-2013\/#breadcrumb","itemListElement":[{"@type":"ListItem","position":1,"name":"END SEASON FEST &#8211; 20 &#8211; 22 shtator 2013"}]},{"@type":"Person","@id":"https:\/\/www.visit-ulcinj.com\/blog\/#\/schema\/person\/dcab619c614d3038751c63bc2aadc06d","name":"ulqini","sameAs":["http:\/\/www.visit-ulcinj.com"],"url":"https:\/\/www.visit-ulcinj.com\/blog\/author\/admin\/"}]}},"jetpack_featured_media_url":"","jetpack_sharing_enabled":true,"jetpack_shortlink":"https:\/\/wp.me\/pe6lTn-jqa","_links":{"self":[{"href":"https:\/\/www.visit-ulcinj.com\/blog\/wp-json\/wp\/v2\/posts\/74658"}],"collection":[{"href":"https:\/\/www.visit-ulcinj.com\/blog\/wp-json\/wp\/v2\/posts"}],"about":[{"href":"https:\/\/www.visit-ulcinj.com\/blog\/wp-json\/wp\/v2\/types\/post"}],"author":[{"embeddable":true,"href":"https:\/\/www.visit-ulcinj.com\/blog\/wp-json\/wp\/v2\/users\/1"}],"replies":[{"embeddable":true,"href":"https:\/\/www.visit-ulcinj.com\/blog\/wp-json\/wp\/v2\/comments?post=74658"}],"version-history":[{"count":2,"href":"https:\/\/www.visit-ulcinj.com\/blog\/wp-json\/wp\/v2\/posts\/74658\/revisions"}],"predecessor-version":[{"id":74726,"href":"https:\/\/www.visit-ulcinj.com\/blog\/wp-json\/wp\/v2\/posts\/74658\/revisions\/74726"}],"wp:attachment":[{"href":"https:\/\/www.visit-ulcinj.com\/blog\/wp-json\/wp\/v2\/media?parent=74658"}],"wp:term":[{"taxonomy":"category","embeddable":true,"href":"https:\/\/www.visit-ulcinj.com\/blog\/wp-json\/wp\/v2\/categories?post=74658"},{"taxonomy":"post_tag","embeddable":true,"href":"https:\/\/www.visit-ulcinj.com\/blog\/wp-json\/wp\/v2\/tags?post=74658"}],"curies":[{"name":"wp","href":"https:\/\/api.w.org\/{rel}","templated":true}]}}