{"id":74660,"date":"2013-09-10T15:50:21","date_gmt":"2013-09-10T14:50:21","guid":{"rendered":"http:\/\/www.visit-ulcinj.com\/blog\/?p=74660"},"modified":"2013-09-10T15:50:40","modified_gmt":"2013-09-10T14:50:40","slug":"end-season-fest-20-22-septembra-2013","status":"publish","type":"post","link":"https:\/\/www.visit-ulcinj.com\/blog\/2013\/09\/10\/end-season-fest-20-22-septembra-2013\/","title":{"rendered":"END SEASON FEST &#8211; 20 &#8211; 22 septembra 2013"},"content":{"rendered":"<p><strong><a href=\"http:\/\/www.visit-ulcinj.com\/blog\/wp-content\/uploads\/2013\/09\/marubiulcinj.jpg\"><img loading=\"lazy\" class=\"alignleft  wp-image-74555\" alt=\"marubiulcinj\" src=\"http:\/\/www.visit-ulcinj.com\/blog\/wp-content\/uploads\/2013\/09\/marubiulcinj.jpg\" width=\"508\" height=\"600\" \/><\/a>Marubi festival<\/strong><\/p>\n<p>Po\u0161tovani predstavnici medija, po\u0161tovani gra\u0111ani,<\/p>\n<p>\u017delim da vas upoznam da smo na pragu odr\u017eavanja jedne, za na\u0161 grad, bitne manifestacije, koja ima za cilj oboga\u0107enje i diverzifikaciju turisti\u010dke ponude sa te\u017enjom da se produ\u017ei turisti\u010dka sezona.<\/p>\n<p>END SEASON FEST \u2013 Marubi odr\u017ea\u0107e se od 20. do 22 septembra na vi\u0161e lokacija. U pitanju je inovativni koncept manifestacije kojom promovi\u0161emo na\u0161e kulturno naslje\u0111e, tradiciju i druge osobitosti na\u0161eg podneblja.<\/p>\n<p>END SEASON FEST namijenjen je svim turistima i gra\u0111anima Op\u0161tine Ulcinj bez obzira na starosnu dob, jer u sebi pro\u017eima \u010ditav jedan sijaset aktivnosti prilago\u0111en svim ukusima.<\/p>\n<p>Prvi dan Festivala je dan promocije na\u0161ih tradicionalnih vrijednosti.\u00a0 Tokom prvog dana, koji se odr\u017eava 20. septembra na Trgu robova u Starom gradu, odr\u017ea\u0107e se <b>Sajam tradicionalne kuhinje i suvenira<\/b> na kome \u0107e biti izlo\u017eena sva tradicionalna jela koja \u010dine na\u0161 grad prepoznatljivom destinacijom u regionu. Autenti\u010dni suveniri, dio na\u0161e vijekovne zanatske tradicije, \u010dini\u0107e ovaj sajam jo\u0161 primamljivijim za posjetioce.<\/p>\n<p>Istog dana, nakon sajma, slijedi <b>koncert klasi\u010dne i izvorne muzike<\/b> tokom kojeg \u0107e posjetioci imati priliku da slu\u0161aju tonove klasi\u010dne, izvorne i etno muzike sa motivima iz Ulcinja i regiona.<\/p>\n<p>Drugi dan END SEASON FEST-a je <b>dan omladine<\/b>! Drugi dan odr\u017eava se 21 septembra na kajt surfing pla\u017eama DOLCINIUM i PACHA beach.<\/p>\n<p>Za mlade smo organizovali sadr\u017eaje za dobar provod kao \u0161to su muzika renomiranih DJ-jeve iz Ulcinja i regiona, Kajt surf akrobacije i \u0161kola, turnir u odbojci itd.<\/p>\n<p>Tre\u0107i dan festival je, svakako, najinteresantnije ve\u010de. <b>Dan legendi<\/b> odr\u017ea\u0107e se 22 septembra na lokalitetu Valdanos, na poljani iza pla\u017ee.\u00a0 Program Dana legendi sad\u017ei premijerno prikazivanje koreografije za dvije ulcinjske legende \u2013 Vilina \u010desma (Kroni i Zanave) i Sirenina legenda (Legjenda e Flo\u00e7k\u00ebs), specijalno osmi\u0161ljene za tre\u0107e ve\u010de Festivala. Ovim se po prvi put promovi\u0161e jedan veoma bogati a zapostavljeni dio na\u0161e kulturne ba\u0161tine.<\/p>\n<p>Festival se or\u017eava u okviru projekta <b>MARUBI: model saradnje u cilju promovisanja turizma izme\u0111u Skadra i Ulcinj, koji finansira Evropska unija<\/b>. Partneri projekta, pored na\u0161e Op\u0161tine, su Op\u0161tina Skadar, Turisti\u010dka organizacija Ulcinj, Muzej Ulcinj, Agencija za razvoj TEULEDA i Fototeka MARUBI iz Skadra.<\/p>\n<p>&nbsp;<\/p>\n<p>&nbsp;<\/p>\n<p>&nbsp;<\/p>\n<p>Iskoristi\u0107u priliku da ukratko navedem dosada\u0161nje realizovane aktivnosti u okviru ovog projekta:<\/p>\n<p>&#8211;\u00a0\u00a0\u00a0\u00a0\u00a0\u00a0\u00a0\u00a0\u00a0 Otvaranje permanentne izlo\u017ebe Marubi u Kuli Bal\u0161i\u0107a u Starom gradu sa vi\u0161e od 70 fotografija.<\/p>\n<p>&#8211;\u00a0\u00a0\u00a0\u00a0\u00a0\u00a0\u00a0\u00a0\u00a0 Postavljanje signalizacije i renoviranje muzeja Ulcinj.<\/p>\n<p>&#8211;\u00a0\u00a0\u00a0\u00a0\u00a0\u00a0\u00a0\u00a0\u00a0 \u00a0\u00a0Ure\u0111enje i\u00a0 \u010di\u0161\u0107enje 8 planinskih staza na teritoriji Op\u0161tine Ulcinj u cilju promocije outdoor turizma.<\/p>\n<p>&#8211;\u00a0\u00a0\u00a0\u00a0\u00a0\u00a0\u00a0\u00a0\u00a0 Postavljanje signalizacije za 8 planinskih staza na teritoriji na\u0161e Op\u0161tine.<\/p>\n<p>&nbsp;<\/p>\n<p>Danas su samnom firme i udru\u017eenja koje su, nakon sprovedenih tenderskih procedura saglasno pravilima EU, dobila ugovore za organizaciju pojedinih aktivnosti u sklopu END SEASON FEST-a.<\/p>\n<p>Na kraju, koristim priliku da se specijalno zahvalim donatoru Delegaciji Evropske unije u Crnoj Gori na ovom projektu, a sve vas pozivam da nam se pridru\u017eite u trenucima slavlja tokom Festivala.<\/p>\n<p>&nbsp;<\/p>\n<p>Hvala!<\/p>\n","protected":false},"excerpt":{"rendered":"<p>Marubi festival Po\u0161tovani predstavnici medija, po\u0161tovani gra\u0111ani, \u017delim da vas upoznam da smo na pragu odr\u017eavanja jedne, za na\u0161 grad, bitne manifestacije, koja ima za cilj oboga\u0107enje i diverzifikaciju turisti\u010dke ponude sa te\u017enjom da se produ\u017ei turisti\u010dka sezona. END SEASON FEST \u2013 Marubi odr\u017ea\u0107e se od 20. do 22 septembra na vi\u0161e lokacija. U pitanju [&hellip;]<\/p>\n","protected":false},"author":1,"featured_media":0,"comment_status":"closed","ping_status":"closed","sticky":false,"template":"","format":"standard","meta":{"spay_email":"","jetpack_publicize_message":"","jetpack_is_tweetstorm":false,"jetpack_publicize_feature_enabled":true},"categories":[6950],"tags":[],"jetpack_publicize_connections":[],"yoast_head":"<!-- This site is optimized with the Yoast SEO plugin v19.1 - https:\/\/yoast.com\/wordpress\/plugins\/seo\/ -->\n<title>END SEASON FEST - 20 - 22 septembra 2013 - Lajme nga Ulqini<\/title>\n<meta name=\"description\" content=\"Marubi festival Po\u0161tovani predstavnici medija, po\u0161tovani gra\u0111ani, \u017delim da vas upoznam da smo na pragu odr\u017eavanja jedne, za na\u0161 grad, bitne manifestacije,\" \/>\n<meta name=\"robots\" content=\"index, follow, max-snippet:-1, max-image-preview:large, max-video-preview:-1\" \/>\n<link rel=\"canonical\" href=\"https:\/\/www.visit-ulcinj.com\/blog\/2013\/09\/10\/end-season-fest-20-22-septembra-2013\/\" \/>\n<meta property=\"og:locale\" content=\"en_US\" \/>\n<meta property=\"og:type\" content=\"article\" \/>\n<meta property=\"og:title\" content=\"END SEASON FEST - 20 - 22 septembra 2013 - Lajme nga Ulqini\" \/>\n<meta property=\"og:description\" content=\"Marubi festival Po\u0161tovani predstavnici medija, po\u0161tovani gra\u0111ani, \u017delim da vas upoznam da smo na pragu odr\u017eavanja jedne, za na\u0161 grad, bitne manifestacije,\" \/>\n<meta property=\"og:url\" content=\"https:\/\/www.visit-ulcinj.com\/blog\/2013\/09\/10\/end-season-fest-20-22-septembra-2013\/\" \/>\n<meta property=\"og:site_name\" content=\"Lajme nga Ulqini\" \/>\n<meta property=\"article:published_time\" content=\"2013-09-10T14:50:21+00:00\" \/>\n<meta property=\"article:modified_time\" content=\"2013-09-10T14:50:40+00:00\" \/>\n<meta property=\"og:image\" content=\"http:\/\/www.visit-ulcinj.com\/blog\/wp-content\/uploads\/2013\/09\/marubiulcinj.jpg\" \/>\n<meta name=\"twitter:label1\" content=\"Written by\" \/>\n\t<meta name=\"twitter:data1\" content=\"ulqini\" \/>\n\t<meta name=\"twitter:label2\" content=\"Est. reading time\" \/>\n\t<meta name=\"twitter:data2\" content=\"3 minutes\" \/>\n<script type=\"application\/ld+json\" class=\"yoast-schema-graph\">{\"@context\":\"https:\/\/schema.org\",\"@graph\":[{\"@type\":\"WebSite\",\"@id\":\"https:\/\/www.visit-ulcinj.com\/blog\/#website\",\"url\":\"https:\/\/www.visit-ulcinj.com\/blog\/\",\"name\":\"Lajme nga Ulqini\",\"description\":\"Lajme,Vijesti,Ulqini,Ulqin,Crna Gora,Mali i Zi\",\"potentialAction\":[{\"@type\":\"SearchAction\",\"target\":{\"@type\":\"EntryPoint\",\"urlTemplate\":\"https:\/\/www.visit-ulcinj.com\/blog\/?s={search_term_string}\"},\"query-input\":\"required name=search_term_string\"}],\"inLanguage\":\"en-US\"},{\"@type\":\"ImageObject\",\"inLanguage\":\"en-US\",\"@id\":\"https:\/\/www.visit-ulcinj.com\/blog\/2013\/09\/10\/end-season-fest-20-22-septembra-2013\/#primaryimage\",\"url\":\"https:\/\/www.visit-ulcinj.com\/blog\/wp-content\/uploads\/2013\/09\/marubiulcinj.jpg\",\"contentUrl\":\"https:\/\/www.visit-ulcinj.com\/blog\/wp-content\/uploads\/2013\/09\/marubiulcinj.jpg\",\"width\":700,\"height\":999},{\"@type\":\"WebPage\",\"@id\":\"https:\/\/www.visit-ulcinj.com\/blog\/2013\/09\/10\/end-season-fest-20-22-septembra-2013\/#webpage\",\"url\":\"https:\/\/www.visit-ulcinj.com\/blog\/2013\/09\/10\/end-season-fest-20-22-septembra-2013\/\",\"name\":\"END SEASON FEST - 20 - 22 septembra 2013 - Lajme nga Ulqini\",\"isPartOf\":{\"@id\":\"https:\/\/www.visit-ulcinj.com\/blog\/#website\"},\"primaryImageOfPage\":{\"@id\":\"https:\/\/www.visit-ulcinj.com\/blog\/2013\/09\/10\/end-season-fest-20-22-septembra-2013\/#primaryimage\"},\"datePublished\":\"2013-09-10T14:50:21+00:00\",\"dateModified\":\"2013-09-10T14:50:40+00:00\",\"author\":{\"@id\":\"https:\/\/www.visit-ulcinj.com\/blog\/#\/schema\/person\/dcab619c614d3038751c63bc2aadc06d\"},\"description\":\"Marubi festival Po\u0161tovani predstavnici medija, po\u0161tovani gra\u0111ani, \u017delim da vas upoznam da smo na pragu odr\u017eavanja jedne, za na\u0161 grad, bitne manifestacije,\",\"breadcrumb\":{\"@id\":\"https:\/\/www.visit-ulcinj.com\/blog\/2013\/09\/10\/end-season-fest-20-22-septembra-2013\/#breadcrumb\"},\"inLanguage\":\"en-US\",\"potentialAction\":[{\"@type\":\"ReadAction\",\"target\":[\"https:\/\/www.visit-ulcinj.com\/blog\/2013\/09\/10\/end-season-fest-20-22-septembra-2013\/\"]}]},{\"@type\":\"BreadcrumbList\",\"@id\":\"https:\/\/www.visit-ulcinj.com\/blog\/2013\/09\/10\/end-season-fest-20-22-septembra-2013\/#breadcrumb\",\"itemListElement\":[{\"@type\":\"ListItem\",\"position\":1,\"name\":\"END SEASON FEST &#8211; 20 &#8211; 22 septembra 2013\"}]},{\"@type\":\"Person\",\"@id\":\"https:\/\/www.visit-ulcinj.com\/blog\/#\/schema\/person\/dcab619c614d3038751c63bc2aadc06d\",\"name\":\"ulqini\",\"sameAs\":[\"http:\/\/www.visit-ulcinj.com\"],\"url\":\"https:\/\/www.visit-ulcinj.com\/blog\/author\/admin\/\"}]}<\/script>\n<!-- \/ Yoast SEO plugin. -->","yoast_head_json":{"title":"END SEASON FEST - 20 - 22 septembra 2013 - Lajme nga Ulqini","description":"Marubi festival Po\u0161tovani predstavnici medija, po\u0161tovani gra\u0111ani, \u017delim da vas upoznam da smo na pragu odr\u017eavanja jedne, za na\u0161 grad, bitne manifestacije,","robots":{"index":"index","follow":"follow","max-snippet":"max-snippet:-1","max-image-preview":"max-image-preview:large","max-video-preview":"max-video-preview:-1"},"canonical":"https:\/\/www.visit-ulcinj.com\/blog\/2013\/09\/10\/end-season-fest-20-22-septembra-2013\/","og_locale":"en_US","og_type":"article","og_title":"END SEASON FEST - 20 - 22 septembra 2013 - Lajme nga Ulqini","og_description":"Marubi festival Po\u0161tovani predstavnici medija, po\u0161tovani gra\u0111ani, \u017delim da vas upoznam da smo na pragu odr\u017eavanja jedne, za na\u0161 grad, bitne manifestacije,","og_url":"https:\/\/www.visit-ulcinj.com\/blog\/2013\/09\/10\/end-season-fest-20-22-septembra-2013\/","og_site_name":"Lajme nga Ulqini","article_published_time":"2013-09-10T14:50:21+00:00","article_modified_time":"2013-09-10T14:50:40+00:00","og_image":[{"url":"http:\/\/www.visit-ulcinj.com\/blog\/wp-content\/uploads\/2013\/09\/marubiulcinj.jpg"}],"twitter_misc":{"Written by":"ulqini","Est. reading time":"3 minutes"},"schema":{"@context":"https:\/\/schema.org","@graph":[{"@type":"WebSite","@id":"https:\/\/www.visit-ulcinj.com\/blog\/#website","url":"https:\/\/www.visit-ulcinj.com\/blog\/","name":"Lajme nga Ulqini","description":"Lajme,Vijesti,Ulqini,Ulqin,Crna Gora,Mali i Zi","potentialAction":[{"@type":"SearchAction","target":{"@type":"EntryPoint","urlTemplate":"https:\/\/www.visit-ulcinj.com\/blog\/?s={search_term_string}"},"query-input":"required name=search_term_string"}],"inLanguage":"en-US"},{"@type":"ImageObject","inLanguage":"en-US","@id":"https:\/\/www.visit-ulcinj.com\/blog\/2013\/09\/10\/end-season-fest-20-22-septembra-2013\/#primaryimage","url":"https:\/\/www.visit-ulcinj.com\/blog\/wp-content\/uploads\/2013\/09\/marubiulcinj.jpg","contentUrl":"https:\/\/www.visit-ulcinj.com\/blog\/wp-content\/uploads\/2013\/09\/marubiulcinj.jpg","width":700,"height":999},{"@type":"WebPage","@id":"https:\/\/www.visit-ulcinj.com\/blog\/2013\/09\/10\/end-season-fest-20-22-septembra-2013\/#webpage","url":"https:\/\/www.visit-ulcinj.com\/blog\/2013\/09\/10\/end-season-fest-20-22-septembra-2013\/","name":"END SEASON FEST - 20 - 22 septembra 2013 - Lajme nga Ulqini","isPartOf":{"@id":"https:\/\/www.visit-ulcinj.com\/blog\/#website"},"primaryImageOfPage":{"@id":"https:\/\/www.visit-ulcinj.com\/blog\/2013\/09\/10\/end-season-fest-20-22-septembra-2013\/#primaryimage"},"datePublished":"2013-09-10T14:50:21+00:00","dateModified":"2013-09-10T14:50:40+00:00","author":{"@id":"https:\/\/www.visit-ulcinj.com\/blog\/#\/schema\/person\/dcab619c614d3038751c63bc2aadc06d"},"description":"Marubi festival Po\u0161tovani predstavnici medija, po\u0161tovani gra\u0111ani, \u017delim da vas upoznam da smo na pragu odr\u017eavanja jedne, za na\u0161 grad, bitne manifestacije,","breadcrumb":{"@id":"https:\/\/www.visit-ulcinj.com\/blog\/2013\/09\/10\/end-season-fest-20-22-septembra-2013\/#breadcrumb"},"inLanguage":"en-US","potentialAction":[{"@type":"ReadAction","target":["https:\/\/www.visit-ulcinj.com\/blog\/2013\/09\/10\/end-season-fest-20-22-septembra-2013\/"]}]},{"@type":"BreadcrumbList","@id":"https:\/\/www.visit-ulcinj.com\/blog\/2013\/09\/10\/end-season-fest-20-22-septembra-2013\/#breadcrumb","itemListElement":[{"@type":"ListItem","position":1,"name":"END SEASON FEST &#8211; 20 &#8211; 22 septembra 2013"}]},{"@type":"Person","@id":"https:\/\/www.visit-ulcinj.com\/blog\/#\/schema\/person\/dcab619c614d3038751c63bc2aadc06d","name":"ulqini","sameAs":["http:\/\/www.visit-ulcinj.com"],"url":"https:\/\/www.visit-ulcinj.com\/blog\/author\/admin\/"}]}},"jetpack_featured_media_url":"","jetpack_sharing_enabled":true,"jetpack_shortlink":"https:\/\/wp.me\/pe6lTn-jqc","_links":{"self":[{"href":"https:\/\/www.visit-ulcinj.com\/blog\/wp-json\/wp\/v2\/posts\/74660"}],"collection":[{"href":"https:\/\/www.visit-ulcinj.com\/blog\/wp-json\/wp\/v2\/posts"}],"about":[{"href":"https:\/\/www.visit-ulcinj.com\/blog\/wp-json\/wp\/v2\/types\/post"}],"author":[{"embeddable":true,"href":"https:\/\/www.visit-ulcinj.com\/blog\/wp-json\/wp\/v2\/users\/1"}],"replies":[{"embeddable":true,"href":"https:\/\/www.visit-ulcinj.com\/blog\/wp-json\/wp\/v2\/comments?post=74660"}],"version-history":[{"count":2,"href":"https:\/\/www.visit-ulcinj.com\/blog\/wp-json\/wp\/v2\/posts\/74660\/revisions"}],"predecessor-version":[{"id":74662,"href":"https:\/\/www.visit-ulcinj.com\/blog\/wp-json\/wp\/v2\/posts\/74660\/revisions\/74662"}],"wp:attachment":[{"href":"https:\/\/www.visit-ulcinj.com\/blog\/wp-json\/wp\/v2\/media?parent=74660"}],"wp:term":[{"taxonomy":"category","embeddable":true,"href":"https:\/\/www.visit-ulcinj.com\/blog\/wp-json\/wp\/v2\/categories?post=74660"},{"taxonomy":"post_tag","embeddable":true,"href":"https:\/\/www.visit-ulcinj.com\/blog\/wp-json\/wp\/v2\/tags?post=74660"}],"curies":[{"name":"wp","href":"https:\/\/api.w.org\/{rel}","templated":true}]}}