{"id":74663,"date":"2013-09-10T16:06:11","date_gmt":"2013-09-10T15:06:11","guid":{"rendered":"http:\/\/www.visit-ulcinj.com\/blog\/?p=74663"},"modified":"2013-09-10T16:06:32","modified_gmt":"2013-09-10T15:06:32","slug":"forca-u-zagrljaju-dps-a","status":"publish","type":"post","link":"https:\/\/www.visit-ulcinj.com\/blog\/2013\/09\/10\/forca-u-zagrljaju-dps-a\/","title":{"rendered":"Forca u zagrljaju DPS-a"},"content":{"rendered":"<p><strong><a href=\"http:\/\/www.visit-ulcinj.com\/blog\/wp-content\/uploads\/2013\/09\/gjeka-skrela-nimanbegu.jpg\"><img loading=\"lazy\" class=\"alignleft  wp-image-74664\" alt=\"gjeka-skrela-nimanbegu\" src=\"http:\/\/www.visit-ulcinj.com\/blog\/wp-content\/uploads\/2013\/09\/gjeka-skrela-nimanbegu.jpg\" width=\"508\" height=\"360\" \/><\/a>Na pomolu izlaz iz vi\u0161emjese\u010dne krize u UL parlamentu: Forca u zagrljaju DPS-a<\/strong><\/p>\n<div id=\"article_text\">\n<p>Forca i DPS uskoro bi mogli zaklju\u010diti koalicioni sporazum o vr\u0161enju vlasti na lokalnom nivou u Ulcinju do redovnih izbora u aprilu ili oktobru naredne godine.<\/p>\n<p>Tu informaciju \u201cVijestima\u201d je potvrdio \u0161ef ulcinjskog DPS-a Ljoro Nreki\u0107.<\/p>\n<p>\u201cMi pregovaramo sa svim politi\u010dkim subjektima u gradu, ali je Forca najkonkretnija i najozbiljnija\u201d, kazao je Nreki\u0107.<\/p>\n<p>Time bi na groteksan na\u010din bila okon\u010dana vi\u0161emjese\u010dna kriza u ulcinjskom parlamentu iako obrt na politi\u010dkoj pozornici nije neo\u010dekivan.<\/p>\n<p>U sveop\u0161tem haosu, gdje svako pregovara sa svakim, nadaju\u0107i se zrnu vlasti, Forca i DPS ve\u0107 du\u017ee njeguju vi\u0161e nego bilateralne odnose.<\/p>\n<p>To se vidjelo i na posljednjoj sjednici SO krajem jula kada su odbornici DPS-a bili spremni da Forci naprave kvorum prilikom glasanja o izvje\u0161taju o radu predsjednika Op\u0161tine Nazifa Cungua.<\/p>\n<p>Vanredne izbore, koji bi odrazili volju gra\u0111ana, pominju gotovo svi predstavnici partija, ali ih u Forci i, posebno, DPS-u, ne vide kao mogu\u0107e najpravi\u010dnije rje\u0161enje duboke krize u koju je upao ulcinjski parlamentarizam.<\/p>\n<p>I Nreki\u0107 je ocijenio da vanredni izbori ne idu u prilog nijednoj partiji.<\/p>\n<p>\u201cDPS je spreman i za izbore, ali je u ovom trenutku najprihvatljivija prekompozicija vlasti\u201d, kazao je on.<\/p>\n<p>Forca je najja\u010da partija u Ulcinju i ima 11 odbornika, a DPS najja\u010da opoziciona stranka sa sedam odbornika, \u0161to \u010dini nadpolovi\u010dnu ve\u0107inu u ulcinjskom parlamentu koji broji 33 odbornika.<\/p>\n<p>Nreki\u0107 je kazao da je DPS prozreo namjere pojedinih partija.<\/p>\n<p>\u201cSDP, DP i DUA htjeli bi da DPS gurnu iz igre. Poru\u010dujem i vama kao novinaru i gra\u0111anima i svim partijama da bez DPS-a nema vlasti u Ulcinju\u201d, kategori\u010dan je Nreki\u0107.<\/p>\n<p>Na pitanje za\u0161to tako misli, on je kazao da u narednom periodu Ulcinj o\u010dekuju velike investicije.<\/p>\n<p>\u201cTe investicije se bez DPS-a ne mogu realizovati. Ne zato \u0161to oni ne znaju, nego zato \u0161to smo mi bolji od njih\u201d, ocijenio je Nreki\u0107.<\/p>\n<p>Ne odbacuju\u0107i mogu\u0107nost \u0161ire koalicije, on je naveo da je trenutno stanje neodr\u017eivo.<\/p>\n<p>Ulcinjska Skup\u0161tina posljednji put zasjedala je krajem jula, ali je sjednica prekinuta kada je parlament trebalo da glasa o izvje\u0161taju o radu predsjednika Op\u0161tine Nazifa Cungua.<\/p>\n<p>Aktuelni koalicioni partneri Force, \u010diji je lider Cungu, nijesu bili spremni da prihvate izvje\u0161taj, prije svega Demokratska partija poslanika Fatmira \u0110eke.<\/p>\n<p>\u0110eka je tada telefonom nalo\u017eio svojim odbornicima da tra\u017ee prekid zasjedanja, \u0161to su oni i u\u010dinili, a predsjednik SO Milazim Mustafa, koji je tako\u0111e iz DP, to je prihvatio.<\/p>\n<p>Od tada je u Ulcinju klasi\u010dno bezvla\u0161\u0107e i pitanje je da li su uop\u0161te i koliko validne odluke koje je Cungu ranije potpisao, a parlament jo\u0161 nije verifikovao.<\/p>\n<p>Da je stanje neodr\u017eivo sla\u017ee se i odbornik i poslanik Force Genci Nimanbegu.<\/p>\n<p>\u201cSkup\u0161tinu moramo odr\u017eati, mada bi po mom mi\u0161ljenju, najbolje bilo da idemo na vanredne izbore\u201d, kazao je Nimanbegu za \u201cVijesti\u201d.<\/p>\n<p>On je potvrdio da aktuelna koalicija Force sa DP-om i SDP-om ne funkcioni\u0161e, te da zbog toga njegova partija razmi\u0161lja i o prekompoziciji vlasti.<\/p>\n<p>Nije negirao mogu\u0107nost dogovora sa DPS-om o vr\u0161enju vlasti.<\/p>\n<p>\u201cTo bi bilo kao neko tehni\u010dko, odnosno prelazno rje\u0161enje do izbora, ali uz vrlo kvalitetan dogovor\u201d, oprezan je Nimanbegu, isti\u010du\u0107i da je DPS logi\u010dan izbor za saveznika jer u parlamentu, osim aktuelnih partnera, odbornike imaju samo SNP, Nova i DUA.<\/p>\n<p>Lider DUA Mehmet Zenka ocijenio ja da bi vanredni izbori bili logi\u010dno rje\u0161enje i optu\u017eio Forcu za cjelokupnu situaciju u kojoj se nalazi grad.<\/p>\n<p>\u201cBili smo u pravu i \u017eao nam je zbog toga, kada smo prije \u0161est mjeseci kazali da ova vlast nema ideju kako da razvija i vodi grad i da je u potpunosti opravdala nadimak &#8216;magla&#8217; kako je narod zove. Od svih pompeznih najava i programa, nakon dvije godine pokazalo se da Forca zna samo da prodaje maglu i to na \u0161tetu gra\u0111ana\u201d, kazao je Zenka za \u201cVijesti\u201d.<\/p>\n<p>On je podsjetio da je Forca jo\u0161 na po\u010detku krize tra\u017eila vanredne izbore.<\/p>\n<p>\u201cTra\u017eili smo vanredne izbore i sada ih tra\u017eimo jer mislimo da su oni jedino pravo rje\u0161enje i izlaz iz ove situacije. Stanje je haoti\u010dno, bezidejno, fali ideja i sposobnosti, a ovaj grad ispa\u0161ta i svaki dan dublje tone\u201d, kazao je Zenka, potkrepljuju\u0107i tu tvrdnju \u010dinjenicom \u201eda Cungu samo zna da pri\u010da o kreditnom zadu\u017eenju\u201c.<\/p>\n<p>\u201cPoslije dvije godine, dug nam je narastao na deset miliona, ali se i dalje pri\u010da o kreditima. Lako je tako biti predsjednik\u201d, ocijenio je Zenka.<\/p>\n<p>Uprkos stavu da su vanredni izbori jedini pravi lijek za izlaz iz haoti\u010dnog stanja, DUA pregovara sa svim politi\u010dkim subjektima i o mogu\u0107oj prekompoziciji vlasti u parlamentu.<\/p>\n<p>\u201c\u010cak i sa Forcom jer kod mene dolaze pojedini funkcioneri te partije i govore mi da je vrijeme da se svi ujedinimo da grad izbavimo iz krize. Za DUA je u ovom momentu jedino prihvatljiv savez sa svim partijama, ali to li\u010di na nemogu\u0107u misiju imaju\u0107i u vidu animozitet \u010delnika Force prema DUA\u201d, ocijenio je Zenka.<\/p>\n<p>I SNP smatra da je trenutni \u201cstatus kvo\u201d najgore rje\u0161enje za grad i tra\u017ei hitnu sjednicu SO na kojoj bi jedna od ta\u010daka dnevnog reda bila i analiza protekle sezone \u201ekoja je pro\u0161la poput stihije\u201c.<\/p>\n<p>\u201cKada su u pitanju privilegije, vlast izigrava vlast, a u drugom trenutku, dodu\u0161e ne toliko na javnoj sceni, glumi opoziciju. Ovakvo stanje jako puno ko\u0161ta poreske obveznike, \u0161to smatramo apsolutno neprihvatljivim\u201d, pi\u0161e u saop\u0161tenju ulcinjskog SNP-a.<\/p>\n<p>U lokalnom odboru SNP-a ukazuju da je do\u0161lo vrijeme da se na kraju turisti\u010dke sezone analiziraju sveukupna de\u0161avanja u gradu u prethodnom periodu, a posebno u vezi sa aktivnostima SO Ulcinj.<\/p>\n<p>\u201cNepoznanica je da li \u0107e sjednica SO Ulcinj uop\u0161te biti zakazana, odnosno, da li \u0107e gra\u0111ani, \u010diji predstavnici sjede u Skup\u0161tini, samo naga\u0111ati \u0161ta se iza kulisa sprema\u201d, ocjenjuju u SNP-u.<\/p>\n<p>U saop\u0161tenju se dodaje da je Skup\u0161tinu svakako neophodno zakazati i \u201ezato \u0161to na prethodnoj sjednici odbornici nijesu usvojili izvje\u0161taj o radu predsjednika Op\u0161tine, a u me\u0111uvremenu je predsjednik Op\u0161tine razrije\u0161io sa funkcije svog potpredsjednika\u201c.<\/p>\n<p>\u201cDa bi to razrje\u0161enje do kraja bilo u skladu sa zakonskim propisima, tu njegovu odluku treba da potvrdi lokalni parlament\u201d, navodi se u saop\u0161tenju u kome se aludira na raniju odluku Cungua da smijeni potpredsjednika Op\u0161tine Selima Resulbegovi\u0107a, lidera jo\u0161 uvijek koalicionog SDP-a.<\/p>\n<p><strong>Gra\u0111ani da ne pla\u0107aju kazne<\/strong><\/p>\n<p>Lider DUA Mehmet Zenka pozvao je gra\u0111ane da se \u017eale na nezakonitost napisanih prijava i kazni u saobra\u0107aju.<\/p>\n<p>\u201cOdluke koje je potpisao Cungu, nije verifikovao parlament i one su neva\u017ee\u0107e\u201d, tvrdi Zenka. Optu\u017eio je Forcu za non\u0161alnatan odnos u vr\u0161enju centralne vlasti. \u201cMi smo imali ministra, a oni nijesu kadri ni jednu platformu o pravima Albanaca i manjina da napi\u0161u\u201d, kazao je on.<\/p>\n<p><strong>\u0110eka: Ne pita se Nreki\u0107<\/strong><\/p>\n<p>Predsjednik DP Fatmir \u0110eka kazao je da je njegova partija spremna za izbore, ali i za prekompoziciju vlasti ako je to u interesu gra\u0111ana. Partnera DPS-a na republi\u010dkom nivou nije zabrinuo mogu\u0107i savez DPS-a i Force na lokalnom nivou.<\/p>\n<p>\u201cMi radimo svoj posao, a oni svoj, ali mi se \u010dini da DPS odluke donosi u centrali u Podgorici. Zato njih treba pitati za komentar o tome\u201d, rekao je \u0110eka.<\/p>\n<p>&nbsp;<\/p>\n<p><a href=\"http:\/\/www.vijesti.me\/vijesti\/na-pomolu-izlaz-visemjesecne-krize-ul-parlamentu-forca-zagrljaju-dps-a-clanak-148707\" target=\"_blank\"><strong>Samir Adrovi\u0107<\/strong><\/a><br \/>\n<a href=\"http:\/\/www.vijesti.me\/vijesti\/na-pomolu-izlaz-visemjesecne-krize-ul-parlamentu-forca-zagrljaju-dps-a-clanak-148707\" target=\"_blank\"><strong>Vijesti online<\/strong><\/a><\/p>\n<\/div>\n","protected":false},"excerpt":{"rendered":"<p>Na pomolu izlaz iz vi\u0161emjese\u010dne krize u UL parlamentu: Forca u zagrljaju DPS-a Forca i DPS uskoro bi mogli zaklju\u010diti koalicioni sporazum o vr\u0161enju vlasti na lokalnom nivou u Ulcinju do redovnih izbora u aprilu ili oktobru naredne godine. Tu informaciju \u201cVijestima\u201d je potvrdio \u0161ef ulcinjskog DPS-a Ljoro Nreki\u0107. \u201cMi pregovaramo sa svim politi\u010dkim subjektima [&hellip;]<\/p>\n","protected":false},"author":1,"featured_media":0,"comment_status":"closed","ping_status":"closed","sticky":false,"template":"","format":"standard","meta":{"spay_email":"","jetpack_publicize_message":"","jetpack_is_tweetstorm":false,"jetpack_publicize_feature_enabled":true},"categories":[8337],"tags":[],"jetpack_publicize_connections":[],"yoast_head":"<!-- This site is optimized with the Yoast SEO plugin v19.1 - https:\/\/yoast.com\/wordpress\/plugins\/seo\/ -->\n<title>Forca u zagrljaju DPS-a - Lajme nga Ulqini<\/title>\n<meta name=\"description\" content=\"Na pomolu izlaz iz vi\u0161emjese\u010dne krize u UL parlamentu: Forca u zagrljaju DPS-a Forca i DPS uskoro bi mogli zaklju\u010diti koalicioni sporazum o vr\u0161enju vlasti\" \/>\n<meta name=\"robots\" content=\"index, follow, max-snippet:-1, max-image-preview:large, max-video-preview:-1\" \/>\n<link rel=\"canonical\" href=\"https:\/\/www.visit-ulcinj.com\/blog\/2013\/09\/10\/forca-u-zagrljaju-dps-a\/\" \/>\n<meta property=\"og:locale\" content=\"en_US\" \/>\n<meta property=\"og:type\" content=\"article\" \/>\n<meta property=\"og:title\" content=\"Forca u zagrljaju DPS-a - Lajme nga Ulqini\" \/>\n<meta property=\"og:description\" content=\"Na pomolu izlaz iz vi\u0161emjese\u010dne krize u UL parlamentu: Forca u zagrljaju DPS-a Forca i DPS uskoro bi mogli zaklju\u010diti koalicioni sporazum o vr\u0161enju vlasti\" \/>\n<meta property=\"og:url\" content=\"https:\/\/www.visit-ulcinj.com\/blog\/2013\/09\/10\/forca-u-zagrljaju-dps-a\/\" \/>\n<meta property=\"og:site_name\" content=\"Lajme nga Ulqini\" \/>\n<meta property=\"article:published_time\" content=\"2013-09-10T15:06:11+00:00\" \/>\n<meta property=\"article:modified_time\" content=\"2013-09-10T15:06:32+00:00\" \/>\n<meta property=\"og:image\" content=\"http:\/\/www.visit-ulcinj.com\/blog\/wp-content\/uploads\/2013\/09\/gjeka-skrela-nimanbegu.jpg\" \/>\n<meta name=\"twitter:label1\" content=\"Written by\" \/>\n\t<meta name=\"twitter:data1\" content=\"ulqini\" \/>\n\t<meta name=\"twitter:label2\" content=\"Est. reading time\" \/>\n\t<meta name=\"twitter:data2\" content=\"6 minutes\" \/>\n<script type=\"application\/ld+json\" class=\"yoast-schema-graph\">{\"@context\":\"https:\/\/schema.org\",\"@graph\":[{\"@type\":\"WebSite\",\"@id\":\"https:\/\/www.visit-ulcinj.com\/blog\/#website\",\"url\":\"https:\/\/www.visit-ulcinj.com\/blog\/\",\"name\":\"Lajme nga Ulqini\",\"description\":\"Lajme,Vijesti,Ulqini,Ulqin,Crna Gora,Mali i Zi\",\"potentialAction\":[{\"@type\":\"SearchAction\",\"target\":{\"@type\":\"EntryPoint\",\"urlTemplate\":\"https:\/\/www.visit-ulcinj.com\/blog\/?s={search_term_string}\"},\"query-input\":\"required name=search_term_string\"}],\"inLanguage\":\"en-US\"},{\"@type\":\"ImageObject\",\"inLanguage\":\"en-US\",\"@id\":\"https:\/\/www.visit-ulcinj.com\/blog\/2013\/09\/10\/forca-u-zagrljaju-dps-a\/#primaryimage\",\"url\":\"https:\/\/www.visit-ulcinj.com\/blog\/wp-content\/uploads\/2013\/09\/gjeka-skrela-nimanbegu.jpg\",\"contentUrl\":\"https:\/\/www.visit-ulcinj.com\/blog\/wp-content\/uploads\/2013\/09\/gjeka-skrela-nimanbegu.jpg\",\"width\":960,\"height\":539},{\"@type\":\"WebPage\",\"@id\":\"https:\/\/www.visit-ulcinj.com\/blog\/2013\/09\/10\/forca-u-zagrljaju-dps-a\/#webpage\",\"url\":\"https:\/\/www.visit-ulcinj.com\/blog\/2013\/09\/10\/forca-u-zagrljaju-dps-a\/\",\"name\":\"Forca u zagrljaju DPS-a - Lajme nga Ulqini\",\"isPartOf\":{\"@id\":\"https:\/\/www.visit-ulcinj.com\/blog\/#website\"},\"primaryImageOfPage\":{\"@id\":\"https:\/\/www.visit-ulcinj.com\/blog\/2013\/09\/10\/forca-u-zagrljaju-dps-a\/#primaryimage\"},\"datePublished\":\"2013-09-10T15:06:11+00:00\",\"dateModified\":\"2013-09-10T15:06:32+00:00\",\"author\":{\"@id\":\"https:\/\/www.visit-ulcinj.com\/blog\/#\/schema\/person\/dcab619c614d3038751c63bc2aadc06d\"},\"description\":\"Na pomolu izlaz iz vi\u0161emjese\u010dne krize u UL parlamentu: Forca u zagrljaju DPS-a Forca i DPS uskoro bi mogli zaklju\u010diti koalicioni sporazum o vr\u0161enju vlasti\",\"breadcrumb\":{\"@id\":\"https:\/\/www.visit-ulcinj.com\/blog\/2013\/09\/10\/forca-u-zagrljaju-dps-a\/#breadcrumb\"},\"inLanguage\":\"en-US\",\"potentialAction\":[{\"@type\":\"ReadAction\",\"target\":[\"https:\/\/www.visit-ulcinj.com\/blog\/2013\/09\/10\/forca-u-zagrljaju-dps-a\/\"]}]},{\"@type\":\"BreadcrumbList\",\"@id\":\"https:\/\/www.visit-ulcinj.com\/blog\/2013\/09\/10\/forca-u-zagrljaju-dps-a\/#breadcrumb\",\"itemListElement\":[{\"@type\":\"ListItem\",\"position\":1,\"name\":\"Forca u zagrljaju DPS-a\"}]},{\"@type\":\"Person\",\"@id\":\"https:\/\/www.visit-ulcinj.com\/blog\/#\/schema\/person\/dcab619c614d3038751c63bc2aadc06d\",\"name\":\"ulqini\",\"sameAs\":[\"http:\/\/www.visit-ulcinj.com\"],\"url\":\"https:\/\/www.visit-ulcinj.com\/blog\/author\/admin\/\"}]}<\/script>\n<!-- \/ Yoast SEO plugin. -->","yoast_head_json":{"title":"Forca u zagrljaju DPS-a - Lajme nga Ulqini","description":"Na pomolu izlaz iz vi\u0161emjese\u010dne krize u UL parlamentu: Forca u zagrljaju DPS-a Forca i DPS uskoro bi mogli zaklju\u010diti koalicioni sporazum o vr\u0161enju vlasti","robots":{"index":"index","follow":"follow","max-snippet":"max-snippet:-1","max-image-preview":"max-image-preview:large","max-video-preview":"max-video-preview:-1"},"canonical":"https:\/\/www.visit-ulcinj.com\/blog\/2013\/09\/10\/forca-u-zagrljaju-dps-a\/","og_locale":"en_US","og_type":"article","og_title":"Forca u zagrljaju DPS-a - Lajme nga Ulqini","og_description":"Na pomolu izlaz iz vi\u0161emjese\u010dne krize u UL parlamentu: Forca u zagrljaju DPS-a Forca i DPS uskoro bi mogli zaklju\u010diti koalicioni sporazum o vr\u0161enju vlasti","og_url":"https:\/\/www.visit-ulcinj.com\/blog\/2013\/09\/10\/forca-u-zagrljaju-dps-a\/","og_site_name":"Lajme nga Ulqini","article_published_time":"2013-09-10T15:06:11+00:00","article_modified_time":"2013-09-10T15:06:32+00:00","og_image":[{"url":"http:\/\/www.visit-ulcinj.com\/blog\/wp-content\/uploads\/2013\/09\/gjeka-skrela-nimanbegu.jpg"}],"twitter_misc":{"Written by":"ulqini","Est. reading time":"6 minutes"},"schema":{"@context":"https:\/\/schema.org","@graph":[{"@type":"WebSite","@id":"https:\/\/www.visit-ulcinj.com\/blog\/#website","url":"https:\/\/www.visit-ulcinj.com\/blog\/","name":"Lajme nga Ulqini","description":"Lajme,Vijesti,Ulqini,Ulqin,Crna Gora,Mali i Zi","potentialAction":[{"@type":"SearchAction","target":{"@type":"EntryPoint","urlTemplate":"https:\/\/www.visit-ulcinj.com\/blog\/?s={search_term_string}"},"query-input":"required name=search_term_string"}],"inLanguage":"en-US"},{"@type":"ImageObject","inLanguage":"en-US","@id":"https:\/\/www.visit-ulcinj.com\/blog\/2013\/09\/10\/forca-u-zagrljaju-dps-a\/#primaryimage","url":"https:\/\/www.visit-ulcinj.com\/blog\/wp-content\/uploads\/2013\/09\/gjeka-skrela-nimanbegu.jpg","contentUrl":"https:\/\/www.visit-ulcinj.com\/blog\/wp-content\/uploads\/2013\/09\/gjeka-skrela-nimanbegu.jpg","width":960,"height":539},{"@type":"WebPage","@id":"https:\/\/www.visit-ulcinj.com\/blog\/2013\/09\/10\/forca-u-zagrljaju-dps-a\/#webpage","url":"https:\/\/www.visit-ulcinj.com\/blog\/2013\/09\/10\/forca-u-zagrljaju-dps-a\/","name":"Forca u zagrljaju DPS-a - Lajme nga Ulqini","isPartOf":{"@id":"https:\/\/www.visit-ulcinj.com\/blog\/#website"},"primaryImageOfPage":{"@id":"https:\/\/www.visit-ulcinj.com\/blog\/2013\/09\/10\/forca-u-zagrljaju-dps-a\/#primaryimage"},"datePublished":"2013-09-10T15:06:11+00:00","dateModified":"2013-09-10T15:06:32+00:00","author":{"@id":"https:\/\/www.visit-ulcinj.com\/blog\/#\/schema\/person\/dcab619c614d3038751c63bc2aadc06d"},"description":"Na pomolu izlaz iz vi\u0161emjese\u010dne krize u UL parlamentu: Forca u zagrljaju DPS-a Forca i DPS uskoro bi mogli zaklju\u010diti koalicioni sporazum o vr\u0161enju vlasti","breadcrumb":{"@id":"https:\/\/www.visit-ulcinj.com\/blog\/2013\/09\/10\/forca-u-zagrljaju-dps-a\/#breadcrumb"},"inLanguage":"en-US","potentialAction":[{"@type":"ReadAction","target":["https:\/\/www.visit-ulcinj.com\/blog\/2013\/09\/10\/forca-u-zagrljaju-dps-a\/"]}]},{"@type":"BreadcrumbList","@id":"https:\/\/www.visit-ulcinj.com\/blog\/2013\/09\/10\/forca-u-zagrljaju-dps-a\/#breadcrumb","itemListElement":[{"@type":"ListItem","position":1,"name":"Forca u zagrljaju DPS-a"}]},{"@type":"Person","@id":"https:\/\/www.visit-ulcinj.com\/blog\/#\/schema\/person\/dcab619c614d3038751c63bc2aadc06d","name":"ulqini","sameAs":["http:\/\/www.visit-ulcinj.com"],"url":"https:\/\/www.visit-ulcinj.com\/blog\/author\/admin\/"}]}},"jetpack_featured_media_url":"","jetpack_sharing_enabled":true,"jetpack_shortlink":"https:\/\/wp.me\/pe6lTn-jqf","_links":{"self":[{"href":"https:\/\/www.visit-ulcinj.com\/blog\/wp-json\/wp\/v2\/posts\/74663"}],"collection":[{"href":"https:\/\/www.visit-ulcinj.com\/blog\/wp-json\/wp\/v2\/posts"}],"about":[{"href":"https:\/\/www.visit-ulcinj.com\/blog\/wp-json\/wp\/v2\/types\/post"}],"author":[{"embeddable":true,"href":"https:\/\/www.visit-ulcinj.com\/blog\/wp-json\/wp\/v2\/users\/1"}],"replies":[{"embeddable":true,"href":"https:\/\/www.visit-ulcinj.com\/blog\/wp-json\/wp\/v2\/comments?post=74663"}],"version-history":[{"count":2,"href":"https:\/\/www.visit-ulcinj.com\/blog\/wp-json\/wp\/v2\/posts\/74663\/revisions"}],"predecessor-version":[{"id":74666,"href":"https:\/\/www.visit-ulcinj.com\/blog\/wp-json\/wp\/v2\/posts\/74663\/revisions\/74666"}],"wp:attachment":[{"href":"https:\/\/www.visit-ulcinj.com\/blog\/wp-json\/wp\/v2\/media?parent=74663"}],"wp:term":[{"taxonomy":"category","embeddable":true,"href":"https:\/\/www.visit-ulcinj.com\/blog\/wp-json\/wp\/v2\/categories?post=74663"},{"taxonomy":"post_tag","embeddable":true,"href":"https:\/\/www.visit-ulcinj.com\/blog\/wp-json\/wp\/v2\/tags?post=74663"}],"curies":[{"name":"wp","href":"https:\/\/api.w.org\/{rel}","templated":true}]}}