{"id":74671,"date":"2013-09-10T16:19:42","date_gmt":"2013-09-10T15:19:42","guid":{"rendered":"http:\/\/www.visit-ulcinj.com\/blog\/?p=74671"},"modified":"2013-09-10T16:19:42","modified_gmt":"2013-09-10T15:19:42","slug":"ulcinj-dobija-jos-jednu-skolu","status":"publish","type":"post","link":"https:\/\/www.visit-ulcinj.com\/blog\/2013\/09\/10\/ulcinj-dobija-jos-jednu-skolu\/","title":{"rendered":"Ulcinj dobija jo\u0161 jednu \u0161kolu"},"content":{"rendered":"<p><strong><a href=\"http:\/\/www.visit-ulcinj.com\/blog\/wp-content\/uploads\/2013\/09\/Cungu-Stjepovic.jpg\"><img loading=\"lazy\" class=\"alignleft  wp-image-74672\" alt=\"Cungu-Stjepovic\" src=\"http:\/\/www.visit-ulcinj.com\/blog\/wp-content\/uploads\/2013\/09\/Cungu-Stjepovic.jpg\" width=\"508\" height=\"360\" \/><\/a>ULCINJ \u2013 Najju\u017enija crnogorska op\u0161tina \u0107e dobiti jo\u0161 jednu Srednju mje\u0161ovitu \u0161kolu i ubrzano \u0107e se raditi na osavremenjivanju prostora u ulcinjskim \u0161kolama \u2013 odlu\u010deno je na ju\u010dera\u0161njem sastanku ministra prosvjete i sporta Slavoljuba Stijepovi\u0107a i predsjednika op\u0161tine Ulcinj Nazifa Cungua.<\/strong><\/p>\n<p>&#8211; Ono \u0161to smatramo najva\u017enijim projektom, a koji treba da bude zapo\u010det ve\u0107 idu\u0107e godine jeste izgradnja nove Srednje mje\u0161ovite \u0161kole u Ulcinju. Procedura je veoma slo\u017eena i ona se mora ispo\u0161tovati \u2013 rekao je ministar Slavoljub Stijepovi\u0107.<\/p>\n<p>On isti\u010de da \u0107e op\u0161tina Ulcinj i Ministarstvo obrazovanja u jednom partnerskom odnosu odrediti prioritete i na\u010dine rje\u0161avanja goru\u0107ih problema, a jedna od mjera jeste osavremenjavanje prostora u \u0161kolama.<\/p>\n<p>&#8211; Ministrstvo \u0107e odmah organizovati sanaciju krova \u0161kole \u201eMar\u0161al Tito\u201c jer ovo ne mo\u017ee da trpi odlaganje, a ve\u0107 idu\u0107e godine ova \u0161kola \u0107e kroz program energetske efikasnosti do\u017eivjeti totalnu rekonstrukciju \u2013 rekao je Stijepovi\u0107.<\/p>\n<p>Prvi \u010dovjek Ulcinja Nazif Cungu je kao glavnu temu ju\u010dera\u0161njeg sastanka sa ministrom Stijepovi\u0107em istakao kapacitete u \u0161kolama.<\/p>\n<p>&#8211; Dogovorili smo izradu projekta za izgradnju srednje \u0161kole u Ulcinjskom polju na lokalitetu predvi\u0111enom Detaljnim urbani\u0161ti\u010dkim planom. Tako\u0111e, razgovarali smo i o mogu\u0107nostima izgradnje \u0161kole u naselju Sukobin \u2013 rekao je Cungu.<\/p>\n<p>On dodaje da \u0107e krov O\u0160 \u201eMar\u0161al Tito\u201c biti saniran u najskorijem mogu\u0107em roku.<\/p>\n<p><em>\u00a0<strong>A.\u017d.<\/strong><\/em><\/p>\n<p><strong>Izvor: POBJEDA<\/strong><\/p>\n","protected":false},"excerpt":{"rendered":"<p>ULCINJ \u2013 Najju\u017enija crnogorska op\u0161tina \u0107e dobiti jo\u0161 jednu Srednju mje\u0161ovitu \u0161kolu i ubrzano \u0107e se raditi na osavremenjivanju prostora u ulcinjskim \u0161kolama \u2013 odlu\u010deno je na ju\u010dera\u0161njem sastanku ministra prosvjete i sporta Slavoljuba Stijepovi\u0107a i predsjednika op\u0161tine Ulcinj Nazifa Cungua. &#8211; Ono \u0161to smatramo najva\u017enijim projektom, a koji treba da bude zapo\u010det ve\u0107 idu\u0107e [&hellip;]<\/p>\n","protected":false},"author":1,"featured_media":0,"comment_status":"closed","ping_status":"closed","sticky":false,"template":"","format":"standard","meta":{"spay_email":"","jetpack_publicize_message":"","jetpack_is_tweetstorm":false,"jetpack_publicize_feature_enabled":true},"categories":[6950],"tags":[],"jetpack_publicize_connections":[],"yoast_head":"<!-- This site is optimized with the Yoast SEO plugin v19.1 - https:\/\/yoast.com\/wordpress\/plugins\/seo\/ -->\n<title>Ulcinj dobija jo\u0161 jednu \u0161kolu - Lajme nga Ulqini<\/title>\n<meta name=\"description\" content=\"ULCINJ \u2013 Najju\u017enija crnogorska op\u0161tina \u0107e dobiti jo\u0161 jednu Srednju mje\u0161ovitu \u0161kolu i ubrzano \u0107e se raditi na osavremenjivanju prostora u ulcinjskim\" \/>\n<meta name=\"robots\" content=\"index, follow, max-snippet:-1, max-image-preview:large, max-video-preview:-1\" \/>\n<link rel=\"canonical\" href=\"https:\/\/www.visit-ulcinj.com\/blog\/2013\/09\/10\/ulcinj-dobija-jos-jednu-skolu\/\" \/>\n<meta property=\"og:locale\" content=\"en_US\" \/>\n<meta property=\"og:type\" content=\"article\" \/>\n<meta property=\"og:title\" content=\"Ulcinj dobija jo\u0161 jednu \u0161kolu - Lajme nga Ulqini\" \/>\n<meta property=\"og:description\" content=\"ULCINJ \u2013 Najju\u017enija crnogorska op\u0161tina \u0107e dobiti jo\u0161 jednu Srednju mje\u0161ovitu \u0161kolu i ubrzano \u0107e se raditi na osavremenjivanju prostora u ulcinjskim\" \/>\n<meta property=\"og:url\" content=\"https:\/\/www.visit-ulcinj.com\/blog\/2013\/09\/10\/ulcinj-dobija-jos-jednu-skolu\/\" \/>\n<meta property=\"og:site_name\" content=\"Lajme nga Ulqini\" \/>\n<meta property=\"article:published_time\" content=\"2013-09-10T15:19:42+00:00\" \/>\n<meta property=\"og:image\" content=\"http:\/\/www.visit-ulcinj.com\/blog\/wp-content\/uploads\/2013\/09\/Cungu-Stjepovic.jpg\" \/>\n<meta name=\"twitter:label1\" content=\"Written by\" \/>\n\t<meta name=\"twitter:data1\" content=\"ulqini\" \/>\n\t<meta name=\"twitter:label2\" content=\"Est. reading time\" \/>\n\t<meta name=\"twitter:data2\" content=\"1 minute\" \/>\n<script type=\"application\/ld+json\" class=\"yoast-schema-graph\">{\"@context\":\"https:\/\/schema.org\",\"@graph\":[{\"@type\":\"WebSite\",\"@id\":\"https:\/\/www.visit-ulcinj.com\/blog\/#website\",\"url\":\"https:\/\/www.visit-ulcinj.com\/blog\/\",\"name\":\"Lajme nga Ulqini\",\"description\":\"Lajme,Vijesti,Ulqini,Ulqin,Crna Gora,Mali i Zi\",\"potentialAction\":[{\"@type\":\"SearchAction\",\"target\":{\"@type\":\"EntryPoint\",\"urlTemplate\":\"https:\/\/www.visit-ulcinj.com\/blog\/?s={search_term_string}\"},\"query-input\":\"required name=search_term_string\"}],\"inLanguage\":\"en-US\"},{\"@type\":\"ImageObject\",\"inLanguage\":\"en-US\",\"@id\":\"https:\/\/www.visit-ulcinj.com\/blog\/2013\/09\/10\/ulcinj-dobija-jos-jednu-skolu\/#primaryimage\",\"url\":\"https:\/\/www.visit-ulcinj.com\/blog\/wp-content\/uploads\/2013\/09\/Cungu-Stjepovic.jpg\",\"contentUrl\":\"https:\/\/www.visit-ulcinj.com\/blog\/wp-content\/uploads\/2013\/09\/Cungu-Stjepovic.jpg\",\"width\":1000,\"height\":601},{\"@type\":\"WebPage\",\"@id\":\"https:\/\/www.visit-ulcinj.com\/blog\/2013\/09\/10\/ulcinj-dobija-jos-jednu-skolu\/#webpage\",\"url\":\"https:\/\/www.visit-ulcinj.com\/blog\/2013\/09\/10\/ulcinj-dobija-jos-jednu-skolu\/\",\"name\":\"Ulcinj dobija jo\u0161 jednu \u0161kolu - Lajme nga Ulqini\",\"isPartOf\":{\"@id\":\"https:\/\/www.visit-ulcinj.com\/blog\/#website\"},\"primaryImageOfPage\":{\"@id\":\"https:\/\/www.visit-ulcinj.com\/blog\/2013\/09\/10\/ulcinj-dobija-jos-jednu-skolu\/#primaryimage\"},\"datePublished\":\"2013-09-10T15:19:42+00:00\",\"dateModified\":\"2013-09-10T15:19:42+00:00\",\"author\":{\"@id\":\"https:\/\/www.visit-ulcinj.com\/blog\/#\/schema\/person\/dcab619c614d3038751c63bc2aadc06d\"},\"description\":\"ULCINJ \u2013 Najju\u017enija crnogorska op\u0161tina \u0107e dobiti jo\u0161 jednu Srednju mje\u0161ovitu \u0161kolu i ubrzano \u0107e se raditi na osavremenjivanju prostora u ulcinjskim\",\"breadcrumb\":{\"@id\":\"https:\/\/www.visit-ulcinj.com\/blog\/2013\/09\/10\/ulcinj-dobija-jos-jednu-skolu\/#breadcrumb\"},\"inLanguage\":\"en-US\",\"potentialAction\":[{\"@type\":\"ReadAction\",\"target\":[\"https:\/\/www.visit-ulcinj.com\/blog\/2013\/09\/10\/ulcinj-dobija-jos-jednu-skolu\/\"]}]},{\"@type\":\"BreadcrumbList\",\"@id\":\"https:\/\/www.visit-ulcinj.com\/blog\/2013\/09\/10\/ulcinj-dobija-jos-jednu-skolu\/#breadcrumb\",\"itemListElement\":[{\"@type\":\"ListItem\",\"position\":1,\"name\":\"Ulcinj dobija jo\u0161 jednu \u0161kolu\"}]},{\"@type\":\"Person\",\"@id\":\"https:\/\/www.visit-ulcinj.com\/blog\/#\/schema\/person\/dcab619c614d3038751c63bc2aadc06d\",\"name\":\"ulqini\",\"sameAs\":[\"http:\/\/www.visit-ulcinj.com\"],\"url\":\"https:\/\/www.visit-ulcinj.com\/blog\/author\/admin\/\"}]}<\/script>\n<!-- \/ Yoast SEO plugin. -->","yoast_head_json":{"title":"Ulcinj dobija jo\u0161 jednu \u0161kolu - Lajme nga Ulqini","description":"ULCINJ \u2013 Najju\u017enija crnogorska op\u0161tina \u0107e dobiti jo\u0161 jednu Srednju mje\u0161ovitu \u0161kolu i ubrzano \u0107e se raditi na osavremenjivanju prostora u ulcinjskim","robots":{"index":"index","follow":"follow","max-snippet":"max-snippet:-1","max-image-preview":"max-image-preview:large","max-video-preview":"max-video-preview:-1"},"canonical":"https:\/\/www.visit-ulcinj.com\/blog\/2013\/09\/10\/ulcinj-dobija-jos-jednu-skolu\/","og_locale":"en_US","og_type":"article","og_title":"Ulcinj dobija jo\u0161 jednu \u0161kolu - Lajme nga Ulqini","og_description":"ULCINJ \u2013 Najju\u017enija crnogorska op\u0161tina \u0107e dobiti jo\u0161 jednu Srednju mje\u0161ovitu \u0161kolu i ubrzano \u0107e se raditi na osavremenjivanju prostora u ulcinjskim","og_url":"https:\/\/www.visit-ulcinj.com\/blog\/2013\/09\/10\/ulcinj-dobija-jos-jednu-skolu\/","og_site_name":"Lajme nga Ulqini","article_published_time":"2013-09-10T15:19:42+00:00","og_image":[{"url":"http:\/\/www.visit-ulcinj.com\/blog\/wp-content\/uploads\/2013\/09\/Cungu-Stjepovic.jpg"}],"twitter_misc":{"Written by":"ulqini","Est. reading time":"1 minute"},"schema":{"@context":"https:\/\/schema.org","@graph":[{"@type":"WebSite","@id":"https:\/\/www.visit-ulcinj.com\/blog\/#website","url":"https:\/\/www.visit-ulcinj.com\/blog\/","name":"Lajme nga Ulqini","description":"Lajme,Vijesti,Ulqini,Ulqin,Crna Gora,Mali i Zi","potentialAction":[{"@type":"SearchAction","target":{"@type":"EntryPoint","urlTemplate":"https:\/\/www.visit-ulcinj.com\/blog\/?s={search_term_string}"},"query-input":"required name=search_term_string"}],"inLanguage":"en-US"},{"@type":"ImageObject","inLanguage":"en-US","@id":"https:\/\/www.visit-ulcinj.com\/blog\/2013\/09\/10\/ulcinj-dobija-jos-jednu-skolu\/#primaryimage","url":"https:\/\/www.visit-ulcinj.com\/blog\/wp-content\/uploads\/2013\/09\/Cungu-Stjepovic.jpg","contentUrl":"https:\/\/www.visit-ulcinj.com\/blog\/wp-content\/uploads\/2013\/09\/Cungu-Stjepovic.jpg","width":1000,"height":601},{"@type":"WebPage","@id":"https:\/\/www.visit-ulcinj.com\/blog\/2013\/09\/10\/ulcinj-dobija-jos-jednu-skolu\/#webpage","url":"https:\/\/www.visit-ulcinj.com\/blog\/2013\/09\/10\/ulcinj-dobija-jos-jednu-skolu\/","name":"Ulcinj dobija jo\u0161 jednu \u0161kolu - Lajme nga Ulqini","isPartOf":{"@id":"https:\/\/www.visit-ulcinj.com\/blog\/#website"},"primaryImageOfPage":{"@id":"https:\/\/www.visit-ulcinj.com\/blog\/2013\/09\/10\/ulcinj-dobija-jos-jednu-skolu\/#primaryimage"},"datePublished":"2013-09-10T15:19:42+00:00","dateModified":"2013-09-10T15:19:42+00:00","author":{"@id":"https:\/\/www.visit-ulcinj.com\/blog\/#\/schema\/person\/dcab619c614d3038751c63bc2aadc06d"},"description":"ULCINJ \u2013 Najju\u017enija crnogorska op\u0161tina \u0107e dobiti jo\u0161 jednu Srednju mje\u0161ovitu \u0161kolu i ubrzano \u0107e se raditi na osavremenjivanju prostora u ulcinjskim","breadcrumb":{"@id":"https:\/\/www.visit-ulcinj.com\/blog\/2013\/09\/10\/ulcinj-dobija-jos-jednu-skolu\/#breadcrumb"},"inLanguage":"en-US","potentialAction":[{"@type":"ReadAction","target":["https:\/\/www.visit-ulcinj.com\/blog\/2013\/09\/10\/ulcinj-dobija-jos-jednu-skolu\/"]}]},{"@type":"BreadcrumbList","@id":"https:\/\/www.visit-ulcinj.com\/blog\/2013\/09\/10\/ulcinj-dobija-jos-jednu-skolu\/#breadcrumb","itemListElement":[{"@type":"ListItem","position":1,"name":"Ulcinj dobija jo\u0161 jednu \u0161kolu"}]},{"@type":"Person","@id":"https:\/\/www.visit-ulcinj.com\/blog\/#\/schema\/person\/dcab619c614d3038751c63bc2aadc06d","name":"ulqini","sameAs":["http:\/\/www.visit-ulcinj.com"],"url":"https:\/\/www.visit-ulcinj.com\/blog\/author\/admin\/"}]}},"jetpack_featured_media_url":"","jetpack_sharing_enabled":true,"jetpack_shortlink":"https:\/\/wp.me\/pe6lTn-jqn","_links":{"self":[{"href":"https:\/\/www.visit-ulcinj.com\/blog\/wp-json\/wp\/v2\/posts\/74671"}],"collection":[{"href":"https:\/\/www.visit-ulcinj.com\/blog\/wp-json\/wp\/v2\/posts"}],"about":[{"href":"https:\/\/www.visit-ulcinj.com\/blog\/wp-json\/wp\/v2\/types\/post"}],"author":[{"embeddable":true,"href":"https:\/\/www.visit-ulcinj.com\/blog\/wp-json\/wp\/v2\/users\/1"}],"replies":[{"embeddable":true,"href":"https:\/\/www.visit-ulcinj.com\/blog\/wp-json\/wp\/v2\/comments?post=74671"}],"version-history":[{"count":1,"href":"https:\/\/www.visit-ulcinj.com\/blog\/wp-json\/wp\/v2\/posts\/74671\/revisions"}],"predecessor-version":[{"id":74673,"href":"https:\/\/www.visit-ulcinj.com\/blog\/wp-json\/wp\/v2\/posts\/74671\/revisions\/74673"}],"wp:attachment":[{"href":"https:\/\/www.visit-ulcinj.com\/blog\/wp-json\/wp\/v2\/media?parent=74671"}],"wp:term":[{"taxonomy":"category","embeddable":true,"href":"https:\/\/www.visit-ulcinj.com\/blog\/wp-json\/wp\/v2\/categories?post=74671"},{"taxonomy":"post_tag","embeddable":true,"href":"https:\/\/www.visit-ulcinj.com\/blog\/wp-json\/wp\/v2\/tags?post=74671"}],"curies":[{"name":"wp","href":"https:\/\/api.w.org\/{rel}","templated":true}]}}