{"id":74683,"date":"2013-09-11T17:06:29","date_gmt":"2013-09-11T16:06:29","guid":{"rendered":"http:\/\/www.visit-ulcinj.com\/blog\/?p=74683"},"modified":"2013-09-12T08:38:54","modified_gmt":"2013-09-12T07:38:54","slug":"fatmir-gjeka-takon-kreun-e-bdi-ali-ahmeti","status":"publish","type":"post","link":"https:\/\/www.visit-ulcinj.com\/blog\/2013\/09\/11\/fatmir-gjeka-takon-kreun-e-bdi-ali-ahmeti\/","title":{"rendered":"Fatmir Gjeka takon kreun e BDI Ali Ahmeti"},"content":{"rendered":"<p><strong><a href=\"http:\/\/www.visit-ulcinj.com\/blog\/wp-content\/uploads\/2013\/09\/Fatmir-Gjeka-Ali-Ahmeti.jpg\"><img loading=\"lazy\" class=\"alignleft  wp-image-74684\" alt=\"Fatmir Gjeka-Ali Ahmeti\" src=\"http:\/\/www.visit-ulcinj.com\/blog\/wp-content\/uploads\/2013\/09\/Fatmir-Gjeka-Ali-Ahmeti.jpg\" width=\"508\" height=\"360\" \/><\/a>Fatmir \u00a0Gjeka \u00a0pritet \u00a0nga \u00a0Ali \u00a0Ahmeti<\/strong><\/p>\n<p>Tetov\u00eb,11 shtator 2013- Kryetari i Partis\u00eb Demokratike me seli n\u00eb nj\u00eb Ulqin, z. Fatmir Gjeka po qendron n\u00eb Maqedoni.Ai me k\u00ebt\u00eb rast \u00ebsht\u00eb takuar me kryetarin e BDI-s\u00eb,z. Ali Ahmeti.Dy lider\u00ebt kan\u00eb folur mbi pozit\u00ebn\u00a0\u00a0 e shqiptar\u00ebve\u00a0 n\u00eb\u00a0 dy vendet respektive.Z. Ahmeti dhe mysafiri i tij, z. Fatmir Gjeka kan\u00eb konstatuar \u00a0se shqiptar\u00ebt\u00a0 kan\u00eb treguar nj\u00eb pjekuri politike dhe civilizuese,duke u p\u00ebrcaktuar p\u00ebr integrime evropiane dhe evroatlantike.<\/p>\n<p>Dy bashk\u00ebbiseduesit \u00a0konstatuan se p\u00ebrcarjet dhe politizimet d\u00ebmtojn\u00eb drejtp\u00ebrdrejt radiuesin politik,por edhe popullin shqiptar qoft\u00eb n\u00eb Maqedoni apo n\u00eb Malin e Zi.<br \/>\n<a href=\"http:\/\/www.visit-ulcinj.com\/blog\/wp-content\/uploads\/2013\/09\/Fatmir-Gjeka-Ali-Ahmeti-1.jpg\"><img loading=\"lazy\" class=\"alignleft  wp-image-74687\" alt=\"Fatmir Gjeka-Ali Ahmeti-1\" src=\"http:\/\/www.visit-ulcinj.com\/blog\/wp-content\/uploads\/2013\/09\/Fatmir-Gjeka-Ali-Ahmeti-1.jpg\" width=\"508\" height=\"360\" \/><\/a><\/p>\n<p>N\u00eb k\u00ebt\u00eb frym\u00eb, dy\u00a0 lider\u00ebt\u00a0 shqiptar\u00eb e shohin me shum\u00eb r\u00ebnd\u00ebsi bashk\u00ebpunimin mes veti,si dy parti nacionale shqiptare n\u00eb pushtet n\u00eb Mal\u00a0 t\u00eb\u00a0 Zi,p\u00ebrkat\u00ebsisht n\u00eb Maqedoni,shk\u00ebmbimin e p\u00ebrvojave n\u00eb\u00a0 qeverisjet qendrore dhe ato lokale.<\/p>\n<p>Kryetari i PD, z. Fatmir Gjeka i b\u00ebri ftes\u00eb mikprit\u00ebsit t\u00eb tij,z. Ali Ahmeti,kryetar i Bashkimit Demokratik p\u00ebr Integrim q\u00eb n\u00eb nje\u00a0t\u00eb ardhme t\u00eb\u00a0 af\u00ebr t\u00eb vizitoj\u00eb Malin e Zi, q\u00eb u pranua me shum\u00eb dashamir\u00ebsi.<\/p>\n<p><strong>Sh\u00ebrbimi p\u00ebr informim i PD-s\u00eb<\/strong><\/p>\n<p><strong>\u00a0Legjenda: Ahmeti pret Gjek\u00ebn n\u00eb selin\u00eb e BDI-s\u00eb n\u00eb Tetov\u00eb<\/strong><\/p>\n","protected":false},"excerpt":{"rendered":"<p>Fatmir \u00a0Gjeka \u00a0pritet \u00a0nga \u00a0Ali \u00a0Ahmeti Tetov\u00eb,11 shtator 2013- Kryetari i Partis\u00eb Demokratike me seli n\u00eb nj\u00eb Ulqin, z. Fatmir Gjeka po qendron n\u00eb Maqedoni.Ai me k\u00ebt\u00eb rast \u00ebsht\u00eb takuar me kryetarin e BDI-s\u00eb,z. Ali Ahmeti.Dy lider\u00ebt kan\u00eb folur mbi pozit\u00ebn\u00a0\u00a0 e shqiptar\u00ebve\u00a0 n\u00eb\u00a0 dy vendet respektive.Z. Ahmeti dhe mysafiri i tij, z. Fatmir Gjeka [&hellip;]<\/p>\n","protected":false},"author":1,"featured_media":0,"comment_status":"closed","ping_status":"closed","sticky":false,"template":"","format":"standard","meta":{"spay_email":"","jetpack_publicize_message":"","jetpack_is_tweetstorm":false,"jetpack_publicize_feature_enabled":true},"categories":[1,14],"tags":[],"jetpack_publicize_connections":[],"yoast_head":"<!-- This site is optimized with the Yoast SEO plugin v19.1 - https:\/\/yoast.com\/wordpress\/plugins\/seo\/ -->\n<title>Fatmir Gjeka takon kreun e BDI Ali Ahmeti - Lajme nga Ulqini<\/title>\n<meta name=\"description\" content=\"Fatmir \u00a0Gjeka \u00a0pritet \u00a0nga \u00a0Ali \u00a0Ahmeti Tetov\u00eb,11 shtator 2013- Kryetari i Partis\u00eb Demokratike me seli n\u00eb nj\u00eb Ulqin, z. Fatmir Gjeka po qendron n\u00eb\" \/>\n<meta name=\"robots\" content=\"index, follow, max-snippet:-1, max-image-preview:large, max-video-preview:-1\" \/>\n<link rel=\"canonical\" href=\"https:\/\/www.visit-ulcinj.com\/blog\/2013\/09\/11\/fatmir-gjeka-takon-kreun-e-bdi-ali-ahmeti\/\" \/>\n<meta property=\"og:locale\" content=\"en_US\" \/>\n<meta property=\"og:type\" content=\"article\" \/>\n<meta property=\"og:title\" content=\"Fatmir Gjeka takon kreun e BDI Ali Ahmeti - Lajme nga Ulqini\" \/>\n<meta property=\"og:description\" content=\"Fatmir \u00a0Gjeka \u00a0pritet \u00a0nga \u00a0Ali \u00a0Ahmeti Tetov\u00eb,11 shtator 2013- Kryetari i Partis\u00eb Demokratike me seli n\u00eb nj\u00eb Ulqin, z. Fatmir Gjeka po qendron n\u00eb\" \/>\n<meta property=\"og:url\" content=\"https:\/\/www.visit-ulcinj.com\/blog\/2013\/09\/11\/fatmir-gjeka-takon-kreun-e-bdi-ali-ahmeti\/\" \/>\n<meta property=\"og:site_name\" content=\"Lajme nga Ulqini\" \/>\n<meta property=\"article:published_time\" content=\"2013-09-11T16:06:29+00:00\" \/>\n<meta property=\"article:modified_time\" content=\"2013-09-12T07:38:54+00:00\" \/>\n<meta property=\"og:image\" content=\"http:\/\/www.visit-ulcinj.com\/blog\/wp-content\/uploads\/2013\/09\/Fatmir-Gjeka-Ali-Ahmeti.jpg\" \/>\n<meta name=\"twitter:label1\" content=\"Written by\" \/>\n\t<meta name=\"twitter:data1\" content=\"ulqini\" \/>\n\t<meta name=\"twitter:label2\" content=\"Est. reading time\" \/>\n\t<meta name=\"twitter:data2\" content=\"1 minute\" \/>\n<script type=\"application\/ld+json\" class=\"yoast-schema-graph\">{\"@context\":\"https:\/\/schema.org\",\"@graph\":[{\"@type\":\"WebSite\",\"@id\":\"https:\/\/www.visit-ulcinj.com\/blog\/#website\",\"url\":\"https:\/\/www.visit-ulcinj.com\/blog\/\",\"name\":\"Lajme nga Ulqini\",\"description\":\"Lajme,Vijesti,Ulqini,Ulqin,Crna Gora,Mali i Zi\",\"potentialAction\":[{\"@type\":\"SearchAction\",\"target\":{\"@type\":\"EntryPoint\",\"urlTemplate\":\"https:\/\/www.visit-ulcinj.com\/blog\/?s={search_term_string}\"},\"query-input\":\"required name=search_term_string\"}],\"inLanguage\":\"en-US\"},{\"@type\":\"ImageObject\",\"inLanguage\":\"en-US\",\"@id\":\"https:\/\/www.visit-ulcinj.com\/blog\/2013\/09\/11\/fatmir-gjeka-takon-kreun-e-bdi-ali-ahmeti\/#primaryimage\",\"url\":\"https:\/\/www.visit-ulcinj.com\/blog\/wp-content\/uploads\/2013\/09\/Fatmir-Gjeka-Ali-Ahmeti.jpg\",\"contentUrl\":\"https:\/\/www.visit-ulcinj.com\/blog\/wp-content\/uploads\/2013\/09\/Fatmir-Gjeka-Ali-Ahmeti.jpg\",\"width\":960,\"height\":540},{\"@type\":\"WebPage\",\"@id\":\"https:\/\/www.visit-ulcinj.com\/blog\/2013\/09\/11\/fatmir-gjeka-takon-kreun-e-bdi-ali-ahmeti\/#webpage\",\"url\":\"https:\/\/www.visit-ulcinj.com\/blog\/2013\/09\/11\/fatmir-gjeka-takon-kreun-e-bdi-ali-ahmeti\/\",\"name\":\"Fatmir Gjeka takon kreun e BDI Ali Ahmeti - Lajme nga Ulqini\",\"isPartOf\":{\"@id\":\"https:\/\/www.visit-ulcinj.com\/blog\/#website\"},\"primaryImageOfPage\":{\"@id\":\"https:\/\/www.visit-ulcinj.com\/blog\/2013\/09\/11\/fatmir-gjeka-takon-kreun-e-bdi-ali-ahmeti\/#primaryimage\"},\"datePublished\":\"2013-09-11T16:06:29+00:00\",\"dateModified\":\"2013-09-12T07:38:54+00:00\",\"author\":{\"@id\":\"https:\/\/www.visit-ulcinj.com\/blog\/#\/schema\/person\/dcab619c614d3038751c63bc2aadc06d\"},\"description\":\"Fatmir \u00a0Gjeka \u00a0pritet \u00a0nga \u00a0Ali \u00a0Ahmeti Tetov\u00eb,11 shtator 2013- Kryetari i Partis\u00eb Demokratike me seli n\u00eb nj\u00eb Ulqin, z. Fatmir Gjeka po qendron n\u00eb\",\"breadcrumb\":{\"@id\":\"https:\/\/www.visit-ulcinj.com\/blog\/2013\/09\/11\/fatmir-gjeka-takon-kreun-e-bdi-ali-ahmeti\/#breadcrumb\"},\"inLanguage\":\"en-US\",\"potentialAction\":[{\"@type\":\"ReadAction\",\"target\":[\"https:\/\/www.visit-ulcinj.com\/blog\/2013\/09\/11\/fatmir-gjeka-takon-kreun-e-bdi-ali-ahmeti\/\"]}]},{\"@type\":\"BreadcrumbList\",\"@id\":\"https:\/\/www.visit-ulcinj.com\/blog\/2013\/09\/11\/fatmir-gjeka-takon-kreun-e-bdi-ali-ahmeti\/#breadcrumb\",\"itemListElement\":[{\"@type\":\"ListItem\",\"position\":1,\"name\":\"Fatmir Gjeka takon kreun e BDI Ali Ahmeti\"}]},{\"@type\":\"Person\",\"@id\":\"https:\/\/www.visit-ulcinj.com\/blog\/#\/schema\/person\/dcab619c614d3038751c63bc2aadc06d\",\"name\":\"ulqini\",\"sameAs\":[\"http:\/\/www.visit-ulcinj.com\"],\"url\":\"https:\/\/www.visit-ulcinj.com\/blog\/author\/admin\/\"}]}<\/script>\n<!-- \/ Yoast SEO plugin. -->","yoast_head_json":{"title":"Fatmir Gjeka takon kreun e BDI Ali Ahmeti - Lajme nga Ulqini","description":"Fatmir \u00a0Gjeka \u00a0pritet \u00a0nga \u00a0Ali \u00a0Ahmeti Tetov\u00eb,11 shtator 2013- Kryetari i Partis\u00eb Demokratike me seli n\u00eb nj\u00eb Ulqin, z. Fatmir Gjeka po qendron n\u00eb","robots":{"index":"index","follow":"follow","max-snippet":"max-snippet:-1","max-image-preview":"max-image-preview:large","max-video-preview":"max-video-preview:-1"},"canonical":"https:\/\/www.visit-ulcinj.com\/blog\/2013\/09\/11\/fatmir-gjeka-takon-kreun-e-bdi-ali-ahmeti\/","og_locale":"en_US","og_type":"article","og_title":"Fatmir Gjeka takon kreun e BDI Ali Ahmeti - Lajme nga Ulqini","og_description":"Fatmir \u00a0Gjeka \u00a0pritet \u00a0nga \u00a0Ali \u00a0Ahmeti Tetov\u00eb,11 shtator 2013- Kryetari i Partis\u00eb Demokratike me seli n\u00eb nj\u00eb Ulqin, z. Fatmir Gjeka po qendron n\u00eb","og_url":"https:\/\/www.visit-ulcinj.com\/blog\/2013\/09\/11\/fatmir-gjeka-takon-kreun-e-bdi-ali-ahmeti\/","og_site_name":"Lajme nga Ulqini","article_published_time":"2013-09-11T16:06:29+00:00","article_modified_time":"2013-09-12T07:38:54+00:00","og_image":[{"url":"http:\/\/www.visit-ulcinj.com\/blog\/wp-content\/uploads\/2013\/09\/Fatmir-Gjeka-Ali-Ahmeti.jpg"}],"twitter_misc":{"Written by":"ulqini","Est. reading time":"1 minute"},"schema":{"@context":"https:\/\/schema.org","@graph":[{"@type":"WebSite","@id":"https:\/\/www.visit-ulcinj.com\/blog\/#website","url":"https:\/\/www.visit-ulcinj.com\/blog\/","name":"Lajme nga Ulqini","description":"Lajme,Vijesti,Ulqini,Ulqin,Crna Gora,Mali i Zi","potentialAction":[{"@type":"SearchAction","target":{"@type":"EntryPoint","urlTemplate":"https:\/\/www.visit-ulcinj.com\/blog\/?s={search_term_string}"},"query-input":"required name=search_term_string"}],"inLanguage":"en-US"},{"@type":"ImageObject","inLanguage":"en-US","@id":"https:\/\/www.visit-ulcinj.com\/blog\/2013\/09\/11\/fatmir-gjeka-takon-kreun-e-bdi-ali-ahmeti\/#primaryimage","url":"https:\/\/www.visit-ulcinj.com\/blog\/wp-content\/uploads\/2013\/09\/Fatmir-Gjeka-Ali-Ahmeti.jpg","contentUrl":"https:\/\/www.visit-ulcinj.com\/blog\/wp-content\/uploads\/2013\/09\/Fatmir-Gjeka-Ali-Ahmeti.jpg","width":960,"height":540},{"@type":"WebPage","@id":"https:\/\/www.visit-ulcinj.com\/blog\/2013\/09\/11\/fatmir-gjeka-takon-kreun-e-bdi-ali-ahmeti\/#webpage","url":"https:\/\/www.visit-ulcinj.com\/blog\/2013\/09\/11\/fatmir-gjeka-takon-kreun-e-bdi-ali-ahmeti\/","name":"Fatmir Gjeka takon kreun e BDI Ali Ahmeti - Lajme nga Ulqini","isPartOf":{"@id":"https:\/\/www.visit-ulcinj.com\/blog\/#website"},"primaryImageOfPage":{"@id":"https:\/\/www.visit-ulcinj.com\/blog\/2013\/09\/11\/fatmir-gjeka-takon-kreun-e-bdi-ali-ahmeti\/#primaryimage"},"datePublished":"2013-09-11T16:06:29+00:00","dateModified":"2013-09-12T07:38:54+00:00","author":{"@id":"https:\/\/www.visit-ulcinj.com\/blog\/#\/schema\/person\/dcab619c614d3038751c63bc2aadc06d"},"description":"Fatmir \u00a0Gjeka \u00a0pritet \u00a0nga \u00a0Ali \u00a0Ahmeti Tetov\u00eb,11 shtator 2013- Kryetari i Partis\u00eb Demokratike me seli n\u00eb nj\u00eb Ulqin, z. Fatmir Gjeka po qendron n\u00eb","breadcrumb":{"@id":"https:\/\/www.visit-ulcinj.com\/blog\/2013\/09\/11\/fatmir-gjeka-takon-kreun-e-bdi-ali-ahmeti\/#breadcrumb"},"inLanguage":"en-US","potentialAction":[{"@type":"ReadAction","target":["https:\/\/www.visit-ulcinj.com\/blog\/2013\/09\/11\/fatmir-gjeka-takon-kreun-e-bdi-ali-ahmeti\/"]}]},{"@type":"BreadcrumbList","@id":"https:\/\/www.visit-ulcinj.com\/blog\/2013\/09\/11\/fatmir-gjeka-takon-kreun-e-bdi-ali-ahmeti\/#breadcrumb","itemListElement":[{"@type":"ListItem","position":1,"name":"Fatmir Gjeka takon kreun e BDI Ali Ahmeti"}]},{"@type":"Person","@id":"https:\/\/www.visit-ulcinj.com\/blog\/#\/schema\/person\/dcab619c614d3038751c63bc2aadc06d","name":"ulqini","sameAs":["http:\/\/www.visit-ulcinj.com"],"url":"https:\/\/www.visit-ulcinj.com\/blog\/author\/admin\/"}]}},"jetpack_featured_media_url":"","jetpack_sharing_enabled":true,"jetpack_shortlink":"https:\/\/wp.me\/pe6lTn-jqz","_links":{"self":[{"href":"https:\/\/www.visit-ulcinj.com\/blog\/wp-json\/wp\/v2\/posts\/74683"}],"collection":[{"href":"https:\/\/www.visit-ulcinj.com\/blog\/wp-json\/wp\/v2\/posts"}],"about":[{"href":"https:\/\/www.visit-ulcinj.com\/blog\/wp-json\/wp\/v2\/types\/post"}],"author":[{"embeddable":true,"href":"https:\/\/www.visit-ulcinj.com\/blog\/wp-json\/wp\/v2\/users\/1"}],"replies":[{"embeddable":true,"href":"https:\/\/www.visit-ulcinj.com\/blog\/wp-json\/wp\/v2\/comments?post=74683"}],"version-history":[{"count":3,"href":"https:\/\/www.visit-ulcinj.com\/blog\/wp-json\/wp\/v2\/posts\/74683\/revisions"}],"predecessor-version":[{"id":74697,"href":"https:\/\/www.visit-ulcinj.com\/blog\/wp-json\/wp\/v2\/posts\/74683\/revisions\/74697"}],"wp:attachment":[{"href":"https:\/\/www.visit-ulcinj.com\/blog\/wp-json\/wp\/v2\/media?parent=74683"}],"wp:term":[{"taxonomy":"category","embeddable":true,"href":"https:\/\/www.visit-ulcinj.com\/blog\/wp-json\/wp\/v2\/categories?post=74683"},{"taxonomy":"post_tag","embeddable":true,"href":"https:\/\/www.visit-ulcinj.com\/blog\/wp-json\/wp\/v2\/tags?post=74683"}],"curies":[{"name":"wp","href":"https:\/\/api.w.org\/{rel}","templated":true}]}}