{"id":74703,"date":"2013-09-13T10:41:06","date_gmt":"2013-09-13T09:41:06","guid":{"rendered":"http:\/\/www.visit-ulcinj.com\/blog\/?p=74703"},"modified":"2013-09-13T10:41:39","modified_gmt":"2013-09-13T09:41:39","slug":"zavrsena-sajam-umjetnina-u-ulcinj","status":"publish","type":"post","link":"https:\/\/www.visit-ulcinj.com\/blog\/2013\/09\/13\/zavrsena-sajam-umjetnina-u-ulcinj\/","title":{"rendered":"Zavr\u0161en Sajam umjetnina u Ulcinj"},"content":{"rendered":"<p><strong><a href=\"http:\/\/www.visit-ulcinj.com\/blog\/wp-content\/uploads\/2013\/05\/Ulcinj-Montenegro.jpg\"><img loading=\"lazy\" class=\"alignleft  wp-image-71610\" alt=\"Ulcinj Montenegro\" src=\"http:\/\/www.visit-ulcinj.com\/blog\/wp-content\/uploads\/2013\/05\/Ulcinj-Montenegro.jpg\" width=\"508\" height=\"360\" \/><\/a>Organizacija dobra, posjeta slaba<\/strong><\/p>\n<p>ULCINj &#8211; Trodnevna manifestacija Sajam umjetnina zavr\u0161ena je izlo\u017ebom radova od kozje ko\u017ee. Sajam je odr\u017ean u organizaciji \u201eGlobus arta\u201d na \u010dijem je \u010delu Ramiz Hajdari, a svoje radove na platou ispred Doma kulture predstvila su 23 izlaga\u010da iz Crne Gore, Albanije i Srbije. Na izlo\u017eenim radovima preovladavali su motivi iz regiona i Ulcinja, a izlo\u017ebom radova od kozje ko\u017ee predstavio se umjetnik iz Albanije Pjetr Vukaj. Na \u0161tandovnima bili su izlo\u017eeni narodne no\u0161nje, nakit, figure i instrumenti od drveta i drugi ru\u010dni radovi.<br \/>\nHajdari ocjenjuje da je ova manifestacija jedna od najzna\u010dajnijih koja se u ovoj op\u0161tini u poslednje vrijeme organizovala i ocjenio je da je prava \u0161teta \u0161to se tokom prva dva dana pojavio znatno manji broj umjetnika.<br \/>\n-Ovakav tip manifestacije zaslu\u017euje punu posje\u0107enost i nadam se da \u0107e se tokom tre\u0107eg dana posjeta poja\u010dati, jer se radi o svjetski priznatom umjetniku koji prvi put samostalno izla\u017ee u Ulcinju. Ovo je bila prilika da se neafirmisani umjetnici iz na\u0161e zemlje i regiona predstave i upoznaju Ulcinjane sa svojim radovima. Moram da naglasim da su na sajmu nastupila imena kao \u0161to su: Milena Vladisavljevi\u0107, Arjeta Miftari, Vladana Luki\u0107, kao i \u017deljko \u0110ukanovi\u0107 iz Banjaluke koji je predstavio svoje instrumente izra\u0111ene od drveta- naveo je Hajdari.<br \/>\nPrema njegovim rije\u010dima ova manifestacija bi u skorije vrijeme trebalo da dobije tradicionalni karakter.<br \/>\n-Radimo na tome da se i naredne godine u jo\u0161 ve\u0107em broju okupimo i nadamo se da \u0107e slede\u0107e dru\u017eenje biti du\u017ee &#8211; pri\u017eeljkuje organizator, koji je najavio naredno okupljanje u Pri\u0161tini.<br \/>\nZa \u0110erane Ljoni koja je sa svojom radovima doputovala iz Draga\u0161a ogranizacija manifestacije predstavlja pun pogodak.<br \/>\n-Ogranizacijom sam veoma zadovoljna, me\u0111utim posjeta je bila ba\u0161 slaba. Vjerovatno ljude mu\u010de druge brige a i ekonomska situacija tako da se slabo odlu\u010duju za kupovinu suvenira. Ja sam po drugi put u Ulcinju i predstavila sam narodnu no\u0161nju, jeleke, ko\u0161ulje, elemente od stare no\u0161nje sa ciljem da se ne zaboravi tradicija, dok je zarada ovoga puta bila u drugom planu- ka\u017ee Ljoni.<br \/>\nIstog mi\u0161ljenja je i Vidosava Jovanov iz Zrenjanina koja se ulcinjanima predstavila sa bi\u017euterijom koju je sama napravila.<br \/>\n-Ve\u0107 drugi put sam u Ulcinju i oba puta organizacija je bila na zavidnom nivou, me\u0111utim, posjeta je bila ispod o\u010dekivane. Izradom bi\u017euterije bavim se dugo i veoma mi se dopada ovaj hobi, pa mi zarada nije bila u prvom planu ve\u0107 afirmacija i zabava, jer je Ulcinj stvarno divan grad-smatra Jovanova, koja je obe\u0107ala da \u0107e opet gostovati na Sajmu umjetnina ako je organizatori pozovu.<br \/>\n<strong>Va.R.<\/strong><\/p>\n<p><strong> Za kraj izlo\u017eba radova od kozje ko\u017ee<\/strong><\/p>\n<p>Po rije\u010dima direkora Centra za kulturu dr Naila Drage ovakvi doga\u0111aji kultivi\u0161u gra\u0111ane, koji imaju jedinstvenu priliku da se upoznaju sa regionalnom kulturom i kupe unikatne radove.<br \/>\n-Veoma smo zadovoljni \u0161to smo imali priliku da u\u010destvujemo u ovakvoj sve\u010danosti. Posebno me \u010dini sre\u0107nim \u010dinjenica da \u0107e u na\u0161oj galerili izlagati eminentni umjetnik kakav je Pjetr Vukaj, pa se samim tim i nadamo dobroj posjeti. Ina\u010de, Vukaj \u0107e se predstviti izlo\u017ebom radova od kozje ko\u017ee. U narednom periodu trudi\u0107emo se da okavke sve\u010danosti budu \u0161to \u010de\u0161\u0107e-sap\u0161tio je Draga.<\/p>\n<p><strong>Izvor: DAN<\/strong><\/p>\n","protected":false},"excerpt":{"rendered":"<p>Organizacija dobra, posjeta slaba ULCINj &#8211; Trodnevna manifestacija Sajam umjetnina zavr\u0161ena je izlo\u017ebom radova od kozje ko\u017ee. Sajam je odr\u017ean u organizaciji \u201eGlobus arta\u201d na \u010dijem je \u010delu Ramiz Hajdari, a svoje radove na platou ispred Doma kulture predstvila su 23 izlaga\u010da iz Crne Gore, Albanije i Srbije. Na izlo\u017eenim radovima preovladavali su motivi iz [&hellip;]<\/p>\n","protected":false},"author":1,"featured_media":0,"comment_status":"closed","ping_status":"closed","sticky":false,"template":"","format":"standard","meta":{"spay_email":"","jetpack_publicize_message":"","jetpack_is_tweetstorm":false,"jetpack_publicize_feature_enabled":true},"categories":[8337],"tags":[],"jetpack_publicize_connections":[],"yoast_head":"<!-- This site is optimized with the Yoast SEO plugin v19.1 - https:\/\/yoast.com\/wordpress\/plugins\/seo\/ -->\n<title>Zavr\u0161en Sajam umjetnina u Ulcinj - Lajme nga Ulqini<\/title>\n<meta name=\"description\" content=\"Organizacija dobra, posjeta slaba ULCINj - Trodnevna manifestacija Sajam umjetnina zavr\u0161ena je izlo\u017ebom radova od kozje ko\u017ee. Sajam je odr\u017ean u\" \/>\n<meta name=\"robots\" content=\"index, follow, max-snippet:-1, max-image-preview:large, max-video-preview:-1\" \/>\n<link rel=\"canonical\" href=\"https:\/\/www.visit-ulcinj.com\/blog\/2013\/09\/13\/zavrsena-sajam-umjetnina-u-ulcinj\/\" \/>\n<meta property=\"og:locale\" content=\"en_US\" \/>\n<meta property=\"og:type\" content=\"article\" \/>\n<meta property=\"og:title\" content=\"Zavr\u0161en Sajam umjetnina u Ulcinj - Lajme nga Ulqini\" \/>\n<meta property=\"og:description\" content=\"Organizacija dobra, posjeta slaba ULCINj - Trodnevna manifestacija Sajam umjetnina zavr\u0161ena je izlo\u017ebom radova od kozje ko\u017ee. Sajam je odr\u017ean u\" \/>\n<meta property=\"og:url\" content=\"https:\/\/www.visit-ulcinj.com\/blog\/2013\/09\/13\/zavrsena-sajam-umjetnina-u-ulcinj\/\" \/>\n<meta property=\"og:site_name\" content=\"Lajme nga Ulqini\" \/>\n<meta property=\"article:published_time\" content=\"2013-09-13T09:41:06+00:00\" \/>\n<meta property=\"article:modified_time\" content=\"2013-09-13T09:41:39+00:00\" \/>\n<meta property=\"og:image\" content=\"http:\/\/www.visit-ulcinj.com\/blog\/wp-content\/uploads\/2013\/05\/Ulcinj-Montenegro.jpg\" \/>\n<meta name=\"twitter:label1\" content=\"Written by\" \/>\n\t<meta name=\"twitter:data1\" content=\"ulqini\" \/>\n\t<meta name=\"twitter:label2\" content=\"Est. reading time\" \/>\n\t<meta name=\"twitter:data2\" content=\"3 minutes\" \/>\n<script type=\"application\/ld+json\" class=\"yoast-schema-graph\">{\"@context\":\"https:\/\/schema.org\",\"@graph\":[{\"@type\":\"WebSite\",\"@id\":\"https:\/\/www.visit-ulcinj.com\/blog\/#website\",\"url\":\"https:\/\/www.visit-ulcinj.com\/blog\/\",\"name\":\"Lajme nga Ulqini\",\"description\":\"Lajme,Vijesti,Ulqini,Ulqin,Crna Gora,Mali i Zi\",\"potentialAction\":[{\"@type\":\"SearchAction\",\"target\":{\"@type\":\"EntryPoint\",\"urlTemplate\":\"https:\/\/www.visit-ulcinj.com\/blog\/?s={search_term_string}\"},\"query-input\":\"required name=search_term_string\"}],\"inLanguage\":\"en-US\"},{\"@type\":\"ImageObject\",\"inLanguage\":\"en-US\",\"@id\":\"https:\/\/www.visit-ulcinj.com\/blog\/2013\/09\/13\/zavrsena-sajam-umjetnina-u-ulcinj\/#primaryimage\",\"url\":\"https:\/\/www.visit-ulcinj.com\/blog\/wp-content\/uploads\/2013\/05\/Ulcinj-Montenegro.jpg\",\"contentUrl\":\"https:\/\/www.visit-ulcinj.com\/blog\/wp-content\/uploads\/2013\/05\/Ulcinj-Montenegro.jpg\",\"width\":960,\"height\":530},{\"@type\":\"WebPage\",\"@id\":\"https:\/\/www.visit-ulcinj.com\/blog\/2013\/09\/13\/zavrsena-sajam-umjetnina-u-ulcinj\/#webpage\",\"url\":\"https:\/\/www.visit-ulcinj.com\/blog\/2013\/09\/13\/zavrsena-sajam-umjetnina-u-ulcinj\/\",\"name\":\"Zavr\u0161en Sajam umjetnina u Ulcinj - Lajme nga Ulqini\",\"isPartOf\":{\"@id\":\"https:\/\/www.visit-ulcinj.com\/blog\/#website\"},\"primaryImageOfPage\":{\"@id\":\"https:\/\/www.visit-ulcinj.com\/blog\/2013\/09\/13\/zavrsena-sajam-umjetnina-u-ulcinj\/#primaryimage\"},\"datePublished\":\"2013-09-13T09:41:06+00:00\",\"dateModified\":\"2013-09-13T09:41:39+00:00\",\"author\":{\"@id\":\"https:\/\/www.visit-ulcinj.com\/blog\/#\/schema\/person\/dcab619c614d3038751c63bc2aadc06d\"},\"description\":\"Organizacija dobra, posjeta slaba ULCINj - Trodnevna manifestacija Sajam umjetnina zavr\u0161ena je izlo\u017ebom radova od kozje ko\u017ee. Sajam je odr\u017ean u\",\"breadcrumb\":{\"@id\":\"https:\/\/www.visit-ulcinj.com\/blog\/2013\/09\/13\/zavrsena-sajam-umjetnina-u-ulcinj\/#breadcrumb\"},\"inLanguage\":\"en-US\",\"potentialAction\":[{\"@type\":\"ReadAction\",\"target\":[\"https:\/\/www.visit-ulcinj.com\/blog\/2013\/09\/13\/zavrsena-sajam-umjetnina-u-ulcinj\/\"]}]},{\"@type\":\"BreadcrumbList\",\"@id\":\"https:\/\/www.visit-ulcinj.com\/blog\/2013\/09\/13\/zavrsena-sajam-umjetnina-u-ulcinj\/#breadcrumb\",\"itemListElement\":[{\"@type\":\"ListItem\",\"position\":1,\"name\":\"Zavr\u0161en Sajam umjetnina u Ulcinj\"}]},{\"@type\":\"Person\",\"@id\":\"https:\/\/www.visit-ulcinj.com\/blog\/#\/schema\/person\/dcab619c614d3038751c63bc2aadc06d\",\"name\":\"ulqini\",\"sameAs\":[\"http:\/\/www.visit-ulcinj.com\"],\"url\":\"https:\/\/www.visit-ulcinj.com\/blog\/author\/admin\/\"}]}<\/script>\n<!-- \/ Yoast SEO plugin. -->","yoast_head_json":{"title":"Zavr\u0161en Sajam umjetnina u Ulcinj - Lajme nga Ulqini","description":"Organizacija dobra, posjeta slaba ULCINj - Trodnevna manifestacija Sajam umjetnina zavr\u0161ena je izlo\u017ebom radova od kozje ko\u017ee. Sajam je odr\u017ean u","robots":{"index":"index","follow":"follow","max-snippet":"max-snippet:-1","max-image-preview":"max-image-preview:large","max-video-preview":"max-video-preview:-1"},"canonical":"https:\/\/www.visit-ulcinj.com\/blog\/2013\/09\/13\/zavrsena-sajam-umjetnina-u-ulcinj\/","og_locale":"en_US","og_type":"article","og_title":"Zavr\u0161en Sajam umjetnina u Ulcinj - Lajme nga Ulqini","og_description":"Organizacija dobra, posjeta slaba ULCINj - Trodnevna manifestacija Sajam umjetnina zavr\u0161ena je izlo\u017ebom radova od kozje ko\u017ee. Sajam je odr\u017ean u","og_url":"https:\/\/www.visit-ulcinj.com\/blog\/2013\/09\/13\/zavrsena-sajam-umjetnina-u-ulcinj\/","og_site_name":"Lajme nga Ulqini","article_published_time":"2013-09-13T09:41:06+00:00","article_modified_time":"2013-09-13T09:41:39+00:00","og_image":[{"url":"http:\/\/www.visit-ulcinj.com\/blog\/wp-content\/uploads\/2013\/05\/Ulcinj-Montenegro.jpg"}],"twitter_misc":{"Written by":"ulqini","Est. reading time":"3 minutes"},"schema":{"@context":"https:\/\/schema.org","@graph":[{"@type":"WebSite","@id":"https:\/\/www.visit-ulcinj.com\/blog\/#website","url":"https:\/\/www.visit-ulcinj.com\/blog\/","name":"Lajme nga Ulqini","description":"Lajme,Vijesti,Ulqini,Ulqin,Crna Gora,Mali i Zi","potentialAction":[{"@type":"SearchAction","target":{"@type":"EntryPoint","urlTemplate":"https:\/\/www.visit-ulcinj.com\/blog\/?s={search_term_string}"},"query-input":"required name=search_term_string"}],"inLanguage":"en-US"},{"@type":"ImageObject","inLanguage":"en-US","@id":"https:\/\/www.visit-ulcinj.com\/blog\/2013\/09\/13\/zavrsena-sajam-umjetnina-u-ulcinj\/#primaryimage","url":"https:\/\/www.visit-ulcinj.com\/blog\/wp-content\/uploads\/2013\/05\/Ulcinj-Montenegro.jpg","contentUrl":"https:\/\/www.visit-ulcinj.com\/blog\/wp-content\/uploads\/2013\/05\/Ulcinj-Montenegro.jpg","width":960,"height":530},{"@type":"WebPage","@id":"https:\/\/www.visit-ulcinj.com\/blog\/2013\/09\/13\/zavrsena-sajam-umjetnina-u-ulcinj\/#webpage","url":"https:\/\/www.visit-ulcinj.com\/blog\/2013\/09\/13\/zavrsena-sajam-umjetnina-u-ulcinj\/","name":"Zavr\u0161en Sajam umjetnina u Ulcinj - Lajme nga Ulqini","isPartOf":{"@id":"https:\/\/www.visit-ulcinj.com\/blog\/#website"},"primaryImageOfPage":{"@id":"https:\/\/www.visit-ulcinj.com\/blog\/2013\/09\/13\/zavrsena-sajam-umjetnina-u-ulcinj\/#primaryimage"},"datePublished":"2013-09-13T09:41:06+00:00","dateModified":"2013-09-13T09:41:39+00:00","author":{"@id":"https:\/\/www.visit-ulcinj.com\/blog\/#\/schema\/person\/dcab619c614d3038751c63bc2aadc06d"},"description":"Organizacija dobra, posjeta slaba ULCINj - Trodnevna manifestacija Sajam umjetnina zavr\u0161ena je izlo\u017ebom radova od kozje ko\u017ee. Sajam je odr\u017ean u","breadcrumb":{"@id":"https:\/\/www.visit-ulcinj.com\/blog\/2013\/09\/13\/zavrsena-sajam-umjetnina-u-ulcinj\/#breadcrumb"},"inLanguage":"en-US","potentialAction":[{"@type":"ReadAction","target":["https:\/\/www.visit-ulcinj.com\/blog\/2013\/09\/13\/zavrsena-sajam-umjetnina-u-ulcinj\/"]}]},{"@type":"BreadcrumbList","@id":"https:\/\/www.visit-ulcinj.com\/blog\/2013\/09\/13\/zavrsena-sajam-umjetnina-u-ulcinj\/#breadcrumb","itemListElement":[{"@type":"ListItem","position":1,"name":"Zavr\u0161en Sajam umjetnina u Ulcinj"}]},{"@type":"Person","@id":"https:\/\/www.visit-ulcinj.com\/blog\/#\/schema\/person\/dcab619c614d3038751c63bc2aadc06d","name":"ulqini","sameAs":["http:\/\/www.visit-ulcinj.com"],"url":"https:\/\/www.visit-ulcinj.com\/blog\/author\/admin\/"}]}},"jetpack_featured_media_url":"","jetpack_sharing_enabled":true,"jetpack_shortlink":"https:\/\/wp.me\/pe6lTn-jqT","_links":{"self":[{"href":"https:\/\/www.visit-ulcinj.com\/blog\/wp-json\/wp\/v2\/posts\/74703"}],"collection":[{"href":"https:\/\/www.visit-ulcinj.com\/blog\/wp-json\/wp\/v2\/posts"}],"about":[{"href":"https:\/\/www.visit-ulcinj.com\/blog\/wp-json\/wp\/v2\/types\/post"}],"author":[{"embeddable":true,"href":"https:\/\/www.visit-ulcinj.com\/blog\/wp-json\/wp\/v2\/users\/1"}],"replies":[{"embeddable":true,"href":"https:\/\/www.visit-ulcinj.com\/blog\/wp-json\/wp\/v2\/comments?post=74703"}],"version-history":[{"count":2,"href":"https:\/\/www.visit-ulcinj.com\/blog\/wp-json\/wp\/v2\/posts\/74703\/revisions"}],"predecessor-version":[{"id":74705,"href":"https:\/\/www.visit-ulcinj.com\/blog\/wp-json\/wp\/v2\/posts\/74703\/revisions\/74705"}],"wp:attachment":[{"href":"https:\/\/www.visit-ulcinj.com\/blog\/wp-json\/wp\/v2\/media?parent=74703"}],"wp:term":[{"taxonomy":"category","embeddable":true,"href":"https:\/\/www.visit-ulcinj.com\/blog\/wp-json\/wp\/v2\/categories?post=74703"},{"taxonomy":"post_tag","embeddable":true,"href":"https:\/\/www.visit-ulcinj.com\/blog\/wp-json\/wp\/v2\/tags?post=74703"}],"curies":[{"name":"wp","href":"https:\/\/api.w.org\/{rel}","templated":true}]}}