{"id":74706,"date":"2013-09-13T10:46:02","date_gmt":"2013-09-13T09:46:02","guid":{"rendered":"http:\/\/www.visit-ulcinj.com\/blog\/?p=74706"},"modified":"2013-09-14T07:26:50","modified_gmt":"2013-09-14T06:26:50","slug":"sahat-kulla-e-lanun-pas-dore","status":"publish","type":"post","link":"https:\/\/www.visit-ulcinj.com\/blog\/2013\/09\/13\/sahat-kulla-e-lanun-pas-dore\/","title":{"rendered":"Sahat kulla e lanun pas dore"},"content":{"rendered":"<p><a href=\"http:\/\/www.visit-ulcinj.com\/blog\/wp-content\/uploads\/2013\/09\/Sahat-kulla-Ulqin.jpg\"><img loading=\"lazy\" class=\"alignleft  wp-image-74707\" alt=\"Sahat kulla-Ulqin\" src=\"http:\/\/www.visit-ulcinj.com\/blog\/wp-content\/uploads\/2013\/09\/Sahat-kulla-Ulqin.jpg\" width=\"508\" height=\"360\" \/><\/a>Sahat kulla, nj\u00eb p\u00ebrmendore e kultur\u00ebs e kategoris\u00eb s\u00eb par\u00eb, e lanun pas dore,.. m\u00eb nj\u00eb ambiet t\u00eb pa par\u00eb n\u00eb rethin\u00ebn e saj..E nd\u00ebrtuar nga Mret\u00ebria Otomane n\u00eb vitin 1754, e rinovuar n\u00eb koh\u00ebn e komunizmit, pas t\u00ebrmett t\u00eb vitit 1979. Pas rinovimit nj\u00eb delegacion nga kjo koh\u00eb, ka qen\u00eb deri n\u00eb \u00c7ekosllovaki p\u00ebr ta sjell\u00eb nj\u00eb or\u00eb t\u00eb mir\u00eb, p\u00ebr ta zavensuar at\u00eb, t\u00eb cil\u00ebn e ka pasur t\u00eb vendosur n\u00eb nj\u00eb vend nga guri, me nj\u00eb mekaniz\u00ebm nga Gjermania.<\/p>\n<p>Ende nuk dihet se kush e ka marr\u00eb mekanizmin origjinal, un\u00eb mendoj se Austriak\u00ebt e kan\u00eb \u00e7u n\u00eb Kotor, por nuk ka t\u00eb dh\u00ebna t\u00eb sakta p\u00ebr k\u00ebto supozime. Ora &#8221; moderne&#8221; ka punuar shum\u00eb pak, pasi q\u00eb, edhe laiku e shef se \u00e7ka, dhe \u00e7far ore kan\u00eb sjell\u00eb. \u00c7\u00eb nga vitiet e 80 t\u00eb sh. t\u00eb kaluar ora tregon t\u00eb njajt\u00ebn koh\u00eb..Ora \u00ebsht\u00eb ndal, gjithmon\u00eb tregon t\u00eb njajt\u00ebn koh\u00eb.<\/p>\n<p>Deri te vitet e 90 t\u00eb sh. t\u00eb kaluar, edhe e kemi pasur shpres\u00ebn se do t\u00eb p\u00ebrmirsohet ora , por edhe koha tek ne. M\u00eb von\u00eb, n\u00eb koh\u00ebn e tranzicionit, posa\u00e7\u00ebrisht pas Referendumit t\u00eb vitit 2006, ku ne si qytet dhe si komb\u00eb kemi dhen\u00eb nj\u00eb kontribut\u00eb t\u00eb madh\u00eb, \u00ebsht\u00eb ndalur gjith\u00e7ka, natyrisht edhe koha, kurse n\u00eb Sahat kull\u00eb nuk mendon askush m\u00eb&#8230;<\/p>\n<p>&nbsp;<\/p>\n<p><strong><a id=\"js_97\" href=\"https:\/\/www.facebook.com\/ismet.karamanaga\" data-hovercard=\"\/ajax\/hovercard\/user.php?id=1359492972\">Ismet Karamanaga Facebook<\/a><\/strong><\/p>\n","protected":false},"excerpt":{"rendered":"<p>Sahat kulla, nj\u00eb p\u00ebrmendore e kultur\u00ebs e kategoris\u00eb s\u00eb par\u00eb, e lanun pas dore,.. m\u00eb nj\u00eb ambiet t\u00eb pa par\u00eb n\u00eb rethin\u00ebn e saj..E nd\u00ebrtuar nga Mret\u00ebria Otomane n\u00eb vitin 1754, e rinovuar n\u00eb koh\u00ebn e komunizmit, pas t\u00ebrmett t\u00eb vitit 1979. Pas rinovimit nj\u00eb delegacion nga kjo koh\u00eb, ka qen\u00eb deri n\u00eb \u00c7ekosllovaki p\u00ebr [&hellip;]<\/p>\n","protected":false},"author":1,"featured_media":0,"comment_status":"closed","ping_status":"closed","sticky":false,"template":"","format":"standard","meta":{"spay_email":"","jetpack_publicize_message":"","jetpack_is_tweetstorm":false,"jetpack_publicize_feature_enabled":true},"categories":[1,11],"tags":[],"jetpack_publicize_connections":[],"yoast_head":"<!-- This site is optimized with the Yoast SEO plugin v19.1 - https:\/\/yoast.com\/wordpress\/plugins\/seo\/ -->\n<title>Sahat kulla e lanun pas dore - Lajme nga Ulqini<\/title>\n<meta name=\"description\" content=\"Sahat kulla, nj\u00eb p\u00ebrmendore e kultur\u00ebs e kategoris\u00eb s\u00eb par\u00eb, e lanun pas dore,.. m\u00eb nj\u00eb ambiet t\u00eb pa par\u00eb n\u00eb rethin\u00ebn e saj..E nd\u00ebrtuar nga Mret\u00ebria\" \/>\n<meta name=\"robots\" content=\"index, follow, max-snippet:-1, max-image-preview:large, max-video-preview:-1\" \/>\n<link rel=\"canonical\" href=\"https:\/\/www.visit-ulcinj.com\/blog\/2013\/09\/13\/sahat-kulla-e-lanun-pas-dore\/\" \/>\n<meta property=\"og:locale\" content=\"en_US\" \/>\n<meta property=\"og:type\" content=\"article\" \/>\n<meta property=\"og:title\" content=\"Sahat kulla e lanun pas dore - Lajme nga Ulqini\" \/>\n<meta property=\"og:description\" content=\"Sahat kulla, nj\u00eb p\u00ebrmendore e kultur\u00ebs e kategoris\u00eb s\u00eb par\u00eb, e lanun pas dore,.. m\u00eb nj\u00eb ambiet t\u00eb pa par\u00eb n\u00eb rethin\u00ebn e saj..E nd\u00ebrtuar nga Mret\u00ebria\" \/>\n<meta property=\"og:url\" content=\"https:\/\/www.visit-ulcinj.com\/blog\/2013\/09\/13\/sahat-kulla-e-lanun-pas-dore\/\" \/>\n<meta property=\"og:site_name\" content=\"Lajme nga Ulqini\" \/>\n<meta property=\"article:published_time\" content=\"2013-09-13T09:46:02+00:00\" \/>\n<meta property=\"article:modified_time\" content=\"2013-09-14T06:26:50+00:00\" \/>\n<meta property=\"og:image\" content=\"http:\/\/www.visit-ulcinj.com\/blog\/wp-content\/uploads\/2013\/09\/Sahat-kulla-Ulqin.jpg\" \/>\n<meta name=\"twitter:label1\" content=\"Written by\" \/>\n\t<meta name=\"twitter:data1\" content=\"ulqini\" \/>\n\t<meta name=\"twitter:label2\" content=\"Est. reading time\" \/>\n\t<meta name=\"twitter:data2\" content=\"1 minute\" \/>\n<script type=\"application\/ld+json\" class=\"yoast-schema-graph\">{\"@context\":\"https:\/\/schema.org\",\"@graph\":[{\"@type\":\"WebSite\",\"@id\":\"https:\/\/www.visit-ulcinj.com\/blog\/#website\",\"url\":\"https:\/\/www.visit-ulcinj.com\/blog\/\",\"name\":\"Lajme nga Ulqini\",\"description\":\"Lajme,Vijesti,Ulqini,Ulqin,Crna Gora,Mali i Zi\",\"potentialAction\":[{\"@type\":\"SearchAction\",\"target\":{\"@type\":\"EntryPoint\",\"urlTemplate\":\"https:\/\/www.visit-ulcinj.com\/blog\/?s={search_term_string}\"},\"query-input\":\"required name=search_term_string\"}],\"inLanguage\":\"en-US\"},{\"@type\":\"ImageObject\",\"inLanguage\":\"en-US\",\"@id\":\"https:\/\/www.visit-ulcinj.com\/blog\/2013\/09\/13\/sahat-kulla-e-lanun-pas-dore\/#primaryimage\",\"url\":\"https:\/\/www.visit-ulcinj.com\/blog\/wp-content\/uploads\/2013\/09\/Sahat-kulla-Ulqin.jpg\",\"contentUrl\":\"https:\/\/www.visit-ulcinj.com\/blog\/wp-content\/uploads\/2013\/09\/Sahat-kulla-Ulqin.jpg\",\"width\":960,\"height\":720},{\"@type\":\"WebPage\",\"@id\":\"https:\/\/www.visit-ulcinj.com\/blog\/2013\/09\/13\/sahat-kulla-e-lanun-pas-dore\/#webpage\",\"url\":\"https:\/\/www.visit-ulcinj.com\/blog\/2013\/09\/13\/sahat-kulla-e-lanun-pas-dore\/\",\"name\":\"Sahat kulla e lanun pas dore - Lajme nga Ulqini\",\"isPartOf\":{\"@id\":\"https:\/\/www.visit-ulcinj.com\/blog\/#website\"},\"primaryImageOfPage\":{\"@id\":\"https:\/\/www.visit-ulcinj.com\/blog\/2013\/09\/13\/sahat-kulla-e-lanun-pas-dore\/#primaryimage\"},\"datePublished\":\"2013-09-13T09:46:02+00:00\",\"dateModified\":\"2013-09-14T06:26:50+00:00\",\"author\":{\"@id\":\"https:\/\/www.visit-ulcinj.com\/blog\/#\/schema\/person\/dcab619c614d3038751c63bc2aadc06d\"},\"description\":\"Sahat kulla, nj\u00eb p\u00ebrmendore e kultur\u00ebs e kategoris\u00eb s\u00eb par\u00eb, e lanun pas dore,.. m\u00eb nj\u00eb ambiet t\u00eb pa par\u00eb n\u00eb rethin\u00ebn e saj..E nd\u00ebrtuar nga Mret\u00ebria\",\"breadcrumb\":{\"@id\":\"https:\/\/www.visit-ulcinj.com\/blog\/2013\/09\/13\/sahat-kulla-e-lanun-pas-dore\/#breadcrumb\"},\"inLanguage\":\"en-US\",\"potentialAction\":[{\"@type\":\"ReadAction\",\"target\":[\"https:\/\/www.visit-ulcinj.com\/blog\/2013\/09\/13\/sahat-kulla-e-lanun-pas-dore\/\"]}]},{\"@type\":\"BreadcrumbList\",\"@id\":\"https:\/\/www.visit-ulcinj.com\/blog\/2013\/09\/13\/sahat-kulla-e-lanun-pas-dore\/#breadcrumb\",\"itemListElement\":[{\"@type\":\"ListItem\",\"position\":1,\"name\":\"Sahat kulla e lanun pas dore\"}]},{\"@type\":\"Person\",\"@id\":\"https:\/\/www.visit-ulcinj.com\/blog\/#\/schema\/person\/dcab619c614d3038751c63bc2aadc06d\",\"name\":\"ulqini\",\"sameAs\":[\"http:\/\/www.visit-ulcinj.com\"],\"url\":\"https:\/\/www.visit-ulcinj.com\/blog\/author\/admin\/\"}]}<\/script>\n<!-- \/ Yoast SEO plugin. -->","yoast_head_json":{"title":"Sahat kulla e lanun pas dore - Lajme nga Ulqini","description":"Sahat kulla, nj\u00eb p\u00ebrmendore e kultur\u00ebs e kategoris\u00eb s\u00eb par\u00eb, e lanun pas dore,.. m\u00eb nj\u00eb ambiet t\u00eb pa par\u00eb n\u00eb rethin\u00ebn e saj..E nd\u00ebrtuar nga Mret\u00ebria","robots":{"index":"index","follow":"follow","max-snippet":"max-snippet:-1","max-image-preview":"max-image-preview:large","max-video-preview":"max-video-preview:-1"},"canonical":"https:\/\/www.visit-ulcinj.com\/blog\/2013\/09\/13\/sahat-kulla-e-lanun-pas-dore\/","og_locale":"en_US","og_type":"article","og_title":"Sahat kulla e lanun pas dore - Lajme nga Ulqini","og_description":"Sahat kulla, nj\u00eb p\u00ebrmendore e kultur\u00ebs e kategoris\u00eb s\u00eb par\u00eb, e lanun pas dore,.. m\u00eb nj\u00eb ambiet t\u00eb pa par\u00eb n\u00eb rethin\u00ebn e saj..E nd\u00ebrtuar nga Mret\u00ebria","og_url":"https:\/\/www.visit-ulcinj.com\/blog\/2013\/09\/13\/sahat-kulla-e-lanun-pas-dore\/","og_site_name":"Lajme nga Ulqini","article_published_time":"2013-09-13T09:46:02+00:00","article_modified_time":"2013-09-14T06:26:50+00:00","og_image":[{"url":"http:\/\/www.visit-ulcinj.com\/blog\/wp-content\/uploads\/2013\/09\/Sahat-kulla-Ulqin.jpg"}],"twitter_misc":{"Written by":"ulqini","Est. reading time":"1 minute"},"schema":{"@context":"https:\/\/schema.org","@graph":[{"@type":"WebSite","@id":"https:\/\/www.visit-ulcinj.com\/blog\/#website","url":"https:\/\/www.visit-ulcinj.com\/blog\/","name":"Lajme nga Ulqini","description":"Lajme,Vijesti,Ulqini,Ulqin,Crna Gora,Mali i Zi","potentialAction":[{"@type":"SearchAction","target":{"@type":"EntryPoint","urlTemplate":"https:\/\/www.visit-ulcinj.com\/blog\/?s={search_term_string}"},"query-input":"required name=search_term_string"}],"inLanguage":"en-US"},{"@type":"ImageObject","inLanguage":"en-US","@id":"https:\/\/www.visit-ulcinj.com\/blog\/2013\/09\/13\/sahat-kulla-e-lanun-pas-dore\/#primaryimage","url":"https:\/\/www.visit-ulcinj.com\/blog\/wp-content\/uploads\/2013\/09\/Sahat-kulla-Ulqin.jpg","contentUrl":"https:\/\/www.visit-ulcinj.com\/blog\/wp-content\/uploads\/2013\/09\/Sahat-kulla-Ulqin.jpg","width":960,"height":720},{"@type":"WebPage","@id":"https:\/\/www.visit-ulcinj.com\/blog\/2013\/09\/13\/sahat-kulla-e-lanun-pas-dore\/#webpage","url":"https:\/\/www.visit-ulcinj.com\/blog\/2013\/09\/13\/sahat-kulla-e-lanun-pas-dore\/","name":"Sahat kulla e lanun pas dore - Lajme nga Ulqini","isPartOf":{"@id":"https:\/\/www.visit-ulcinj.com\/blog\/#website"},"primaryImageOfPage":{"@id":"https:\/\/www.visit-ulcinj.com\/blog\/2013\/09\/13\/sahat-kulla-e-lanun-pas-dore\/#primaryimage"},"datePublished":"2013-09-13T09:46:02+00:00","dateModified":"2013-09-14T06:26:50+00:00","author":{"@id":"https:\/\/www.visit-ulcinj.com\/blog\/#\/schema\/person\/dcab619c614d3038751c63bc2aadc06d"},"description":"Sahat kulla, nj\u00eb p\u00ebrmendore e kultur\u00ebs e kategoris\u00eb s\u00eb par\u00eb, e lanun pas dore,.. m\u00eb nj\u00eb ambiet t\u00eb pa par\u00eb n\u00eb rethin\u00ebn e saj..E nd\u00ebrtuar nga Mret\u00ebria","breadcrumb":{"@id":"https:\/\/www.visit-ulcinj.com\/blog\/2013\/09\/13\/sahat-kulla-e-lanun-pas-dore\/#breadcrumb"},"inLanguage":"en-US","potentialAction":[{"@type":"ReadAction","target":["https:\/\/www.visit-ulcinj.com\/blog\/2013\/09\/13\/sahat-kulla-e-lanun-pas-dore\/"]}]},{"@type":"BreadcrumbList","@id":"https:\/\/www.visit-ulcinj.com\/blog\/2013\/09\/13\/sahat-kulla-e-lanun-pas-dore\/#breadcrumb","itemListElement":[{"@type":"ListItem","position":1,"name":"Sahat kulla e lanun pas dore"}]},{"@type":"Person","@id":"https:\/\/www.visit-ulcinj.com\/blog\/#\/schema\/person\/dcab619c614d3038751c63bc2aadc06d","name":"ulqini","sameAs":["http:\/\/www.visit-ulcinj.com"],"url":"https:\/\/www.visit-ulcinj.com\/blog\/author\/admin\/"}]}},"jetpack_featured_media_url":"","jetpack_sharing_enabled":true,"jetpack_shortlink":"https:\/\/wp.me\/pe6lTn-jqW","_links":{"self":[{"href":"https:\/\/www.visit-ulcinj.com\/blog\/wp-json\/wp\/v2\/posts\/74706"}],"collection":[{"href":"https:\/\/www.visit-ulcinj.com\/blog\/wp-json\/wp\/v2\/posts"}],"about":[{"href":"https:\/\/www.visit-ulcinj.com\/blog\/wp-json\/wp\/v2\/types\/post"}],"author":[{"embeddable":true,"href":"https:\/\/www.visit-ulcinj.com\/blog\/wp-json\/wp\/v2\/users\/1"}],"replies":[{"embeddable":true,"href":"https:\/\/www.visit-ulcinj.com\/blog\/wp-json\/wp\/v2\/comments?post=74706"}],"version-history":[{"count":4,"href":"https:\/\/www.visit-ulcinj.com\/blog\/wp-json\/wp\/v2\/posts\/74706\/revisions"}],"predecessor-version":[{"id":74730,"href":"https:\/\/www.visit-ulcinj.com\/blog\/wp-json\/wp\/v2\/posts\/74706\/revisions\/74730"}],"wp:attachment":[{"href":"https:\/\/www.visit-ulcinj.com\/blog\/wp-json\/wp\/v2\/media?parent=74706"}],"wp:term":[{"taxonomy":"category","embeddable":true,"href":"https:\/\/www.visit-ulcinj.com\/blog\/wp-json\/wp\/v2\/categories?post=74706"},{"taxonomy":"post_tag","embeddable":true,"href":"https:\/\/www.visit-ulcinj.com\/blog\/wp-json\/wp\/v2\/tags?post=74706"}],"curies":[{"name":"wp","href":"https:\/\/api.w.org\/{rel}","templated":true}]}}