{"id":74715,"date":"2013-09-13T11:13:56","date_gmt":"2013-09-13T10:13:56","guid":{"rendered":"http:\/\/www.visit-ulcinj.com\/blog\/?p=74715"},"modified":"2013-09-13T11:13:56","modified_gmt":"2013-09-13T10:13:56","slug":"parlamenti-evropian-rikthimi-i-vizave-per-ballkan","status":"publish","type":"post","link":"https:\/\/www.visit-ulcinj.com\/blog\/2013\/09\/13\/parlamenti-evropian-rikthimi-i-vizave-per-ballkan\/","title":{"rendered":"Parlamenti Evropian: Rikthimi i vizave p\u00ebr Ballkan"},"content":{"rendered":"<p><a href=\"http:\/\/www.visit-ulcinj.com\/blog\/wp-content\/uploads\/2013\/09\/Viza-ballkan.jpg\"><img loading=\"lazy\" class=\"alignleft  wp-image-74716\" alt=\"Viza-ballkan\" src=\"http:\/\/www.visit-ulcinj.com\/blog\/wp-content\/uploads\/2013\/09\/Viza-ballkan.jpg\" width=\"508\" height=\"307\" \/><\/a>Parlamenti Evropian ka miratuar draftin q\u00eb parashikon rikthimin e mundsh\u00ebm t\u00eb vizave p\u00ebr vendet e Ballkanit. PE ka miratuar me shumic\u00eb votash propozimin p\u00ebr vendosjen e nj\u00eb mekanizmi q\u00eb mund\u00ebson rikthimin e p\u00ebrkohsh\u00ebm t\u00eb vizave p\u00ebr vendet e origjin\u00ebs s\u00eb azilk\u00ebrkuesve.<br \/>\nPropozimi ishte b\u00ebr\u00eb nga eurodeputeti spanjoll, Diaz Demera, nd\u00ebrsa sqarohet se ky mekaniz\u00ebm nuk p\u00ebrfshin vet\u00ebm vendet e Ballkanit Per\u00ebndimor, por p\u00ebr gjith\u00eb shtetet q\u00eb kan\u00eb regjim pa viza n\u00eb zon\u00ebn Shengen. Pro k\u00ebtij propozimi kan\u00eb votuar 328 eurodeputet\u00eb, nd\u00ebrsa 257 kund\u00ebr.<br \/>\nParlamenti Europian ka debatuar ashp\u00ebr p\u00ebr k\u00ebt\u00eb mekaniz\u00ebm t\u00eb mart\u00ebn, pasi deputet\u00ebt socialist\u00eb, social-demokrat\u00eb, liberal\u00ebt dhe t\u00eb gjelb\u00ebrit e kritikonin at\u00eb p\u00ebr shkak se kufizon lirin\u00eb e l\u00ebvizjes, para se gjithash t\u00eb banor\u00ebve t\u00eb shteteve t\u00eb Ballkanit Per\u00ebndimor.<br \/>\nEurodeputetja Tanja Fajon ka k\u00ebrkuar q\u00eb votimi t\u00eb shtyhet, duke e konsideruar k\u00ebt\u00eb propozim si \u201cilegal\u201d, pasi i tejkalon p\u00ebrgjegj\u00ebsit e parlamentit. Kund\u00ebrshtimi i saj \u00ebsht\u00eb refuzuar nd\u00ebrsa m\u00eb pas \u00ebsht\u00eb votuar mekanizmi i ri.<br \/>\n\u201cPartia Popullore Evropiane, bashk\u00eb me konservativ\u00eb dhe forcat populliste n\u00eb Parlamentin Evropian ka treguar edhe nj\u00ebher\u00eb se nuk \u00e7an kok\u00ebn p\u00ebr qytetar\u00ebt evropian dhe lirin\u00eb e l\u00ebvizjes, e cila \u00ebsht\u00eb e drejt\u00eb fundamentale njer\u00ebzore\u201d, ka shkruar n\u00eb reagimin e saj d\u00ebrguar mediave Tanja Fajon.<br \/>\nSipas saj, miratimi i k\u00ebtij mekanizmi p\u00ebr kthim t\u00eb p\u00ebrkohsh\u00ebm t\u00eb regjimit t\u00eb vizave n\u00eb Ballkan do t\u00eb \u201cshkaktoj\u00eb kaos\u201d.<br \/>\nN\u00eb k\u00ebt\u00eb seanc\u00eb t\u00eb PE-s\u00eb \u00ebsht\u00eb diskutuar edhe situata lidhur me azilk\u00ebrkuesit q\u00eb vijn\u00eb nga vendet e Ballkanit Per\u00ebndimor. N\u00eb faqen e Parlamentit Europian eurodeputetja, Sesilia Malmstrom shkruan se mekanizmi i pezullimit t\u00eb vizave do p\u00ebrdoret vet\u00ebm n\u00eb rrethana t\u00eb jasht\u00ebzakonshme, si nj\u00eb mas\u00eb e fundit. Q\u00ebllimi, sipas saj, \u00ebsht\u00eb p\u00ebr t\u00eb trajtuar situata emergjente t\u00eb shkaktuara nga abuzimi me regjimin pa viza nga shtetasit p\u00ebrfitues.<\/p>\n<p><strong>RTV21<\/strong><\/p>\n","protected":false},"excerpt":{"rendered":"<p>Parlamenti Evropian ka miratuar draftin q\u00eb parashikon rikthimin e mundsh\u00ebm t\u00eb vizave p\u00ebr vendet e Ballkanit. PE ka miratuar me shumic\u00eb votash propozimin p\u00ebr vendosjen e nj\u00eb mekanizmi q\u00eb mund\u00ebson rikthimin e p\u00ebrkohsh\u00ebm t\u00eb vizave p\u00ebr vendet e origjin\u00ebs s\u00eb azilk\u00ebrkuesve. Propozimi ishte b\u00ebr\u00eb nga eurodeputeti spanjoll, Diaz Demera, nd\u00ebrsa sqarohet se ky mekaniz\u00ebm nuk [&hellip;]<\/p>\n","protected":false},"author":1,"featured_media":0,"comment_status":"closed","ping_status":"closed","sticky":false,"template":"","format":"standard","meta":{"spay_email":"","jetpack_publicize_message":"","jetpack_is_tweetstorm":false,"jetpack_publicize_feature_enabled":true},"categories":[7],"tags":[],"jetpack_publicize_connections":[],"yoast_head":"<!-- This site is optimized with the Yoast SEO plugin v19.1 - https:\/\/yoast.com\/wordpress\/plugins\/seo\/ -->\n<title>Parlamenti Evropian: Rikthimi i vizave p\u00ebr Ballkan - Lajme nga Ulqini<\/title>\n<meta name=\"description\" content=\"Parlamenti Evropian ka miratuar draftin q\u00eb parashikon rikthimin e mundsh\u00ebm t\u00eb vizave p\u00ebr vendet e Ballkanit. PE ka miratuar me shumic\u00eb votash propozimin\" \/>\n<meta name=\"robots\" content=\"index, follow, max-snippet:-1, max-image-preview:large, max-video-preview:-1\" \/>\n<link rel=\"canonical\" href=\"https:\/\/www.visit-ulcinj.com\/blog\/2013\/09\/13\/parlamenti-evropian-rikthimi-i-vizave-per-ballkan\/\" \/>\n<meta property=\"og:locale\" content=\"en_US\" \/>\n<meta property=\"og:type\" content=\"article\" \/>\n<meta property=\"og:title\" content=\"Parlamenti Evropian: Rikthimi i vizave p\u00ebr Ballkan - Lajme nga Ulqini\" \/>\n<meta property=\"og:description\" content=\"Parlamenti Evropian ka miratuar draftin q\u00eb parashikon rikthimin e mundsh\u00ebm t\u00eb vizave p\u00ebr vendet e Ballkanit. PE ka miratuar me shumic\u00eb votash propozimin\" \/>\n<meta property=\"og:url\" content=\"https:\/\/www.visit-ulcinj.com\/blog\/2013\/09\/13\/parlamenti-evropian-rikthimi-i-vizave-per-ballkan\/\" \/>\n<meta property=\"og:site_name\" content=\"Lajme nga Ulqini\" \/>\n<meta property=\"article:published_time\" content=\"2013-09-13T10:13:56+00:00\" \/>\n<meta property=\"og:image\" content=\"http:\/\/www.visit-ulcinj.com\/blog\/wp-content\/uploads\/2013\/09\/Viza-ballkan.jpg\" \/>\n<meta name=\"twitter:label1\" content=\"Written by\" \/>\n\t<meta name=\"twitter:data1\" content=\"ulqini\" \/>\n\t<meta name=\"twitter:label2\" content=\"Est. reading time\" \/>\n\t<meta name=\"twitter:data2\" content=\"2 minutes\" \/>\n<script type=\"application\/ld+json\" class=\"yoast-schema-graph\">{\"@context\":\"https:\/\/schema.org\",\"@graph\":[{\"@type\":\"WebSite\",\"@id\":\"https:\/\/www.visit-ulcinj.com\/blog\/#website\",\"url\":\"https:\/\/www.visit-ulcinj.com\/blog\/\",\"name\":\"Lajme nga Ulqini\",\"description\":\"Lajme,Vijesti,Ulqini,Ulqin,Crna Gora,Mali i Zi\",\"potentialAction\":[{\"@type\":\"SearchAction\",\"target\":{\"@type\":\"EntryPoint\",\"urlTemplate\":\"https:\/\/www.visit-ulcinj.com\/blog\/?s={search_term_string}\"},\"query-input\":\"required name=search_term_string\"}],\"inLanguage\":\"en-US\"},{\"@type\":\"ImageObject\",\"inLanguage\":\"en-US\",\"@id\":\"https:\/\/www.visit-ulcinj.com\/blog\/2013\/09\/13\/parlamenti-evropian-rikthimi-i-vizave-per-ballkan\/#primaryimage\",\"url\":\"https:\/\/www.visit-ulcinj.com\/blog\/wp-content\/uploads\/2013\/09\/Viza-ballkan.jpg\",\"contentUrl\":\"https:\/\/www.visit-ulcinj.com\/blog\/wp-content\/uploads\/2013\/09\/Viza-ballkan.jpg\",\"width\":410,\"height\":307},{\"@type\":\"WebPage\",\"@id\":\"https:\/\/www.visit-ulcinj.com\/blog\/2013\/09\/13\/parlamenti-evropian-rikthimi-i-vizave-per-ballkan\/#webpage\",\"url\":\"https:\/\/www.visit-ulcinj.com\/blog\/2013\/09\/13\/parlamenti-evropian-rikthimi-i-vizave-per-ballkan\/\",\"name\":\"Parlamenti Evropian: Rikthimi i vizave p\u00ebr Ballkan - Lajme nga Ulqini\",\"isPartOf\":{\"@id\":\"https:\/\/www.visit-ulcinj.com\/blog\/#website\"},\"primaryImageOfPage\":{\"@id\":\"https:\/\/www.visit-ulcinj.com\/blog\/2013\/09\/13\/parlamenti-evropian-rikthimi-i-vizave-per-ballkan\/#primaryimage\"},\"datePublished\":\"2013-09-13T10:13:56+00:00\",\"dateModified\":\"2013-09-13T10:13:56+00:00\",\"author\":{\"@id\":\"https:\/\/www.visit-ulcinj.com\/blog\/#\/schema\/person\/dcab619c614d3038751c63bc2aadc06d\"},\"description\":\"Parlamenti Evropian ka miratuar draftin q\u00eb parashikon rikthimin e mundsh\u00ebm t\u00eb vizave p\u00ebr vendet e Ballkanit. PE ka miratuar me shumic\u00eb votash propozimin\",\"breadcrumb\":{\"@id\":\"https:\/\/www.visit-ulcinj.com\/blog\/2013\/09\/13\/parlamenti-evropian-rikthimi-i-vizave-per-ballkan\/#breadcrumb\"},\"inLanguage\":\"en-US\",\"potentialAction\":[{\"@type\":\"ReadAction\",\"target\":[\"https:\/\/www.visit-ulcinj.com\/blog\/2013\/09\/13\/parlamenti-evropian-rikthimi-i-vizave-per-ballkan\/\"]}]},{\"@type\":\"BreadcrumbList\",\"@id\":\"https:\/\/www.visit-ulcinj.com\/blog\/2013\/09\/13\/parlamenti-evropian-rikthimi-i-vizave-per-ballkan\/#breadcrumb\",\"itemListElement\":[{\"@type\":\"ListItem\",\"position\":1,\"name\":\"Parlamenti Evropian: Rikthimi i vizave p\u00ebr Ballkan\"}]},{\"@type\":\"Person\",\"@id\":\"https:\/\/www.visit-ulcinj.com\/blog\/#\/schema\/person\/dcab619c614d3038751c63bc2aadc06d\",\"name\":\"ulqini\",\"sameAs\":[\"http:\/\/www.visit-ulcinj.com\"],\"url\":\"https:\/\/www.visit-ulcinj.com\/blog\/author\/admin\/\"}]}<\/script>\n<!-- \/ Yoast SEO plugin. -->","yoast_head_json":{"title":"Parlamenti Evropian: Rikthimi i vizave p\u00ebr Ballkan - Lajme nga Ulqini","description":"Parlamenti Evropian ka miratuar draftin q\u00eb parashikon rikthimin e mundsh\u00ebm t\u00eb vizave p\u00ebr vendet e Ballkanit. PE ka miratuar me shumic\u00eb votash propozimin","robots":{"index":"index","follow":"follow","max-snippet":"max-snippet:-1","max-image-preview":"max-image-preview:large","max-video-preview":"max-video-preview:-1"},"canonical":"https:\/\/www.visit-ulcinj.com\/blog\/2013\/09\/13\/parlamenti-evropian-rikthimi-i-vizave-per-ballkan\/","og_locale":"en_US","og_type":"article","og_title":"Parlamenti Evropian: Rikthimi i vizave p\u00ebr Ballkan - Lajme nga Ulqini","og_description":"Parlamenti Evropian ka miratuar draftin q\u00eb parashikon rikthimin e mundsh\u00ebm t\u00eb vizave p\u00ebr vendet e Ballkanit. PE ka miratuar me shumic\u00eb votash propozimin","og_url":"https:\/\/www.visit-ulcinj.com\/blog\/2013\/09\/13\/parlamenti-evropian-rikthimi-i-vizave-per-ballkan\/","og_site_name":"Lajme nga Ulqini","article_published_time":"2013-09-13T10:13:56+00:00","og_image":[{"url":"http:\/\/www.visit-ulcinj.com\/blog\/wp-content\/uploads\/2013\/09\/Viza-ballkan.jpg"}],"twitter_misc":{"Written by":"ulqini","Est. reading time":"2 minutes"},"schema":{"@context":"https:\/\/schema.org","@graph":[{"@type":"WebSite","@id":"https:\/\/www.visit-ulcinj.com\/blog\/#website","url":"https:\/\/www.visit-ulcinj.com\/blog\/","name":"Lajme nga Ulqini","description":"Lajme,Vijesti,Ulqini,Ulqin,Crna Gora,Mali i Zi","potentialAction":[{"@type":"SearchAction","target":{"@type":"EntryPoint","urlTemplate":"https:\/\/www.visit-ulcinj.com\/blog\/?s={search_term_string}"},"query-input":"required name=search_term_string"}],"inLanguage":"en-US"},{"@type":"ImageObject","inLanguage":"en-US","@id":"https:\/\/www.visit-ulcinj.com\/blog\/2013\/09\/13\/parlamenti-evropian-rikthimi-i-vizave-per-ballkan\/#primaryimage","url":"https:\/\/www.visit-ulcinj.com\/blog\/wp-content\/uploads\/2013\/09\/Viza-ballkan.jpg","contentUrl":"https:\/\/www.visit-ulcinj.com\/blog\/wp-content\/uploads\/2013\/09\/Viza-ballkan.jpg","width":410,"height":307},{"@type":"WebPage","@id":"https:\/\/www.visit-ulcinj.com\/blog\/2013\/09\/13\/parlamenti-evropian-rikthimi-i-vizave-per-ballkan\/#webpage","url":"https:\/\/www.visit-ulcinj.com\/blog\/2013\/09\/13\/parlamenti-evropian-rikthimi-i-vizave-per-ballkan\/","name":"Parlamenti Evropian: Rikthimi i vizave p\u00ebr Ballkan - Lajme nga Ulqini","isPartOf":{"@id":"https:\/\/www.visit-ulcinj.com\/blog\/#website"},"primaryImageOfPage":{"@id":"https:\/\/www.visit-ulcinj.com\/blog\/2013\/09\/13\/parlamenti-evropian-rikthimi-i-vizave-per-ballkan\/#primaryimage"},"datePublished":"2013-09-13T10:13:56+00:00","dateModified":"2013-09-13T10:13:56+00:00","author":{"@id":"https:\/\/www.visit-ulcinj.com\/blog\/#\/schema\/person\/dcab619c614d3038751c63bc2aadc06d"},"description":"Parlamenti Evropian ka miratuar draftin q\u00eb parashikon rikthimin e mundsh\u00ebm t\u00eb vizave p\u00ebr vendet e Ballkanit. PE ka miratuar me shumic\u00eb votash propozimin","breadcrumb":{"@id":"https:\/\/www.visit-ulcinj.com\/blog\/2013\/09\/13\/parlamenti-evropian-rikthimi-i-vizave-per-ballkan\/#breadcrumb"},"inLanguage":"en-US","potentialAction":[{"@type":"ReadAction","target":["https:\/\/www.visit-ulcinj.com\/blog\/2013\/09\/13\/parlamenti-evropian-rikthimi-i-vizave-per-ballkan\/"]}]},{"@type":"BreadcrumbList","@id":"https:\/\/www.visit-ulcinj.com\/blog\/2013\/09\/13\/parlamenti-evropian-rikthimi-i-vizave-per-ballkan\/#breadcrumb","itemListElement":[{"@type":"ListItem","position":1,"name":"Parlamenti Evropian: Rikthimi i vizave p\u00ebr Ballkan"}]},{"@type":"Person","@id":"https:\/\/www.visit-ulcinj.com\/blog\/#\/schema\/person\/dcab619c614d3038751c63bc2aadc06d","name":"ulqini","sameAs":["http:\/\/www.visit-ulcinj.com"],"url":"https:\/\/www.visit-ulcinj.com\/blog\/author\/admin\/"}]}},"jetpack_featured_media_url":"","jetpack_sharing_enabled":true,"jetpack_shortlink":"https:\/\/wp.me\/pe6lTn-jr5","_links":{"self":[{"href":"https:\/\/www.visit-ulcinj.com\/blog\/wp-json\/wp\/v2\/posts\/74715"}],"collection":[{"href":"https:\/\/www.visit-ulcinj.com\/blog\/wp-json\/wp\/v2\/posts"}],"about":[{"href":"https:\/\/www.visit-ulcinj.com\/blog\/wp-json\/wp\/v2\/types\/post"}],"author":[{"embeddable":true,"href":"https:\/\/www.visit-ulcinj.com\/blog\/wp-json\/wp\/v2\/users\/1"}],"replies":[{"embeddable":true,"href":"https:\/\/www.visit-ulcinj.com\/blog\/wp-json\/wp\/v2\/comments?post=74715"}],"version-history":[{"count":1,"href":"https:\/\/www.visit-ulcinj.com\/blog\/wp-json\/wp\/v2\/posts\/74715\/revisions"}],"predecessor-version":[{"id":74717,"href":"https:\/\/www.visit-ulcinj.com\/blog\/wp-json\/wp\/v2\/posts\/74715\/revisions\/74717"}],"wp:attachment":[{"href":"https:\/\/www.visit-ulcinj.com\/blog\/wp-json\/wp\/v2\/media?parent=74715"}],"wp:term":[{"taxonomy":"category","embeddable":true,"href":"https:\/\/www.visit-ulcinj.com\/blog\/wp-json\/wp\/v2\/categories?post=74715"},{"taxonomy":"post_tag","embeddable":true,"href":"https:\/\/www.visit-ulcinj.com\/blog\/wp-json\/wp\/v2\/tags?post=74715"}],"curies":[{"name":"wp","href":"https:\/\/api.w.org\/{rel}","templated":true}]}}