{"id":74723,"date":"2013-09-13T16:31:28","date_gmt":"2013-09-13T15:31:28","guid":{"rendered":"http:\/\/www.visit-ulcinj.com\/blog\/?p=74723"},"modified":"2013-09-13T16:31:45","modified_gmt":"2013-09-13T15:31:45","slug":"hodzic-ulcinjani-se-crvene-zbog-port-milene","status":"publish","type":"post","link":"https:\/\/www.visit-ulcinj.com\/blog\/2013\/09\/13\/hodzic-ulcinjani-se-crvene-zbog-port-milene\/","title":{"rendered":"Hod\u017ei\u0107: Ulcinjani se crvene zbog Port Milene"},"content":{"rendered":"<p><a href=\"http:\/\/www.visit-ulcinj.com\/blog\/wp-content\/uploads\/2011\/02\/DZELAL-HODZIC_ULCINJ.jpg\"><img loading=\"lazy\" class=\"alignleft  wp-image-43720\" alt=\"DZELAL HODZIC_ULCINJ\" src=\"http:\/\/www.visit-ulcinj.com\/blog\/wp-content\/uploads\/2011\/02\/DZELAL-HODZIC_ULCINJ.jpg\" width=\"508\" height=\"360\" \/><\/a>Turisti\u010dka sezona je na izmaku i dok se analiziraju njeni efekti i finansijski u\u010dinci, nemogu\u0107e je izbje\u0107i i ne pomenuti ekolo\u0161ke probleme, koji su i ovo kao i ranijih ljeta uticali na ukupnu sliku grada, koju su turisti odnijeli svojim ku\u0107ama. Ulcinjani su se i ove godine crvenjeli zbog crnih ekolo\u0161kih ta\u010daka \u2013 kanala Port Milena i Bratica. Neprijatni mirisi, fekalne vode na otvorenom i otpad u najfrekventnijim djelovima grada, problemi su koji ve\u0107 decenijama optere\u0107uju najju\u017eniju op\u0161tinu. Ekolozi, lokalni zvani\u010dnici i turisti\u010dki radnici slo\u017eni su u ocjenama da su navedeni problemi nespojivi sa turizmom.<br \/>\n\u2013 Kanalizacija na otvorenom i svakojaki otpad nijesu slika koju gosti, koji ljetuju u na\u0161em gradu, treba da gledaju svake godine. To su problemi koji traju predugo i koji se moraju rje\u0161avati ako mislimo da nam turizam bude na nivou \u2013 ka\u017ee izvr\u0161ni direktor NVO \u201eZeleni korak\u201c D\u017eeljal Hod\u017ei\u0107.<br \/>\nPrema njegovim rije\u010dima, Port Milena je najve\u0107i ekolo\u0161ki problem u op\u0161tini.<br \/>\n\u2013 Ali ona je istovremeno i resurs, odnosno potencijal koji se mora ne samo sanirati i o\u010distiti nego i valorizovati. Mi ekolozi odavno upozoravamo na to i nudimo rje\u0161enja, ali dosad ni\u0161ta nije konkretno ura\u0111eno. Isti slu\u010daj je i sa kanalom Bratica, koji proti\u010de kroz centar grada. Tu su i drugi problemi poput otpada koji sti\u017ee rijekom Bojanom i biva talasima izba\u010den na Veliku pla\u017eu. Sve to negativno uti\u010de na na\u0161 turisti\u010dki proizvod. Svi to dobro znamo, a niko ni\u0161ta ne preduzima. Ka\u017eu da Op\u0161tina nema sredstava. Op\u0161tina nema ni lokalni ekolo\u0161ki akcioni plan iako je to zakonska obaveza. Da ga ima, problemi bi bili evidentirani kao i na\u010din i rokovi rje\u0161avanja. Za\u0161to je to tako treba pitati odgovorne ljude u lokalnoj samoupravi \u2013 ka\u017ee Hod\u017ei\u0107.<br \/>\nSekretar Sekretarijata za komunalne djelatnosti i za\u0161titu \u017eivotne sredine Avdula Dervi\u0161i tvrdi da je lokalna vlast svjesna ekolo\u0161kih problema, posebno problema u kanalima Bratica i Port Milena.<br \/>\n\u2013 Oni ne traju od ju\u010de ve\u0107 traju decenijama, a tek je ova vlast po\u010dela da ih rje\u0161ava. S obzirom na njihovu specifi\u010dnost to ne\u0107e i\u0107i ni brzo ni lako. Problem zaga\u0111enosti voda u tim kanalima prepoznat je kao klju\u010dan problem za dalji razvoj Ulcinja. Op\u0161tina je po\u010detkom 2013. godine izradila procjene i klasifikaciju mulja kao otpada i oznaka kvaliteta vode, kao prvi korak za izradu projekta \u010di\u0161\u0107enja. Tokom pro\u0161le sedmice Vlada Slovenije je posredstvom UNIDO-a i uz podr\u0161ku Ministarstva odr\u017eivog razvoja i turizma Vlade Crne Gore i na\u0161e op\u0161tine, odobrila sredstva za implementaciju projekta ,,Priprema ekolo\u0161ke remedijacije oblasti Port Milena u Ulcinju iskopavanjem i tretmanom kontaminiranog mulja i sedimenta\u201d od 250.000 eura. Implementacija ovog projekta predstavlja preduslov za budu\u0107u, kompleksnu, ekolo\u0161ku rehabilitaciju ovog podru\u010dja koja podrazumijeva: odstranjivanje sedimenta i mulja iz kanala; izgradnju kanalizacionih postrojenja za tretman komunalnih i industrijskih otpadnih voda; prostorna organizacija podru\u010dja oko Port Milene i prilago\u0111avanje terena za turisti\u010dke i sportske aktivnosti kao i izgradnja kanala izme\u0111u Port Milene i rijeke Bojane. Cilj projekta je da odradi sve neophodne pripremne poslove i profesionalne usluge sa posebnim naglaskom na procjenu, koje je rje\u0161enje najadekvatnije za tretman kontaminiranog mulja i sedimenta nakon va\u0111enja iz kanala; na\u010din i mjesto odlaganja, tretman kako sedimenta tako i mjesta odlaganja \u2013 obja\u0161njava Dervi\u0161i i dodaje da je za \u010di\u0161\u0107enje kanala Bratica, izra\u0111en elaborat, koji je uradila Agencija za izgradnju i razvoj Ulcinja.<br \/>\n\u2013 Elaboratom je obuhva\u0107eno \u010di\u0161\u0107enje onih segmenata kanala koji su najkriti\u010dniji i koji u ki\u0161nom periodu izazivaju plavljenje Bratice. Navedena studija je poslata na razmatranje Op\u0161tini Kajl u Luksenburgu, shodno dogovoru koji su postigli predsjednik na\u0161e i te op\u0161tine \u2013 tvrdi Dervi\u0161i.<br \/>\n<strong>M. Kne\u017eevi\u0107<\/strong><\/p>\n<p><strong>Turizam ne smije biti optere\u0107en ekolo\u0161kim problemima<\/strong><\/p>\n<p>Direktor TO Ulcinj Minir Karamanaga smatra da turisti\u010dka ponuda ne smije biti optere\u0107ena nerije\u0161enim ekolo\u0161kim problemima.<br \/>\n\u2013 Na \u017ealost, situacija sada nije takva i svjesni smo da Port Milena i kanal Bratica svake sezone negativno uti\u010du na na\u0161u ponudu. Posebno zabrinjava \u0161to se u njihovoj blizini nalazi veliki broj smje\u0161tajnih kapaciteta, kako u hotelima, tako i u privatnom smje\u0161taju. Ako \u017eelimo da budemo dobri doma\u0107ini, moramo se potruditi da rije\u0161imo ekolo\u0161ke probleme. Situacija na tim lokacijama nije toliko lo\u0161a kao ranijih godina, ali ipak i takva kakava je dovoljna je da ima negativne implikacije. Koliko znam preduzeti su neki koraci da kona\u010dno po\u010dne sanacija i nadam se da ne\u0107emo dugo \u010dekati dan kada \u0107emo kona\u010dno mo\u0107i da ka\u017eemo da su crne ekolo\u0161ke ta\u010dke u na\u0161em gradu pro\u0161lost.<\/p>\n<p><strong>Bratica najve\u0107i zaga\u0111iva\u010d<\/strong><\/p>\n<p>Projektom koji je prije nekoliko godina izradila beogradska firma \u201eBaning\u201d, potok Bratica je ozna\u010dena kao najve\u0107i zaga\u0111iva\u010d Port Milene. Preko kanala Brdela i Bratica najve\u0107i dio gradske kanalizacije dospijeva u Port Milenu. Podaci koje ima NVO sektor u Ulcinju pokazuju da ima preko 70 direktnih ispusta otpadnih voda. Najve\u0107e zaga\u0111enje kanala izazivaju kanalizacioni ispusti. Institut za javno zdravlje u Podgorici u vi\u0161e navrata vr\u0161io je uzorkovanje i potrebne analize vode, a ispitivanja su pokazala da je voda u Port Mileni izuzetno zaga\u0111ena, te da ima visoku koncentraciju kancerogenih materija te\u0161kih metala i fekalnih voda.<\/p>\n<p><strong>Neophodna hitna intervencija<\/strong><\/p>\n<p>Sre\u0107ko \u010capunovi\u0107: \u2013 Ekolo\u0161ke crne ta\u010dke negativno uti\u010du na razvoj turizma u Ulcinju, jer smo svjedoci da zbog naru\u0161ene ekologije, odnosno zaga\u0111enosti pojedinih lokaliteta gubimo klijentelu. Bratica i Port Milena su izuzetno frekventna podru\u010dja i nadle\u017eni bi morali vi\u0161e povesti ra\u010duna o ovom problemu i hitbo napraviti sistem za pre\u010di\u0161\u0107avanje vode. Prednost Ulcinja su njegove prirodne ljepote pa imamo obavezu da ih sa\u010duvamo<br \/>\nMarko Arsenovi\u0107: \u2013 Ve\u0107 drugu godinu dolazim u Ulcinj, pa samim tim \u010desto prolazim pored kanala Port Milena. Stanje je takvo da se hitno mora intervenisati kako bi se zaustavilo dalje zaga\u0111ivanje tog po meni prelijepog dijela Ulcinja. Zbog izuzetne blizine hotela prije svih \u201eOtranta\u201d i \u201eOlimpika\u201d mislim da bi bilo lijepo da se ispita nivo zaga\u0111enosti i da se \u0161to prije na\u0111e rje\u0161enje da se ove vode pre\u010diste, jer ipak je Crna Gora ekolo\u0161ka dr\u017eava.<br \/>\nStefan Todorovi\u0107: \u2013 Zaga\u0111enje i nerije\u0161eni ekolo\u0161ki problemi, decenijama su prisutni i onemogu\u0107avaju turistima da u\u017eivaju u jednoj od najatraktivnijih lokacija \u2013 Port Mileni, koja pri tome ima i svoju kulturnu i istorijsku vrijednost. Za\u010du\u0111uje \u010dinjenica da lokalna vlast pri izgradnji velelepnog mosta nije rije\u0161ila ovaj primarni problem. Neophodno je napraviti sprave i sisteme za pre\u010di\u0161\u0107avanje ovih voda. Kad je toliko materijalnih sredstava ulo\u017eeno u most, iako su ti sistemi izuzetno skupi, mislim da bi trebalo na\u0107i sredstava i za njihovu izgradnju. Kada se ovaj i drugi sli\u010dni problemi rije\u0161e,siguran sam da \u0107e se broj turista pove\u0107ati.<\/p>\n<p>&nbsp;<\/p>\n<p><strong>Va.R.<\/strong><br \/>\n<strong>Izvor: DAN<\/strong><\/p>\n","protected":false},"excerpt":{"rendered":"<p>Turisti\u010dka sezona je na izmaku i dok se analiziraju njeni efekti i finansijski u\u010dinci, nemogu\u0107e je izbje\u0107i i ne pomenuti ekolo\u0161ke probleme, koji su i ovo kao i ranijih ljeta uticali na ukupnu sliku grada, koju su turisti odnijeli svojim ku\u0107ama. Ulcinjani su se i ove godine crvenjeli zbog crnih ekolo\u0161kih ta\u010daka \u2013 kanala Port [&hellip;]<\/p>\n","protected":false},"author":1,"featured_media":0,"comment_status":"closed","ping_status":"closed","sticky":false,"template":"","format":"standard","meta":{"spay_email":"","jetpack_publicize_message":"","jetpack_is_tweetstorm":false,"jetpack_publicize_feature_enabled":true},"categories":[8337],"tags":[],"jetpack_publicize_connections":[],"yoast_head":"<!-- This site is optimized with the Yoast SEO plugin v19.1 - https:\/\/yoast.com\/wordpress\/plugins\/seo\/ -->\n<title>Hod\u017ei\u0107: Ulcinjani se crvene zbog Port Milene - Lajme nga Ulqini<\/title>\n<meta name=\"description\" content=\"Turisti\u010dka sezona je na izmaku i dok se analiziraju njeni efekti i finansijski u\u010dinci, nemogu\u0107e je izbje\u0107i i ne pomenuti ekolo\u0161ke probleme, koji su i ovo\" \/>\n<meta name=\"robots\" content=\"index, follow, max-snippet:-1, max-image-preview:large, max-video-preview:-1\" \/>\n<link rel=\"canonical\" href=\"https:\/\/www.visit-ulcinj.com\/blog\/2013\/09\/13\/hodzic-ulcinjani-se-crvene-zbog-port-milene\/\" \/>\n<meta property=\"og:locale\" content=\"en_US\" \/>\n<meta property=\"og:type\" content=\"article\" \/>\n<meta property=\"og:title\" content=\"Hod\u017ei\u0107: Ulcinjani se crvene zbog Port Milene - Lajme nga Ulqini\" \/>\n<meta property=\"og:description\" content=\"Turisti\u010dka sezona je na izmaku i dok se analiziraju njeni efekti i finansijski u\u010dinci, nemogu\u0107e je izbje\u0107i i ne pomenuti ekolo\u0161ke probleme, koji su i ovo\" \/>\n<meta property=\"og:url\" content=\"https:\/\/www.visit-ulcinj.com\/blog\/2013\/09\/13\/hodzic-ulcinjani-se-crvene-zbog-port-milene\/\" \/>\n<meta property=\"og:site_name\" content=\"Lajme nga Ulqini\" \/>\n<meta property=\"article:published_time\" content=\"2013-09-13T15:31:28+00:00\" \/>\n<meta property=\"article:modified_time\" content=\"2013-09-13T15:31:45+00:00\" \/>\n<meta property=\"og:image\" content=\"http:\/\/www.visit-ulcinj.com\/blog\/wp-content\/uploads\/2011\/02\/DZELAL-HODZIC_ULCINJ.jpg\" \/>\n<meta name=\"twitter:label1\" content=\"Written by\" \/>\n\t<meta name=\"twitter:data1\" content=\"ulqini\" \/>\n\t<meta name=\"twitter:label2\" content=\"Est. reading time\" \/>\n\t<meta name=\"twitter:data2\" content=\"6 minutes\" \/>\n<script type=\"application\/ld+json\" class=\"yoast-schema-graph\">{\"@context\":\"https:\/\/schema.org\",\"@graph\":[{\"@type\":\"WebSite\",\"@id\":\"https:\/\/www.visit-ulcinj.com\/blog\/#website\",\"url\":\"https:\/\/www.visit-ulcinj.com\/blog\/\",\"name\":\"Lajme nga Ulqini\",\"description\":\"Lajme,Vijesti,Ulqini,Ulqin,Crna Gora,Mali i Zi\",\"potentialAction\":[{\"@type\":\"SearchAction\",\"target\":{\"@type\":\"EntryPoint\",\"urlTemplate\":\"https:\/\/www.visit-ulcinj.com\/blog\/?s={search_term_string}\"},\"query-input\":\"required name=search_term_string\"}],\"inLanguage\":\"en-US\"},{\"@type\":\"ImageObject\",\"inLanguage\":\"en-US\",\"@id\":\"https:\/\/www.visit-ulcinj.com\/blog\/2013\/09\/13\/hodzic-ulcinjani-se-crvene-zbog-port-milene\/#primaryimage\",\"url\":\"https:\/\/www.visit-ulcinj.com\/blog\/wp-content\/uploads\/2011\/02\/DZELAL-HODZIC_ULCINJ.jpg\",\"contentUrl\":\"https:\/\/www.visit-ulcinj.com\/blog\/wp-content\/uploads\/2011\/02\/DZELAL-HODZIC_ULCINJ.jpg\",\"width\":\"501\",\"height\":\"376\"},{\"@type\":\"WebPage\",\"@id\":\"https:\/\/www.visit-ulcinj.com\/blog\/2013\/09\/13\/hodzic-ulcinjani-se-crvene-zbog-port-milene\/#webpage\",\"url\":\"https:\/\/www.visit-ulcinj.com\/blog\/2013\/09\/13\/hodzic-ulcinjani-se-crvene-zbog-port-milene\/\",\"name\":\"Hod\u017ei\u0107: Ulcinjani se crvene zbog Port Milene - Lajme nga Ulqini\",\"isPartOf\":{\"@id\":\"https:\/\/www.visit-ulcinj.com\/blog\/#website\"},\"primaryImageOfPage\":{\"@id\":\"https:\/\/www.visit-ulcinj.com\/blog\/2013\/09\/13\/hodzic-ulcinjani-se-crvene-zbog-port-milene\/#primaryimage\"},\"datePublished\":\"2013-09-13T15:31:28+00:00\",\"dateModified\":\"2013-09-13T15:31:45+00:00\",\"author\":{\"@id\":\"https:\/\/www.visit-ulcinj.com\/blog\/#\/schema\/person\/dcab619c614d3038751c63bc2aadc06d\"},\"description\":\"Turisti\u010dka sezona je na izmaku i dok se analiziraju njeni efekti i finansijski u\u010dinci, nemogu\u0107e je izbje\u0107i i ne pomenuti ekolo\u0161ke probleme, koji su i ovo\",\"breadcrumb\":{\"@id\":\"https:\/\/www.visit-ulcinj.com\/blog\/2013\/09\/13\/hodzic-ulcinjani-se-crvene-zbog-port-milene\/#breadcrumb\"},\"inLanguage\":\"en-US\",\"potentialAction\":[{\"@type\":\"ReadAction\",\"target\":[\"https:\/\/www.visit-ulcinj.com\/blog\/2013\/09\/13\/hodzic-ulcinjani-se-crvene-zbog-port-milene\/\"]}]},{\"@type\":\"BreadcrumbList\",\"@id\":\"https:\/\/www.visit-ulcinj.com\/blog\/2013\/09\/13\/hodzic-ulcinjani-se-crvene-zbog-port-milene\/#breadcrumb\",\"itemListElement\":[{\"@type\":\"ListItem\",\"position\":1,\"name\":\"Hod\u017ei\u0107: Ulcinjani se crvene zbog Port Milene\"}]},{\"@type\":\"Person\",\"@id\":\"https:\/\/www.visit-ulcinj.com\/blog\/#\/schema\/person\/dcab619c614d3038751c63bc2aadc06d\",\"name\":\"ulqini\",\"sameAs\":[\"http:\/\/www.visit-ulcinj.com\"],\"url\":\"https:\/\/www.visit-ulcinj.com\/blog\/author\/admin\/\"}]}<\/script>\n<!-- \/ Yoast SEO plugin. -->","yoast_head_json":{"title":"Hod\u017ei\u0107: Ulcinjani se crvene zbog Port Milene - Lajme nga Ulqini","description":"Turisti\u010dka sezona je na izmaku i dok se analiziraju njeni efekti i finansijski u\u010dinci, nemogu\u0107e je izbje\u0107i i ne pomenuti ekolo\u0161ke probleme, koji su i ovo","robots":{"index":"index","follow":"follow","max-snippet":"max-snippet:-1","max-image-preview":"max-image-preview:large","max-video-preview":"max-video-preview:-1"},"canonical":"https:\/\/www.visit-ulcinj.com\/blog\/2013\/09\/13\/hodzic-ulcinjani-se-crvene-zbog-port-milene\/","og_locale":"en_US","og_type":"article","og_title":"Hod\u017ei\u0107: Ulcinjani se crvene zbog Port Milene - Lajme nga Ulqini","og_description":"Turisti\u010dka sezona je na izmaku i dok se analiziraju njeni efekti i finansijski u\u010dinci, nemogu\u0107e je izbje\u0107i i ne pomenuti ekolo\u0161ke probleme, koji su i ovo","og_url":"https:\/\/www.visit-ulcinj.com\/blog\/2013\/09\/13\/hodzic-ulcinjani-se-crvene-zbog-port-milene\/","og_site_name":"Lajme nga Ulqini","article_published_time":"2013-09-13T15:31:28+00:00","article_modified_time":"2013-09-13T15:31:45+00:00","og_image":[{"url":"http:\/\/www.visit-ulcinj.com\/blog\/wp-content\/uploads\/2011\/02\/DZELAL-HODZIC_ULCINJ.jpg"}],"twitter_misc":{"Written by":"ulqini","Est. reading time":"6 minutes"},"schema":{"@context":"https:\/\/schema.org","@graph":[{"@type":"WebSite","@id":"https:\/\/www.visit-ulcinj.com\/blog\/#website","url":"https:\/\/www.visit-ulcinj.com\/blog\/","name":"Lajme nga Ulqini","description":"Lajme,Vijesti,Ulqini,Ulqin,Crna Gora,Mali i Zi","potentialAction":[{"@type":"SearchAction","target":{"@type":"EntryPoint","urlTemplate":"https:\/\/www.visit-ulcinj.com\/blog\/?s={search_term_string}"},"query-input":"required name=search_term_string"}],"inLanguage":"en-US"},{"@type":"ImageObject","inLanguage":"en-US","@id":"https:\/\/www.visit-ulcinj.com\/blog\/2013\/09\/13\/hodzic-ulcinjani-se-crvene-zbog-port-milene\/#primaryimage","url":"https:\/\/www.visit-ulcinj.com\/blog\/wp-content\/uploads\/2011\/02\/DZELAL-HODZIC_ULCINJ.jpg","contentUrl":"https:\/\/www.visit-ulcinj.com\/blog\/wp-content\/uploads\/2011\/02\/DZELAL-HODZIC_ULCINJ.jpg","width":"501","height":"376"},{"@type":"WebPage","@id":"https:\/\/www.visit-ulcinj.com\/blog\/2013\/09\/13\/hodzic-ulcinjani-se-crvene-zbog-port-milene\/#webpage","url":"https:\/\/www.visit-ulcinj.com\/blog\/2013\/09\/13\/hodzic-ulcinjani-se-crvene-zbog-port-milene\/","name":"Hod\u017ei\u0107: Ulcinjani se crvene zbog Port Milene - Lajme nga Ulqini","isPartOf":{"@id":"https:\/\/www.visit-ulcinj.com\/blog\/#website"},"primaryImageOfPage":{"@id":"https:\/\/www.visit-ulcinj.com\/blog\/2013\/09\/13\/hodzic-ulcinjani-se-crvene-zbog-port-milene\/#primaryimage"},"datePublished":"2013-09-13T15:31:28+00:00","dateModified":"2013-09-13T15:31:45+00:00","author":{"@id":"https:\/\/www.visit-ulcinj.com\/blog\/#\/schema\/person\/dcab619c614d3038751c63bc2aadc06d"},"description":"Turisti\u010dka sezona je na izmaku i dok se analiziraju njeni efekti i finansijski u\u010dinci, nemogu\u0107e je izbje\u0107i i ne pomenuti ekolo\u0161ke probleme, koji su i ovo","breadcrumb":{"@id":"https:\/\/www.visit-ulcinj.com\/blog\/2013\/09\/13\/hodzic-ulcinjani-se-crvene-zbog-port-milene\/#breadcrumb"},"inLanguage":"en-US","potentialAction":[{"@type":"ReadAction","target":["https:\/\/www.visit-ulcinj.com\/blog\/2013\/09\/13\/hodzic-ulcinjani-se-crvene-zbog-port-milene\/"]}]},{"@type":"BreadcrumbList","@id":"https:\/\/www.visit-ulcinj.com\/blog\/2013\/09\/13\/hodzic-ulcinjani-se-crvene-zbog-port-milene\/#breadcrumb","itemListElement":[{"@type":"ListItem","position":1,"name":"Hod\u017ei\u0107: Ulcinjani se crvene zbog Port Milene"}]},{"@type":"Person","@id":"https:\/\/www.visit-ulcinj.com\/blog\/#\/schema\/person\/dcab619c614d3038751c63bc2aadc06d","name":"ulqini","sameAs":["http:\/\/www.visit-ulcinj.com"],"url":"https:\/\/www.visit-ulcinj.com\/blog\/author\/admin\/"}]}},"jetpack_featured_media_url":"","jetpack_sharing_enabled":true,"jetpack_shortlink":"https:\/\/wp.me\/pe6lTn-jrd","_links":{"self":[{"href":"https:\/\/www.visit-ulcinj.com\/blog\/wp-json\/wp\/v2\/posts\/74723"}],"collection":[{"href":"https:\/\/www.visit-ulcinj.com\/blog\/wp-json\/wp\/v2\/posts"}],"about":[{"href":"https:\/\/www.visit-ulcinj.com\/blog\/wp-json\/wp\/v2\/types\/post"}],"author":[{"embeddable":true,"href":"https:\/\/www.visit-ulcinj.com\/blog\/wp-json\/wp\/v2\/users\/1"}],"replies":[{"embeddable":true,"href":"https:\/\/www.visit-ulcinj.com\/blog\/wp-json\/wp\/v2\/comments?post=74723"}],"version-history":[{"count":2,"href":"https:\/\/www.visit-ulcinj.com\/blog\/wp-json\/wp\/v2\/posts\/74723\/revisions"}],"predecessor-version":[{"id":74725,"href":"https:\/\/www.visit-ulcinj.com\/blog\/wp-json\/wp\/v2\/posts\/74723\/revisions\/74725"}],"wp:attachment":[{"href":"https:\/\/www.visit-ulcinj.com\/blog\/wp-json\/wp\/v2\/media?parent=74723"}],"wp:term":[{"taxonomy":"category","embeddable":true,"href":"https:\/\/www.visit-ulcinj.com\/blog\/wp-json\/wp\/v2\/categories?post=74723"},{"taxonomy":"post_tag","embeddable":true,"href":"https:\/\/www.visit-ulcinj.com\/blog\/wp-json\/wp\/v2\/tags?post=74723"}],"curies":[{"name":"wp","href":"https:\/\/api.w.org\/{rel}","templated":true}]}}