{"id":74727,"date":"2013-09-14T07:21:37","date_gmt":"2013-09-14T06:21:37","guid":{"rendered":"http:\/\/www.visit-ulcinj.com\/blog\/?p=74727"},"modified":"2013-09-14T14:49:36","modified_gmt":"2013-09-14T13:49:36","slug":"marubi-end-season-fest-video","status":"publish","type":"post","link":"https:\/\/www.visit-ulcinj.com\/blog\/2013\/09\/14\/marubi-end-season-fest-video\/","title":{"rendered":"Marubi End Season Fest &#8211; Video"},"content":{"rendered":"<p><strong><a href=\"http:\/\/www.visit-ulcinj.com\/blog\/wp-content\/uploads\/2013\/09\/marubiulcinj.jpg\"><img loading=\"lazy\" class=\"alignleft  wp-image-74555\" alt=\"marubiulcinj\" src=\"http:\/\/www.visit-ulcinj.com\/blog\/wp-content\/uploads\/2013\/09\/marubiulcinj.jpg\" width=\"508\" height=\"600\" \/><\/a>Festival MARUBI END SEASON FEST &#8212; Progami i Festivalit<\/strong><\/p>\n<p>N\u00eb kuad\u00ebr t\u00eb projektit Marubi &#8212; Nje model bashkepunimi per promovimin e turizmit mes Shkodres dhe Ulqinit, finansuar nga Bashkimi Evropian, Zyra p\u00ebr Bahsk\u00ebpunim Nd\u00ebrkomb\u00ebtar dhe Projekte-Komuna e Ulqinit, organizon festival 3-ditor me emrin &#8220;Marubi End Season Fest&#8221;.<br \/>\nFestivali 3-ditor (20.09 &#8212; 22.09.2013) p\u00ebrmban program t\u00eb begatsh\u00ebm &#8212; nj\u00eb g\u00ebrshetim i tradit\u00ebs, legjendave dhe modernes.<br \/>\n&#8211; Dita e 1-r\u00eb gjeg\u00ebsisht Dita s\u00eb Tradit\u00ebs, fillon me panair t\u00eb ushqimeve tradicionale dhe suvenir\u00ebve (sheshi i rob\u00ebve), me fillim n\u00eb ora <a href=\"http:\/\/www.youtube.com\/watch?v=EdlExzXJgGQ#\">19:00<\/a>, pas s\u00eb cil\u00ebs do mbahet nj\u00eb program Kulturo-Artistik, muzik\u00eb klasiko-zbavit\u00ebse, burimore dhe peformans folklorik-me fillim n\u00eb ora <a href=\"http:\/\/www.youtube.com\/watch?v=EdlExzXJgGQ#\">20:00<\/a> (Hap\u00ebsira Brenda muzeut).<br \/>\nVendi i mbajtjes: Sheshi i rob\u00ebve dhe brend\u00ebsia e Muzeut &#8212; Kalaja e Ulqinit.<\/p>\n<p>&#8211; Dita e 2-t\u00eb, Dita e t\u00eb rijnve, ju pret nj\u00eb performans Kitesurf dhe program deejay, me fillim prej ora <a href=\"http:\/\/www.youtube.com\/watch?v=EdlExzXJgGQ#\">12:00<\/a>, programi do zgjas\u00eb t\u00ebr\u00eb dit\u00ebn.<br \/>\nVendi i mbajtjes: Plazhi i Madh.<\/p>\n<p>&#8211; Dita e 3-t\u00eb, dita e legjendave, n\u00eb program kemi interpretim koreografik t\u00eb legjendave dhe k\u00ebng\u00eb klasike.<br \/>\nVendi i mbajtjes: Valdanos.<\/p>\n<p>&#8211; N\u00eb kuad\u00ebr t\u00eb festivalit gjithashtu do mbahet dhe nj\u00eb ekzpozit\u00eb Outdoor t\u00eb fotografive t\u00eb trash\u00ebgimis\u00eb Marubi, dhe fotograf\u00ebve tjer\u00eb. Vendi i mbajtjes: Shetitorja pran\u00eb plazhit t\u00eb Vog\u00ebl.<\/p>\n<p>Jeni t\u00eb mir\u00ebseardhur!<\/p>\n<p><iframe loading=\"lazy\" src=\"\/\/www.youtube.com\/embed\/EdlExzXJgGQ\" height=\"360\" width=\"508\" allowfullscreen=\"\" frameborder=\"0\"><\/iframe><\/p>\n","protected":false},"excerpt":{"rendered":"<p>Festival MARUBI END SEASON FEST &#8212; Progami i Festivalit N\u00eb kuad\u00ebr t\u00eb projektit Marubi &#8212; Nje model bashkepunimi per promovimin e turizmit mes Shkodres dhe Ulqinit, finansuar nga Bashkimi Evropian, Zyra p\u00ebr Bahsk\u00ebpunim Nd\u00ebrkomb\u00ebtar dhe Projekte-Komuna e Ulqinit, organizon festival 3-ditor me emrin &#8220;Marubi End Season Fest&#8221;. Festivali 3-ditor (20.09 &#8212; 22.09.2013) p\u00ebrmban program t\u00eb [&hellip;]<\/p>\n","protected":false},"author":1,"featured_media":0,"comment_status":"closed","ping_status":"closed","sticky":false,"template":"","format":"standard","meta":{"spay_email":"","jetpack_publicize_message":"","jetpack_is_tweetstorm":false,"jetpack_publicize_feature_enabled":true},"categories":[1,6950],"tags":[],"jetpack_publicize_connections":[],"yoast_head":"<!-- This site is optimized with the Yoast SEO plugin v19.1 - https:\/\/yoast.com\/wordpress\/plugins\/seo\/ -->\n<title>Marubi End Season Fest - Video - Lajme nga Ulqini<\/title>\n<meta name=\"description\" content=\"Festival MARUBI END SEASON FEST -- Progami i Festivalit N\u00eb kuad\u00ebr t\u00eb projektit Marubi -- Nje model bashkepunimi per promovimin e turizmit mes Shkodres dhe\" \/>\n<meta name=\"robots\" content=\"index, follow, max-snippet:-1, max-image-preview:large, max-video-preview:-1\" \/>\n<link rel=\"canonical\" href=\"https:\/\/www.visit-ulcinj.com\/blog\/2013\/09\/14\/marubi-end-season-fest-video\/\" \/>\n<meta property=\"og:locale\" content=\"en_US\" \/>\n<meta property=\"og:type\" content=\"article\" \/>\n<meta property=\"og:title\" content=\"Marubi End Season Fest - Video - Lajme nga Ulqini\" \/>\n<meta property=\"og:description\" content=\"Festival MARUBI END SEASON FEST -- Progami i Festivalit N\u00eb kuad\u00ebr t\u00eb projektit Marubi -- Nje model bashkepunimi per promovimin e turizmit mes Shkodres dhe\" \/>\n<meta property=\"og:url\" content=\"https:\/\/www.visit-ulcinj.com\/blog\/2013\/09\/14\/marubi-end-season-fest-video\/\" \/>\n<meta property=\"og:site_name\" content=\"Lajme nga Ulqini\" \/>\n<meta property=\"article:published_time\" content=\"2013-09-14T06:21:37+00:00\" \/>\n<meta property=\"article:modified_time\" content=\"2013-09-14T13:49:36+00:00\" \/>\n<meta property=\"og:image\" content=\"http:\/\/www.visit-ulcinj.com\/blog\/wp-content\/uploads\/2013\/09\/marubiulcinj.jpg\" \/>\n<meta name=\"twitter:label1\" content=\"Written by\" \/>\n\t<meta name=\"twitter:data1\" content=\"ulqini\" \/>\n\t<meta name=\"twitter:label2\" content=\"Est. reading time\" \/>\n\t<meta name=\"twitter:data2\" content=\"1 minute\" \/>\n<script type=\"application\/ld+json\" class=\"yoast-schema-graph\">{\"@context\":\"https:\/\/schema.org\",\"@graph\":[{\"@type\":\"WebSite\",\"@id\":\"https:\/\/www.visit-ulcinj.com\/blog\/#website\",\"url\":\"https:\/\/www.visit-ulcinj.com\/blog\/\",\"name\":\"Lajme nga Ulqini\",\"description\":\"Lajme,Vijesti,Ulqini,Ulqin,Crna Gora,Mali i Zi\",\"potentialAction\":[{\"@type\":\"SearchAction\",\"target\":{\"@type\":\"EntryPoint\",\"urlTemplate\":\"https:\/\/www.visit-ulcinj.com\/blog\/?s={search_term_string}\"},\"query-input\":\"required name=search_term_string\"}],\"inLanguage\":\"en-US\"},{\"@type\":\"ImageObject\",\"inLanguage\":\"en-US\",\"@id\":\"https:\/\/www.visit-ulcinj.com\/blog\/2013\/09\/14\/marubi-end-season-fest-video\/#primaryimage\",\"url\":\"https:\/\/www.visit-ulcinj.com\/blog\/wp-content\/uploads\/2013\/09\/marubiulcinj.jpg\",\"contentUrl\":\"https:\/\/www.visit-ulcinj.com\/blog\/wp-content\/uploads\/2013\/09\/marubiulcinj.jpg\",\"width\":700,\"height\":999},{\"@type\":\"WebPage\",\"@id\":\"https:\/\/www.visit-ulcinj.com\/blog\/2013\/09\/14\/marubi-end-season-fest-video\/#webpage\",\"url\":\"https:\/\/www.visit-ulcinj.com\/blog\/2013\/09\/14\/marubi-end-season-fest-video\/\",\"name\":\"Marubi End Season Fest - Video - Lajme nga Ulqini\",\"isPartOf\":{\"@id\":\"https:\/\/www.visit-ulcinj.com\/blog\/#website\"},\"primaryImageOfPage\":{\"@id\":\"https:\/\/www.visit-ulcinj.com\/blog\/2013\/09\/14\/marubi-end-season-fest-video\/#primaryimage\"},\"datePublished\":\"2013-09-14T06:21:37+00:00\",\"dateModified\":\"2013-09-14T13:49:36+00:00\",\"author\":{\"@id\":\"https:\/\/www.visit-ulcinj.com\/blog\/#\/schema\/person\/dcab619c614d3038751c63bc2aadc06d\"},\"description\":\"Festival MARUBI END SEASON FEST -- Progami i Festivalit N\u00eb kuad\u00ebr t\u00eb projektit Marubi -- Nje model bashkepunimi per promovimin e turizmit mes Shkodres dhe\",\"breadcrumb\":{\"@id\":\"https:\/\/www.visit-ulcinj.com\/blog\/2013\/09\/14\/marubi-end-season-fest-video\/#breadcrumb\"},\"inLanguage\":\"en-US\",\"potentialAction\":[{\"@type\":\"ReadAction\",\"target\":[\"https:\/\/www.visit-ulcinj.com\/blog\/2013\/09\/14\/marubi-end-season-fest-video\/\"]}]},{\"@type\":\"BreadcrumbList\",\"@id\":\"https:\/\/www.visit-ulcinj.com\/blog\/2013\/09\/14\/marubi-end-season-fest-video\/#breadcrumb\",\"itemListElement\":[{\"@type\":\"ListItem\",\"position\":1,\"name\":\"Marubi End Season Fest &#8211; Video\"}]},{\"@type\":\"Person\",\"@id\":\"https:\/\/www.visit-ulcinj.com\/blog\/#\/schema\/person\/dcab619c614d3038751c63bc2aadc06d\",\"name\":\"ulqini\",\"sameAs\":[\"http:\/\/www.visit-ulcinj.com\"],\"url\":\"https:\/\/www.visit-ulcinj.com\/blog\/author\/admin\/\"}]}<\/script>\n<!-- \/ Yoast SEO plugin. -->","yoast_head_json":{"title":"Marubi End Season Fest - Video - Lajme nga Ulqini","description":"Festival MARUBI END SEASON FEST -- Progami i Festivalit N\u00eb kuad\u00ebr t\u00eb projektit Marubi -- Nje model bashkepunimi per promovimin e turizmit mes Shkodres dhe","robots":{"index":"index","follow":"follow","max-snippet":"max-snippet:-1","max-image-preview":"max-image-preview:large","max-video-preview":"max-video-preview:-1"},"canonical":"https:\/\/www.visit-ulcinj.com\/blog\/2013\/09\/14\/marubi-end-season-fest-video\/","og_locale":"en_US","og_type":"article","og_title":"Marubi End Season Fest - Video - Lajme nga Ulqini","og_description":"Festival MARUBI END SEASON FEST -- Progami i Festivalit N\u00eb kuad\u00ebr t\u00eb projektit Marubi -- Nje model bashkepunimi per promovimin e turizmit mes Shkodres dhe","og_url":"https:\/\/www.visit-ulcinj.com\/blog\/2013\/09\/14\/marubi-end-season-fest-video\/","og_site_name":"Lajme nga Ulqini","article_published_time":"2013-09-14T06:21:37+00:00","article_modified_time":"2013-09-14T13:49:36+00:00","og_image":[{"url":"http:\/\/www.visit-ulcinj.com\/blog\/wp-content\/uploads\/2013\/09\/marubiulcinj.jpg"}],"twitter_misc":{"Written by":"ulqini","Est. reading time":"1 minute"},"schema":{"@context":"https:\/\/schema.org","@graph":[{"@type":"WebSite","@id":"https:\/\/www.visit-ulcinj.com\/blog\/#website","url":"https:\/\/www.visit-ulcinj.com\/blog\/","name":"Lajme nga Ulqini","description":"Lajme,Vijesti,Ulqini,Ulqin,Crna Gora,Mali i Zi","potentialAction":[{"@type":"SearchAction","target":{"@type":"EntryPoint","urlTemplate":"https:\/\/www.visit-ulcinj.com\/blog\/?s={search_term_string}"},"query-input":"required name=search_term_string"}],"inLanguage":"en-US"},{"@type":"ImageObject","inLanguage":"en-US","@id":"https:\/\/www.visit-ulcinj.com\/blog\/2013\/09\/14\/marubi-end-season-fest-video\/#primaryimage","url":"https:\/\/www.visit-ulcinj.com\/blog\/wp-content\/uploads\/2013\/09\/marubiulcinj.jpg","contentUrl":"https:\/\/www.visit-ulcinj.com\/blog\/wp-content\/uploads\/2013\/09\/marubiulcinj.jpg","width":700,"height":999},{"@type":"WebPage","@id":"https:\/\/www.visit-ulcinj.com\/blog\/2013\/09\/14\/marubi-end-season-fest-video\/#webpage","url":"https:\/\/www.visit-ulcinj.com\/blog\/2013\/09\/14\/marubi-end-season-fest-video\/","name":"Marubi End Season Fest - Video - Lajme nga Ulqini","isPartOf":{"@id":"https:\/\/www.visit-ulcinj.com\/blog\/#website"},"primaryImageOfPage":{"@id":"https:\/\/www.visit-ulcinj.com\/blog\/2013\/09\/14\/marubi-end-season-fest-video\/#primaryimage"},"datePublished":"2013-09-14T06:21:37+00:00","dateModified":"2013-09-14T13:49:36+00:00","author":{"@id":"https:\/\/www.visit-ulcinj.com\/blog\/#\/schema\/person\/dcab619c614d3038751c63bc2aadc06d"},"description":"Festival MARUBI END SEASON FEST -- Progami i Festivalit N\u00eb kuad\u00ebr t\u00eb projektit Marubi -- Nje model bashkepunimi per promovimin e turizmit mes Shkodres dhe","breadcrumb":{"@id":"https:\/\/www.visit-ulcinj.com\/blog\/2013\/09\/14\/marubi-end-season-fest-video\/#breadcrumb"},"inLanguage":"en-US","potentialAction":[{"@type":"ReadAction","target":["https:\/\/www.visit-ulcinj.com\/blog\/2013\/09\/14\/marubi-end-season-fest-video\/"]}]},{"@type":"BreadcrumbList","@id":"https:\/\/www.visit-ulcinj.com\/blog\/2013\/09\/14\/marubi-end-season-fest-video\/#breadcrumb","itemListElement":[{"@type":"ListItem","position":1,"name":"Marubi End Season Fest &#8211; Video"}]},{"@type":"Person","@id":"https:\/\/www.visit-ulcinj.com\/blog\/#\/schema\/person\/dcab619c614d3038751c63bc2aadc06d","name":"ulqini","sameAs":["http:\/\/www.visit-ulcinj.com"],"url":"https:\/\/www.visit-ulcinj.com\/blog\/author\/admin\/"}]}},"jetpack_featured_media_url":"","jetpack_sharing_enabled":true,"jetpack_shortlink":"https:\/\/wp.me\/pe6lTn-jrh","_links":{"self":[{"href":"https:\/\/www.visit-ulcinj.com\/blog\/wp-json\/wp\/v2\/posts\/74727"}],"collection":[{"href":"https:\/\/www.visit-ulcinj.com\/blog\/wp-json\/wp\/v2\/posts"}],"about":[{"href":"https:\/\/www.visit-ulcinj.com\/blog\/wp-json\/wp\/v2\/types\/post"}],"author":[{"embeddable":true,"href":"https:\/\/www.visit-ulcinj.com\/blog\/wp-json\/wp\/v2\/users\/1"}],"replies":[{"embeddable":true,"href":"https:\/\/www.visit-ulcinj.com\/blog\/wp-json\/wp\/v2\/comments?post=74727"}],"version-history":[{"count":3,"href":"https:\/\/www.visit-ulcinj.com\/blog\/wp-json\/wp\/v2\/posts\/74727\/revisions"}],"predecessor-version":[{"id":74739,"href":"https:\/\/www.visit-ulcinj.com\/blog\/wp-json\/wp\/v2\/posts\/74727\/revisions\/74739"}],"wp:attachment":[{"href":"https:\/\/www.visit-ulcinj.com\/blog\/wp-json\/wp\/v2\/media?parent=74727"}],"wp:term":[{"taxonomy":"category","embeddable":true,"href":"https:\/\/www.visit-ulcinj.com\/blog\/wp-json\/wp\/v2\/categories?post=74727"},{"taxonomy":"post_tag","embeddable":true,"href":"https:\/\/www.visit-ulcinj.com\/blog\/wp-json\/wp\/v2\/tags?post=74727"}],"curies":[{"name":"wp","href":"https:\/\/api.w.org\/{rel}","templated":true}]}}