{"id":74731,"date":"2013-09-14T14:31:54","date_gmt":"2013-09-14T13:31:54","guid":{"rendered":"http:\/\/www.visit-ulcinj.com\/blog\/?p=74731"},"modified":"2013-09-15T18:34:47","modified_gmt":"2013-09-15T17:34:47","slug":"ulqin-permbyset-kamioni-me-rere","status":"publish","type":"post","link":"https:\/\/www.visit-ulcinj.com\/blog\/2013\/09\/14\/ulqin-permbyset-kamioni-me-rere\/","title":{"rendered":"Ulqin p\u00ebrmbyset kamioni me r\u00ebr\u00eb &#8211; Video"},"content":{"rendered":"<p><a href=\"http:\/\/www.visit-ulcinj.com\/blog\/wp-content\/uploads\/2013\/09\/Ulqin-p\u00ebrmbyset-kamioni-me-r\u00ebr\u00eb.jpg\"><img loading=\"lazy\" class=\"alignleft  wp-image-74732\" alt=\"Ulqin p\u00ebrmbyset kamioni me r\u00ebr\u00eb\" src=\"http:\/\/www.visit-ulcinj.com\/blog\/wp-content\/uploads\/2013\/09\/Ulqin-p\u00ebrmbyset-kamioni-me-r\u00ebr\u00eb.jpg\" width=\"508\" height=\"360\" \/><\/a><strong>Foto: Samir Adrovi\u0107 &#8211; Vijesti<\/strong><\/p>\n<p>Kamioni q\u00eb po barte\u00a0r\u00ebr\u00eb ka rr\u00ebshqitur nga rruga duke u p\u00ebrmbysur n\u00eb nj\u00eb kthes\u00eb n\u00eb fillim t\u00eb ur\u00ebs se re n\u00eb Port Milen\u00eb, n\u00eb af\u00ebrsi t\u00eb restorantit Antika. Aksidenti n\u00eb fjal\u00eb ka ndodhur rreth or\u00ebs 7:30 t\u00eb m\u00ebngjesit t\u00eb sot\u00ebm ku e drejtonte\u00a0 Millan Gjurishiq nga Ulqini.<\/p>\n<p>N\u00eb vendin e aksidentit kan\u00eb dal\u00eb t\u00eb gjitha nj\u00ebsitet p\u00ebrkat\u00ebse policore t\u00eb cilat po merren me rastin, ku Millan Gjurishiq tha q\u00eb \u00ebsht\u00eb vet fajtor p\u00ebr aksidentin, ku sipas konstatimit\u00a0 kishte pasur vet\u00ebm l\u00ebndime t\u00eb lehta trupore, raporton gazeta Vijesti.<br \/>\n<strong><br \/>\nLajme nga Ulqini<\/strong><\/p>\n<p><iframe loading=\"lazy\" src=\"https:\/\/www.facebook.com\/video\/embed?video_id=711491482198551\" height=\"360\" width=\"508\" frameborder=\"0\"><\/iframe><\/p>\n","protected":false},"excerpt":{"rendered":"<p>Foto: Samir Adrovi\u0107 &#8211; Vijesti Kamioni q\u00eb po barte\u00a0r\u00ebr\u00eb ka rr\u00ebshqitur nga rruga duke u p\u00ebrmbysur n\u00eb nj\u00eb kthes\u00eb n\u00eb fillim t\u00eb ur\u00ebs se re n\u00eb Port Milen\u00eb, n\u00eb af\u00ebrsi t\u00eb restorantit Antika. Aksidenti n\u00eb fjal\u00eb ka ndodhur rreth or\u00ebs 7:30 t\u00eb m\u00ebngjesit t\u00eb sot\u00ebm ku e drejtonte\u00a0 Millan Gjurishiq nga Ulqini. N\u00eb vendin e [&hellip;]<\/p>\n","protected":false},"author":1,"featured_media":0,"comment_status":"closed","ping_status":"closed","sticky":false,"template":"","format":"standard","meta":{"spay_email":"","jetpack_publicize_message":"","jetpack_is_tweetstorm":false,"jetpack_publicize_feature_enabled":true},"categories":[1,6950],"tags":[],"jetpack_publicize_connections":[],"yoast_head":"<!-- This site is optimized with the Yoast SEO plugin v19.1 - https:\/\/yoast.com\/wordpress\/plugins\/seo\/ -->\n<title>Ulqin p\u00ebrmbyset kamioni me r\u00ebr\u00eb - Video - Lajme nga Ulqini<\/title>\n<meta name=\"description\" content=\"Foto: Samir Adrovi\u0107 - Vijesti Kamioni q\u00eb po barte\u00a0r\u00ebr\u00eb ka rr\u00ebshqitur nga rruga duke u p\u00ebrmbysur n\u00eb nj\u00eb kthes\u00eb n\u00eb fillim t\u00eb ur\u00ebs se re n\u00eb Port Milen\u00eb, n\u00eb\" \/>\n<meta name=\"robots\" content=\"index, follow, max-snippet:-1, max-image-preview:large, max-video-preview:-1\" \/>\n<link rel=\"canonical\" href=\"https:\/\/www.visit-ulcinj.com\/blog\/2013\/09\/14\/ulqin-permbyset-kamioni-me-rere\/\" \/>\n<meta property=\"og:locale\" content=\"en_US\" \/>\n<meta property=\"og:type\" content=\"article\" \/>\n<meta property=\"og:title\" content=\"Ulqin p\u00ebrmbyset kamioni me r\u00ebr\u00eb - Video - Lajme nga Ulqini\" \/>\n<meta property=\"og:description\" content=\"Foto: Samir Adrovi\u0107 - Vijesti Kamioni q\u00eb po barte\u00a0r\u00ebr\u00eb ka rr\u00ebshqitur nga rruga duke u p\u00ebrmbysur n\u00eb nj\u00eb kthes\u00eb n\u00eb fillim t\u00eb ur\u00ebs se re n\u00eb Port Milen\u00eb, n\u00eb\" \/>\n<meta property=\"og:url\" content=\"https:\/\/www.visit-ulcinj.com\/blog\/2013\/09\/14\/ulqin-permbyset-kamioni-me-rere\/\" \/>\n<meta property=\"og:site_name\" content=\"Lajme nga Ulqini\" \/>\n<meta property=\"article:published_time\" content=\"2013-09-14T13:31:54+00:00\" \/>\n<meta property=\"article:modified_time\" content=\"2013-09-15T17:34:47+00:00\" \/>\n<meta name=\"twitter:label1\" content=\"Written by\" \/>\n\t<meta name=\"twitter:data1\" content=\"ulqini\" \/>\n\t<meta name=\"twitter:label2\" content=\"Est. reading time\" \/>\n\t<meta name=\"twitter:data2\" content=\"1 minute\" \/>\n<script type=\"application\/ld+json\" class=\"yoast-schema-graph\">{\"@context\":\"https:\/\/schema.org\",\"@graph\":[{\"@type\":\"WebSite\",\"@id\":\"https:\/\/www.visit-ulcinj.com\/blog\/#website\",\"url\":\"https:\/\/www.visit-ulcinj.com\/blog\/\",\"name\":\"Lajme nga Ulqini\",\"description\":\"Lajme,Vijesti,Ulqini,Ulqin,Crna Gora,Mali i Zi\",\"potentialAction\":[{\"@type\":\"SearchAction\",\"target\":{\"@type\":\"EntryPoint\",\"urlTemplate\":\"https:\/\/www.visit-ulcinj.com\/blog\/?s={search_term_string}\"},\"query-input\":\"required name=search_term_string\"}],\"inLanguage\":\"en-US\"},{\"@type\":\"WebPage\",\"@id\":\"https:\/\/www.visit-ulcinj.com\/blog\/2013\/09\/14\/ulqin-permbyset-kamioni-me-rere\/#webpage\",\"url\":\"https:\/\/www.visit-ulcinj.com\/blog\/2013\/09\/14\/ulqin-permbyset-kamioni-me-rere\/\",\"name\":\"Ulqin p\u00ebrmbyset kamioni me r\u00ebr\u00eb - Video - Lajme nga Ulqini\",\"isPartOf\":{\"@id\":\"https:\/\/www.visit-ulcinj.com\/blog\/#website\"},\"datePublished\":\"2013-09-14T13:31:54+00:00\",\"dateModified\":\"2013-09-15T17:34:47+00:00\",\"author\":{\"@id\":\"https:\/\/www.visit-ulcinj.com\/blog\/#\/schema\/person\/dcab619c614d3038751c63bc2aadc06d\"},\"description\":\"Foto: Samir Adrovi\u0107 - Vijesti Kamioni q\u00eb po barte\u00a0r\u00ebr\u00eb ka rr\u00ebshqitur nga rruga duke u p\u00ebrmbysur n\u00eb nj\u00eb kthes\u00eb n\u00eb fillim t\u00eb ur\u00ebs se re n\u00eb Port Milen\u00eb, n\u00eb\",\"breadcrumb\":{\"@id\":\"https:\/\/www.visit-ulcinj.com\/blog\/2013\/09\/14\/ulqin-permbyset-kamioni-me-rere\/#breadcrumb\"},\"inLanguage\":\"en-US\",\"potentialAction\":[{\"@type\":\"ReadAction\",\"target\":[\"https:\/\/www.visit-ulcinj.com\/blog\/2013\/09\/14\/ulqin-permbyset-kamioni-me-rere\/\"]}]},{\"@type\":\"BreadcrumbList\",\"@id\":\"https:\/\/www.visit-ulcinj.com\/blog\/2013\/09\/14\/ulqin-permbyset-kamioni-me-rere\/#breadcrumb\",\"itemListElement\":[{\"@type\":\"ListItem\",\"position\":1,\"name\":\"Ulqin p\u00ebrmbyset kamioni me r\u00ebr\u00eb &#8211; Video\"}]},{\"@type\":\"Person\",\"@id\":\"https:\/\/www.visit-ulcinj.com\/blog\/#\/schema\/person\/dcab619c614d3038751c63bc2aadc06d\",\"name\":\"ulqini\",\"sameAs\":[\"http:\/\/www.visit-ulcinj.com\"],\"url\":\"https:\/\/www.visit-ulcinj.com\/blog\/author\/admin\/\"}]}<\/script>\n<!-- \/ Yoast SEO plugin. -->","yoast_head_json":{"title":"Ulqin p\u00ebrmbyset kamioni me r\u00ebr\u00eb - Video - Lajme nga Ulqini","description":"Foto: Samir Adrovi\u0107 - Vijesti Kamioni q\u00eb po barte\u00a0r\u00ebr\u00eb ka rr\u00ebshqitur nga rruga duke u p\u00ebrmbysur n\u00eb nj\u00eb kthes\u00eb n\u00eb fillim t\u00eb ur\u00ebs se re n\u00eb Port Milen\u00eb, n\u00eb","robots":{"index":"index","follow":"follow","max-snippet":"max-snippet:-1","max-image-preview":"max-image-preview:large","max-video-preview":"max-video-preview:-1"},"canonical":"https:\/\/www.visit-ulcinj.com\/blog\/2013\/09\/14\/ulqin-permbyset-kamioni-me-rere\/","og_locale":"en_US","og_type":"article","og_title":"Ulqin p\u00ebrmbyset kamioni me r\u00ebr\u00eb - Video - Lajme nga Ulqini","og_description":"Foto: Samir Adrovi\u0107 - Vijesti Kamioni q\u00eb po barte\u00a0r\u00ebr\u00eb ka rr\u00ebshqitur nga rruga duke u p\u00ebrmbysur n\u00eb nj\u00eb kthes\u00eb n\u00eb fillim t\u00eb ur\u00ebs se re n\u00eb Port Milen\u00eb, n\u00eb","og_url":"https:\/\/www.visit-ulcinj.com\/blog\/2013\/09\/14\/ulqin-permbyset-kamioni-me-rere\/","og_site_name":"Lajme nga Ulqini","article_published_time":"2013-09-14T13:31:54+00:00","article_modified_time":"2013-09-15T17:34:47+00:00","twitter_misc":{"Written by":"ulqini","Est. reading time":"1 minute"},"schema":{"@context":"https:\/\/schema.org","@graph":[{"@type":"WebSite","@id":"https:\/\/www.visit-ulcinj.com\/blog\/#website","url":"https:\/\/www.visit-ulcinj.com\/blog\/","name":"Lajme nga Ulqini","description":"Lajme,Vijesti,Ulqini,Ulqin,Crna Gora,Mali i Zi","potentialAction":[{"@type":"SearchAction","target":{"@type":"EntryPoint","urlTemplate":"https:\/\/www.visit-ulcinj.com\/blog\/?s={search_term_string}"},"query-input":"required name=search_term_string"}],"inLanguage":"en-US"},{"@type":"WebPage","@id":"https:\/\/www.visit-ulcinj.com\/blog\/2013\/09\/14\/ulqin-permbyset-kamioni-me-rere\/#webpage","url":"https:\/\/www.visit-ulcinj.com\/blog\/2013\/09\/14\/ulqin-permbyset-kamioni-me-rere\/","name":"Ulqin p\u00ebrmbyset kamioni me r\u00ebr\u00eb - Video - Lajme nga Ulqini","isPartOf":{"@id":"https:\/\/www.visit-ulcinj.com\/blog\/#website"},"datePublished":"2013-09-14T13:31:54+00:00","dateModified":"2013-09-15T17:34:47+00:00","author":{"@id":"https:\/\/www.visit-ulcinj.com\/blog\/#\/schema\/person\/dcab619c614d3038751c63bc2aadc06d"},"description":"Foto: Samir Adrovi\u0107 - Vijesti Kamioni q\u00eb po barte\u00a0r\u00ebr\u00eb ka rr\u00ebshqitur nga rruga duke u p\u00ebrmbysur n\u00eb nj\u00eb kthes\u00eb n\u00eb fillim t\u00eb ur\u00ebs se re n\u00eb Port Milen\u00eb, n\u00eb","breadcrumb":{"@id":"https:\/\/www.visit-ulcinj.com\/blog\/2013\/09\/14\/ulqin-permbyset-kamioni-me-rere\/#breadcrumb"},"inLanguage":"en-US","potentialAction":[{"@type":"ReadAction","target":["https:\/\/www.visit-ulcinj.com\/blog\/2013\/09\/14\/ulqin-permbyset-kamioni-me-rere\/"]}]},{"@type":"BreadcrumbList","@id":"https:\/\/www.visit-ulcinj.com\/blog\/2013\/09\/14\/ulqin-permbyset-kamioni-me-rere\/#breadcrumb","itemListElement":[{"@type":"ListItem","position":1,"name":"Ulqin p\u00ebrmbyset kamioni me r\u00ebr\u00eb &#8211; Video"}]},{"@type":"Person","@id":"https:\/\/www.visit-ulcinj.com\/blog\/#\/schema\/person\/dcab619c614d3038751c63bc2aadc06d","name":"ulqini","sameAs":["http:\/\/www.visit-ulcinj.com"],"url":"https:\/\/www.visit-ulcinj.com\/blog\/author\/admin\/"}]}},"jetpack_featured_media_url":"","jetpack_sharing_enabled":true,"jetpack_shortlink":"https:\/\/wp.me\/pe6lTn-jrl","_links":{"self":[{"href":"https:\/\/www.visit-ulcinj.com\/blog\/wp-json\/wp\/v2\/posts\/74731"}],"collection":[{"href":"https:\/\/www.visit-ulcinj.com\/blog\/wp-json\/wp\/v2\/posts"}],"about":[{"href":"https:\/\/www.visit-ulcinj.com\/blog\/wp-json\/wp\/v2\/types\/post"}],"author":[{"embeddable":true,"href":"https:\/\/www.visit-ulcinj.com\/blog\/wp-json\/wp\/v2\/users\/1"}],"replies":[{"embeddable":true,"href":"https:\/\/www.visit-ulcinj.com\/blog\/wp-json\/wp\/v2\/comments?post=74731"}],"version-history":[{"count":7,"href":"https:\/\/www.visit-ulcinj.com\/blog\/wp-json\/wp\/v2\/posts\/74731\/revisions"}],"predecessor-version":[{"id":74754,"href":"https:\/\/www.visit-ulcinj.com\/blog\/wp-json\/wp\/v2\/posts\/74731\/revisions\/74754"}],"wp:attachment":[{"href":"https:\/\/www.visit-ulcinj.com\/blog\/wp-json\/wp\/v2\/media?parent=74731"}],"wp:term":[{"taxonomy":"category","embeddable":true,"href":"https:\/\/www.visit-ulcinj.com\/blog\/wp-json\/wp\/v2\/categories?post=74731"},{"taxonomy":"post_tag","embeddable":true,"href":"https:\/\/www.visit-ulcinj.com\/blog\/wp-json\/wp\/v2\/tags?post=74731"}],"curies":[{"name":"wp","href":"https:\/\/api.w.org\/{rel}","templated":true}]}}