{"id":74736,"date":"2013-09-14T14:42:14","date_gmt":"2013-09-14T13:42:14","guid":{"rendered":"http:\/\/www.visit-ulcinj.com\/blog\/?p=74736"},"modified":"2013-09-14T14:42:14","modified_gmt":"2013-09-14T13:42:14","slug":"ulcinj-prevrnuo-se-sleper-pun-pijeska-video","status":"publish","type":"post","link":"https:\/\/www.visit-ulcinj.com\/blog\/2013\/09\/14\/ulcinj-prevrnuo-se-sleper-pun-pijeska-video\/","title":{"rendered":"Ulcinj: Prevrnuo se \u0161leper pun pijeska &#8211; Video"},"content":{"rendered":"<p><a href=\"http:\/\/www.visit-ulcinj.com\/blog\/wp-content\/uploads\/2013\/09\/Ulqin-p\u00ebrmbyset-kamioni-me-r\u00ebr\u00eb.jpg\"><img loading=\"lazy\" class=\"alignleft  wp-image-74732\" alt=\"Ulqin p\u00ebrmbyset kamioni me r\u00ebr\u00eb\" src=\"http:\/\/www.visit-ulcinj.com\/blog\/wp-content\/uploads\/2013\/09\/Ulqin-p\u00ebrmbyset-kamioni-me-r\u00ebr\u00eb.jpg\" width=\"508\" height=\"360\" \/><\/a><strong>Foto: Samir Adrovi\u0107 \u2013 Vijesti<\/strong><\/p>\n<p>Ulcinjanin Milan \u0110uri\u0161i\u0107 prevrnuo se danas oko 07,30 \u010dasova sa \u0161leperom punim pijeska na novom mostu na Port Mileni, u blizini restorana Antika. \u0110uri\u0161i\u0107, koji je bio sam u kiabini kamiona BR- BG 497, pro\u0161ao je sa lak\u0161im tjelesnim povredama a prava je sre\u0107a da u trenutku prevrtanja nije bilo saobra\u0107aja, odnosno vozila iz suprotnog smjera. Na licu mjesta je bila i policija budu\u0107i da se saobra\u0107a, zbog prosutog pijeska, ote\u017eano odvijao desnom trakom nove saobra\u0107ajnice. \u0110uri\u0161i\u0107 je kazao da je sam kriv zbog nesre\u0107e.<\/p>\n<p>&#8220;U\u0161ao sam malo br\u017ee u krivinu prije mosta. Uz postoje\u0107i kontra-nagib saobra\u0107ajnice na tom dijelu, druga\u010dije nijesam ni mogao pro\u0107i\u201d, kazao je \u0110uri\u0161i\u0107 \u201cVijestima&#8221; dok su radnici \u010distili ulicu od pijeska. On je u nesvakida\u0161njem udesu zaradio ve\u0107u posjekotinu lijeve ruke.<\/p>\n<p>&#8220;Sedam konaca ali dobro sam pro\u0161ao. Sre\u0107a da nikog nije bilo na putu\u201d, kazao je \u0110uri\u0161i\u0107.<\/p>\n<p>\u0160teta na \u0161leperu, kako je naveo, velika je.<\/p>\n<p>\u0110uri\u0161i\u0107 je i prije nekoliko godina bio akter jo\u0161 jednog neobi\u010dnog incidenta u kome samo pukom sre\u0107om nije bio povrije\u0111enih ili stradalih. On je tada parkirao \u0161leper na putu ispred porodi\u010dne ku\u0107e u Pinje\u0161u ali je vozilo iz nepoznatih razloga, odjednom krenulo samo. Nakon stotinjak metara pravolinijskog kretanja po frekevetnom putu, kojim igrom slu\u010daja tada nije biloo saobra\u0107aja, \u0161leper je skliznuo pored marketa \u0110akonovi\u0107a, udario u spomenik i stao. Da je putanja bila metar lijevo ili desno, to bi zna\u010dilo gotovo sigurno pad ogromne ma\u0161ine ma\u0161ine na Pristan i nezamislivu tragediju. Na svu sre\u0107u, \u0110uri\u0161i\u0107 je morao da snosi samo tro\u0161kove \u0161tete na \u0161leperu.<\/p>\n<p><a href=\"http:\/\/www.vijesti.me\/vijesti\/ulcinj-prevrnuo-se-sleper-pun-pijeska-vozacu-samo-posjecena-ruka-clanak-149342\" target=\"_blank\"><strong>Samir Adrovi\u0107<\/strong><\/a><br \/>\n<a href=\"http:\/\/www.vijesti.me\/vijesti\/ulcinj-prevrnuo-se-sleper-pun-pijeska-vozacu-samo-posjecena-ruka-clanak-149342\" target=\"_blank\"><strong>Vijesti online<\/strong><\/a><\/p>\n<p><iframe loading=\"lazy\" src=\"https:\/\/www.facebook.com\/video\/embed?video_id=711491482198551\" height=\"360\" width=\"508\" frameborder=\"0\"><\/iframe><\/p>\n","protected":false},"excerpt":{"rendered":"<p>Foto: Samir Adrovi\u0107 \u2013 Vijesti Ulcinjanin Milan \u0110uri\u0161i\u0107 prevrnuo se danas oko 07,30 \u010dasova sa \u0161leperom punim pijeska na novom mostu na Port Mileni, u blizini restorana Antika. \u0110uri\u0161i\u0107, koji je bio sam u kiabini kamiona BR- BG 497, pro\u0161ao je sa lak\u0161im tjelesnim povredama a prava je sre\u0107a da u trenutku prevrtanja nije bilo [&hellip;]<\/p>\n","protected":false},"author":1,"featured_media":0,"comment_status":"closed","ping_status":"closed","sticky":false,"template":"","format":"standard","meta":{"spay_email":"","jetpack_publicize_message":"","jetpack_is_tweetstorm":false,"jetpack_publicize_feature_enabled":true},"categories":[8337],"tags":[],"jetpack_publicize_connections":[],"yoast_head":"<!-- This site is optimized with the Yoast SEO plugin v19.1 - https:\/\/yoast.com\/wordpress\/plugins\/seo\/ -->\n<title>Ulcinj: Prevrnuo se \u0161leper pun pijeska - Video - Lajme nga Ulqini<\/title>\n<meta name=\"description\" content=\"Foto: Samir Adrovi\u0107 \u2013 Vijesti Ulcinjanin Milan \u0110uri\u0161i\u0107 prevrnuo se danas oko 07,30 \u010dasova sa \u0161leperom punim pijeska na novom mostu na Port Mileni, u\" \/>\n<meta name=\"robots\" content=\"index, follow, max-snippet:-1, max-image-preview:large, max-video-preview:-1\" \/>\n<link rel=\"canonical\" href=\"https:\/\/www.visit-ulcinj.com\/blog\/2013\/09\/14\/ulcinj-prevrnuo-se-sleper-pun-pijeska-video\/\" \/>\n<meta property=\"og:locale\" content=\"en_US\" \/>\n<meta property=\"og:type\" content=\"article\" \/>\n<meta property=\"og:title\" content=\"Ulcinj: Prevrnuo se \u0161leper pun pijeska - Video - Lajme nga Ulqini\" \/>\n<meta property=\"og:description\" content=\"Foto: Samir Adrovi\u0107 \u2013 Vijesti Ulcinjanin Milan \u0110uri\u0161i\u0107 prevrnuo se danas oko 07,30 \u010dasova sa \u0161leperom punim pijeska na novom mostu na Port Mileni, u\" \/>\n<meta property=\"og:url\" content=\"https:\/\/www.visit-ulcinj.com\/blog\/2013\/09\/14\/ulcinj-prevrnuo-se-sleper-pun-pijeska-video\/\" \/>\n<meta property=\"og:site_name\" content=\"Lajme nga Ulqini\" \/>\n<meta property=\"article:published_time\" content=\"2013-09-14T13:42:14+00:00\" \/>\n<meta name=\"twitter:label1\" content=\"Written by\" \/>\n\t<meta name=\"twitter:data1\" content=\"ulqini\" \/>\n\t<meta name=\"twitter:label2\" content=\"Est. reading time\" \/>\n\t<meta name=\"twitter:data2\" content=\"2 minutes\" \/>\n<script type=\"application\/ld+json\" class=\"yoast-schema-graph\">{\"@context\":\"https:\/\/schema.org\",\"@graph\":[{\"@type\":\"WebSite\",\"@id\":\"https:\/\/www.visit-ulcinj.com\/blog\/#website\",\"url\":\"https:\/\/www.visit-ulcinj.com\/blog\/\",\"name\":\"Lajme nga Ulqini\",\"description\":\"Lajme,Vijesti,Ulqini,Ulqin,Crna Gora,Mali i Zi\",\"potentialAction\":[{\"@type\":\"SearchAction\",\"target\":{\"@type\":\"EntryPoint\",\"urlTemplate\":\"https:\/\/www.visit-ulcinj.com\/blog\/?s={search_term_string}\"},\"query-input\":\"required name=search_term_string\"}],\"inLanguage\":\"en-US\"},{\"@type\":\"WebPage\",\"@id\":\"https:\/\/www.visit-ulcinj.com\/blog\/2013\/09\/14\/ulcinj-prevrnuo-se-sleper-pun-pijeska-video\/#webpage\",\"url\":\"https:\/\/www.visit-ulcinj.com\/blog\/2013\/09\/14\/ulcinj-prevrnuo-se-sleper-pun-pijeska-video\/\",\"name\":\"Ulcinj: Prevrnuo se \u0161leper pun pijeska - Video - Lajme nga Ulqini\",\"isPartOf\":{\"@id\":\"https:\/\/www.visit-ulcinj.com\/blog\/#website\"},\"datePublished\":\"2013-09-14T13:42:14+00:00\",\"dateModified\":\"2013-09-14T13:42:14+00:00\",\"author\":{\"@id\":\"https:\/\/www.visit-ulcinj.com\/blog\/#\/schema\/person\/dcab619c614d3038751c63bc2aadc06d\"},\"description\":\"Foto: Samir Adrovi\u0107 \u2013 Vijesti Ulcinjanin Milan \u0110uri\u0161i\u0107 prevrnuo se danas oko 07,30 \u010dasova sa \u0161leperom punim pijeska na novom mostu na Port Mileni, u\",\"breadcrumb\":{\"@id\":\"https:\/\/www.visit-ulcinj.com\/blog\/2013\/09\/14\/ulcinj-prevrnuo-se-sleper-pun-pijeska-video\/#breadcrumb\"},\"inLanguage\":\"en-US\",\"potentialAction\":[{\"@type\":\"ReadAction\",\"target\":[\"https:\/\/www.visit-ulcinj.com\/blog\/2013\/09\/14\/ulcinj-prevrnuo-se-sleper-pun-pijeska-video\/\"]}]},{\"@type\":\"BreadcrumbList\",\"@id\":\"https:\/\/www.visit-ulcinj.com\/blog\/2013\/09\/14\/ulcinj-prevrnuo-se-sleper-pun-pijeska-video\/#breadcrumb\",\"itemListElement\":[{\"@type\":\"ListItem\",\"position\":1,\"name\":\"Ulcinj: Prevrnuo se \u0161leper pun pijeska &#8211; Video\"}]},{\"@type\":\"Person\",\"@id\":\"https:\/\/www.visit-ulcinj.com\/blog\/#\/schema\/person\/dcab619c614d3038751c63bc2aadc06d\",\"name\":\"ulqini\",\"sameAs\":[\"http:\/\/www.visit-ulcinj.com\"],\"url\":\"https:\/\/www.visit-ulcinj.com\/blog\/author\/admin\/\"}]}<\/script>\n<!-- \/ Yoast SEO plugin. -->","yoast_head_json":{"title":"Ulcinj: Prevrnuo se \u0161leper pun pijeska - Video - Lajme nga Ulqini","description":"Foto: Samir Adrovi\u0107 \u2013 Vijesti Ulcinjanin Milan \u0110uri\u0161i\u0107 prevrnuo se danas oko 07,30 \u010dasova sa \u0161leperom punim pijeska na novom mostu na Port Mileni, u","robots":{"index":"index","follow":"follow","max-snippet":"max-snippet:-1","max-image-preview":"max-image-preview:large","max-video-preview":"max-video-preview:-1"},"canonical":"https:\/\/www.visit-ulcinj.com\/blog\/2013\/09\/14\/ulcinj-prevrnuo-se-sleper-pun-pijeska-video\/","og_locale":"en_US","og_type":"article","og_title":"Ulcinj: Prevrnuo se \u0161leper pun pijeska - Video - Lajme nga Ulqini","og_description":"Foto: Samir Adrovi\u0107 \u2013 Vijesti Ulcinjanin Milan \u0110uri\u0161i\u0107 prevrnuo se danas oko 07,30 \u010dasova sa \u0161leperom punim pijeska na novom mostu na Port Mileni, u","og_url":"https:\/\/www.visit-ulcinj.com\/blog\/2013\/09\/14\/ulcinj-prevrnuo-se-sleper-pun-pijeska-video\/","og_site_name":"Lajme nga Ulqini","article_published_time":"2013-09-14T13:42:14+00:00","twitter_misc":{"Written by":"ulqini","Est. reading time":"2 minutes"},"schema":{"@context":"https:\/\/schema.org","@graph":[{"@type":"WebSite","@id":"https:\/\/www.visit-ulcinj.com\/blog\/#website","url":"https:\/\/www.visit-ulcinj.com\/blog\/","name":"Lajme nga Ulqini","description":"Lajme,Vijesti,Ulqini,Ulqin,Crna Gora,Mali i Zi","potentialAction":[{"@type":"SearchAction","target":{"@type":"EntryPoint","urlTemplate":"https:\/\/www.visit-ulcinj.com\/blog\/?s={search_term_string}"},"query-input":"required name=search_term_string"}],"inLanguage":"en-US"},{"@type":"WebPage","@id":"https:\/\/www.visit-ulcinj.com\/blog\/2013\/09\/14\/ulcinj-prevrnuo-se-sleper-pun-pijeska-video\/#webpage","url":"https:\/\/www.visit-ulcinj.com\/blog\/2013\/09\/14\/ulcinj-prevrnuo-se-sleper-pun-pijeska-video\/","name":"Ulcinj: Prevrnuo se \u0161leper pun pijeska - Video - Lajme nga Ulqini","isPartOf":{"@id":"https:\/\/www.visit-ulcinj.com\/blog\/#website"},"datePublished":"2013-09-14T13:42:14+00:00","dateModified":"2013-09-14T13:42:14+00:00","author":{"@id":"https:\/\/www.visit-ulcinj.com\/blog\/#\/schema\/person\/dcab619c614d3038751c63bc2aadc06d"},"description":"Foto: Samir Adrovi\u0107 \u2013 Vijesti Ulcinjanin Milan \u0110uri\u0161i\u0107 prevrnuo se danas oko 07,30 \u010dasova sa \u0161leperom punim pijeska na novom mostu na Port Mileni, u","breadcrumb":{"@id":"https:\/\/www.visit-ulcinj.com\/blog\/2013\/09\/14\/ulcinj-prevrnuo-se-sleper-pun-pijeska-video\/#breadcrumb"},"inLanguage":"en-US","potentialAction":[{"@type":"ReadAction","target":["https:\/\/www.visit-ulcinj.com\/blog\/2013\/09\/14\/ulcinj-prevrnuo-se-sleper-pun-pijeska-video\/"]}]},{"@type":"BreadcrumbList","@id":"https:\/\/www.visit-ulcinj.com\/blog\/2013\/09\/14\/ulcinj-prevrnuo-se-sleper-pun-pijeska-video\/#breadcrumb","itemListElement":[{"@type":"ListItem","position":1,"name":"Ulcinj: Prevrnuo se \u0161leper pun pijeska &#8211; Video"}]},{"@type":"Person","@id":"https:\/\/www.visit-ulcinj.com\/blog\/#\/schema\/person\/dcab619c614d3038751c63bc2aadc06d","name":"ulqini","sameAs":["http:\/\/www.visit-ulcinj.com"],"url":"https:\/\/www.visit-ulcinj.com\/blog\/author\/admin\/"}]}},"jetpack_featured_media_url":"","jetpack_sharing_enabled":true,"jetpack_shortlink":"https:\/\/wp.me\/pe6lTn-jrq","_links":{"self":[{"href":"https:\/\/www.visit-ulcinj.com\/blog\/wp-json\/wp\/v2\/posts\/74736"}],"collection":[{"href":"https:\/\/www.visit-ulcinj.com\/blog\/wp-json\/wp\/v2\/posts"}],"about":[{"href":"https:\/\/www.visit-ulcinj.com\/blog\/wp-json\/wp\/v2\/types\/post"}],"author":[{"embeddable":true,"href":"https:\/\/www.visit-ulcinj.com\/blog\/wp-json\/wp\/v2\/users\/1"}],"replies":[{"embeddable":true,"href":"https:\/\/www.visit-ulcinj.com\/blog\/wp-json\/wp\/v2\/comments?post=74736"}],"version-history":[{"count":1,"href":"https:\/\/www.visit-ulcinj.com\/blog\/wp-json\/wp\/v2\/posts\/74736\/revisions"}],"predecessor-version":[{"id":74737,"href":"https:\/\/www.visit-ulcinj.com\/blog\/wp-json\/wp\/v2\/posts\/74736\/revisions\/74737"}],"wp:attachment":[{"href":"https:\/\/www.visit-ulcinj.com\/blog\/wp-json\/wp\/v2\/media?parent=74736"}],"wp:term":[{"taxonomy":"category","embeddable":true,"href":"https:\/\/www.visit-ulcinj.com\/blog\/wp-json\/wp\/v2\/categories?post=74736"},{"taxonomy":"post_tag","embeddable":true,"href":"https:\/\/www.visit-ulcinj.com\/blog\/wp-json\/wp\/v2\/tags?post=74736"}],"curies":[{"name":"wp","href":"https:\/\/api.w.org\/{rel}","templated":true}]}}