{"id":74755,"date":"2013-09-16T06:58:21","date_gmt":"2013-09-16T05:58:21","guid":{"rendered":"http:\/\/www.visit-ulcinj.com\/blog\/?p=74755"},"modified":"2013-09-16T06:58:21","modified_gmt":"2013-09-16T05:58:21","slug":"u-ulcinju-trenutno-odmaraju-1-863-gosta","status":"publish","type":"post","link":"https:\/\/www.visit-ulcinj.com\/blog\/2013\/09\/16\/u-ulcinju-trenutno-odmaraju-1-863-gosta\/","title":{"rendered":"U Ulcinju trenutno odmaraju 1.863 gosta"},"content":{"rendered":"<p><a href=\"http:\/\/www.visit-ulcinj.com\/blog\/wp-content\/uploads\/2013\/09\/plazhivogel.jpg\"><img loading=\"lazy\" class=\"alignleft  wp-image-74756\" alt=\"plazhivogel\" src=\"http:\/\/www.visit-ulcinj.com\/blog\/wp-content\/uploads\/2013\/09\/plazhivogel.jpg\" width=\"508\" height=\"360\" \/><\/a>ULCINj &#8211; Glavna turisti\u010dka sezona u najju\u017enijoj op\u0161tini odavno je zavr\u0161ena, to me\u0111utim ne spre\u010dava brojne turiste da u\u017eivaju u blagodetima ulcinjske rivijere. Iako je pro\u0161la polovina septembra i i dalje su primjetne no\u0107ne gu\u017eve na glavnim gradskim \u0161etali\u0161tima, a nije rijetka pojava da su pojedina kupali\u0161ta popunjena. Prema najnovijim podacima turisti\u010dke organizacije Ulcinj u ovoj op\u0161tini trenutno borave 1. 863 gosta, \u0161to je za 27 odsto vi\u0161e u odnosu na uporedni period pro\u0161le godine.<br \/>\n-U hotelima imamo porast od trideset odsto i u njima trenutno boravi 1.412 gostiju od kojih su 1.314 strani, a 98 doma\u0107i. I u kampovima je zabilje\u017een porast od 29 odsto jer u njima odmara 71 gost, dok je u privatnom smje\u0161taju 380 turista gdje je tako\u0111e zabilje\u017een porast od 16 odsto u odnosu na 2012. godinu -saop\u0161tila je slu\u017ebenica TO Ulcinj Emina Dervi\u0161i.<br \/>\nOna poru\u010duju da su dosada\u0161njom turisti\u010dkom sezonom zadovoljni, ali su svjesni da uvijek mo\u017ee bolje.<br \/>\n-U svakodnevnim smo razgovorima sa hotelijerima i ostalim turisti\u010dkim poslenicima grada i mo\u017eemo da konstatujemo da i oni djele isto mi\u0161ljenje. Ove godine dosta je ura\u0111eno na planu prezentacije Ulcinja kao atraktivne turisti\u010dke destinacije, na bazi saobra\u0107ajne infrastrukture, a izgradnjom turisti\u010dkih punktova olak\u0161ali smo i nama i turistima-navodi \u0106azim Hod\u017ei\u0107 slu\u017ebenik lokalne TO.<br \/>\nPrema njegovom mi\u0161ljenju bilo je i raznih nedostataka, me\u0111utim lokalna TO spremna je za analizu sezone kako bi se naredna \u0161to bolje do\u010dekala.<br \/>\n-Kada je u pitanju naplata boravi\u0161ne takse i tu smo zabilje\u017eili rast od 15 odsto u odnosu na 2012. godinu, me\u0111utim svjesni smo da uvijek mo\u017ee bolje. U\u010dinili smo dosta i na planu manifestacionog turizma kako bi na\u0161im turistma upotpunili ponudu grada. Jedan od takvih svakako \u0107e biti i Marubijeva manifestacija \u201eEnd Season fest\u201d, koja \u0107e ozna\u010diti definitivni kraj ljetnje turisti\u010dke sezone u na\u0161em gradu gdje o\u010dekujemo veliki broj posjetilaca- najavljuje Hod\u017ei\u0107.<br \/>\nI za direktora hotela \u201eAlbatros\u201d D\u017eemala Bu\u0161atli\u0107a sezona nije zavr\u0161ena. U izjavi za Radio Ulcinj Bu\u0161atli\u0107 je naglasio da se u tom hotelu trenutno odmara vi\u0161e od 200 turista \u0161to je preko 60 odsto popunjenosti kapaciteta.<br \/>\n-Moramo biti zadovljni sezonom, a pogotovo sada kada su hotelski kapaciteti poprili\u010dno popunjeni. Moram da naglasim da o\u010dekujemo sli\u010dnu situaciju u narednom periodu s obzirom da su u podsezoni ni\u017ee cijene -izjavio je Bu\u0161atli\u0107.<br \/>\nPredsjednik Op\u0161tine Ulcinj Nazif Cungu na sastanku odr\u017eanom sa koordinacionom grupom za pra\u0107enje turisti\u010dke sezone izjavio je da je zadovoljan kako je proteklo ljeto i zahvalio je svima koji su doprinijeli, kako je rekao, uspje\u0161nosti sezone.<br \/>\n-Institucije, bile one lokalne ili centralne, maksimalno su se anga\u017eovale na realizaciju svoje misije tokom ove turisti\u010dke sezone i zato je ona bila jedna od najuspje\u0161nijih u Op\u0161tini Ulcinj, i iznad svega najbezbjednija za na\u0161e goste &#8211; rekao je Cungu, najavljuju\u0107i da ve\u0107 od danas trebaju da po\u010dinju pripreme za narednu turisti\u010dku sezonu, sa ciljem da ona bude uspje\u0161nija.<br \/>\n<strong>Va.R.<\/strong><\/p>\n<p><strong>Izvor: DAN<\/strong><\/p>\n","protected":false},"excerpt":{"rendered":"<p>ULCINj &#8211; Glavna turisti\u010dka sezona u najju\u017enijoj op\u0161tini odavno je zavr\u0161ena, to me\u0111utim ne spre\u010dava brojne turiste da u\u017eivaju u blagodetima ulcinjske rivijere. Iako je pro\u0161la polovina septembra i i dalje su primjetne no\u0107ne gu\u017eve na glavnim gradskim \u0161etali\u0161tima, a nije rijetka pojava da su pojedina kupali\u0161ta popunjena. Prema najnovijim podacima turisti\u010dke organizacije Ulcinj u [&hellip;]<\/p>\n","protected":false},"author":1,"featured_media":0,"comment_status":"closed","ping_status":"closed","sticky":false,"template":"","format":"standard","meta":{"spay_email":"","jetpack_publicize_message":"","jetpack_is_tweetstorm":false,"jetpack_publicize_feature_enabled":true},"categories":[8337],"tags":[],"jetpack_publicize_connections":[],"yoast_head":"<!-- This site is optimized with the Yoast SEO plugin v19.1 - https:\/\/yoast.com\/wordpress\/plugins\/seo\/ -->\n<title>U Ulcinju trenutno odmaraju 1.863 gosta - Lajme nga Ulqini<\/title>\n<meta name=\"description\" content=\"ULCINj - Glavna turisti\u010dka sezona u najju\u017enijoj op\u0161tini odavno je zavr\u0161ena, to me\u0111utim ne spre\u010dava brojne turiste da u\u017eivaju u blagodetima ulcinjske\" \/>\n<meta name=\"robots\" content=\"index, follow, max-snippet:-1, max-image-preview:large, max-video-preview:-1\" \/>\n<link rel=\"canonical\" href=\"https:\/\/www.visit-ulcinj.com\/blog\/2013\/09\/16\/u-ulcinju-trenutno-odmaraju-1-863-gosta\/\" \/>\n<meta property=\"og:locale\" content=\"en_US\" \/>\n<meta property=\"og:type\" content=\"article\" \/>\n<meta property=\"og:title\" content=\"U Ulcinju trenutno odmaraju 1.863 gosta - Lajme nga Ulqini\" \/>\n<meta property=\"og:description\" content=\"ULCINj - Glavna turisti\u010dka sezona u najju\u017enijoj op\u0161tini odavno je zavr\u0161ena, to me\u0111utim ne spre\u010dava brojne turiste da u\u017eivaju u blagodetima ulcinjske\" \/>\n<meta property=\"og:url\" content=\"https:\/\/www.visit-ulcinj.com\/blog\/2013\/09\/16\/u-ulcinju-trenutno-odmaraju-1-863-gosta\/\" \/>\n<meta property=\"og:site_name\" content=\"Lajme nga Ulqini\" \/>\n<meta property=\"article:published_time\" content=\"2013-09-16T05:58:21+00:00\" \/>\n<meta property=\"og:image\" content=\"http:\/\/www.visit-ulcinj.com\/blog\/wp-content\/uploads\/2013\/09\/plazhivogel.jpg\" \/>\n<meta name=\"twitter:label1\" content=\"Written by\" \/>\n\t<meta name=\"twitter:data1\" content=\"ulqini\" \/>\n\t<meta name=\"twitter:label2\" content=\"Est. reading time\" \/>\n\t<meta name=\"twitter:data2\" content=\"3 minutes\" \/>\n<script type=\"application\/ld+json\" class=\"yoast-schema-graph\">{\"@context\":\"https:\/\/schema.org\",\"@graph\":[{\"@type\":\"WebSite\",\"@id\":\"https:\/\/www.visit-ulcinj.com\/blog\/#website\",\"url\":\"https:\/\/www.visit-ulcinj.com\/blog\/\",\"name\":\"Lajme nga Ulqini\",\"description\":\"Lajme,Vijesti,Ulqini,Ulqin,Crna Gora,Mali i Zi\",\"potentialAction\":[{\"@type\":\"SearchAction\",\"target\":{\"@type\":\"EntryPoint\",\"urlTemplate\":\"https:\/\/www.visit-ulcinj.com\/blog\/?s={search_term_string}\"},\"query-input\":\"required name=search_term_string\"}],\"inLanguage\":\"en-US\"},{\"@type\":\"ImageObject\",\"inLanguage\":\"en-US\",\"@id\":\"https:\/\/www.visit-ulcinj.com\/blog\/2013\/09\/16\/u-ulcinju-trenutno-odmaraju-1-863-gosta\/#primaryimage\",\"url\":\"https:\/\/www.visit-ulcinj.com\/blog\/wp-content\/uploads\/2013\/09\/plazhivogel.jpg\",\"contentUrl\":\"https:\/\/www.visit-ulcinj.com\/blog\/wp-content\/uploads\/2013\/09\/plazhivogel.jpg\",\"width\":960,\"height\":720},{\"@type\":\"WebPage\",\"@id\":\"https:\/\/www.visit-ulcinj.com\/blog\/2013\/09\/16\/u-ulcinju-trenutno-odmaraju-1-863-gosta\/#webpage\",\"url\":\"https:\/\/www.visit-ulcinj.com\/blog\/2013\/09\/16\/u-ulcinju-trenutno-odmaraju-1-863-gosta\/\",\"name\":\"U Ulcinju trenutno odmaraju 1.863 gosta - Lajme nga Ulqini\",\"isPartOf\":{\"@id\":\"https:\/\/www.visit-ulcinj.com\/blog\/#website\"},\"primaryImageOfPage\":{\"@id\":\"https:\/\/www.visit-ulcinj.com\/blog\/2013\/09\/16\/u-ulcinju-trenutno-odmaraju-1-863-gosta\/#primaryimage\"},\"datePublished\":\"2013-09-16T05:58:21+00:00\",\"dateModified\":\"2013-09-16T05:58:21+00:00\",\"author\":{\"@id\":\"https:\/\/www.visit-ulcinj.com\/blog\/#\/schema\/person\/dcab619c614d3038751c63bc2aadc06d\"},\"description\":\"ULCINj - Glavna turisti\u010dka sezona u najju\u017enijoj op\u0161tini odavno je zavr\u0161ena, to me\u0111utim ne spre\u010dava brojne turiste da u\u017eivaju u blagodetima ulcinjske\",\"breadcrumb\":{\"@id\":\"https:\/\/www.visit-ulcinj.com\/blog\/2013\/09\/16\/u-ulcinju-trenutno-odmaraju-1-863-gosta\/#breadcrumb\"},\"inLanguage\":\"en-US\",\"potentialAction\":[{\"@type\":\"ReadAction\",\"target\":[\"https:\/\/www.visit-ulcinj.com\/blog\/2013\/09\/16\/u-ulcinju-trenutno-odmaraju-1-863-gosta\/\"]}]},{\"@type\":\"BreadcrumbList\",\"@id\":\"https:\/\/www.visit-ulcinj.com\/blog\/2013\/09\/16\/u-ulcinju-trenutno-odmaraju-1-863-gosta\/#breadcrumb\",\"itemListElement\":[{\"@type\":\"ListItem\",\"position\":1,\"name\":\"U Ulcinju trenutno odmaraju 1.863 gosta\"}]},{\"@type\":\"Person\",\"@id\":\"https:\/\/www.visit-ulcinj.com\/blog\/#\/schema\/person\/dcab619c614d3038751c63bc2aadc06d\",\"name\":\"ulqini\",\"sameAs\":[\"http:\/\/www.visit-ulcinj.com\"],\"url\":\"https:\/\/www.visit-ulcinj.com\/blog\/author\/admin\/\"}]}<\/script>\n<!-- \/ Yoast SEO plugin. -->","yoast_head_json":{"title":"U Ulcinju trenutno odmaraju 1.863 gosta - Lajme nga Ulqini","description":"ULCINj - Glavna turisti\u010dka sezona u najju\u017enijoj op\u0161tini odavno je zavr\u0161ena, to me\u0111utim ne spre\u010dava brojne turiste da u\u017eivaju u blagodetima ulcinjske","robots":{"index":"index","follow":"follow","max-snippet":"max-snippet:-1","max-image-preview":"max-image-preview:large","max-video-preview":"max-video-preview:-1"},"canonical":"https:\/\/www.visit-ulcinj.com\/blog\/2013\/09\/16\/u-ulcinju-trenutno-odmaraju-1-863-gosta\/","og_locale":"en_US","og_type":"article","og_title":"U Ulcinju trenutno odmaraju 1.863 gosta - Lajme nga Ulqini","og_description":"ULCINj - Glavna turisti\u010dka sezona u najju\u017enijoj op\u0161tini odavno je zavr\u0161ena, to me\u0111utim ne spre\u010dava brojne turiste da u\u017eivaju u blagodetima ulcinjske","og_url":"https:\/\/www.visit-ulcinj.com\/blog\/2013\/09\/16\/u-ulcinju-trenutno-odmaraju-1-863-gosta\/","og_site_name":"Lajme nga Ulqini","article_published_time":"2013-09-16T05:58:21+00:00","og_image":[{"url":"http:\/\/www.visit-ulcinj.com\/blog\/wp-content\/uploads\/2013\/09\/plazhivogel.jpg"}],"twitter_misc":{"Written by":"ulqini","Est. reading time":"3 minutes"},"schema":{"@context":"https:\/\/schema.org","@graph":[{"@type":"WebSite","@id":"https:\/\/www.visit-ulcinj.com\/blog\/#website","url":"https:\/\/www.visit-ulcinj.com\/blog\/","name":"Lajme nga Ulqini","description":"Lajme,Vijesti,Ulqini,Ulqin,Crna Gora,Mali i Zi","potentialAction":[{"@type":"SearchAction","target":{"@type":"EntryPoint","urlTemplate":"https:\/\/www.visit-ulcinj.com\/blog\/?s={search_term_string}"},"query-input":"required name=search_term_string"}],"inLanguage":"en-US"},{"@type":"ImageObject","inLanguage":"en-US","@id":"https:\/\/www.visit-ulcinj.com\/blog\/2013\/09\/16\/u-ulcinju-trenutno-odmaraju-1-863-gosta\/#primaryimage","url":"https:\/\/www.visit-ulcinj.com\/blog\/wp-content\/uploads\/2013\/09\/plazhivogel.jpg","contentUrl":"https:\/\/www.visit-ulcinj.com\/blog\/wp-content\/uploads\/2013\/09\/plazhivogel.jpg","width":960,"height":720},{"@type":"WebPage","@id":"https:\/\/www.visit-ulcinj.com\/blog\/2013\/09\/16\/u-ulcinju-trenutno-odmaraju-1-863-gosta\/#webpage","url":"https:\/\/www.visit-ulcinj.com\/blog\/2013\/09\/16\/u-ulcinju-trenutno-odmaraju-1-863-gosta\/","name":"U Ulcinju trenutno odmaraju 1.863 gosta - Lajme nga Ulqini","isPartOf":{"@id":"https:\/\/www.visit-ulcinj.com\/blog\/#website"},"primaryImageOfPage":{"@id":"https:\/\/www.visit-ulcinj.com\/blog\/2013\/09\/16\/u-ulcinju-trenutno-odmaraju-1-863-gosta\/#primaryimage"},"datePublished":"2013-09-16T05:58:21+00:00","dateModified":"2013-09-16T05:58:21+00:00","author":{"@id":"https:\/\/www.visit-ulcinj.com\/blog\/#\/schema\/person\/dcab619c614d3038751c63bc2aadc06d"},"description":"ULCINj - Glavna turisti\u010dka sezona u najju\u017enijoj op\u0161tini odavno je zavr\u0161ena, to me\u0111utim ne spre\u010dava brojne turiste da u\u017eivaju u blagodetima ulcinjske","breadcrumb":{"@id":"https:\/\/www.visit-ulcinj.com\/blog\/2013\/09\/16\/u-ulcinju-trenutno-odmaraju-1-863-gosta\/#breadcrumb"},"inLanguage":"en-US","potentialAction":[{"@type":"ReadAction","target":["https:\/\/www.visit-ulcinj.com\/blog\/2013\/09\/16\/u-ulcinju-trenutno-odmaraju-1-863-gosta\/"]}]},{"@type":"BreadcrumbList","@id":"https:\/\/www.visit-ulcinj.com\/blog\/2013\/09\/16\/u-ulcinju-trenutno-odmaraju-1-863-gosta\/#breadcrumb","itemListElement":[{"@type":"ListItem","position":1,"name":"U Ulcinju trenutno odmaraju 1.863 gosta"}]},{"@type":"Person","@id":"https:\/\/www.visit-ulcinj.com\/blog\/#\/schema\/person\/dcab619c614d3038751c63bc2aadc06d","name":"ulqini","sameAs":["http:\/\/www.visit-ulcinj.com"],"url":"https:\/\/www.visit-ulcinj.com\/blog\/author\/admin\/"}]}},"jetpack_featured_media_url":"","jetpack_sharing_enabled":true,"jetpack_shortlink":"https:\/\/wp.me\/pe6lTn-jrJ","_links":{"self":[{"href":"https:\/\/www.visit-ulcinj.com\/blog\/wp-json\/wp\/v2\/posts\/74755"}],"collection":[{"href":"https:\/\/www.visit-ulcinj.com\/blog\/wp-json\/wp\/v2\/posts"}],"about":[{"href":"https:\/\/www.visit-ulcinj.com\/blog\/wp-json\/wp\/v2\/types\/post"}],"author":[{"embeddable":true,"href":"https:\/\/www.visit-ulcinj.com\/blog\/wp-json\/wp\/v2\/users\/1"}],"replies":[{"embeddable":true,"href":"https:\/\/www.visit-ulcinj.com\/blog\/wp-json\/wp\/v2\/comments?post=74755"}],"version-history":[{"count":1,"href":"https:\/\/www.visit-ulcinj.com\/blog\/wp-json\/wp\/v2\/posts\/74755\/revisions"}],"predecessor-version":[{"id":74757,"href":"https:\/\/www.visit-ulcinj.com\/blog\/wp-json\/wp\/v2\/posts\/74755\/revisions\/74757"}],"wp:attachment":[{"href":"https:\/\/www.visit-ulcinj.com\/blog\/wp-json\/wp\/v2\/media?parent=74755"}],"wp:term":[{"taxonomy":"category","embeddable":true,"href":"https:\/\/www.visit-ulcinj.com\/blog\/wp-json\/wp\/v2\/categories?post=74755"},{"taxonomy":"post_tag","embeddable":true,"href":"https:\/\/www.visit-ulcinj.com\/blog\/wp-json\/wp\/v2\/tags?post=74755"}],"curies":[{"name":"wp","href":"https:\/\/api.w.org\/{rel}","templated":true}]}}