{"id":74777,"date":"2013-09-16T15:21:09","date_gmt":"2013-09-16T14:21:09","guid":{"rendered":"http:\/\/www.visit-ulcinj.com\/blog\/?p=74777"},"modified":"2013-09-16T15:21:09","modified_gmt":"2013-09-16T14:21:09","slug":"ulcinj-vanredni-izbori-u-novembru","status":"publish","type":"post","link":"https:\/\/www.visit-ulcinj.com\/blog\/2013\/09\/16\/ulcinj-vanredni-izbori-u-novembru\/","title":{"rendered":"Ulcinj: Vanredni izbori u novembru?"},"content":{"rendered":"<p><a href=\"http:\/\/www.visit-ulcinj.com\/blog\/wp-content\/uploads\/2013\/09\/luigjshkrela.jpg\"><img loading=\"lazy\" class=\"alignleft  wp-image-74778\" alt=\"luigjshkrela\" src=\"http:\/\/www.visit-ulcinj.com\/blog\/wp-content\/uploads\/2013\/09\/luigjshkrela.jpg\" width=\"300\" height=\"350\" \/><\/a>Poslanik i odbornik Demokratske partije socijalista DPS <strong>Lui\u0111 \u0160krelja<\/strong> nije potvdio ni demantovao informaciju da \u0107e vanredni izbori u Ulcinju biti odr\u017eani u novembru, kada \u0107e vlast birati i gra\u0111ani Mojkovca, Cetinja i Petnjice.<\/p>\n<div>\n<p>\u0160krelja napominje da lokalna vlast ne fukcioni\u0161e i da \u0107e u narednim danima biti poznato kako \u0107e problem biti rije\u0161en.<\/p>\n<p>\u201cOno \u0161to je \u010dinjenica, \u0161to mogu da potvrdim je da lokalna vlast u Ulcinju ne fukcioni\u0161e onako kako o\u010dekuju gra\u0111ani. Mi svi zajedno treba da rije\u0161imo krizu u lokalnom Parlamentu\u201d, kazao je za Radio Antena M \u0160krelja.<\/p>\n<p>On je naglasio da prvo mora da bude skra\u0107en mandat lokalnoj Skup\u0161tini da bi mogli da budu raspisani izbori. Nije, me\u0111utim, mogao da precizira da li \u0107e odbornici DPS-a podnijeti inicijativu za skara\u0107enje mandata.<\/p>\n<p>\u201cMe\u0111utim, spremni smo za vanredne izbore ali i za neku vrstu prekompozicije vlasti i spremni smo da sjednemo sa \u010diniocima vlasti, kao opozicija, i da vidimo \u0161ta je ono \u0161to bi svi u interesu grada trebalo da radimo. Da li su to vanredni izbori ili ne\u0161to drugo, u narednim danama trebalo bi da bude rije\u0161eno\u201d, istakao je \u0160krelja.<\/p>\n<p>Neslaganje unutar vladaju\u0107e koalicije iza\u0161lo je na vidjelo krajem jula kada je prekinuta posljednja sjednica Skup\u0161tine, a na kojoj je trebalo da se raspravlja o radu predsjednika op\u0161tine.<\/p>\n<p>Podsjetimo, vlast u Ulcinju \u010dine Forca, Socijaldemokratska partija SDP, Perspektiva i Demokratska partija, a da bi novi izbori razrije\u0161ili krizu saglasni su predstavnici svih partija, iz pozicije i opozicije.<\/p>\n<p><strong>Izvor: CdM, Antena M<\/strong><\/p>\n<\/div>\n","protected":false},"excerpt":{"rendered":"<p>Poslanik i odbornik Demokratske partije socijalista DPS Lui\u0111 \u0160krelja nije potvdio ni demantovao informaciju da \u0107e vanredni izbori u Ulcinju biti odr\u017eani u novembru, kada \u0107e vlast birati i gra\u0111ani Mojkovca, Cetinja i Petnjice. \u0160krelja napominje da lokalna vlast ne fukcioni\u0161e i da \u0107e u narednim danima biti poznato kako \u0107e problem biti rije\u0161en. \u201cOno [&hellip;]<\/p>\n","protected":false},"author":1,"featured_media":0,"comment_status":"closed","ping_status":"closed","sticky":false,"template":"","format":"standard","meta":{"spay_email":"","jetpack_publicize_message":"","jetpack_is_tweetstorm":false,"jetpack_publicize_feature_enabled":true},"categories":[8337],"tags":[],"jetpack_publicize_connections":[],"yoast_head":"<!-- This site is optimized with the Yoast SEO plugin v19.1 - https:\/\/yoast.com\/wordpress\/plugins\/seo\/ -->\n<title>Ulcinj: Vanredni izbori u novembru? - Lajme nga Ulqini<\/title>\n<meta name=\"description\" content=\"Poslanik i odbornik Demokratske partije socijalista DPS Lui\u0111 \u0160krelja nije potvdio ni demantovao informaciju da \u0107e vanredni izbori u Ulcinju biti odr\u017eani u\" \/>\n<meta name=\"robots\" content=\"index, follow, max-snippet:-1, max-image-preview:large, max-video-preview:-1\" \/>\n<link rel=\"canonical\" href=\"https:\/\/www.visit-ulcinj.com\/blog\/2013\/09\/16\/ulcinj-vanredni-izbori-u-novembru\/\" \/>\n<meta property=\"og:locale\" content=\"en_US\" \/>\n<meta property=\"og:type\" content=\"article\" \/>\n<meta property=\"og:title\" content=\"Ulcinj: Vanredni izbori u novembru? - Lajme nga Ulqini\" \/>\n<meta property=\"og:description\" content=\"Poslanik i odbornik Demokratske partije socijalista DPS Lui\u0111 \u0160krelja nije potvdio ni demantovao informaciju da \u0107e vanredni izbori u Ulcinju biti odr\u017eani u\" \/>\n<meta property=\"og:url\" content=\"https:\/\/www.visit-ulcinj.com\/blog\/2013\/09\/16\/ulcinj-vanredni-izbori-u-novembru\/\" \/>\n<meta property=\"og:site_name\" content=\"Lajme nga Ulqini\" \/>\n<meta property=\"article:published_time\" content=\"2013-09-16T14:21:09+00:00\" \/>\n<meta property=\"og:image\" content=\"http:\/\/www.visit-ulcinj.com\/blog\/wp-content\/uploads\/2013\/09\/luigjshkrela.jpg\" \/>\n<meta name=\"twitter:label1\" content=\"Written by\" \/>\n\t<meta name=\"twitter:data1\" content=\"ulqini\" \/>\n\t<meta name=\"twitter:label2\" content=\"Est. reading time\" \/>\n\t<meta name=\"twitter:data2\" content=\"1 minute\" \/>\n<script type=\"application\/ld+json\" class=\"yoast-schema-graph\">{\"@context\":\"https:\/\/schema.org\",\"@graph\":[{\"@type\":\"WebSite\",\"@id\":\"https:\/\/www.visit-ulcinj.com\/blog\/#website\",\"url\":\"https:\/\/www.visit-ulcinj.com\/blog\/\",\"name\":\"Lajme nga Ulqini\",\"description\":\"Lajme,Vijesti,Ulqini,Ulqin,Crna Gora,Mali i Zi\",\"potentialAction\":[{\"@type\":\"SearchAction\",\"target\":{\"@type\":\"EntryPoint\",\"urlTemplate\":\"https:\/\/www.visit-ulcinj.com\/blog\/?s={search_term_string}\"},\"query-input\":\"required name=search_term_string\"}],\"inLanguage\":\"en-US\"},{\"@type\":\"ImageObject\",\"inLanguage\":\"en-US\",\"@id\":\"https:\/\/www.visit-ulcinj.com\/blog\/2013\/09\/16\/ulcinj-vanredni-izbori-u-novembru\/#primaryimage\",\"url\":\"https:\/\/www.visit-ulcinj.com\/blog\/wp-content\/uploads\/2013\/09\/luigjshkrela.jpg\",\"contentUrl\":\"https:\/\/www.visit-ulcinj.com\/blog\/wp-content\/uploads\/2013\/09\/luigjshkrela.jpg\",\"width\":600,\"height\":862},{\"@type\":\"WebPage\",\"@id\":\"https:\/\/www.visit-ulcinj.com\/blog\/2013\/09\/16\/ulcinj-vanredni-izbori-u-novembru\/#webpage\",\"url\":\"https:\/\/www.visit-ulcinj.com\/blog\/2013\/09\/16\/ulcinj-vanredni-izbori-u-novembru\/\",\"name\":\"Ulcinj: Vanredni izbori u novembru? - Lajme nga Ulqini\",\"isPartOf\":{\"@id\":\"https:\/\/www.visit-ulcinj.com\/blog\/#website\"},\"primaryImageOfPage\":{\"@id\":\"https:\/\/www.visit-ulcinj.com\/blog\/2013\/09\/16\/ulcinj-vanredni-izbori-u-novembru\/#primaryimage\"},\"datePublished\":\"2013-09-16T14:21:09+00:00\",\"dateModified\":\"2013-09-16T14:21:09+00:00\",\"author\":{\"@id\":\"https:\/\/www.visit-ulcinj.com\/blog\/#\/schema\/person\/dcab619c614d3038751c63bc2aadc06d\"},\"description\":\"Poslanik i odbornik Demokratske partije socijalista DPS Lui\u0111 \u0160krelja nije potvdio ni demantovao informaciju da \u0107e vanredni izbori u Ulcinju biti odr\u017eani u\",\"breadcrumb\":{\"@id\":\"https:\/\/www.visit-ulcinj.com\/blog\/2013\/09\/16\/ulcinj-vanredni-izbori-u-novembru\/#breadcrumb\"},\"inLanguage\":\"en-US\",\"potentialAction\":[{\"@type\":\"ReadAction\",\"target\":[\"https:\/\/www.visit-ulcinj.com\/blog\/2013\/09\/16\/ulcinj-vanredni-izbori-u-novembru\/\"]}]},{\"@type\":\"BreadcrumbList\",\"@id\":\"https:\/\/www.visit-ulcinj.com\/blog\/2013\/09\/16\/ulcinj-vanredni-izbori-u-novembru\/#breadcrumb\",\"itemListElement\":[{\"@type\":\"ListItem\",\"position\":1,\"name\":\"Ulcinj: Vanredni izbori u novembru?\"}]},{\"@type\":\"Person\",\"@id\":\"https:\/\/www.visit-ulcinj.com\/blog\/#\/schema\/person\/dcab619c614d3038751c63bc2aadc06d\",\"name\":\"ulqini\",\"sameAs\":[\"http:\/\/www.visit-ulcinj.com\"],\"url\":\"https:\/\/www.visit-ulcinj.com\/blog\/author\/admin\/\"}]}<\/script>\n<!-- \/ Yoast SEO plugin. -->","yoast_head_json":{"title":"Ulcinj: Vanredni izbori u novembru? - Lajme nga Ulqini","description":"Poslanik i odbornik Demokratske partije socijalista DPS Lui\u0111 \u0160krelja nije potvdio ni demantovao informaciju da \u0107e vanredni izbori u Ulcinju biti odr\u017eani u","robots":{"index":"index","follow":"follow","max-snippet":"max-snippet:-1","max-image-preview":"max-image-preview:large","max-video-preview":"max-video-preview:-1"},"canonical":"https:\/\/www.visit-ulcinj.com\/blog\/2013\/09\/16\/ulcinj-vanredni-izbori-u-novembru\/","og_locale":"en_US","og_type":"article","og_title":"Ulcinj: Vanredni izbori u novembru? - Lajme nga Ulqini","og_description":"Poslanik i odbornik Demokratske partije socijalista DPS Lui\u0111 \u0160krelja nije potvdio ni demantovao informaciju da \u0107e vanredni izbori u Ulcinju biti odr\u017eani u","og_url":"https:\/\/www.visit-ulcinj.com\/blog\/2013\/09\/16\/ulcinj-vanredni-izbori-u-novembru\/","og_site_name":"Lajme nga Ulqini","article_published_time":"2013-09-16T14:21:09+00:00","og_image":[{"url":"http:\/\/www.visit-ulcinj.com\/blog\/wp-content\/uploads\/2013\/09\/luigjshkrela.jpg"}],"twitter_misc":{"Written by":"ulqini","Est. reading time":"1 minute"},"schema":{"@context":"https:\/\/schema.org","@graph":[{"@type":"WebSite","@id":"https:\/\/www.visit-ulcinj.com\/blog\/#website","url":"https:\/\/www.visit-ulcinj.com\/blog\/","name":"Lajme nga Ulqini","description":"Lajme,Vijesti,Ulqini,Ulqin,Crna Gora,Mali i Zi","potentialAction":[{"@type":"SearchAction","target":{"@type":"EntryPoint","urlTemplate":"https:\/\/www.visit-ulcinj.com\/blog\/?s={search_term_string}"},"query-input":"required name=search_term_string"}],"inLanguage":"en-US"},{"@type":"ImageObject","inLanguage":"en-US","@id":"https:\/\/www.visit-ulcinj.com\/blog\/2013\/09\/16\/ulcinj-vanredni-izbori-u-novembru\/#primaryimage","url":"https:\/\/www.visit-ulcinj.com\/blog\/wp-content\/uploads\/2013\/09\/luigjshkrela.jpg","contentUrl":"https:\/\/www.visit-ulcinj.com\/blog\/wp-content\/uploads\/2013\/09\/luigjshkrela.jpg","width":600,"height":862},{"@type":"WebPage","@id":"https:\/\/www.visit-ulcinj.com\/blog\/2013\/09\/16\/ulcinj-vanredni-izbori-u-novembru\/#webpage","url":"https:\/\/www.visit-ulcinj.com\/blog\/2013\/09\/16\/ulcinj-vanredni-izbori-u-novembru\/","name":"Ulcinj: Vanredni izbori u novembru? - Lajme nga Ulqini","isPartOf":{"@id":"https:\/\/www.visit-ulcinj.com\/blog\/#website"},"primaryImageOfPage":{"@id":"https:\/\/www.visit-ulcinj.com\/blog\/2013\/09\/16\/ulcinj-vanredni-izbori-u-novembru\/#primaryimage"},"datePublished":"2013-09-16T14:21:09+00:00","dateModified":"2013-09-16T14:21:09+00:00","author":{"@id":"https:\/\/www.visit-ulcinj.com\/blog\/#\/schema\/person\/dcab619c614d3038751c63bc2aadc06d"},"description":"Poslanik i odbornik Demokratske partije socijalista DPS Lui\u0111 \u0160krelja nije potvdio ni demantovao informaciju da \u0107e vanredni izbori u Ulcinju biti odr\u017eani u","breadcrumb":{"@id":"https:\/\/www.visit-ulcinj.com\/blog\/2013\/09\/16\/ulcinj-vanredni-izbori-u-novembru\/#breadcrumb"},"inLanguage":"en-US","potentialAction":[{"@type":"ReadAction","target":["https:\/\/www.visit-ulcinj.com\/blog\/2013\/09\/16\/ulcinj-vanredni-izbori-u-novembru\/"]}]},{"@type":"BreadcrumbList","@id":"https:\/\/www.visit-ulcinj.com\/blog\/2013\/09\/16\/ulcinj-vanredni-izbori-u-novembru\/#breadcrumb","itemListElement":[{"@type":"ListItem","position":1,"name":"Ulcinj: Vanredni izbori u novembru?"}]},{"@type":"Person","@id":"https:\/\/www.visit-ulcinj.com\/blog\/#\/schema\/person\/dcab619c614d3038751c63bc2aadc06d","name":"ulqini","sameAs":["http:\/\/www.visit-ulcinj.com"],"url":"https:\/\/www.visit-ulcinj.com\/blog\/author\/admin\/"}]}},"jetpack_featured_media_url":"","jetpack_sharing_enabled":true,"jetpack_shortlink":"https:\/\/wp.me\/pe6lTn-js5","_links":{"self":[{"href":"https:\/\/www.visit-ulcinj.com\/blog\/wp-json\/wp\/v2\/posts\/74777"}],"collection":[{"href":"https:\/\/www.visit-ulcinj.com\/blog\/wp-json\/wp\/v2\/posts"}],"about":[{"href":"https:\/\/www.visit-ulcinj.com\/blog\/wp-json\/wp\/v2\/types\/post"}],"author":[{"embeddable":true,"href":"https:\/\/www.visit-ulcinj.com\/blog\/wp-json\/wp\/v2\/users\/1"}],"replies":[{"embeddable":true,"href":"https:\/\/www.visit-ulcinj.com\/blog\/wp-json\/wp\/v2\/comments?post=74777"}],"version-history":[{"count":1,"href":"https:\/\/www.visit-ulcinj.com\/blog\/wp-json\/wp\/v2\/posts\/74777\/revisions"}],"predecessor-version":[{"id":74779,"href":"https:\/\/www.visit-ulcinj.com\/blog\/wp-json\/wp\/v2\/posts\/74777\/revisions\/74779"}],"wp:attachment":[{"href":"https:\/\/www.visit-ulcinj.com\/blog\/wp-json\/wp\/v2\/media?parent=74777"}],"wp:term":[{"taxonomy":"category","embeddable":true,"href":"https:\/\/www.visit-ulcinj.com\/blog\/wp-json\/wp\/v2\/categories?post=74777"},{"taxonomy":"post_tag","embeddable":true,"href":"https:\/\/www.visit-ulcinj.com\/blog\/wp-json\/wp\/v2\/tags?post=74777"}],"curies":[{"name":"wp","href":"https:\/\/api.w.org\/{rel}","templated":true}]}}