{"id":74803,"date":"2013-09-16T18:17:12","date_gmt":"2013-09-16T17:17:12","guid":{"rendered":"http:\/\/www.visit-ulcinj.com\/blog\/?p=74803"},"modified":"2013-09-16T18:17:12","modified_gmt":"2013-09-16T17:17:12","slug":"filip-vujanoviq-ne-samitin-rajonal-ne-durres","status":"publish","type":"post","link":"https:\/\/www.visit-ulcinj.com\/blog\/2013\/09\/16\/filip-vujanoviq-ne-samitin-rajonal-ne-durres\/","title":{"rendered":"Filip Vujanoviq ne samitin rajonal ne Durr\u00ebs"},"content":{"rendered":"<p><a href=\"http:\/\/www.visit-ulcinj.com\/blog\/wp-content\/uploads\/2013\/09\/Konferenca_1-VUJANOVIC.jpg\"><img loading=\"lazy\" class=\"alignleft  wp-image-74804\" alt=\"Konferenca_1-VUJANOVIC\" src=\"http:\/\/www.visit-ulcinj.com\/blog\/wp-content\/uploads\/2013\/09\/Konferenca_1-VUJANOVIC.jpg\" width=\"508\" height=\"360\" \/><\/a>Presidenti i Malit t\u00eb Zi Filip Vujanoviq merr pjes\u00eb\u00a0 n\u00eb samitin e pest\u00eb rajonal t\u00eb president\u00ebve t\u00eb Malit t\u00eb Zi, Maqedonis\u00eb, Shqip\u00ebris\u00eb dhe Kosov\u00ebs, q\u00eb mbahet n\u00eb Durr\u00ebs,\u00a0 n\u00eb Shqip\u00ebri.<\/p>\n<p>P\u00ebr dy dit\u00eb t\u00eb zhvillimit t\u00eb takimit, president\u00ebt do t\u00eb ken\u00eb tem\u00eb themelore t\u00eb shqyrtimit \u201cP\u00ebrqasje p\u00ebr shfryt\u00ebzimin praktik t\u00eb mund\u00ebsive p\u00ebr bashk\u00ebpunim rajonal m\u00eb efikas\u201d. Takimi synon q\u00eb t\u00eb gjej\u00eb dhe shfryt\u00ebzoj\u00eb m\u00eb tej fushat me interes t\u00eb p\u00ebrbashk\u00ebt q\u00eb afrojn\u00eb forcimin e marr\u00ebdh\u00ebnieve t\u00eb fqinj\u00ebsis\u00eb s\u00eb mir\u00eb, nxitjen e bashk\u00ebpunimit rajonal si dhe udh\u00ebn drejt integrimeve t\u00eb plota euroatlantike t\u00eb t\u00eb gjith\u00eb rajonit t\u00eb Ballkanit Per\u00ebndimor. T\u00eb kat\u00ebr shtetet dhe president\u00ebt besojn\u00eb se ky bashk\u00ebpunim \u00ebsht\u00eb mekaniz\u00ebm thelb\u00ebsor q\u00eb ndikon pozitivisht n\u00eb p\u00ebrmbushjen e aspirat\u00ebs se p\u00ebrbashk\u00ebt eurointegruese t\u00eb vendeve fqinje. Samitet paraprake rajonale t\u00eb shefave t\u00eb shteteve n\u00eb fjal\u00eb kan\u00eb afirmuar orientimin e t\u00eb gjitha vendeve p\u00ebr dialog si n\u00eb pik\u00ebshikim rajonal, ashtu dhe m\u00eb gjer\u00eb, si dhe forcimin e partneriteteve ekonomike, thuhet n\u00eb kumtes\u00ebn nga kabineti i Vujanoviqit.<\/p>\n<p><strong>TVCG<\/strong><\/p>\n","protected":false},"excerpt":{"rendered":"<p>Presidenti i Malit t\u00eb Zi Filip Vujanoviq merr pjes\u00eb\u00a0 n\u00eb samitin e pest\u00eb rajonal t\u00eb president\u00ebve t\u00eb Malit t\u00eb Zi, Maqedonis\u00eb, Shqip\u00ebris\u00eb dhe Kosov\u00ebs, q\u00eb mbahet n\u00eb Durr\u00ebs,\u00a0 n\u00eb Shqip\u00ebri. P\u00ebr dy dit\u00eb t\u00eb zhvillimit t\u00eb takimit, president\u00ebt do t\u00eb ken\u00eb tem\u00eb themelore t\u00eb shqyrtimit \u201cP\u00ebrqasje p\u00ebr shfryt\u00ebzimin praktik t\u00eb mund\u00ebsive p\u00ebr bashk\u00ebpunim rajonal m\u00eb [&hellip;]<\/p>\n","protected":false},"author":1,"featured_media":0,"comment_status":"closed","ping_status":"closed","sticky":false,"template":"","format":"standard","meta":{"spay_email":"","jetpack_publicize_message":"","jetpack_is_tweetstorm":false,"jetpack_publicize_feature_enabled":true},"categories":[7],"tags":[],"jetpack_publicize_connections":[],"yoast_head":"<!-- This site is optimized with the Yoast SEO plugin v19.1 - https:\/\/yoast.com\/wordpress\/plugins\/seo\/ -->\n<title>Filip Vujanoviq ne samitin rajonal ne Durr\u00ebs - Lajme nga Ulqini<\/title>\n<meta name=\"description\" content=\"Presidenti i Malit t\u00eb Zi Filip Vujanoviq merr pjes\u00eb\u00a0 n\u00eb samitin e pest\u00eb rajonal t\u00eb president\u00ebve t\u00eb Malit t\u00eb Zi, Maqedonis\u00eb, Shqip\u00ebris\u00eb dhe Kosov\u00ebs, q\u00eb\" \/>\n<meta name=\"robots\" content=\"index, follow, max-snippet:-1, max-image-preview:large, max-video-preview:-1\" \/>\n<link rel=\"canonical\" href=\"https:\/\/www.visit-ulcinj.com\/blog\/2013\/09\/16\/filip-vujanoviq-ne-samitin-rajonal-ne-durres\/\" \/>\n<meta property=\"og:locale\" content=\"en_US\" \/>\n<meta property=\"og:type\" content=\"article\" \/>\n<meta property=\"og:title\" content=\"Filip Vujanoviq ne samitin rajonal ne Durr\u00ebs - Lajme nga Ulqini\" \/>\n<meta property=\"og:description\" content=\"Presidenti i Malit t\u00eb Zi Filip Vujanoviq merr pjes\u00eb\u00a0 n\u00eb samitin e pest\u00eb rajonal t\u00eb president\u00ebve t\u00eb Malit t\u00eb Zi, Maqedonis\u00eb, Shqip\u00ebris\u00eb dhe Kosov\u00ebs, q\u00eb\" \/>\n<meta property=\"og:url\" content=\"https:\/\/www.visit-ulcinj.com\/blog\/2013\/09\/16\/filip-vujanoviq-ne-samitin-rajonal-ne-durres\/\" \/>\n<meta property=\"og:site_name\" content=\"Lajme nga Ulqini\" \/>\n<meta property=\"article:published_time\" content=\"2013-09-16T17:17:12+00:00\" \/>\n<meta property=\"og:image\" content=\"http:\/\/www.visit-ulcinj.com\/blog\/wp-content\/uploads\/2013\/09\/Konferenca_1-VUJANOVIC.jpg\" \/>\n<meta name=\"twitter:label1\" content=\"Written by\" \/>\n\t<meta name=\"twitter:data1\" content=\"ulqini\" \/>\n\t<meta name=\"twitter:label2\" content=\"Est. reading time\" \/>\n\t<meta name=\"twitter:data2\" content=\"1 minute\" \/>\n<script type=\"application\/ld+json\" class=\"yoast-schema-graph\">{\"@context\":\"https:\/\/schema.org\",\"@graph\":[{\"@type\":\"WebSite\",\"@id\":\"https:\/\/www.visit-ulcinj.com\/blog\/#website\",\"url\":\"https:\/\/www.visit-ulcinj.com\/blog\/\",\"name\":\"Lajme nga Ulqini\",\"description\":\"Lajme,Vijesti,Ulqini,Ulqin,Crna Gora,Mali i Zi\",\"potentialAction\":[{\"@type\":\"SearchAction\",\"target\":{\"@type\":\"EntryPoint\",\"urlTemplate\":\"https:\/\/www.visit-ulcinj.com\/blog\/?s={search_term_string}\"},\"query-input\":\"required name=search_term_string\"}],\"inLanguage\":\"en-US\"},{\"@type\":\"ImageObject\",\"inLanguage\":\"en-US\",\"@id\":\"https:\/\/www.visit-ulcinj.com\/blog\/2013\/09\/16\/filip-vujanoviq-ne-samitin-rajonal-ne-durres\/#primaryimage\",\"url\":\"https:\/\/www.visit-ulcinj.com\/blog\/wp-content\/uploads\/2013\/09\/Konferenca_1-VUJANOVIC.jpg\",\"contentUrl\":\"https:\/\/www.visit-ulcinj.com\/blog\/wp-content\/uploads\/2013\/09\/Konferenca_1-VUJANOVIC.jpg\",\"width\":1000,\"height\":667},{\"@type\":\"WebPage\",\"@id\":\"https:\/\/www.visit-ulcinj.com\/blog\/2013\/09\/16\/filip-vujanoviq-ne-samitin-rajonal-ne-durres\/#webpage\",\"url\":\"https:\/\/www.visit-ulcinj.com\/blog\/2013\/09\/16\/filip-vujanoviq-ne-samitin-rajonal-ne-durres\/\",\"name\":\"Filip Vujanoviq ne samitin rajonal ne Durr\u00ebs - Lajme nga Ulqini\",\"isPartOf\":{\"@id\":\"https:\/\/www.visit-ulcinj.com\/blog\/#website\"},\"primaryImageOfPage\":{\"@id\":\"https:\/\/www.visit-ulcinj.com\/blog\/2013\/09\/16\/filip-vujanoviq-ne-samitin-rajonal-ne-durres\/#primaryimage\"},\"datePublished\":\"2013-09-16T17:17:12+00:00\",\"dateModified\":\"2013-09-16T17:17:12+00:00\",\"author\":{\"@id\":\"https:\/\/www.visit-ulcinj.com\/blog\/#\/schema\/person\/dcab619c614d3038751c63bc2aadc06d\"},\"description\":\"Presidenti i Malit t\u00eb Zi Filip Vujanoviq merr pjes\u00eb\u00a0 n\u00eb samitin e pest\u00eb rajonal t\u00eb president\u00ebve t\u00eb Malit t\u00eb Zi, Maqedonis\u00eb, Shqip\u00ebris\u00eb dhe Kosov\u00ebs, q\u00eb\",\"breadcrumb\":{\"@id\":\"https:\/\/www.visit-ulcinj.com\/blog\/2013\/09\/16\/filip-vujanoviq-ne-samitin-rajonal-ne-durres\/#breadcrumb\"},\"inLanguage\":\"en-US\",\"potentialAction\":[{\"@type\":\"ReadAction\",\"target\":[\"https:\/\/www.visit-ulcinj.com\/blog\/2013\/09\/16\/filip-vujanoviq-ne-samitin-rajonal-ne-durres\/\"]}]},{\"@type\":\"BreadcrumbList\",\"@id\":\"https:\/\/www.visit-ulcinj.com\/blog\/2013\/09\/16\/filip-vujanoviq-ne-samitin-rajonal-ne-durres\/#breadcrumb\",\"itemListElement\":[{\"@type\":\"ListItem\",\"position\":1,\"name\":\"Filip Vujanoviq ne samitin rajonal ne Durr\u00ebs\"}]},{\"@type\":\"Person\",\"@id\":\"https:\/\/www.visit-ulcinj.com\/blog\/#\/schema\/person\/dcab619c614d3038751c63bc2aadc06d\",\"name\":\"ulqini\",\"sameAs\":[\"http:\/\/www.visit-ulcinj.com\"],\"url\":\"https:\/\/www.visit-ulcinj.com\/blog\/author\/admin\/\"}]}<\/script>\n<!-- \/ Yoast SEO plugin. -->","yoast_head_json":{"title":"Filip Vujanoviq ne samitin rajonal ne Durr\u00ebs - Lajme nga Ulqini","description":"Presidenti i Malit t\u00eb Zi Filip Vujanoviq merr pjes\u00eb\u00a0 n\u00eb samitin e pest\u00eb rajonal t\u00eb president\u00ebve t\u00eb Malit t\u00eb Zi, Maqedonis\u00eb, Shqip\u00ebris\u00eb dhe Kosov\u00ebs, q\u00eb","robots":{"index":"index","follow":"follow","max-snippet":"max-snippet:-1","max-image-preview":"max-image-preview:large","max-video-preview":"max-video-preview:-1"},"canonical":"https:\/\/www.visit-ulcinj.com\/blog\/2013\/09\/16\/filip-vujanoviq-ne-samitin-rajonal-ne-durres\/","og_locale":"en_US","og_type":"article","og_title":"Filip Vujanoviq ne samitin rajonal ne Durr\u00ebs - Lajme nga Ulqini","og_description":"Presidenti i Malit t\u00eb Zi Filip Vujanoviq merr pjes\u00eb\u00a0 n\u00eb samitin e pest\u00eb rajonal t\u00eb president\u00ebve t\u00eb Malit t\u00eb Zi, Maqedonis\u00eb, Shqip\u00ebris\u00eb dhe Kosov\u00ebs, q\u00eb","og_url":"https:\/\/www.visit-ulcinj.com\/blog\/2013\/09\/16\/filip-vujanoviq-ne-samitin-rajonal-ne-durres\/","og_site_name":"Lajme nga Ulqini","article_published_time":"2013-09-16T17:17:12+00:00","og_image":[{"url":"http:\/\/www.visit-ulcinj.com\/blog\/wp-content\/uploads\/2013\/09\/Konferenca_1-VUJANOVIC.jpg"}],"twitter_misc":{"Written by":"ulqini","Est. reading time":"1 minute"},"schema":{"@context":"https:\/\/schema.org","@graph":[{"@type":"WebSite","@id":"https:\/\/www.visit-ulcinj.com\/blog\/#website","url":"https:\/\/www.visit-ulcinj.com\/blog\/","name":"Lajme nga Ulqini","description":"Lajme,Vijesti,Ulqini,Ulqin,Crna Gora,Mali i Zi","potentialAction":[{"@type":"SearchAction","target":{"@type":"EntryPoint","urlTemplate":"https:\/\/www.visit-ulcinj.com\/blog\/?s={search_term_string}"},"query-input":"required name=search_term_string"}],"inLanguage":"en-US"},{"@type":"ImageObject","inLanguage":"en-US","@id":"https:\/\/www.visit-ulcinj.com\/blog\/2013\/09\/16\/filip-vujanoviq-ne-samitin-rajonal-ne-durres\/#primaryimage","url":"https:\/\/www.visit-ulcinj.com\/blog\/wp-content\/uploads\/2013\/09\/Konferenca_1-VUJANOVIC.jpg","contentUrl":"https:\/\/www.visit-ulcinj.com\/blog\/wp-content\/uploads\/2013\/09\/Konferenca_1-VUJANOVIC.jpg","width":1000,"height":667},{"@type":"WebPage","@id":"https:\/\/www.visit-ulcinj.com\/blog\/2013\/09\/16\/filip-vujanoviq-ne-samitin-rajonal-ne-durres\/#webpage","url":"https:\/\/www.visit-ulcinj.com\/blog\/2013\/09\/16\/filip-vujanoviq-ne-samitin-rajonal-ne-durres\/","name":"Filip Vujanoviq ne samitin rajonal ne Durr\u00ebs - Lajme nga Ulqini","isPartOf":{"@id":"https:\/\/www.visit-ulcinj.com\/blog\/#website"},"primaryImageOfPage":{"@id":"https:\/\/www.visit-ulcinj.com\/blog\/2013\/09\/16\/filip-vujanoviq-ne-samitin-rajonal-ne-durres\/#primaryimage"},"datePublished":"2013-09-16T17:17:12+00:00","dateModified":"2013-09-16T17:17:12+00:00","author":{"@id":"https:\/\/www.visit-ulcinj.com\/blog\/#\/schema\/person\/dcab619c614d3038751c63bc2aadc06d"},"description":"Presidenti i Malit t\u00eb Zi Filip Vujanoviq merr pjes\u00eb\u00a0 n\u00eb samitin e pest\u00eb rajonal t\u00eb president\u00ebve t\u00eb Malit t\u00eb Zi, Maqedonis\u00eb, Shqip\u00ebris\u00eb dhe Kosov\u00ebs, q\u00eb","breadcrumb":{"@id":"https:\/\/www.visit-ulcinj.com\/blog\/2013\/09\/16\/filip-vujanoviq-ne-samitin-rajonal-ne-durres\/#breadcrumb"},"inLanguage":"en-US","potentialAction":[{"@type":"ReadAction","target":["https:\/\/www.visit-ulcinj.com\/blog\/2013\/09\/16\/filip-vujanoviq-ne-samitin-rajonal-ne-durres\/"]}]},{"@type":"BreadcrumbList","@id":"https:\/\/www.visit-ulcinj.com\/blog\/2013\/09\/16\/filip-vujanoviq-ne-samitin-rajonal-ne-durres\/#breadcrumb","itemListElement":[{"@type":"ListItem","position":1,"name":"Filip Vujanoviq ne samitin rajonal ne Durr\u00ebs"}]},{"@type":"Person","@id":"https:\/\/www.visit-ulcinj.com\/blog\/#\/schema\/person\/dcab619c614d3038751c63bc2aadc06d","name":"ulqini","sameAs":["http:\/\/www.visit-ulcinj.com"],"url":"https:\/\/www.visit-ulcinj.com\/blog\/author\/admin\/"}]}},"jetpack_featured_media_url":"","jetpack_sharing_enabled":true,"jetpack_shortlink":"https:\/\/wp.me\/pe6lTn-jsv","_links":{"self":[{"href":"https:\/\/www.visit-ulcinj.com\/blog\/wp-json\/wp\/v2\/posts\/74803"}],"collection":[{"href":"https:\/\/www.visit-ulcinj.com\/blog\/wp-json\/wp\/v2\/posts"}],"about":[{"href":"https:\/\/www.visit-ulcinj.com\/blog\/wp-json\/wp\/v2\/types\/post"}],"author":[{"embeddable":true,"href":"https:\/\/www.visit-ulcinj.com\/blog\/wp-json\/wp\/v2\/users\/1"}],"replies":[{"embeddable":true,"href":"https:\/\/www.visit-ulcinj.com\/blog\/wp-json\/wp\/v2\/comments?post=74803"}],"version-history":[{"count":1,"href":"https:\/\/www.visit-ulcinj.com\/blog\/wp-json\/wp\/v2\/posts\/74803\/revisions"}],"predecessor-version":[{"id":74805,"href":"https:\/\/www.visit-ulcinj.com\/blog\/wp-json\/wp\/v2\/posts\/74803\/revisions\/74805"}],"wp:attachment":[{"href":"https:\/\/www.visit-ulcinj.com\/blog\/wp-json\/wp\/v2\/media?parent=74803"}],"wp:term":[{"taxonomy":"category","embeddable":true,"href":"https:\/\/www.visit-ulcinj.com\/blog\/wp-json\/wp\/v2\/categories?post=74803"},{"taxonomy":"post_tag","embeddable":true,"href":"https:\/\/www.visit-ulcinj.com\/blog\/wp-json\/wp\/v2\/tags?post=74803"}],"curies":[{"name":"wp","href":"https:\/\/api.w.org\/{rel}","templated":true}]}}