{"id":74806,"date":"2013-09-17T07:45:48","date_gmt":"2013-09-17T06:45:48","guid":{"rendered":"http:\/\/www.visit-ulcinj.com\/blog\/?p=74806"},"modified":"2013-09-17T07:48:47","modified_gmt":"2013-09-17T06:48:47","slug":"hajredin-kovaci-per-risand-magazine","status":"publish","type":"post","link":"https:\/\/www.visit-ulcinj.com\/blog\/2013\/09\/17\/hajredin-kovaci-per-risand-magazine\/","title":{"rendered":"Hajredin Kova\u00e7i per Risand Magazine"},"content":{"rendered":"<p><a href=\"http:\/\/www.visit-ulcinj.com\/blog\/wp-content\/uploads\/2013\/09\/Hajredin-Kovaci.jpg\"><img loading=\"lazy\" class=\"alignleft  wp-image-74807\" alt=\"Hajredin Kovaci\" src=\"http:\/\/www.visit-ulcinj.com\/blog\/wp-content\/uploads\/2013\/09\/Hajredin-Kovaci.jpg\" width=\"300\" height=\"350\" \/><\/a>1. Biografia<\/p>\n<p>U lind n\u00eb Dragin\u00eb m\u00eb 1960. Shkoll\u00ebn fillore e kreu n\u00eb An\u00eb t\u00eb Malit, kurse at\u00eb t\u00eb mesme n\u00eb Ulqin. N\u00eb vitin 1979 regjistrohet n\u00eb Fakultetin Ekonomik n\u00eb Universitetin e Prishtin\u00ebs, ku si rezultat i trazirave t\u00eb vitit 1981, arrestohet dhe d\u00ebnohet politikisht me dy vjet burg.<br \/>\n\u00cbsht\u00eb nj\u00eb nd\u00ebr themeluesit e subjektit t\u00eb par\u00eb politik t\u00eb shqiptar\u00ebve n\u00eb Malin e Zi-Lidhjes Demokratike n\u00eb Mal t\u00eb Zi. Gjithashtu \u00ebsht\u00eb nj\u00eb nd\u00ebr themeluesit e SHAI ,,Art Klub\u201d dhe kryetar i Fondacionit ,,Studenti\u201d. \u00cbsht\u00eb an\u00ebtar i K\u00ebshillit Nacional t\u00eb Shqiptar\u00ebve n\u00eb Malin e Zi dhe kryetar i Komisionit p\u00ebr kultur\u00eb pran\u00eb k\u00ebtij k\u00ebshilli.<br \/>\nMerret me shkrime. Ka filluar t\u00eb shkruaj\u00eb shum\u00eb her\u00ebt dhe ka botuar her\u00eb pas here n\u00eb revistat e koh\u00ebs duke filluar n\u00eb ,,Fillimet\u201d, ,,Z\u00ebri i rinis\u00eb\u201d, ,,Bota e re\u201d, ,,Fati\u201d, e m\u00eb von\u00eb edhe n\u00eb revist\u00ebn ,,Lemba\u201d, ,,Alternativa\u201d, ,,Koha Javore\u201d etj.<br \/>\n\u00cbsht\u00eb poet, publicist dhe merret edhe me aktivitete kulturore. Deri tani ka botuar tre libra me poezi; ,,Ecje pa mbarim\u201d, ,,Fundi \u00ebsht\u00eb larg\u201d dhe ,,Vrasja e frik\u00ebs\u201d. Ka marr\u00eb pjes\u00eb n\u00eb shum\u00eb evenimente kulturore, si brenda dhe jasht shtetit, si n\u00eb: ,,Kalimera poetike\u201d, ,,Poeteka\u201d, ,,Dit\u00ebt e poezis\u00eb shqipe \u2013 Shas\u201d, n\u00eb or\u00ebn e madhe letrare ,,Ora e maleve\u201d n\u00eb Rozhaj\u00eb, n\u00eb ,,Festivalin Letrar t\u00eb Shkodr\u00ebs\u201d n\u00eb Bibliotek\u00ebn ,,Marin Barleti\u201d Shkod\u00ebr, n\u00eb ,,Takimet e Dom Mikelit XXIII\u201d n\u00eb Stub\u00ebll t\u00eb Ep\u00ebrme- Kosov\u00eb etj. Merret edhe me p\u00ebrkthime nga gjuha malazeze n\u00eb gjuh\u00ebn shqipe dhe anasjelltas. Prej gjuh\u00ebve t\u00eb huaja flet ghuh\u00ebn malazeze, serbe, kroate dhe ruse. Jeton n\u00eb Dragin\u00eb-Ulqin. \u00cbsht\u00eb i martuar me Suzan\u00ebn dhe kan\u00eb tre f\u00ebmij\u00eb: Valonin, Jetlirin dhe Elir\u00ebn(t\u00eb tre student\u00eb).<\/p>\n<p>2. Cili \u00ebsht\u00eb motivi q\u00eb z\u00eb m\u00eb shum\u00eb vend n\u00eb letrat tuaja ?<\/p>\n<p><a href=\"http:\/\/www.visit-ulcinj.com\/blog\/wp-content\/uploads\/2013\/09\/Hajredin-Kovaci-1.jpg\"><img loading=\"lazy\" class=\"alignleft size-full wp-image-74808\" alt=\"Hajredin Kovaci-1\" src=\"http:\/\/www.visit-ulcinj.com\/blog\/wp-content\/uploads\/2013\/09\/Hajredin-Kovaci-1.jpg\" width=\"309\" height=\"206\" srcset=\"https:\/\/www.visit-ulcinj.com\/blog\/wp-content\/uploads\/2013\/09\/Hajredin-Kovaci-1.jpg 309w, https:\/\/www.visit-ulcinj.com\/blog\/wp-content\/uploads\/2013\/09\/Hajredin-Kovaci-1-300x200.jpg 300w\" sizes=\"(max-width: 309px) 100vw, 309px\" \/><\/a>Poezia ime ka nj\u00eb shtrirje n\u00eb t\u00ebr\u00eb hap\u00ebsir\u00ebn shqiptare dhe kjo m\u00eb b\u00ebn t\u00eb ndihem mir\u00eb kur kritika letrare e quan etnopoezi. Un\u00eb kam qen\u00eb i lidhur shum\u00eb emocionalisht me Kosov\u00ebn, kam sh\u00ebtitur pothuajse t\u00eb gjitha trojet shqiptare dhe doemos kjo ka ndikuar q\u00eb n\u00eb poezin\u00eb time t\u00eb g\u00ebrshetohen motive t\u00eb ndryshme. N\u00eb shum\u00eb poezi shihet qart\u00eb mllefi i pap\u00ebrmbajtur dhe nj\u00eb m\u00ebri e pakufishme ndaj ngjarjeve t\u00eb ndryshme, ndaj atyre q\u00eb krijuan situate trishtuese me ankth e pasiguri, ndaj fenomeneve dhe nj\u00eb filozofie t\u00eb st\u00ebrvjet\u00ebruar, ndaj individ\u00ebve\u2026etj. Pra, \u00ebsht\u00eb motivi patriotik q\u00eb prin\u00eb, pastaj reagimi me tone satirike q\u00eb gati kalon n\u00eb sarkazm\u00eb, motivi filozofik i t\u00eb shprehurit n\u00eb vargje, p\u00ebr detin dhe detar\u00ebt ulqinak\u00eb, p\u00ebr Kalan\u00eb e vjet\u00ebr, p\u00ebr ullirin si simbol t\u00eb Ulqinit, p\u00ebr Liqenin dhe qytetin e vdekur t\u00eb Shasit, p\u00ebr Tivarin si varrez\u00ebn m\u00eb t\u00eb madhe p\u00ebr shqiptar\u00ebt, p\u00ebr Bun\u00ebn q\u00eb s\u2019ka argjinatur\u00eb q\u00eb e ndal\u00eb, etj.<\/p>\n<p>3. Si shihet ndikimi politik mbi letrat ulqinake?<br \/>\nN\u00eb p\u00ebrgjith\u00ebsi nuk mund t\u00eb them se ka shum\u00eb poet\u00eb apo shkrimtar\u00eb q\u00eb jan\u00eb ndikuar nga politika, por veten do ta konsideroja gjith\u00ebsesi t\u00eb till\u00eb, sepse politika ka ndikuar n\u00eb letrat e mia qysh si nx\u00ebn\u00ebs n\u00eb Ulqin, si student n\u00eb Prishtin\u00eb, gjat\u00eb vuajtjes s\u00eb burgut (dy vjet) dhe sot e k\u00ebsaj dite, ku shoh rr\u00ebnimin e veprave t\u00eb nd\u00ebrtuara, degradimin e vlerave t\u00eb arritura, dhe asimilimin e vazhduesh\u00ebm q\u00eb \u00e7on drejt nj\u00eb zhdukjeje t\u00eb heshtur.<\/p>\n<p>4. Promovimi i kultur\u00ebs shqiptare n\u00eb Malin e Zi \u00ebsht\u00eb par\u00eb ndonj\u00ebher\u00eb nga pushteti si provokim ?<br \/>\nKa edhe raste t\u00eb tilla q\u00eb \u00ebsht\u00eb par\u00eb si provokim, vazhdimisht \u00ebsht\u00eb l\u00ebn\u00eb anash nga ana e shtetit dhe nj\u00eb koh\u00eb shum\u00eb t\u00eb gjat\u00eb ka qen\u00eb shum\u00eb v\u00ebshtir\u00eb t\u00eb jesh krijues shqiptar n\u00eb Malin e Zi. N\u00eb p\u00ebrgjith\u00ebsi shqiptar\u00ebt jan\u00eb trajtuar si qytetar\u00eb t\u00eb rendit t\u00eb dyt\u00eb, se ata nuk din\u00eb t\u00eb b\u00ebjn\u00eb kultur\u00eb, pra nuk din\u00eb t\u00eb b\u00ebjn\u00eb let\u00ebrsi. Bile, mendoj se edhe sot kultura shqiptare n\u00eb Malin e Zi, mbijeton n\u00eb margjinat e jet\u00ebs kulturore n\u00eb Malin e Zi, n\u00ebn hijen e plot\u00eb t\u00eb krijimtaris\u00eb n\u00eb gjuh\u00ebn malazeze. Ajo, n\u00eb p\u00ebrgjith\u00ebsi, nuk ndihmohej dhe nuk ndihmohet nga institucionet p\u00ebrkat\u00ebse t\u00eb shtetit t\u00eb Mali t\u00eb Zi.<\/p>\n<p>5. Secila deg\u00eb e artit ka edhe gjethet e veta, ka ndonj\u00eb gjeth q\u00eb u vret syrin ?<\/p>\n<p>P\u00ebr nj\u00eb a dy gjethe, nuk thahet dega. Nj\u00eb gjethe q\u00eb ma vret mua syrin, k\u00ebnaq nj\u00eb sy tjet\u00ebr, ky \u00ebsht\u00eb arti.<\/p>\n<p>6. Si e shihni let\u00ebrsin\u00eb postmoderne, si materializ\u00ebm apo standard letrar ?<br \/>\nKa koh\u00eb q\u00eb kan\u00eb humbur standardet letrare, prandaj edhe let\u00ebrsin\u00eb postmoderne e shoh si materializ\u00ebm. Sot shkruan gjithkush, kopjohet me t\u00eb madhe, vler\u00ebsohen antivlerat, lobohet p\u00ebr marrjen e \u00e7mimeve t\u00eb ndryshme letrare, etj. Po, \u00e7far\u00eb \u00ebsht\u00eb let\u00ebrsia postmoderne, kush e ka p\u00ebrkufizuar k\u00ebt\u00eb ?<br \/>\n7. Ku e shihni dallimin midis let\u00ebrsis\u00eb s\u00eb vjet\u00ebr dhe asaj t\u00eb sotme ?<\/p>\n<p>Dallimi n\u00eb mes let\u00ebrsis\u00eb s\u00eb vjet\u00ebr dhe t\u00eb sotmes \u00ebsht\u00eb i madh edhe p\u00ebr faktin se jan\u00eb shkruar n\u00eb periudha t\u00eb ndryshme kohore. Let\u00ebrsia e vjet\u00ebr, p\u00ebr mendimin tim \u00ebsht\u00eb m\u00eb e lexueshme, m\u00eb e kuptueshme, m\u00eb inspiruese, m\u00eb e kapshme, m\u00eb rimore, pra m\u00eb shpirt\u00ebrore. Nd\u00ebrkaq, let\u00ebrsia e sotme \u00ebsht\u00eb m\u00eb filozofike, m\u00eb abstrakte, m\u00eb reaguese, nganj\u00ebher\u00eb m\u00eb kote, pa kritere, por gjith\u00ebsesi ka p\u00ebrjashtime. Keni par\u00eb Ju ndonj\u00eb aktor t\u00eb njohur shqiptar t\u00eb recitoj\u00eb vargje prej pjes\u00ebve t\u00eb let\u00ebrsis\u00eb s\u00eb sotme, p\u00ebrve\u00e7, Naimit, Fisht\u00ebs, Migjenit, etj, etj.?<\/p>\n<p>8. Cili \u00ebsht\u00eb poeti symbol i let\u00ebrsis\u00eb shqipe (mendimi i lir\u00eb nga ana juaj) ?<\/p>\n<p>Ka shum\u00eb poet\u00eb t\u00eb mir\u00eb let\u00ebrsia shqiptare dhe \u00ebsht\u00eb v\u00ebshtir\u00eb t\u00eb p\u00ebrcaktohesh p\u00ebr nj\u00ebrin. por un\u00eb do jem i lir\u00eb dhe do t\u00eb ve\u00e7oja poetin e madh, Ali Podrimja.<br \/>\n9. Jasht\u00eb poetik\u00ebs, cila rrym\u00eb e artit b\u00ebn\u00eb drit\u00eb n\u00eb bot\u00ebn tuaj ?<br \/>\n<a href=\"http:\/\/www.visit-ulcinj.com\/blog\/wp-content\/uploads\/2013\/09\/Hajredin-Kovaci-2.jpg\"><img loading=\"lazy\" class=\"alignleft  wp-image-74809\" alt=\"Hajredin Kovaci-2\" src=\"http:\/\/www.visit-ulcinj.com\/blog\/wp-content\/uploads\/2013\/09\/Hajredin-Kovaci-2.jpg\" width=\"508\" height=\"360\" \/><\/a><br \/>\nM\u00eb p\u00eblqen poezia, ta lexoj dhe ta shkruaj sepse mendoj se me poezi mund t\u00eb ndryshohen gj\u00ebrat dhe \u00ebsht\u00eb forma m\u00eb e moderuar p\u00ebr t\u00eb ndryshuar p\u00ebrditshm\u00ebrin\u00eb q\u00eb bezdis, njer\u00ebzit q\u00eb nuk jan\u00eb vetvetja, situatat tragjike dhe bot\u00ebn n\u00eb p\u00ebrgjith\u00ebsi ,sepse jo gjithmon\u00eb gj\u00ebrat ndryshohen me dhun\u00eb e k\u00ebrc\u00ebnime, por me kultur\u00eb e art t\u00eb mir\u00ebfillt\u00eb, pra me poezi, sepse poezia \u00ebsht\u00eb filozofi, \u00ebsht\u00eb protest\u00eb, por mbi t\u00eb gjiha \u00ebsht\u00eb dashuri. Jasht\u00eb poetik\u00ebs, m\u00eb p\u00eblqen shum\u00eb edhe piktura sepse nj\u00eb piktur\u00eb ka brenda nj\u00eb poezi me nj\u00ebmij\u00eb fjal\u00eb. Po, pa muzik\u00eb, a jetohet ?<br \/>\n10. N\u00eb letrat e tuaja, n\u00eb cil\u00ebn vete ngjyroset personazhi, t\u00eb par\u00ebn, t\u00eb dyt\u00ebn apo t\u00eb tret\u00ebn?<\/p>\n<p>N\u00eb poezit\u00eb e mia, personazhi her\u00eb flet n\u00eb vet\u00ebn e par\u00eb nj\u00ebj\u00ebs her\u00eb n\u00eb vet\u00ebn e par\u00eb shum\u00ebs, por ndonj\u00ebher\u00eb edhe n\u00eb vet\u00ebn e tret\u00eb. N\u00eb shum\u00eb poezi jam un\u00eb personazhi q\u00eb her\u00eb flas n\u00eb emrin tim e her\u00eb n\u00eb em\u00ebr t\u00eb kombit q\u00eb i takoj. Kjo do t\u00eb thot\u00eb se fati i autorit \u00ebsht\u00eb i lidhur ngusht\u00eb me fatin e kombit shqiptar kudo q\u00eb ndodhet.<br \/>\n11. Momenti m\u00eb i r\u00ebnd\u00ebsish\u00ebm n\u00eb jet\u00ebn t\u00ebnde ?<\/p>\n<p>Un\u00eb n\u00eb jet\u00ebn time pata shum\u00eb momente t\u00eb bukura, t\u00eb g\u00ebzuara, por jo rrall\u00eb edhe \u00e7aste t\u00eb hidhura, t\u00eb r\u00ebnda, t\u00eb v\u00ebshtira. Por, moment i r\u00ebnd\u00ebsish\u00ebm i jet\u00ebs time ishte dalja nga burgu pa ndryshuar pik\u00ebparjet e mia filozofike, patriotike, bile dola m\u00eb i kompletuar, m\u00eb i vendosur p\u00ebr realizimin e t\u00eb drejtave dhe lirive t\u00eb kombit tim (P\u00ebr dy vjet n\u00eb burg, lexova shum\u00eb edhe ,,libra t\u00eb ndaluar\u201d, por edhe shkrova shum\u00eb poezi t\u00eb cilat mi mor\u00ebn n\u00eb dit\u00ebn e daljes nga burgu, mbi 60 poezi q\u00eb kush e di se ku kan\u00eb p\u00ebrfunduar. Ah, sa do t\u00eb d\u00ebshiroja t\u00eb mund t\u2019i shkruaja prap\u00eb!!).<br \/>\n12. Keni provuar ndonj\u00ebher\u00eb t\u00eb lozni me psikologjin\u00eb e lexuesit ?<\/p>\n<p>Jo, nuk mendoj se \u00ebsht\u00eb mir\u00eb t\u00eb luash me psikologjin\u00eb e lexuesit. Lexuesin duhet ta l\u00ebm\u00eb t\u00eb lir\u00eb, ta lexoj\u00eb poezin\u00eb, t\u00eb gjej\u00eb fsheht\u00ebsin\u00eb e vargut, ta kuptoj\u00eb ose jo mesazhin dhe mbi t\u00eb gjitha , t\u00eb jet\u00eb i lir\u00eb ta kuptoj\u00eb si t\u00eb doj\u00eb.<br \/>\n13. Ka ndodhur ndonj\u00ebher\u00eb q\u00eb ndonj\u00eb kritik\u00eb ndaj shkrimeve tuaja t\u00eb jet\u00eb krejt\u00ebsisht e gabuar (kur ju flisni p\u00ebr malet, ata t\u00eb kritikojn\u00eb fush\u00ebn) ?<\/p>\n<p>N\u00eb fakt, mua m\u00eb p\u00eblqen kur m\u00eb kritikojn\u00eb, por deri tani n\u00eb p\u00ebrgjith\u00ebsi kritika ndaj shkrimeve t\u00eb mia ka qen\u00eb pozitive, bile disa e vler\u00ebsojn\u00eb poezin\u00eb time si di\u00e7ka t\u00eb re n\u00eb let\u00ebrsin\u00eb shqiptare, sidomos n\u00eb Malin e Zi dhe e quajn\u00eb ,,poezi e reagimit\u201d,, shqet\u00ebsime identitare\u201detj. Ka ndodhur q\u00eb nj\u00eb poezi q\u00eb e p\u00eblqen nj\u00ebri poet, s\u2019e vler\u00ebson tjetri dhe k\u00ebshtu m\u00eb radh\u00eb dhe kjo m\u00eb p\u00eblqen sepse del se t\u00eb gjitha poezit\u00eb qenkan t\u00eb mira. M\u00eb p\u00eblqen kur m\u00eb pyesin:,,\u00c7ka ke dasht\u00eb me than\u00eb me k\u00ebt\u00eb?\u201dDhe kur un\u00eb mundohem t\u2019ua shpjegoj, m\u00eb thon\u00eb:,,Auuu, tash na ke tret\u00eb n\u2019thek\u00ebn ti\u201d!<br \/>\nKrijuesit shqiptar\u00eb n\u00eb Malin e Zi, duhet t\u00eb promovohen edhe n\u00eb hap\u00ebsirat tjera shqiptare n\u00eb m\u00ebnyr\u00eb q\u00eb kritik\u00ebt t\u00eb merren edhe me k\u00ebt\u00eb pjes\u00eb t\u00eb krijimtaris\u00eb q\u00eb \u00ebsht\u00eb pjes\u00eb p\u00ebrb\u00ebr\u00ebse e let\u00ebrsis\u00eb mbar\u00ebkomb\u00ebtare. Jemi shum\u00eb af\u00ebr, por shum\u00eb pak e njohim nj\u00ebri tjetrin !.<\/p>\n<p><strong><a id=\"js_352\" href=\"https:\/\/www.facebook.com\/risandmagazine\" data-hovercard=\"\/ajax\/hovercard\/page.php?id=381401228653506\">Risand Magazine<\/a><\/strong><\/p>\n","protected":false},"excerpt":{"rendered":"<p>1. Biografia U lind n\u00eb Dragin\u00eb m\u00eb 1960. Shkoll\u00ebn fillore e kreu n\u00eb An\u00eb t\u00eb Malit, kurse at\u00eb t\u00eb mesme n\u00eb Ulqin. N\u00eb vitin 1979 regjistrohet n\u00eb Fakultetin Ekonomik n\u00eb Universitetin e Prishtin\u00ebs, ku si rezultat i trazirave t\u00eb vitit 1981, arrestohet dhe d\u00ebnohet politikisht me dy vjet burg. \u00cbsht\u00eb nj\u00eb nd\u00ebr themeluesit e subjektit [&hellip;]<\/p>\n","protected":false},"author":1,"featured_media":0,"comment_status":"closed","ping_status":"closed","sticky":false,"template":"","format":"standard","meta":{"spay_email":"","jetpack_publicize_message":"","jetpack_is_tweetstorm":false,"jetpack_publicize_feature_enabled":true},"categories":[4],"tags":[],"jetpack_publicize_connections":[],"yoast_head":"<!-- This site is optimized with the Yoast SEO plugin v19.1 - https:\/\/yoast.com\/wordpress\/plugins\/seo\/ -->\n<title>Hajredin Kova\u00e7i per Risand Magazine - Lajme nga Ulqini<\/title>\n<meta name=\"description\" content=\"1. Biografia U lind n\u00eb Dragin\u00eb m\u00eb 1960. Shkoll\u00ebn fillore e kreu n\u00eb An\u00eb t\u00eb Malit, kurse at\u00eb t\u00eb mesme n\u00eb Ulqin. N\u00eb vitin 1979 regjistrohet n\u00eb Fakultetin\" \/>\n<meta name=\"robots\" content=\"index, follow, max-snippet:-1, max-image-preview:large, max-video-preview:-1\" \/>\n<link rel=\"canonical\" href=\"https:\/\/www.visit-ulcinj.com\/blog\/2013\/09\/17\/hajredin-kovaci-per-risand-magazine\/\" \/>\n<meta property=\"og:locale\" content=\"en_US\" \/>\n<meta property=\"og:type\" content=\"article\" \/>\n<meta property=\"og:title\" content=\"Hajredin Kova\u00e7i per Risand Magazine - Lajme nga Ulqini\" \/>\n<meta property=\"og:description\" content=\"1. Biografia U lind n\u00eb Dragin\u00eb m\u00eb 1960. Shkoll\u00ebn fillore e kreu n\u00eb An\u00eb t\u00eb Malit, kurse at\u00eb t\u00eb mesme n\u00eb Ulqin. N\u00eb vitin 1979 regjistrohet n\u00eb Fakultetin\" \/>\n<meta property=\"og:url\" content=\"https:\/\/www.visit-ulcinj.com\/blog\/2013\/09\/17\/hajredin-kovaci-per-risand-magazine\/\" \/>\n<meta property=\"og:site_name\" content=\"Lajme nga Ulqini\" \/>\n<meta property=\"article:published_time\" content=\"2013-09-17T06:45:48+00:00\" \/>\n<meta property=\"article:modified_time\" content=\"2013-09-17T06:48:47+00:00\" \/>\n<meta property=\"og:image\" content=\"http:\/\/www.visit-ulcinj.com\/blog\/wp-content\/uploads\/2013\/09\/Hajredin-Kovaci.jpg\" \/>\n<meta name=\"twitter:label1\" content=\"Written by\" \/>\n\t<meta name=\"twitter:data1\" content=\"ulqini\" \/>\n\t<meta name=\"twitter:label2\" content=\"Est. reading time\" \/>\n\t<meta name=\"twitter:data2\" content=\"8 minutes\" \/>\n<script type=\"application\/ld+json\" class=\"yoast-schema-graph\">{\"@context\":\"https:\/\/schema.org\",\"@graph\":[{\"@type\":\"WebSite\",\"@id\":\"https:\/\/www.visit-ulcinj.com\/blog\/#website\",\"url\":\"https:\/\/www.visit-ulcinj.com\/blog\/\",\"name\":\"Lajme nga Ulqini\",\"description\":\"Lajme,Vijesti,Ulqini,Ulqin,Crna Gora,Mali i Zi\",\"potentialAction\":[{\"@type\":\"SearchAction\",\"target\":{\"@type\":\"EntryPoint\",\"urlTemplate\":\"https:\/\/www.visit-ulcinj.com\/blog\/?s={search_term_string}\"},\"query-input\":\"required name=search_term_string\"}],\"inLanguage\":\"en-US\"},{\"@type\":\"ImageObject\",\"inLanguage\":\"en-US\",\"@id\":\"https:\/\/www.visit-ulcinj.com\/blog\/2013\/09\/17\/hajredin-kovaci-per-risand-magazine\/#primaryimage\",\"url\":\"https:\/\/www.visit-ulcinj.com\/blog\/wp-content\/uploads\/2013\/09\/Hajredin-Kovaci.jpg\",\"contentUrl\":\"https:\/\/www.visit-ulcinj.com\/blog\/wp-content\/uploads\/2013\/09\/Hajredin-Kovaci.jpg\",\"width\":640,\"height\":960},{\"@type\":\"WebPage\",\"@id\":\"https:\/\/www.visit-ulcinj.com\/blog\/2013\/09\/17\/hajredin-kovaci-per-risand-magazine\/#webpage\",\"url\":\"https:\/\/www.visit-ulcinj.com\/blog\/2013\/09\/17\/hajredin-kovaci-per-risand-magazine\/\",\"name\":\"Hajredin Kova\u00e7i per Risand Magazine - Lajme nga Ulqini\",\"isPartOf\":{\"@id\":\"https:\/\/www.visit-ulcinj.com\/blog\/#website\"},\"primaryImageOfPage\":{\"@id\":\"https:\/\/www.visit-ulcinj.com\/blog\/2013\/09\/17\/hajredin-kovaci-per-risand-magazine\/#primaryimage\"},\"datePublished\":\"2013-09-17T06:45:48+00:00\",\"dateModified\":\"2013-09-17T06:48:47+00:00\",\"author\":{\"@id\":\"https:\/\/www.visit-ulcinj.com\/blog\/#\/schema\/person\/dcab619c614d3038751c63bc2aadc06d\"},\"description\":\"1. Biografia U lind n\u00eb Dragin\u00eb m\u00eb 1960. Shkoll\u00ebn fillore e kreu n\u00eb An\u00eb t\u00eb Malit, kurse at\u00eb t\u00eb mesme n\u00eb Ulqin. N\u00eb vitin 1979 regjistrohet n\u00eb Fakultetin\",\"breadcrumb\":{\"@id\":\"https:\/\/www.visit-ulcinj.com\/blog\/2013\/09\/17\/hajredin-kovaci-per-risand-magazine\/#breadcrumb\"},\"inLanguage\":\"en-US\",\"potentialAction\":[{\"@type\":\"ReadAction\",\"target\":[\"https:\/\/www.visit-ulcinj.com\/blog\/2013\/09\/17\/hajredin-kovaci-per-risand-magazine\/\"]}]},{\"@type\":\"BreadcrumbList\",\"@id\":\"https:\/\/www.visit-ulcinj.com\/blog\/2013\/09\/17\/hajredin-kovaci-per-risand-magazine\/#breadcrumb\",\"itemListElement\":[{\"@type\":\"ListItem\",\"position\":1,\"name\":\"Hajredin Kova\u00e7i per Risand Magazine\"}]},{\"@type\":\"Person\",\"@id\":\"https:\/\/www.visit-ulcinj.com\/blog\/#\/schema\/person\/dcab619c614d3038751c63bc2aadc06d\",\"name\":\"ulqini\",\"sameAs\":[\"http:\/\/www.visit-ulcinj.com\"],\"url\":\"https:\/\/www.visit-ulcinj.com\/blog\/author\/admin\/\"}]}<\/script>\n<!-- \/ Yoast SEO plugin. -->","yoast_head_json":{"title":"Hajredin Kova\u00e7i per Risand Magazine - Lajme nga Ulqini","description":"1. Biografia U lind n\u00eb Dragin\u00eb m\u00eb 1960. Shkoll\u00ebn fillore e kreu n\u00eb An\u00eb t\u00eb Malit, kurse at\u00eb t\u00eb mesme n\u00eb Ulqin. N\u00eb vitin 1979 regjistrohet n\u00eb Fakultetin","robots":{"index":"index","follow":"follow","max-snippet":"max-snippet:-1","max-image-preview":"max-image-preview:large","max-video-preview":"max-video-preview:-1"},"canonical":"https:\/\/www.visit-ulcinj.com\/blog\/2013\/09\/17\/hajredin-kovaci-per-risand-magazine\/","og_locale":"en_US","og_type":"article","og_title":"Hajredin Kova\u00e7i per Risand Magazine - Lajme nga Ulqini","og_description":"1. Biografia U lind n\u00eb Dragin\u00eb m\u00eb 1960. Shkoll\u00ebn fillore e kreu n\u00eb An\u00eb t\u00eb Malit, kurse at\u00eb t\u00eb mesme n\u00eb Ulqin. N\u00eb vitin 1979 regjistrohet n\u00eb Fakultetin","og_url":"https:\/\/www.visit-ulcinj.com\/blog\/2013\/09\/17\/hajredin-kovaci-per-risand-magazine\/","og_site_name":"Lajme nga Ulqini","article_published_time":"2013-09-17T06:45:48+00:00","article_modified_time":"2013-09-17T06:48:47+00:00","og_image":[{"url":"http:\/\/www.visit-ulcinj.com\/blog\/wp-content\/uploads\/2013\/09\/Hajredin-Kovaci.jpg"}],"twitter_misc":{"Written by":"ulqini","Est. reading time":"8 minutes"},"schema":{"@context":"https:\/\/schema.org","@graph":[{"@type":"WebSite","@id":"https:\/\/www.visit-ulcinj.com\/blog\/#website","url":"https:\/\/www.visit-ulcinj.com\/blog\/","name":"Lajme nga Ulqini","description":"Lajme,Vijesti,Ulqini,Ulqin,Crna Gora,Mali i Zi","potentialAction":[{"@type":"SearchAction","target":{"@type":"EntryPoint","urlTemplate":"https:\/\/www.visit-ulcinj.com\/blog\/?s={search_term_string}"},"query-input":"required name=search_term_string"}],"inLanguage":"en-US"},{"@type":"ImageObject","inLanguage":"en-US","@id":"https:\/\/www.visit-ulcinj.com\/blog\/2013\/09\/17\/hajredin-kovaci-per-risand-magazine\/#primaryimage","url":"https:\/\/www.visit-ulcinj.com\/blog\/wp-content\/uploads\/2013\/09\/Hajredin-Kovaci.jpg","contentUrl":"https:\/\/www.visit-ulcinj.com\/blog\/wp-content\/uploads\/2013\/09\/Hajredin-Kovaci.jpg","width":640,"height":960},{"@type":"WebPage","@id":"https:\/\/www.visit-ulcinj.com\/blog\/2013\/09\/17\/hajredin-kovaci-per-risand-magazine\/#webpage","url":"https:\/\/www.visit-ulcinj.com\/blog\/2013\/09\/17\/hajredin-kovaci-per-risand-magazine\/","name":"Hajredin Kova\u00e7i per Risand Magazine - Lajme nga Ulqini","isPartOf":{"@id":"https:\/\/www.visit-ulcinj.com\/blog\/#website"},"primaryImageOfPage":{"@id":"https:\/\/www.visit-ulcinj.com\/blog\/2013\/09\/17\/hajredin-kovaci-per-risand-magazine\/#primaryimage"},"datePublished":"2013-09-17T06:45:48+00:00","dateModified":"2013-09-17T06:48:47+00:00","author":{"@id":"https:\/\/www.visit-ulcinj.com\/blog\/#\/schema\/person\/dcab619c614d3038751c63bc2aadc06d"},"description":"1. Biografia U lind n\u00eb Dragin\u00eb m\u00eb 1960. Shkoll\u00ebn fillore e kreu n\u00eb An\u00eb t\u00eb Malit, kurse at\u00eb t\u00eb mesme n\u00eb Ulqin. N\u00eb vitin 1979 regjistrohet n\u00eb Fakultetin","breadcrumb":{"@id":"https:\/\/www.visit-ulcinj.com\/blog\/2013\/09\/17\/hajredin-kovaci-per-risand-magazine\/#breadcrumb"},"inLanguage":"en-US","potentialAction":[{"@type":"ReadAction","target":["https:\/\/www.visit-ulcinj.com\/blog\/2013\/09\/17\/hajredin-kovaci-per-risand-magazine\/"]}]},{"@type":"BreadcrumbList","@id":"https:\/\/www.visit-ulcinj.com\/blog\/2013\/09\/17\/hajredin-kovaci-per-risand-magazine\/#breadcrumb","itemListElement":[{"@type":"ListItem","position":1,"name":"Hajredin Kova\u00e7i per Risand Magazine"}]},{"@type":"Person","@id":"https:\/\/www.visit-ulcinj.com\/blog\/#\/schema\/person\/dcab619c614d3038751c63bc2aadc06d","name":"ulqini","sameAs":["http:\/\/www.visit-ulcinj.com"],"url":"https:\/\/www.visit-ulcinj.com\/blog\/author\/admin\/"}]}},"jetpack_featured_media_url":"","jetpack_sharing_enabled":true,"jetpack_shortlink":"https:\/\/wp.me\/pe6lTn-jsy","_links":{"self":[{"href":"https:\/\/www.visit-ulcinj.com\/blog\/wp-json\/wp\/v2\/posts\/74806"}],"collection":[{"href":"https:\/\/www.visit-ulcinj.com\/blog\/wp-json\/wp\/v2\/posts"}],"about":[{"href":"https:\/\/www.visit-ulcinj.com\/blog\/wp-json\/wp\/v2\/types\/post"}],"author":[{"embeddable":true,"href":"https:\/\/www.visit-ulcinj.com\/blog\/wp-json\/wp\/v2\/users\/1"}],"replies":[{"embeddable":true,"href":"https:\/\/www.visit-ulcinj.com\/blog\/wp-json\/wp\/v2\/comments?post=74806"}],"version-history":[{"count":3,"href":"https:\/\/www.visit-ulcinj.com\/blog\/wp-json\/wp\/v2\/posts\/74806\/revisions"}],"predecessor-version":[{"id":74812,"href":"https:\/\/www.visit-ulcinj.com\/blog\/wp-json\/wp\/v2\/posts\/74806\/revisions\/74812"}],"wp:attachment":[{"href":"https:\/\/www.visit-ulcinj.com\/blog\/wp-json\/wp\/v2\/media?parent=74806"}],"wp:term":[{"taxonomy":"category","embeddable":true,"href":"https:\/\/www.visit-ulcinj.com\/blog\/wp-json\/wp\/v2\/categories?post=74806"},{"taxonomy":"post_tag","embeddable":true,"href":"https:\/\/www.visit-ulcinj.com\/blog\/wp-json\/wp\/v2\/tags?post=74806"}],"curies":[{"name":"wp","href":"https:\/\/api.w.org\/{rel}","templated":true}]}}