{"id":7481,"date":"2008-12-19T16:50:35","date_gmt":"2008-12-19T15:50:35","guid":{"rendered":"http:\/\/www.visit-ulcinj.com\/blog\/?p=7481"},"modified":"2008-12-23T18:23:03","modified_gmt":"2008-12-23T17:23:03","slug":"piperovic-neko-se-sali-ili-mora-nazad-u-skolu","status":"publish","type":"post","link":"https:\/\/www.visit-ulcinj.com\/blog\/2008\/12\/19\/piperovic-neko-se-sali-ili-mora-nazad-u-skolu\/","title":{"rendered":"Piperovi?: Neko se \u0161ali ili mora nazad u \u0161kolu &#8211; Video"},"content":{"rendered":"<p><strong><img loading=\"lazy\" class=\"alignleft size-full wp-image-1871\" title=\"zoran piperovic_ulcinj\" src=\"http:\/\/www.visit-ulcinj.com\/blog\/wp-content\/uploads\/2008\/06\/zoran-piperovic.jpg\" alt=\"zoran piperovic_ulcinj\" width=\"319\" height=\"208\" \/>Advokat ulcinjskih porodica Rudovi? i Deli? odgovorio pravnom zastupniku \u201eUlcinjske Rivijere\u201c<\/strong><br \/>\nUlcinj &#8211; Ne znam da li da zapla?em dok u saop\u0161tenju \u201eUlcinjske rivijere\u201c ?itam o neovjerenim fotokopijama ili da se od muke nasmijem nad ?injenicom da neko kome je zemlji\u0161te dato na kori\u0161?enje, nepozvan i valjda nesvjesno, opstruira ispravljanje nepravde prema porodicama kojima je imovina oteta- navodi se u reagovanju advokata Zorana Piperovi?a na tekst \u201ePravi vlasnici zemlje bez brige\u201c objavljenom u prekju?era\u0161njim \u201eVijestima\u201c. Piperovi? je pravni zastupnik ulcinjskih porodica Rudovi? i Deli?, koje pred nadle\u017enim dr\u017eavnim organima tra\u017ee povra?aj imovine oduzete 1950. godine. U prekju?era\u0161njem tekstu pravni zastupnik \u201eUlcinjske rivijere\u201c advokat Branislav Lutovac kazao je da pravne ?injenice nijesu onakve kakvim ih predstavljaju porodice Rudovi? i Deli?.<br \/>\n&#8211; Dr\u017eava ne spori da je mojim vlastodavcima 1950. godine zemlja eksproprisana za izvo?enje meliorizacionih radova. Dakle, ne da tre?a lica, pa makar to bila i \u201eUlcinjska rivijera\u201c na toj imovini postavljaju ku?ice. Dr\u017eava ne spori da nije bilo nov?ane nadokande niti bilo kakave kompenzaciuje za neku drugu zemlju. A pravni zastupnik \u201eUlcinjske rivijere\u201c ma\u0161e neovjerenim fotokopijama. Neka u tom kolektivu stave ruku na srce i ka\u017eu kako bi oni branili ?edovinu da su na mjestu Rudovi?a i Deli?a &#8211; isti?e se u reagovanju Piperovi?a.<br \/>\nDodaje se da, umjesto da odmah vrati oduzetu imovinu \u201ejer je ?injeni?no i pravno stanje apsolutno u duhu Zakona o povra?aju i obe\u0161te?enju\u201c, dr\u017eava omogu?ava da se neko ruga.<br \/>\n&#8211; Ruganje je i pravni?ka mizerija kada se u nedostatku ijednog pravnog argumenta, pote\u017ee za fotokopijama dokumenata, \u0161to kod neupu?enog mo\u017ee da izazove sumnju da moji vlastodavci, odnosno njihovi preci, nijesu ni bili vlasnici onoga \u0161to tra\u017ee nazad- isti?e Piperovi?, i pita da li je vrijedno ozbiljnog pravnog osvrta pominjanje pravnog zastupnika \u201eUlcinjske rivijere\u201c nepravosna\u017enog rje\u0161enja Direkcije za nekretnine \u201ekojim je u stvarnosti odba?en zahtjev za deeksproprijaciju preostalog dijela imovine mojih vlastodr\u017eaca\u201c.<br \/>\n&#8211; Neko se ili \u0161ali ili mora nazad \u0161kolu. Mada, ponekad je \u201ezabavno\u201c kad nepozvan tra\u017ei\u0161 tu?e ali je to uvijek neozbiljno i nezakonito- ka\u017ee se na kraju reagovanja.<br \/>\n<strong>S.A.<br \/>\nIzvor \/ Vijesti<\/strong><\/p>\n<p><strong><!--YouTube Error: bad URL entered--><br \/>\n<\/strong><\/p>\n","protected":false},"excerpt":{"rendered":"<p>Advokat ulcinjskih porodica Rudovi? i Deli? odgovorio pravnom zastupniku \u201eUlcinjske Rivijere\u201c Ulcinj &#8211; Ne znam da li da zapla?em dok u saop\u0161tenju \u201eUlcinjske rivijere\u201c ?itam o neovjerenim fotokopijama ili da se od muke nasmijem nad ?injenicom da neko kome je zemlji\u0161te dato na kori\u0161?enje, nepozvan i valjda nesvjesno, opstruira ispravljanje nepravde prema porodicama kojima je [&hellip;]<\/p>\n","protected":false},"author":1,"featured_media":0,"comment_status":"open","ping_status":"closed","sticky":false,"template":"","format":"standard","meta":{"spay_email":"","jetpack_publicize_message":"","jetpack_is_tweetstorm":false,"jetpack_publicize_feature_enabled":true},"categories":[11],"tags":[5340,19,5341,4451,2133],"jetpack_publicize_connections":[],"yoast_head":"<!-- This site is optimized with the Yoast SEO plugin v19.1 - https:\/\/yoast.com\/wordpress\/plugins\/seo\/ -->\n<title>Piperovi?: Neko se \u0161ali ili mora nazad u \u0161kolu - Video - Lajme nga Ulqini<\/title>\n<meta name=\"description\" content=\"Advokat ulcinjskih porodica Rudovi? i Deli? odgovorio pravnom zastupniku \u201eUlcinjske Rivijere\u201c Ulcinj - Ne znam da li da zapla?em dok u saop\u0161tenju\" \/>\n<meta name=\"robots\" content=\"index, follow, max-snippet:-1, max-image-preview:large, max-video-preview:-1\" \/>\n<link rel=\"canonical\" href=\"https:\/\/www.visit-ulcinj.com\/blog\/2008\/12\/19\/piperovic-neko-se-sali-ili-mora-nazad-u-skolu\/\" \/>\n<meta property=\"og:locale\" content=\"en_US\" \/>\n<meta property=\"og:type\" content=\"article\" \/>\n<meta property=\"og:title\" content=\"Piperovi?: Neko se \u0161ali ili mora nazad u \u0161kolu - Video - Lajme nga Ulqini\" \/>\n<meta property=\"og:description\" content=\"Advokat ulcinjskih porodica Rudovi? i Deli? odgovorio pravnom zastupniku \u201eUlcinjske Rivijere\u201c Ulcinj - Ne znam da li da zapla?em dok u saop\u0161tenju\" \/>\n<meta property=\"og:url\" content=\"https:\/\/www.visit-ulcinj.com\/blog\/2008\/12\/19\/piperovic-neko-se-sali-ili-mora-nazad-u-skolu\/\" \/>\n<meta property=\"og:site_name\" content=\"Lajme nga Ulqini\" \/>\n<meta property=\"article:published_time\" content=\"2008-12-19T15:50:35+00:00\" \/>\n<meta property=\"article:modified_time\" content=\"2008-12-23T17:23:03+00:00\" \/>\n<meta property=\"og:image\" content=\"http:\/\/www.visit-ulcinj.com\/blog\/wp-content\/uploads\/2008\/06\/zoran-piperovic.jpg\" \/>\n<meta name=\"twitter:label1\" content=\"Written by\" \/>\n\t<meta name=\"twitter:data1\" content=\"ulqini\" \/>\n\t<meta name=\"twitter:label2\" content=\"Est. reading time\" \/>\n\t<meta name=\"twitter:data2\" content=\"2 minutes\" \/>\n<script type=\"application\/ld+json\" class=\"yoast-schema-graph\">{\"@context\":\"https:\/\/schema.org\",\"@graph\":[{\"@type\":\"WebSite\",\"@id\":\"https:\/\/www.visit-ulcinj.com\/blog\/#website\",\"url\":\"https:\/\/www.visit-ulcinj.com\/blog\/\",\"name\":\"Lajme nga Ulqini\",\"description\":\"Lajme,Vijesti,Ulqini,Ulqin,Crna Gora,Mali i Zi\",\"potentialAction\":[{\"@type\":\"SearchAction\",\"target\":{\"@type\":\"EntryPoint\",\"urlTemplate\":\"https:\/\/www.visit-ulcinj.com\/blog\/?s={search_term_string}\"},\"query-input\":\"required name=search_term_string\"}],\"inLanguage\":\"en-US\"},{\"@type\":\"ImageObject\",\"inLanguage\":\"en-US\",\"@id\":\"https:\/\/www.visit-ulcinj.com\/blog\/2008\/12\/19\/piperovic-neko-se-sali-ili-mora-nazad-u-skolu\/#primaryimage\",\"url\":\"http:\/\/www.visit-ulcinj.com\/blog\/wp-content\/uploads\/2008\/06\/zoran-piperovic.jpg\",\"contentUrl\":\"http:\/\/www.visit-ulcinj.com\/blog\/wp-content\/uploads\/2008\/06\/zoran-piperovic.jpg\"},{\"@type\":\"WebPage\",\"@id\":\"https:\/\/www.visit-ulcinj.com\/blog\/2008\/12\/19\/piperovic-neko-se-sali-ili-mora-nazad-u-skolu\/#webpage\",\"url\":\"https:\/\/www.visit-ulcinj.com\/blog\/2008\/12\/19\/piperovic-neko-se-sali-ili-mora-nazad-u-skolu\/\",\"name\":\"Piperovi?: Neko se \u0161ali ili mora nazad u \u0161kolu - Video - Lajme nga Ulqini\",\"isPartOf\":{\"@id\":\"https:\/\/www.visit-ulcinj.com\/blog\/#website\"},\"primaryImageOfPage\":{\"@id\":\"https:\/\/www.visit-ulcinj.com\/blog\/2008\/12\/19\/piperovic-neko-se-sali-ili-mora-nazad-u-skolu\/#primaryimage\"},\"datePublished\":\"2008-12-19T15:50:35+00:00\",\"dateModified\":\"2008-12-23T17:23:03+00:00\",\"author\":{\"@id\":\"https:\/\/www.visit-ulcinj.com\/blog\/#\/schema\/person\/dcab619c614d3038751c63bc2aadc06d\"},\"description\":\"Advokat ulcinjskih porodica Rudovi? i Deli? odgovorio pravnom zastupniku \u201eUlcinjske Rivijere\u201c Ulcinj - Ne znam da li da zapla?em dok u saop\u0161tenju\",\"breadcrumb\":{\"@id\":\"https:\/\/www.visit-ulcinj.com\/blog\/2008\/12\/19\/piperovic-neko-se-sali-ili-mora-nazad-u-skolu\/#breadcrumb\"},\"inLanguage\":\"en-US\",\"potentialAction\":[{\"@type\":\"ReadAction\",\"target\":[\"https:\/\/www.visit-ulcinj.com\/blog\/2008\/12\/19\/piperovic-neko-se-sali-ili-mora-nazad-u-skolu\/\"]}]},{\"@type\":\"BreadcrumbList\",\"@id\":\"https:\/\/www.visit-ulcinj.com\/blog\/2008\/12\/19\/piperovic-neko-se-sali-ili-mora-nazad-u-skolu\/#breadcrumb\",\"itemListElement\":[{\"@type\":\"ListItem\",\"position\":1,\"name\":\"Piperovi?: Neko se \u0161ali ili mora nazad u \u0161kolu &#8211; Video\"}]},{\"@type\":\"Person\",\"@id\":\"https:\/\/www.visit-ulcinj.com\/blog\/#\/schema\/person\/dcab619c614d3038751c63bc2aadc06d\",\"name\":\"ulqini\",\"sameAs\":[\"http:\/\/www.visit-ulcinj.com\"],\"url\":\"https:\/\/www.visit-ulcinj.com\/blog\/author\/admin\/\"}]}<\/script>\n<!-- \/ Yoast SEO plugin. -->","yoast_head_json":{"title":"Piperovi?: Neko se \u0161ali ili mora nazad u \u0161kolu - Video - Lajme nga Ulqini","description":"Advokat ulcinjskih porodica Rudovi? i Deli? odgovorio pravnom zastupniku \u201eUlcinjske Rivijere\u201c Ulcinj - Ne znam da li da zapla?em dok u saop\u0161tenju","robots":{"index":"index","follow":"follow","max-snippet":"max-snippet:-1","max-image-preview":"max-image-preview:large","max-video-preview":"max-video-preview:-1"},"canonical":"https:\/\/www.visit-ulcinj.com\/blog\/2008\/12\/19\/piperovic-neko-se-sali-ili-mora-nazad-u-skolu\/","og_locale":"en_US","og_type":"article","og_title":"Piperovi?: Neko se \u0161ali ili mora nazad u \u0161kolu - Video - Lajme nga Ulqini","og_description":"Advokat ulcinjskih porodica Rudovi? i Deli? odgovorio pravnom zastupniku \u201eUlcinjske Rivijere\u201c Ulcinj - Ne znam da li da zapla?em dok u saop\u0161tenju","og_url":"https:\/\/www.visit-ulcinj.com\/blog\/2008\/12\/19\/piperovic-neko-se-sali-ili-mora-nazad-u-skolu\/","og_site_name":"Lajme nga Ulqini","article_published_time":"2008-12-19T15:50:35+00:00","article_modified_time":"2008-12-23T17:23:03+00:00","og_image":[{"url":"http:\/\/www.visit-ulcinj.com\/blog\/wp-content\/uploads\/2008\/06\/zoran-piperovic.jpg"}],"twitter_misc":{"Written by":"ulqini","Est. reading time":"2 minutes"},"schema":{"@context":"https:\/\/schema.org","@graph":[{"@type":"WebSite","@id":"https:\/\/www.visit-ulcinj.com\/blog\/#website","url":"https:\/\/www.visit-ulcinj.com\/blog\/","name":"Lajme nga Ulqini","description":"Lajme,Vijesti,Ulqini,Ulqin,Crna Gora,Mali i Zi","potentialAction":[{"@type":"SearchAction","target":{"@type":"EntryPoint","urlTemplate":"https:\/\/www.visit-ulcinj.com\/blog\/?s={search_term_string}"},"query-input":"required name=search_term_string"}],"inLanguage":"en-US"},{"@type":"ImageObject","inLanguage":"en-US","@id":"https:\/\/www.visit-ulcinj.com\/blog\/2008\/12\/19\/piperovic-neko-se-sali-ili-mora-nazad-u-skolu\/#primaryimage","url":"http:\/\/www.visit-ulcinj.com\/blog\/wp-content\/uploads\/2008\/06\/zoran-piperovic.jpg","contentUrl":"http:\/\/www.visit-ulcinj.com\/blog\/wp-content\/uploads\/2008\/06\/zoran-piperovic.jpg"},{"@type":"WebPage","@id":"https:\/\/www.visit-ulcinj.com\/blog\/2008\/12\/19\/piperovic-neko-se-sali-ili-mora-nazad-u-skolu\/#webpage","url":"https:\/\/www.visit-ulcinj.com\/blog\/2008\/12\/19\/piperovic-neko-se-sali-ili-mora-nazad-u-skolu\/","name":"Piperovi?: Neko se \u0161ali ili mora nazad u \u0161kolu - Video - Lajme nga Ulqini","isPartOf":{"@id":"https:\/\/www.visit-ulcinj.com\/blog\/#website"},"primaryImageOfPage":{"@id":"https:\/\/www.visit-ulcinj.com\/blog\/2008\/12\/19\/piperovic-neko-se-sali-ili-mora-nazad-u-skolu\/#primaryimage"},"datePublished":"2008-12-19T15:50:35+00:00","dateModified":"2008-12-23T17:23:03+00:00","author":{"@id":"https:\/\/www.visit-ulcinj.com\/blog\/#\/schema\/person\/dcab619c614d3038751c63bc2aadc06d"},"description":"Advokat ulcinjskih porodica Rudovi? i Deli? odgovorio pravnom zastupniku \u201eUlcinjske Rivijere\u201c Ulcinj - Ne znam da li da zapla?em dok u saop\u0161tenju","breadcrumb":{"@id":"https:\/\/www.visit-ulcinj.com\/blog\/2008\/12\/19\/piperovic-neko-se-sali-ili-mora-nazad-u-skolu\/#breadcrumb"},"inLanguage":"en-US","potentialAction":[{"@type":"ReadAction","target":["https:\/\/www.visit-ulcinj.com\/blog\/2008\/12\/19\/piperovic-neko-se-sali-ili-mora-nazad-u-skolu\/"]}]},{"@type":"BreadcrumbList","@id":"https:\/\/www.visit-ulcinj.com\/blog\/2008\/12\/19\/piperovic-neko-se-sali-ili-mora-nazad-u-skolu\/#breadcrumb","itemListElement":[{"@type":"ListItem","position":1,"name":"Piperovi?: Neko se \u0161ali ili mora nazad u \u0161kolu &#8211; Video"}]},{"@type":"Person","@id":"https:\/\/www.visit-ulcinj.com\/blog\/#\/schema\/person\/dcab619c614d3038751c63bc2aadc06d","name":"ulqini","sameAs":["http:\/\/www.visit-ulcinj.com"],"url":"https:\/\/www.visit-ulcinj.com\/blog\/author\/admin\/"}]}},"jetpack_featured_media_url":"","jetpack_sharing_enabled":true,"jetpack_shortlink":"https:\/\/wp.me\/pe6lTn-1WF","_links":{"self":[{"href":"https:\/\/www.visit-ulcinj.com\/blog\/wp-json\/wp\/v2\/posts\/7481"}],"collection":[{"href":"https:\/\/www.visit-ulcinj.com\/blog\/wp-json\/wp\/v2\/posts"}],"about":[{"href":"https:\/\/www.visit-ulcinj.com\/blog\/wp-json\/wp\/v2\/types\/post"}],"author":[{"embeddable":true,"href":"https:\/\/www.visit-ulcinj.com\/blog\/wp-json\/wp\/v2\/users\/1"}],"replies":[{"embeddable":true,"href":"https:\/\/www.visit-ulcinj.com\/blog\/wp-json\/wp\/v2\/comments?post=7481"}],"version-history":[{"count":0,"href":"https:\/\/www.visit-ulcinj.com\/blog\/wp-json\/wp\/v2\/posts\/7481\/revisions"}],"wp:attachment":[{"href":"https:\/\/www.visit-ulcinj.com\/blog\/wp-json\/wp\/v2\/media?parent=7481"}],"wp:term":[{"taxonomy":"category","embeddable":true,"href":"https:\/\/www.visit-ulcinj.com\/blog\/wp-json\/wp\/v2\/categories?post=7481"},{"taxonomy":"post_tag","embeddable":true,"href":"https:\/\/www.visit-ulcinj.com\/blog\/wp-json\/wp\/v2\/tags?post=7481"}],"curies":[{"name":"wp","href":"https:\/\/api.w.org\/{rel}","templated":true}]}}