{"id":74813,"date":"2013-09-17T08:12:17","date_gmt":"2013-09-17T07:12:17","guid":{"rendered":"http:\/\/www.visit-ulcinj.com\/blog\/?p=74813"},"modified":"2013-09-17T08:12:17","modified_gmt":"2013-09-17T07:12:17","slug":"dps-osvaja-ulcinj-bez-izbora","status":"publish","type":"post","link":"https:\/\/www.visit-ulcinj.com\/blog\/2013\/09\/17\/dps-osvaja-ulcinj-bez-izbora\/","title":{"rendered":"DPS osvaja Ulcinj bez izbora?"},"content":{"rendered":"<p><a href=\"http:\/\/www.visit-ulcinj.com\/blog\/wp-content\/uploads\/2013\/03\/filip-vujanovic-ulcinj.5.jpg\"><img loading=\"lazy\" class=\"alignleft  wp-image-69527\" alt=\"filip-vujanovic-ulcinj.5\" src=\"http:\/\/www.visit-ulcinj.com\/blog\/wp-content\/uploads\/2013\/03\/filip-vujanovic-ulcinj.5.jpg\" width=\"300\" height=\"350\" \/><\/a>Kriza vlasti koja potresa Ulcinj ve\u0107 nekoliko mjeseci, mogla bi da se rije\u0161i bez vanrednih izbora, ali bi pojedine partije zamijenile mjesta u lokalnom parlamentu.<\/p>\n<div>\n<p>Prema informacija Dnevnih novina, Forca i Demokratska partija socijalista su u pregovorima, tako da je vrlo izvjesno da \u0107e ove dvije partije voditi najju\u017eniji crnogorski grad do redovnih izbora na prolje\u0107e.<\/p>\n<p>U prilog ovoj tezi i izjava prvog \u010dovjeka ulcinjske op\u0161tine i lidera Force Nazifa Cungua, koji nam je kazao da ne razmi\u0161ljaju o izborima. S druge strane, u opozicionoj DPS nijesu htjeli da potvrde ali ni da demantuju da \u0107e ta partija podnijeti zahtjev za vanredne lokalne izbore. Me\u0111utim, kako ka\u017eu, spremni su za prekompoziciju vlasti.<\/p>\n<p>&#8220;Spremni smo za vanredne izbore ali i za neku vrstu prekompozicije vlasti i spremni smo da sjednemo sa \u010diniocima vlasti, kao opozicija, i da vidimo \u0161ta je ono \u0161to bi svi u interesu grada trebalo da radimo. Da li su to vanredni izbori ili ne\u0161to drugo, u narednim danama trebalo bi da bude rije\u0161eno&#8221;, istakao je poslanikDPS-a Lui\u0111 \u0160krelja.<\/p>\n<p>Predsjednik OO SDP Ulcinj Selim Resulbegovi\u0107 u razgovoru za DN kazao je da bi najpo\u0161tenije bilo da se raspi\u0161u novi izbori.<\/p>\n<p>&#8220;\u010cemu prekompozicija vlasti, kada smo ve\u0107 u izbornoj godini. Ne bi trebalo da se zamajavamo, najpo\u0161tenije je oti\u0107i na nove izbore. Ovo \u0161to se trenutno de\u0161ava jeste ruganje prema gra\u0111anima Ulcinja&#8221;, kazao je Resulbegovi\u0107, kojeg je sa mjesta potpredsjednika op\u0161tine razrije\u0161io Cungu, krajem jula.<\/p>\n<p><strong>\u00a0Izvor: Dnevne novine<br \/>\nCDM<br \/>\n<\/strong><\/p>\n<\/div>\n","protected":false},"excerpt":{"rendered":"<p>Kriza vlasti koja potresa Ulcinj ve\u0107 nekoliko mjeseci, mogla bi da se rije\u0161i bez vanrednih izbora, ali bi pojedine partije zamijenile mjesta u lokalnom parlamentu. Prema informacija Dnevnih novina, Forca i Demokratska partija socijalista su u pregovorima, tako da je vrlo izvjesno da \u0107e ove dvije partije voditi najju\u017eniji crnogorski grad do redovnih izbora na [&hellip;]<\/p>\n","protected":false},"author":1,"featured_media":0,"comment_status":"closed","ping_status":"closed","sticky":false,"template":"","format":"standard","meta":{"spay_email":"","jetpack_publicize_message":"","jetpack_is_tweetstorm":false,"jetpack_publicize_feature_enabled":true},"categories":[8337],"tags":[],"jetpack_publicize_connections":[],"yoast_head":"<!-- This site is optimized with the Yoast SEO plugin v19.1 - https:\/\/yoast.com\/wordpress\/plugins\/seo\/ -->\n<title>DPS osvaja Ulcinj bez izbora? - Lajme nga Ulqini<\/title>\n<meta name=\"description\" content=\"Kriza vlasti koja potresa Ulcinj ve\u0107 nekoliko mjeseci, mogla bi da se rije\u0161i bez vanrednih izbora, ali bi pojedine partije zamijenile mjesta u lokalnom\" \/>\n<meta name=\"robots\" content=\"index, follow, max-snippet:-1, max-image-preview:large, max-video-preview:-1\" \/>\n<link rel=\"canonical\" href=\"https:\/\/www.visit-ulcinj.com\/blog\/2013\/09\/17\/dps-osvaja-ulcinj-bez-izbora\/\" \/>\n<meta property=\"og:locale\" content=\"en_US\" \/>\n<meta property=\"og:type\" content=\"article\" \/>\n<meta property=\"og:title\" content=\"DPS osvaja Ulcinj bez izbora? - Lajme nga Ulqini\" \/>\n<meta property=\"og:description\" content=\"Kriza vlasti koja potresa Ulcinj ve\u0107 nekoliko mjeseci, mogla bi da se rije\u0161i bez vanrednih izbora, ali bi pojedine partije zamijenile mjesta u lokalnom\" \/>\n<meta property=\"og:url\" content=\"https:\/\/www.visit-ulcinj.com\/blog\/2013\/09\/17\/dps-osvaja-ulcinj-bez-izbora\/\" \/>\n<meta property=\"og:site_name\" content=\"Lajme nga Ulqini\" \/>\n<meta property=\"article:published_time\" content=\"2013-09-17T07:12:17+00:00\" \/>\n<meta property=\"og:image\" content=\"http:\/\/www.visit-ulcinj.com\/blog\/wp-content\/uploads\/2013\/03\/filip-vujanovic-ulcinj.5.jpg\" \/>\n<meta name=\"twitter:label1\" content=\"Written by\" \/>\n\t<meta name=\"twitter:data1\" content=\"ulqini\" \/>\n\t<meta name=\"twitter:label2\" content=\"Est. reading time\" \/>\n\t<meta name=\"twitter:data2\" content=\"1 minute\" \/>\n<script type=\"application\/ld+json\" class=\"yoast-schema-graph\">{\"@context\":\"https:\/\/schema.org\",\"@graph\":[{\"@type\":\"WebSite\",\"@id\":\"https:\/\/www.visit-ulcinj.com\/blog\/#website\",\"url\":\"https:\/\/www.visit-ulcinj.com\/blog\/\",\"name\":\"Lajme nga Ulqini\",\"description\":\"Lajme,Vijesti,Ulqini,Ulqin,Crna Gora,Mali i Zi\",\"potentialAction\":[{\"@type\":\"SearchAction\",\"target\":{\"@type\":\"EntryPoint\",\"urlTemplate\":\"https:\/\/www.visit-ulcinj.com\/blog\/?s={search_term_string}\"},\"query-input\":\"required name=search_term_string\"}],\"inLanguage\":\"en-US\"},{\"@type\":\"ImageObject\",\"inLanguage\":\"en-US\",\"@id\":\"https:\/\/www.visit-ulcinj.com\/blog\/2013\/09\/17\/dps-osvaja-ulcinj-bez-izbora\/#primaryimage\",\"url\":\"https:\/\/www.visit-ulcinj.com\/blog\/wp-content\/uploads\/2013\/03\/filip-vujanovic-ulcinj.5.jpg\",\"contentUrl\":\"https:\/\/www.visit-ulcinj.com\/blog\/wp-content\/uploads\/2013\/03\/filip-vujanovic-ulcinj.5.jpg\",\"width\":400,\"height\":300},{\"@type\":\"WebPage\",\"@id\":\"https:\/\/www.visit-ulcinj.com\/blog\/2013\/09\/17\/dps-osvaja-ulcinj-bez-izbora\/#webpage\",\"url\":\"https:\/\/www.visit-ulcinj.com\/blog\/2013\/09\/17\/dps-osvaja-ulcinj-bez-izbora\/\",\"name\":\"DPS osvaja Ulcinj bez izbora? - Lajme nga Ulqini\",\"isPartOf\":{\"@id\":\"https:\/\/www.visit-ulcinj.com\/blog\/#website\"},\"primaryImageOfPage\":{\"@id\":\"https:\/\/www.visit-ulcinj.com\/blog\/2013\/09\/17\/dps-osvaja-ulcinj-bez-izbora\/#primaryimage\"},\"datePublished\":\"2013-09-17T07:12:17+00:00\",\"dateModified\":\"2013-09-17T07:12:17+00:00\",\"author\":{\"@id\":\"https:\/\/www.visit-ulcinj.com\/blog\/#\/schema\/person\/dcab619c614d3038751c63bc2aadc06d\"},\"description\":\"Kriza vlasti koja potresa Ulcinj ve\u0107 nekoliko mjeseci, mogla bi da se rije\u0161i bez vanrednih izbora, ali bi pojedine partije zamijenile mjesta u lokalnom\",\"breadcrumb\":{\"@id\":\"https:\/\/www.visit-ulcinj.com\/blog\/2013\/09\/17\/dps-osvaja-ulcinj-bez-izbora\/#breadcrumb\"},\"inLanguage\":\"en-US\",\"potentialAction\":[{\"@type\":\"ReadAction\",\"target\":[\"https:\/\/www.visit-ulcinj.com\/blog\/2013\/09\/17\/dps-osvaja-ulcinj-bez-izbora\/\"]}]},{\"@type\":\"BreadcrumbList\",\"@id\":\"https:\/\/www.visit-ulcinj.com\/blog\/2013\/09\/17\/dps-osvaja-ulcinj-bez-izbora\/#breadcrumb\",\"itemListElement\":[{\"@type\":\"ListItem\",\"position\":1,\"name\":\"DPS osvaja Ulcinj bez izbora?\"}]},{\"@type\":\"Person\",\"@id\":\"https:\/\/www.visit-ulcinj.com\/blog\/#\/schema\/person\/dcab619c614d3038751c63bc2aadc06d\",\"name\":\"ulqini\",\"sameAs\":[\"http:\/\/www.visit-ulcinj.com\"],\"url\":\"https:\/\/www.visit-ulcinj.com\/blog\/author\/admin\/\"}]}<\/script>\n<!-- \/ Yoast SEO plugin. -->","yoast_head_json":{"title":"DPS osvaja Ulcinj bez izbora? - Lajme nga Ulqini","description":"Kriza vlasti koja potresa Ulcinj ve\u0107 nekoliko mjeseci, mogla bi da se rije\u0161i bez vanrednih izbora, ali bi pojedine partije zamijenile mjesta u lokalnom","robots":{"index":"index","follow":"follow","max-snippet":"max-snippet:-1","max-image-preview":"max-image-preview:large","max-video-preview":"max-video-preview:-1"},"canonical":"https:\/\/www.visit-ulcinj.com\/blog\/2013\/09\/17\/dps-osvaja-ulcinj-bez-izbora\/","og_locale":"en_US","og_type":"article","og_title":"DPS osvaja Ulcinj bez izbora? - Lajme nga Ulqini","og_description":"Kriza vlasti koja potresa Ulcinj ve\u0107 nekoliko mjeseci, mogla bi da se rije\u0161i bez vanrednih izbora, ali bi pojedine partije zamijenile mjesta u lokalnom","og_url":"https:\/\/www.visit-ulcinj.com\/blog\/2013\/09\/17\/dps-osvaja-ulcinj-bez-izbora\/","og_site_name":"Lajme nga Ulqini","article_published_time":"2013-09-17T07:12:17+00:00","og_image":[{"url":"http:\/\/www.visit-ulcinj.com\/blog\/wp-content\/uploads\/2013\/03\/filip-vujanovic-ulcinj.5.jpg"}],"twitter_misc":{"Written by":"ulqini","Est. reading time":"1 minute"},"schema":{"@context":"https:\/\/schema.org","@graph":[{"@type":"WebSite","@id":"https:\/\/www.visit-ulcinj.com\/blog\/#website","url":"https:\/\/www.visit-ulcinj.com\/blog\/","name":"Lajme nga Ulqini","description":"Lajme,Vijesti,Ulqini,Ulqin,Crna Gora,Mali i Zi","potentialAction":[{"@type":"SearchAction","target":{"@type":"EntryPoint","urlTemplate":"https:\/\/www.visit-ulcinj.com\/blog\/?s={search_term_string}"},"query-input":"required name=search_term_string"}],"inLanguage":"en-US"},{"@type":"ImageObject","inLanguage":"en-US","@id":"https:\/\/www.visit-ulcinj.com\/blog\/2013\/09\/17\/dps-osvaja-ulcinj-bez-izbora\/#primaryimage","url":"https:\/\/www.visit-ulcinj.com\/blog\/wp-content\/uploads\/2013\/03\/filip-vujanovic-ulcinj.5.jpg","contentUrl":"https:\/\/www.visit-ulcinj.com\/blog\/wp-content\/uploads\/2013\/03\/filip-vujanovic-ulcinj.5.jpg","width":400,"height":300},{"@type":"WebPage","@id":"https:\/\/www.visit-ulcinj.com\/blog\/2013\/09\/17\/dps-osvaja-ulcinj-bez-izbora\/#webpage","url":"https:\/\/www.visit-ulcinj.com\/blog\/2013\/09\/17\/dps-osvaja-ulcinj-bez-izbora\/","name":"DPS osvaja Ulcinj bez izbora? - Lajme nga Ulqini","isPartOf":{"@id":"https:\/\/www.visit-ulcinj.com\/blog\/#website"},"primaryImageOfPage":{"@id":"https:\/\/www.visit-ulcinj.com\/blog\/2013\/09\/17\/dps-osvaja-ulcinj-bez-izbora\/#primaryimage"},"datePublished":"2013-09-17T07:12:17+00:00","dateModified":"2013-09-17T07:12:17+00:00","author":{"@id":"https:\/\/www.visit-ulcinj.com\/blog\/#\/schema\/person\/dcab619c614d3038751c63bc2aadc06d"},"description":"Kriza vlasti koja potresa Ulcinj ve\u0107 nekoliko mjeseci, mogla bi da se rije\u0161i bez vanrednih izbora, ali bi pojedine partije zamijenile mjesta u lokalnom","breadcrumb":{"@id":"https:\/\/www.visit-ulcinj.com\/blog\/2013\/09\/17\/dps-osvaja-ulcinj-bez-izbora\/#breadcrumb"},"inLanguage":"en-US","potentialAction":[{"@type":"ReadAction","target":["https:\/\/www.visit-ulcinj.com\/blog\/2013\/09\/17\/dps-osvaja-ulcinj-bez-izbora\/"]}]},{"@type":"BreadcrumbList","@id":"https:\/\/www.visit-ulcinj.com\/blog\/2013\/09\/17\/dps-osvaja-ulcinj-bez-izbora\/#breadcrumb","itemListElement":[{"@type":"ListItem","position":1,"name":"DPS osvaja Ulcinj bez izbora?"}]},{"@type":"Person","@id":"https:\/\/www.visit-ulcinj.com\/blog\/#\/schema\/person\/dcab619c614d3038751c63bc2aadc06d","name":"ulqini","sameAs":["http:\/\/www.visit-ulcinj.com"],"url":"https:\/\/www.visit-ulcinj.com\/blog\/author\/admin\/"}]}},"jetpack_featured_media_url":"","jetpack_sharing_enabled":true,"jetpack_shortlink":"https:\/\/wp.me\/pe6lTn-jsF","_links":{"self":[{"href":"https:\/\/www.visit-ulcinj.com\/blog\/wp-json\/wp\/v2\/posts\/74813"}],"collection":[{"href":"https:\/\/www.visit-ulcinj.com\/blog\/wp-json\/wp\/v2\/posts"}],"about":[{"href":"https:\/\/www.visit-ulcinj.com\/blog\/wp-json\/wp\/v2\/types\/post"}],"author":[{"embeddable":true,"href":"https:\/\/www.visit-ulcinj.com\/blog\/wp-json\/wp\/v2\/users\/1"}],"replies":[{"embeddable":true,"href":"https:\/\/www.visit-ulcinj.com\/blog\/wp-json\/wp\/v2\/comments?post=74813"}],"version-history":[{"count":1,"href":"https:\/\/www.visit-ulcinj.com\/blog\/wp-json\/wp\/v2\/posts\/74813\/revisions"}],"predecessor-version":[{"id":74815,"href":"https:\/\/www.visit-ulcinj.com\/blog\/wp-json\/wp\/v2\/posts\/74813\/revisions\/74815"}],"wp:attachment":[{"href":"https:\/\/www.visit-ulcinj.com\/blog\/wp-json\/wp\/v2\/media?parent=74813"}],"wp:term":[{"taxonomy":"category","embeddable":true,"href":"https:\/\/www.visit-ulcinj.com\/blog\/wp-json\/wp\/v2\/categories?post=74813"},{"taxonomy":"post_tag","embeddable":true,"href":"https:\/\/www.visit-ulcinj.com\/blog\/wp-json\/wp\/v2\/tags?post=74813"}],"curies":[{"name":"wp","href":"https:\/\/api.w.org\/{rel}","templated":true}]}}