{"id":74816,"date":"2013-09-17T15:33:23","date_gmt":"2013-09-17T14:33:23","guid":{"rendered":"http:\/\/www.visit-ulcinj.com\/blog\/?p=74816"},"modified":"2013-09-18T06:47:46","modified_gmt":"2013-09-18T05:47:46","slug":"nika-ministria-nuk-financon-me-keshillin-nacional-shqiptar","status":"publish","type":"post","link":"https:\/\/www.visit-ulcinj.com\/blog\/2013\/09\/17\/nika-ministria-nuk-financon-me-keshillin-nacional-shqiptar\/","title":{"rendered":"Nika: Ministria nuk financon m\u00eb k\u00ebshillin nacional shqiptar?!!"},"content":{"rendered":"<p><strong><a href=\"http:\/\/www.visit-ulcinj.com\/blog\/wp-content\/uploads\/2009\/06\/muhamet-nika_ulqin.jpg\"><img loading=\"lazy\" class=\"alignleft size-full wp-image-22312\" alt=\"MUHAMET NIKA _KRYETARI I KUVENDIT T\u00cb KOMUNES SE ULQINIT\" src=\"http:\/\/www.visit-ulcinj.com\/blog\/wp-content\/uploads\/2009\/06\/muhamet-nika_ulqin.jpg\" width=\"290\" height=\"218\" \/><\/a>Shkruan :Muhamet Nika<\/strong><\/p>\n<p><strong>MINISTRIA NUK FINANCON M\u00cb K\u00cbSHILLIN NACIONAL SHQIPTAR?!!<\/strong><\/p>\n<p>Diku larg\u00a0 pas viteve 2007, n\u00eb koh\u00ebn kur\u00a0 ish-kryetari i Komun\u00ebs s\u00eb Ulqinit,\u00a0 i ndieri, Fuad Nimani, u b\u00eb minist\u00ebr i popujve pakic\u00eb, po duket\u00a0 \u00a0u p\u00ebrkujdes m\u00eb t\u00eb madhe q\u00eb t\u00eb formohej K\u00ebshilli Nacional i Shqiptar\u00ebve si subjekt k\u00ebshill\u00ebdh\u00ebn\u00ebs. Kjo u arrit n\u00eb saje t\u00eb \u00a0p\u00ebrkrahjes s\u00eb \u00a0elektor\u00ebve q\u00eb vinin, nga subjekti i Ld-s\u00eb dhe \u00a0t\u00eb \u00a0UDSH-s\u00eb. Subjektet tjera , shqiptare, n\u00eb at\u00eb koh\u00eb ose\u00a0 ishin t\u00eb pa organizuara\u00a0 ose t\u00eb pa informuara sa duhet,\u00a0 me \u00e7\u00ebshtjen e formimit t\u00eb k\u00ebshillit. Dhe k\u00ebshtu, i takoi, q\u00eb bashk\u00ebpun\u00ebtor \u00a0i par\u00eb i\u00a0 Nimanit ,nga \u00a0k\u00ebshilli t\u00eb b\u00ebhej, zotri, Tahir Tahiri, q\u00eb \u00a0vinte nga radh\u00ebt e Lidhjes Demokratike n\u00eb Mal t\u00eb Zi, dhe nj\u00ebkoh\u00ebsisht ishte , ish- n\u00ebnkryetar i komun\u00ebs s\u00eb Ulqinit.<\/p>\n<p>Motivet t\u00eb cilat e shtyn Nimanin , t\u00eb p\u00ebrkrah, kandidatin e Lidhjes, me elektor\u00ebt e vet, me siguri , ishin taktike, nga se me k\u00ebt\u00eb veprim, i binte q\u00eb edhe\u00a0 Lidhja ta pranoj\u00eb publikisht n\u00eb heshtje, ministrin\u00eb p\u00ebrkat\u00ebse, si dhe t\u00eb ndryshoj\u00eb programin e vet\u00a0 partiak dhe t\u2019i b\u00ebj\u00eb sh\u00ebrbim ish n\u00ebnkryetarit t\u00eb tij, z Tahirit, q\u00eb \u00a0t\u00eb mos bredh\u00eb rrug\u00ebve, pas disfat\u00ebs , q\u00eb p\u00ebsoi si kandidat p\u00ebr kryetar t\u00eb Komun\u00ebs s\u00eb Ulqinit , nga radh\u00ebt e Ld-s\u00eb.<\/p>\n<p>Duhet shtuar se n\u00eb k\u00ebt\u00eb koh\u00eb, askujt nuk i\u00a0 shkoi \u00a0n\u00eb mendje, se k\u00ebshillit, do t\u2018i lejohej, t\u2019i shkel\u00eb t\u00eb gjitha afatet p\u00ebr mbajtjen e kuvendit t\u00eb vet zgjedhor, dhe se ministria p\u00ebrkat\u00ebse, do t\u00eb lejonte pinjoll\u00ebt e Lidhjes, n\u00eb k\u00ebshill, t\u00eb mos mbajn\u00eb \u00a0fare , kuvendet \u00a0zgjedhore brenda afatit.<\/p>\n<p>Duhet shtuar se m\u00eb her\u00ebt, Lidhja, si \u00a0subjekt nuk pajtohej me k\u00ebshillin e p\u00ebrmendur, \u00a0duke th\u00ebn\u00eb se ai, duhet t\u00eb jet\u00eb jo vet\u00ebm k\u00ebshill\u00ebdh\u00ebn\u00ebs , por duhej t\u00eb kishte edhe \u00a0karakter ekzekutiv&#8230;?!! Ky subjekt, thjesht, n\u00eb heshtje, po \u00e7onte dor\u00eb prej programit t\u00eb saj, rreth ministris\u00eb dhe k\u00ebshillit&#8230;, kurse edhe kryetari i saj, z. Ferat Dinosha, i cili, ishte edhe<\/p>\n<p>arkitekt i k\u00ebtij projekti, edhe pse n\u00eb fillim e kontestoi, konstituimin e k\u00ebshillit , m\u00eb pas , n\u00eb heshtje, shohim se \u00a0edhe ai u pajtua me k\u00ebt\u00eb kompromis,\u00a0 q\u00eb b\u00ebn\u00eb nga prapavija LD n\u00eb MZ dhe UDSH\u00a0 rreth \u00a0k\u00ebshillit.<\/p>\n<p>Praktika, d\u00ebshmoi, q\u00eb formimi i k\u00ebshillit, dhe i fondit, nga ministria, ishte\u201d pun\u00eb me mend\u201d, sepse u b\u00eb promotor, i financimit po dhe i \u201ckeqp\u00ebrdorimit\u201d, t\u00eb mjeteve, n\u00eb llogari \u00a0\u00a0t\u00eb militant\u00ebve partiak\u00eb. \u00c7udit\u00ebrisht\u00a0 hetohet q\u00eb \u00a0puna e k\u00ebshillit,pasta ministris\u00eb p\u00ebrkat\u00ebse dhe e fondit t\u00eb pakicave,\u00a0 t\u00eb cilat , n\u00eb vete paraqesin nj\u00eb sistem kompakt , asnj\u00ebher\u00eb nuk ishte n\u00eb sh\u00ebnjest\u00ebr t\u00eb nj\u00ebmendt\u00eb t\u00eb opinionit gazetaresk, p\u00ebrve\u00e7 ndonj\u00eb p\u00ebrjashtimi margjinal. Aktualisht , problemet u\u00a0 hesht\u00ebn nga media&#8230;.?!!! Po p\u00ebrse ndodhi \u00a0kjo me K\u00ebshillin Nacional Shqiptar?<\/p>\n<p><a href=\"http:\/\/www.visit-ulcinj.com\/blog\/wp-content\/uploads\/2009\/11\/K\u00c3\u2039SHILLI-NACIONAL-I-SHQIPTAR\u00c3\u2039VE-N\u00c3\u2039-MALIN-E-ZI-.jpg\"><img loading=\"lazy\" class=\"alignleft  wp-image-27519\" alt=\"K\u00cbSHILLI NACIONAL I SHQIPTAR\u00cbVE N\u00cb MALIN E ZI-,K\u00cbSHILLI NACIONAL I SHQIPTAR\u00cbVE N\u00cb MALIN E ZI, NACIONALNI SAVJET ALBANACA U CRNOJ GORI, ALBANIAN  NATIONAL COUNCIL IN MONTENEGRO,\" src=\"http:\/\/www.visit-ulcinj.com\/blog\/wp-content\/uploads\/2009\/11\/K\u00c3\u2039SHILLI-NACIONAL-I-SHQIPTAR\u00c3\u2039VE-N\u00c3\u2039-MALIN-E-ZI-.jpg\" width=\"508\" height=\"300\" \/><\/a><\/p>\n<p><strong>\u00a0NET\u00cbT BIZANTINE N\u00cb INFORMIM&#8230;?!!<\/strong><\/p>\n<p>N\u00eb vendet ku sundoi diktatura komuniste dhe praktika e \u201c Net\u00ebve Bizantine\u201d, njeriu i thjesht\u00eb i \u00a0yni, n\u00eb \u00a0logjiken e vet ,ende \u00a0po duket se \u00a0\u00a0vuan \u00a0pasojat e lis\u00eb komuniste, si \u00a0dhe terrin e net\u00ebve bizantine. Ai n\u00eb \u00e7do veprim e sjellje t\u00eb arsyes s\u00eb vet, \u00a0po edhe n\u00eb konceptin e liris\u00eb s\u00eb informimit me opinionin e tij del shum\u00eb i cunguar , konformist dhe i pa organizuar p\u00ebr t\u00eb mir\u00eb. . Bile shpesh her\u00eb,\u00a0 ai , \u00a0n\u00eb m\u00ebnyr\u00eb t\u00eb pavet\u00ebdijshme , \u00ebsht\u00eb n\u00eb rrezik t\u00eb p\u00ebrhersh\u00ebm t\u00eb solidarizohet me t\u00eb keq\u00ebn, duke i sh\u00ebrbyer asaj dhe duke e \u00a0ndihmuar edhe p\u00ebrmes mjeteve t\u00eb \u00a0\u00a0informimit t\u00eb institucioneve publike e private. N\u00eb k\u00ebso situatash ai, hetohet , se kolektivisht, \u00a0vuan s\u00ebmundjen\u00a0 e tepric\u00ebs s\u00eb\u00a0 liris\u00eb, p\u00ebr t\u00eb cil\u00ebn do t\u00eb duhej , tu kund\u00ebrvihet \u00a0autoriteteve gllab\u00ebruese \u00a0\u00a0institucionnale. \u00a0Fromi ,opinionet e tilla t\u00eb mjedisit ton\u00eb, \u00a0i cil\u00ebson si komunitete , q\u00eb \u00a0shquhen p\u00ebr tepric\u00eb lirie&#8230; Ai cek, se\u00a0 individ\u00eb t\u00eb ndrysh\u00ebm , nuk din\u00eb \u00e7far\u00eb t\u00eb b\u00ebjn\u00eb me tepric\u00ebn e liris\u00eb, duke \u00a0anuar , nga \u00e7uar ja dor\u00eb\u00a0 prej saj?!! Nd\u00ebrsa, tentativ\u00ebn e mendimit intelektual, p\u00ebr tu \u00e7liruar nga gjendjet e tilla n\u00eb k\u00ebso situatash, Ni\u00e7e , n\u00eb \u201cMizat e tregut\u201d, i<\/p>\n<p>cil\u00ebson si t\u00eb pa kuptimta dhe t\u00eb panevojshme&#8230;Ai, \u00a0me sarkazmin e tij,duke e udh\u00ebzuar mikun e vet, me fjal\u00ebt: \u201dq\u00eb nuk t\u00eb ka hije ty or mik , t\u00eb rrosh shum\u00eb pran \u00a0xhuxh\u00ebve dhe t\u00eb\u00a0 p\u00ebrz\u00ebsh\u00a0 mizat e\u00a0 tregut&#8230;?!!!\u201d Thot\u00eb , se \u201c ata , jan\u00eb shum\u00eb dhe mund t\u00eb te pickojn\u00eb&#8230;, andaj arratisu larg \u00a0tyre&#8230;.?!!\u201d Po a jemi ne duke jetuar stade t\u00eb tilla t\u00eb\u00a0 cilat shquhen p\u00ebr auto censur\u00eb q\u00eb shoq\u00ebron mendimin\u00a0 intelektual edhe at\u00eb \u00a0t\u00eb \u00a0gazetaris\u00eb ,p\u00ebr momentin, themi me siguri q\u00eb po?!<\/p>\n<p>P\u00ebrse u hesht \u00e7\u00ebshtja e mos financimit t\u00eb K\u00ebshillit Nacional Shqiptar n\u00eb Mal t\u00eb Zi?! \u00cbsht\u00eb e v\u00ebrtet\u00eb se k\u00ebshilli nacional, me politik\u00ebn e vet, duke ndikuar n\u00eb ndarjen e nj\u00ebanshme t\u00eb mjete, \u00a0\u00a0pati sukses ,\u201d t\u00eb zbus\u201d dhe deri diku t\u00eb kanalizoj\u00eb edhe mendimin intelektual krijues, duke financuar projektet\u00a0 q\u00eb meritonin, por edhe projektet kontestuese. Njer\u00ebzit , nuk u binin n\u00eb qaf\u00eb, institucioneve t\u00eb tilla, nd\u00ebrsa ata q\u00eb e kund\u00ebrshtuan p\u00ebr her\u00eb t\u00eb par\u00eb, ndarjen jo ligjore t\u00eb mjeteve, si rasti i Shoqat\u00ebs Buzuku., e cila u ankua , duke fituar\u00a0 \u00e7\u00ebshtjen me gjyq, sh\u00ebrbeu si rast, p\u00ebr sektorin jo qeveritar malazias, p\u00ebr t\u00eb zbuluar, me revizion, keqp\u00ebrdorimet\u00a0 e b\u00ebra.<\/p>\n<p>Problemi\u00a0 nga shqiptar\u00ebt, u hesht, dhe intelektual\u00ebt shqiptar\u00eb me gazetar\u00ebt ,aktualisht, po duke se ran\u00eb n\u00eb nivelin e viteve \u00a0t\u00eb 40-ta, t\u00eb koh\u00ebs s\u00eb italian\u00ebve&#8230;. Thuhet se \u00a0shqiptar\u00ebt, p\u00ebr arsye q\u00eb dihet , pat\u00ebn filluar, n\u00eb k\u00ebt\u00eb koh\u00eb, q\u00eb edhe buk\u00ebs t\u2019i thon\u00eb pane &#8230;Kurse Fishta, p\u00ebr k\u00ebt\u00eb veprim, shkruante: \u201c N\u2019da\u00e7 thuaj buk e n\u2019da\u00e7 thuaj pane\/ ve\u00e7 pa te njer\u00ebzit mos t\u2019 mlane..\u201d. \u00a0Me k\u00ebt\u00eb nuk d\u00ebshirojm\u00eb t\u00eb nxjerrim n\u00eb pah , munges\u00ebn e guximit gazetaresk, p\u00ebr nj\u00eb gazetari \u00a0hulumtuese, por d\u00ebshirojm\u00eb t\u00eb potencojm\u00eb se deri te ajo , nuk mund t\u00eb arrihet pa formimin e mbrojtjes \u00a0p\u00ebrkat\u00ebse. Kjo amulli , q\u00eb shquante shqiptar\u00ebt, kish p\u00ebrfshir\u00eb t\u00eb gjith\u00eb k\u00ebshillat e popujve pakic\u00eb, t\u00eb cil\u00ebt, me sjelljet e \u00a0udh\u00eb heqjes s\u00eb vet , kishin dal\u00eb jasht\u00eb kontrollit\u00a0 institucional.<\/p>\n<p>Si duket, serb\u00ebt, duke qen\u00eb t\u00eb pak\u00ebnaqur, me statusin e\u00a0 tyre si popull pakic\u00eb ,q\u00eb preferonte k\u00ebshilli i tyre ekzistues, sipas \u201d nj\u00eb taktike zgjedhore\u201d, shfryt\u00ebzuan rastin , q\u00eb t\u00eb delegonin, nj\u00eb num\u00ebr tep\u00ebr t\u00eb madh t\u00eb elektor\u00ebve, p\u00ebr n\u00eb kuvendin zgjedhor t\u00eb k\u00ebshillit, dhe\u00a0 t\u00eb cilin, pastaj e sabotuan , duke mos shkuar n\u00eb mbledhje p\u00ebr t\u00eb penguar \u00a0k\u00ebshtu kuorumin&#8230;N\u00eb k\u00ebt\u00eb situat\u00eb, ministria, si mbik\u00ebqyr\u00ebse ,\u00a0 konstatoi shp\u00ebrb\u00ebrjen e K\u00ebshillit\u00a0\u00a0 Nacional Serb, dhe n\u00eb t\u00eb nj\u00ebjt\u00ebn koh\u00eb \u00a0\u00a0ndaloi financimin e K\u00ebshillit Nacional Shqiptar, sepse nuk kish pasur sukses t\u00eb mbaj kuvendin zgjedhor.<\/p>\n<p>Ky akt i ministris\u00eb u p\u00ebrsh\u00ebndet nga nj\u00eb grup i elektor\u00ebve shqiptar\u00eb me motiv se ky hap \u00ebsht\u00eb dashur t\u00eb b\u00ebhet kaher\u00eb dhe q\u00eb ministria \u00ebsht\u00eb duke lejuar t\u00eb palejueshmen,andaj n\u00ebse vazhdohet me k\u00ebt\u00eb rit\u00ebm, kan\u00eb p\u00ebr t\u00eb njoftuar opinionin e brendsh\u00ebm dhe t\u00eb jasht\u00ebm,rreth cenimit \u00a0t\u00eb \u00a0s\u00eb drejt\u00ebs p\u00ebr t\u00eb qen\u00eb i zgjedhur.<\/p>\n<p>Shikuar sipas praktik\u00ebs juridike, t\u00eb gjith\u00eb elektor\u00ebt ekzistues, bashk\u00eb me kryetarin e k\u00ebshillit, p\u00ebr k\u00ebt\u00eb shkelje t\u00eb afatit zgjedhor,\u00a0 n\u00ebnkupton \u00a0n\u00eb vetvete, se ata e kan\u00eb humbur t\u00eb drejt\u00ebn e zgjedhjes. \u00cbsht\u00eb interesant, fakti , q\u00eb vet\u00eb k\u00ebshilli dhe subjektet politike shqiptare po e heshtin \u00e7\u00ebshtjen , thua se \u00e7do gj\u00eb \u00ebsht\u00eb n\u00eb rregull&#8230;Nd\u00ebrsa , nuk e din\u00eb se taktika e sabotimit, mund t\u00eb \u00e7oj\u00eb t\u00eb shp\u00ebrb\u00ebrja e k\u00ebshillit sipas metod\u00ebs q\u00eb praktikuan elektor\u00ebt serb me k\u00ebshillin e vet. Shpata e Demokleut u rri mbi kok\u00eb.<\/p>\n","protected":false},"excerpt":{"rendered":"<p>Shkruan :Muhamet Nika MINISTRIA NUK FINANCON M\u00cb K\u00cbSHILLIN NACIONAL SHQIPTAR?!! Diku larg\u00a0 pas viteve 2007, n\u00eb koh\u00ebn kur\u00a0 ish-kryetari i Komun\u00ebs s\u00eb Ulqinit,\u00a0 i ndieri, Fuad Nimani, u b\u00eb minist\u00ebr i popujve pakic\u00eb, po duket\u00a0 \u00a0u p\u00ebrkujdes m\u00eb t\u00eb madhe q\u00eb t\u00eb formohej K\u00ebshilli Nacional i Shqiptar\u00ebve si subjekt k\u00ebshill\u00ebdh\u00ebn\u00ebs. Kjo u arrit n\u00eb saje [&hellip;]<\/p>\n","protected":false},"author":1,"featured_media":0,"comment_status":"closed","ping_status":"closed","sticky":false,"template":"","format":"standard","meta":{"spay_email":"","jetpack_publicize_message":"","jetpack_is_tweetstorm":false,"jetpack_publicize_feature_enabled":true},"categories":[1,12],"tags":[],"jetpack_publicize_connections":[],"yoast_head":"<!-- This site is optimized with the Yoast SEO plugin v19.1 - https:\/\/yoast.com\/wordpress\/plugins\/seo\/ -->\n<title>Nika: Ministria nuk financon m\u00eb k\u00ebshillin nacional shqiptar?!! - Lajme nga Ulqini<\/title>\n<meta name=\"description\" content=\"Shkruan :Muhamet Nika MINISTRIA NUK FINANCON M\u00cb K\u00cbSHILLIN NACIONAL SHQIPTAR?!! Diku larg\u00a0 pas viteve 2007, n\u00eb koh\u00ebn kur\u00a0 ish-kryetari i Komun\u00ebs s\u00eb\" \/>\n<meta name=\"robots\" content=\"index, follow, max-snippet:-1, max-image-preview:large, max-video-preview:-1\" \/>\n<link rel=\"canonical\" href=\"https:\/\/www.visit-ulcinj.com\/blog\/2013\/09\/17\/nika-ministria-nuk-financon-me-keshillin-nacional-shqiptar\/\" \/>\n<meta property=\"og:locale\" content=\"en_US\" \/>\n<meta property=\"og:type\" content=\"article\" \/>\n<meta property=\"og:title\" content=\"Nika: Ministria nuk financon m\u00eb k\u00ebshillin nacional shqiptar?!! - Lajme nga Ulqini\" \/>\n<meta property=\"og:description\" content=\"Shkruan :Muhamet Nika MINISTRIA NUK FINANCON M\u00cb K\u00cbSHILLIN NACIONAL SHQIPTAR?!! Diku larg\u00a0 pas viteve 2007, n\u00eb koh\u00ebn kur\u00a0 ish-kryetari i Komun\u00ebs s\u00eb\" \/>\n<meta property=\"og:url\" content=\"https:\/\/www.visit-ulcinj.com\/blog\/2013\/09\/17\/nika-ministria-nuk-financon-me-keshillin-nacional-shqiptar\/\" \/>\n<meta property=\"og:site_name\" content=\"Lajme nga Ulqini\" \/>\n<meta property=\"article:published_time\" content=\"2013-09-17T14:33:23+00:00\" \/>\n<meta property=\"article:modified_time\" content=\"2013-09-18T05:47:46+00:00\" \/>\n<meta property=\"og:image\" content=\"http:\/\/www.visit-ulcinj.com\/blog\/wp-content\/uploads\/2009\/06\/muhamet-nika_ulqin.jpg\" \/>\n<meta name=\"twitter:label1\" content=\"Written by\" \/>\n\t<meta name=\"twitter:data1\" content=\"ulqini\" \/>\n\t<meta name=\"twitter:label2\" content=\"Est. reading time\" \/>\n\t<meta name=\"twitter:data2\" content=\"7 minutes\" \/>\n<script type=\"application\/ld+json\" class=\"yoast-schema-graph\">{\"@context\":\"https:\/\/schema.org\",\"@graph\":[{\"@type\":\"WebSite\",\"@id\":\"https:\/\/www.visit-ulcinj.com\/blog\/#website\",\"url\":\"https:\/\/www.visit-ulcinj.com\/blog\/\",\"name\":\"Lajme nga Ulqini\",\"description\":\"Lajme,Vijesti,Ulqini,Ulqin,Crna Gora,Mali i Zi\",\"potentialAction\":[{\"@type\":\"SearchAction\",\"target\":{\"@type\":\"EntryPoint\",\"urlTemplate\":\"https:\/\/www.visit-ulcinj.com\/blog\/?s={search_term_string}\"},\"query-input\":\"required name=search_term_string\"}],\"inLanguage\":\"en-US\"},{\"@type\":\"ImageObject\",\"inLanguage\":\"en-US\",\"@id\":\"https:\/\/www.visit-ulcinj.com\/blog\/2013\/09\/17\/nika-ministria-nuk-financon-me-keshillin-nacional-shqiptar\/#primaryimage\",\"url\":\"https:\/\/www.visit-ulcinj.com\/blog\/wp-content\/uploads\/2009\/06\/muhamet-nika_ulqin.jpg\",\"contentUrl\":\"https:\/\/www.visit-ulcinj.com\/blog\/wp-content\/uploads\/2009\/06\/muhamet-nika_ulqin.jpg\",\"width\":\"290\",\"height\":\"218\"},{\"@type\":\"WebPage\",\"@id\":\"https:\/\/www.visit-ulcinj.com\/blog\/2013\/09\/17\/nika-ministria-nuk-financon-me-keshillin-nacional-shqiptar\/#webpage\",\"url\":\"https:\/\/www.visit-ulcinj.com\/blog\/2013\/09\/17\/nika-ministria-nuk-financon-me-keshillin-nacional-shqiptar\/\",\"name\":\"Nika: Ministria nuk financon m\u00eb k\u00ebshillin nacional shqiptar?!! - Lajme nga Ulqini\",\"isPartOf\":{\"@id\":\"https:\/\/www.visit-ulcinj.com\/blog\/#website\"},\"primaryImageOfPage\":{\"@id\":\"https:\/\/www.visit-ulcinj.com\/blog\/2013\/09\/17\/nika-ministria-nuk-financon-me-keshillin-nacional-shqiptar\/#primaryimage\"},\"datePublished\":\"2013-09-17T14:33:23+00:00\",\"dateModified\":\"2013-09-18T05:47:46+00:00\",\"author\":{\"@id\":\"https:\/\/www.visit-ulcinj.com\/blog\/#\/schema\/person\/dcab619c614d3038751c63bc2aadc06d\"},\"description\":\"Shkruan :Muhamet Nika MINISTRIA NUK FINANCON M\u00cb K\u00cbSHILLIN NACIONAL SHQIPTAR?!! Diku larg\u00a0 pas viteve 2007, n\u00eb koh\u00ebn kur\u00a0 ish-kryetari i Komun\u00ebs s\u00eb\",\"breadcrumb\":{\"@id\":\"https:\/\/www.visit-ulcinj.com\/blog\/2013\/09\/17\/nika-ministria-nuk-financon-me-keshillin-nacional-shqiptar\/#breadcrumb\"},\"inLanguage\":\"en-US\",\"potentialAction\":[{\"@type\":\"ReadAction\",\"target\":[\"https:\/\/www.visit-ulcinj.com\/blog\/2013\/09\/17\/nika-ministria-nuk-financon-me-keshillin-nacional-shqiptar\/\"]}]},{\"@type\":\"BreadcrumbList\",\"@id\":\"https:\/\/www.visit-ulcinj.com\/blog\/2013\/09\/17\/nika-ministria-nuk-financon-me-keshillin-nacional-shqiptar\/#breadcrumb\",\"itemListElement\":[{\"@type\":\"ListItem\",\"position\":1,\"name\":\"Nika: Ministria nuk financon m\u00eb k\u00ebshillin nacional shqiptar?!!\"}]},{\"@type\":\"Person\",\"@id\":\"https:\/\/www.visit-ulcinj.com\/blog\/#\/schema\/person\/dcab619c614d3038751c63bc2aadc06d\",\"name\":\"ulqini\",\"sameAs\":[\"http:\/\/www.visit-ulcinj.com\"],\"url\":\"https:\/\/www.visit-ulcinj.com\/blog\/author\/admin\/\"}]}<\/script>\n<!-- \/ Yoast SEO plugin. -->","yoast_head_json":{"title":"Nika: Ministria nuk financon m\u00eb k\u00ebshillin nacional shqiptar?!! - Lajme nga Ulqini","description":"Shkruan :Muhamet Nika MINISTRIA NUK FINANCON M\u00cb K\u00cbSHILLIN NACIONAL SHQIPTAR?!! Diku larg\u00a0 pas viteve 2007, n\u00eb koh\u00ebn kur\u00a0 ish-kryetari i Komun\u00ebs s\u00eb","robots":{"index":"index","follow":"follow","max-snippet":"max-snippet:-1","max-image-preview":"max-image-preview:large","max-video-preview":"max-video-preview:-1"},"canonical":"https:\/\/www.visit-ulcinj.com\/blog\/2013\/09\/17\/nika-ministria-nuk-financon-me-keshillin-nacional-shqiptar\/","og_locale":"en_US","og_type":"article","og_title":"Nika: Ministria nuk financon m\u00eb k\u00ebshillin nacional shqiptar?!! - Lajme nga Ulqini","og_description":"Shkruan :Muhamet Nika MINISTRIA NUK FINANCON M\u00cb K\u00cbSHILLIN NACIONAL SHQIPTAR?!! Diku larg\u00a0 pas viteve 2007, n\u00eb koh\u00ebn kur\u00a0 ish-kryetari i Komun\u00ebs s\u00eb","og_url":"https:\/\/www.visit-ulcinj.com\/blog\/2013\/09\/17\/nika-ministria-nuk-financon-me-keshillin-nacional-shqiptar\/","og_site_name":"Lajme nga Ulqini","article_published_time":"2013-09-17T14:33:23+00:00","article_modified_time":"2013-09-18T05:47:46+00:00","og_image":[{"url":"http:\/\/www.visit-ulcinj.com\/blog\/wp-content\/uploads\/2009\/06\/muhamet-nika_ulqin.jpg"}],"twitter_misc":{"Written by":"ulqini","Est. reading time":"7 minutes"},"schema":{"@context":"https:\/\/schema.org","@graph":[{"@type":"WebSite","@id":"https:\/\/www.visit-ulcinj.com\/blog\/#website","url":"https:\/\/www.visit-ulcinj.com\/blog\/","name":"Lajme nga Ulqini","description":"Lajme,Vijesti,Ulqini,Ulqin,Crna Gora,Mali i Zi","potentialAction":[{"@type":"SearchAction","target":{"@type":"EntryPoint","urlTemplate":"https:\/\/www.visit-ulcinj.com\/blog\/?s={search_term_string}"},"query-input":"required name=search_term_string"}],"inLanguage":"en-US"},{"@type":"ImageObject","inLanguage":"en-US","@id":"https:\/\/www.visit-ulcinj.com\/blog\/2013\/09\/17\/nika-ministria-nuk-financon-me-keshillin-nacional-shqiptar\/#primaryimage","url":"https:\/\/www.visit-ulcinj.com\/blog\/wp-content\/uploads\/2009\/06\/muhamet-nika_ulqin.jpg","contentUrl":"https:\/\/www.visit-ulcinj.com\/blog\/wp-content\/uploads\/2009\/06\/muhamet-nika_ulqin.jpg","width":"290","height":"218"},{"@type":"WebPage","@id":"https:\/\/www.visit-ulcinj.com\/blog\/2013\/09\/17\/nika-ministria-nuk-financon-me-keshillin-nacional-shqiptar\/#webpage","url":"https:\/\/www.visit-ulcinj.com\/blog\/2013\/09\/17\/nika-ministria-nuk-financon-me-keshillin-nacional-shqiptar\/","name":"Nika: Ministria nuk financon m\u00eb k\u00ebshillin nacional shqiptar?!! - Lajme nga Ulqini","isPartOf":{"@id":"https:\/\/www.visit-ulcinj.com\/blog\/#website"},"primaryImageOfPage":{"@id":"https:\/\/www.visit-ulcinj.com\/blog\/2013\/09\/17\/nika-ministria-nuk-financon-me-keshillin-nacional-shqiptar\/#primaryimage"},"datePublished":"2013-09-17T14:33:23+00:00","dateModified":"2013-09-18T05:47:46+00:00","author":{"@id":"https:\/\/www.visit-ulcinj.com\/blog\/#\/schema\/person\/dcab619c614d3038751c63bc2aadc06d"},"description":"Shkruan :Muhamet Nika MINISTRIA NUK FINANCON M\u00cb K\u00cbSHILLIN NACIONAL SHQIPTAR?!! Diku larg\u00a0 pas viteve 2007, n\u00eb koh\u00ebn kur\u00a0 ish-kryetari i Komun\u00ebs s\u00eb","breadcrumb":{"@id":"https:\/\/www.visit-ulcinj.com\/blog\/2013\/09\/17\/nika-ministria-nuk-financon-me-keshillin-nacional-shqiptar\/#breadcrumb"},"inLanguage":"en-US","potentialAction":[{"@type":"ReadAction","target":["https:\/\/www.visit-ulcinj.com\/blog\/2013\/09\/17\/nika-ministria-nuk-financon-me-keshillin-nacional-shqiptar\/"]}]},{"@type":"BreadcrumbList","@id":"https:\/\/www.visit-ulcinj.com\/blog\/2013\/09\/17\/nika-ministria-nuk-financon-me-keshillin-nacional-shqiptar\/#breadcrumb","itemListElement":[{"@type":"ListItem","position":1,"name":"Nika: Ministria nuk financon m\u00eb k\u00ebshillin nacional shqiptar?!!"}]},{"@type":"Person","@id":"https:\/\/www.visit-ulcinj.com\/blog\/#\/schema\/person\/dcab619c614d3038751c63bc2aadc06d","name":"ulqini","sameAs":["http:\/\/www.visit-ulcinj.com"],"url":"https:\/\/www.visit-ulcinj.com\/blog\/author\/admin\/"}]}},"jetpack_featured_media_url":"","jetpack_sharing_enabled":true,"jetpack_shortlink":"https:\/\/wp.me\/pe6lTn-jsI","_links":{"self":[{"href":"https:\/\/www.visit-ulcinj.com\/blog\/wp-json\/wp\/v2\/posts\/74816"}],"collection":[{"href":"https:\/\/www.visit-ulcinj.com\/blog\/wp-json\/wp\/v2\/posts"}],"about":[{"href":"https:\/\/www.visit-ulcinj.com\/blog\/wp-json\/wp\/v2\/types\/post"}],"author":[{"embeddable":true,"href":"https:\/\/www.visit-ulcinj.com\/blog\/wp-json\/wp\/v2\/users\/1"}],"replies":[{"embeddable":true,"href":"https:\/\/www.visit-ulcinj.com\/blog\/wp-json\/wp\/v2\/comments?post=74816"}],"version-history":[{"count":2,"href":"https:\/\/www.visit-ulcinj.com\/blog\/wp-json\/wp\/v2\/posts\/74816\/revisions"}],"predecessor-version":[{"id":74847,"href":"https:\/\/www.visit-ulcinj.com\/blog\/wp-json\/wp\/v2\/posts\/74816\/revisions\/74847"}],"wp:attachment":[{"href":"https:\/\/www.visit-ulcinj.com\/blog\/wp-json\/wp\/v2\/media?parent=74816"}],"wp:term":[{"taxonomy":"category","embeddable":true,"href":"https:\/\/www.visit-ulcinj.com\/blog\/wp-json\/wp\/v2\/categories?post=74816"},{"taxonomy":"post_tag","embeddable":true,"href":"https:\/\/www.visit-ulcinj.com\/blog\/wp-json\/wp\/v2\/tags?post=74816"}],"curies":[{"name":"wp","href":"https:\/\/api.w.org\/{rel}","templated":true}]}}