{"id":74819,"date":"2013-09-17T15:44:30","date_gmt":"2013-09-17T14:44:30","guid":{"rendered":"http:\/\/www.visit-ulcinj.com\/blog\/?p=74819"},"modified":"2013-09-17T15:47:12","modified_gmt":"2013-09-17T14:47:12","slug":"promovimi-i-librit-i-prof-dr-sime-dobrecit","status":"publish","type":"post","link":"https:\/\/www.visit-ulcinj.com\/blog\/2013\/09\/17\/promovimi-i-librit-i-prof-dr-sime-dobrecit\/","title":{"rendered":"Promovimi i librit i prof. dr. Sim\u00eb Dobrecit + Foto"},"content":{"rendered":"<p><a href=\"http:\/\/www.visit-ulcinj.com\/blog\/wp-content\/uploads\/2013\/09\/Promovimi-i-librit-i-prof.-dr.-Sim\u00eb-Dobrecit.jpg\"><img loading=\"lazy\" class=\"alignleft  wp-image-74820\" alt=\"Promovimi i librit i prof. dr. Sim\u00eb Dobrecit\" src=\"http:\/\/www.visit-ulcinj.com\/blog\/wp-content\/uploads\/2013\/09\/Promovimi-i-librit-i-prof.-dr.-Sim\u00eb-Dobrecit.jpg\" width=\"508\" height=\"360\" \/><\/a>Prof. dr. Sim\u00eb Dobreci \u00ebsht\u00eb nj\u00eb nd\u00ebr figurat m\u00eb markante n\u00eb qytetit ton\u00eb t\u00eb bukur. N\u00eb promovimin e librit, p\u00ebr mjeksi, dhe p\u00ebr pun\u00ebn e ti kan\u00eb folur ato t\u00eb cil\u00ebt jan kompeternt, dhe mua m\u00eb mbet\u00ebn shum\u00eb pak p\u00ebr ti th\u00ebn\u00eb disa fjal\u00eb p\u00ebr dr. Sim\u00ebn. E takoj nga nj\u00eb her\u00eb n\u00eb Ran\u00eb, pasi q\u00eb e don Ran\u00ebn. Shetit m\u00eb bashk\u00ebshorten, vjen deri ke molloja&#8230;Neve na ka mbet\u00eb n\u00eb kujtes\u00eb \u00e7\u00eb nga koha, kur dr. Sima, ka filluar si mjek i ri, me punuar n\u00eb Ran\u00eb. Bile n\u00eb Ran\u00eb ka qen\u00eb edhe ambulanta,..E p\u00ebrkujtoj edhe n\u00eb disa &#8220;fjal\u00eb&#8221; t\u00eb cil\u00ebt kan\u00eb mbetur nga ajo koh\u00eb, kur Dr. Sima ka punuar n\u00eb Ran\u00eb. Qeshet.<br \/>\n<a href=\"http:\/\/www.visit-ulcinj.com\/blog\/wp-content\/uploads\/2013\/09\/Promovimi-i-librit-i-prof.-dr.-Sim\u00eb-Dobrecit-1.jpg\"><img loading=\"lazy\" class=\"alignleft  wp-image-74821\" alt=\"Promovimi i librit i prof. dr. Sim\u00eb Dobrecit-1\" src=\"http:\/\/www.visit-ulcinj.com\/blog\/wp-content\/uploads\/2013\/09\/Promovimi-i-librit-i-prof.-dr.-Sim\u00eb-Dobrecit-1.jpg\" width=\"508\" height=\"360\" \/><\/a><\/p>\n<p>N\u00eb mbremje t\u00eb dedikur k\u00ebsaj figure t\u00eb madhe t\u00eb mjeksis\u00eb ton\u00eb, p\u00ebr librit e fundit&#8221; Dermatomikozat&#8230;&#8221; t\u00eb cili\u00ebn terminologji, ne e kemi v\u00ebshtir\u00eb edhe ta shkruam, e jo ta mbajm nd\u00ebr mend, kan\u00eb folur, dr. Nail Draga, Dr. Gani Karamanaga dhe shkrimtari Hajro Ulqinaku, si moderator. N\u00eb fund, edhe disa nga t\u00eb pranishmit, kan\u00eb evokuar kujtimet n\u00eb prof. dr. Sim\u00eb Dobrecin..Un\u00eb nuk kam \u00e7ka ti shtoj m\u00eb. P\u00ebr dr.Sim\u00ebn kan\u00eb me fol\u00eb gjenerat edhe m\u00eb von\u00eb, duke u frymzuar m\u00eb let\u00ebrsin, shkenc\u00ebn dhe m\u00eb t\u00eb gjith\u00eb ato materijale, t\u00eb cil\u00ebt kan\u00eb me mbet\u00eb si nj\u00eb pasuri e mjeksis\u00eb ton\u00eb, an\u00eb e mbar\u00eb bot\u00ebs shqiptare. Dr. Sim\u00eb Dobreci \u00ebsht\u00eb nj\u00eb figur e cila pa dyshim ka, nj\u00eb vend t\u00eb posa\u00e7\u00ebm n\u00eb mjeksin\u00eb ton\u00eb. Un\u00eb i d\u00ebshiroj nj\u00eb jet\u00eb t\u00eb gjat\u00eb, t\u00eb punojn..dhe mos t\u00eb &#8221; plaket&#8221; kurr\u00eb, pasi q\u00eb shpirti i k\u00ebtij zotri ka me mbet\u00eb gjithmon\u00eb i ri..<\/p>\n<p data-ft=\"{&quot;tn&quot;:&quot;C&quot;}\"><strong><a id=\"js_95\" href=\"https:\/\/www.facebook.com\/ismet.karamanaga?hc_location=timeline\" data-hovercard=\"\/ajax\/hovercard\/user.php?id=1359492972&amp;extragetparams=%7B%22hc_location%22%3A%22timeline%22%7D\">Per me tep\u00ebr Foto Ismet Karamanaga Facebook<\/a><\/strong><\/p>\n<p><a href=\"http:\/\/www.visit-ulcinj.com\/blog\/wp-content\/uploads\/2013\/09\/Promovimi-i-librit-i-prof.-dr.-Sim\u00eb-Dobrecit-2.jpg\"><img loading=\"lazy\" class=\"alignleft size-full wp-image-74822\" alt=\"Promovimi i librit i prof. dr. Sim\u00eb Dobrecit-2\" src=\"http:\/\/www.visit-ulcinj.com\/blog\/wp-content\/uploads\/2013\/09\/Promovimi-i-librit-i-prof.-dr.-Sim\u00eb-Dobrecit-2.jpg\" width=\"508\" height=\"360\" \/><\/a><\/p>\n<p><a href=\"http:\/\/www.visit-ulcinj.com\/blog\/wp-content\/uploads\/2013\/09\/Promovimi-i-librit-i-prof.-dr.-Sim\u00eb-Dobrecit-3.jpg\"><img loading=\"lazy\" class=\"alignleft size-full wp-image-74823\" alt=\"Promovimi i librit i prof. dr. Sim\u00eb Dobrecit-3\" src=\"http:\/\/www.visit-ulcinj.com\/blog\/wp-content\/uploads\/2013\/09\/Promovimi-i-librit-i-prof.-dr.-Sim\u00eb-Dobrecit-3.jpg\" width=\"508\" height=\"360\" \/><\/a><\/p>\n<p><a href=\"http:\/\/www.visit-ulcinj.com\/blog\/wp-content\/uploads\/2013\/09\/Promovimi-i-librit-i-prof.-dr.-Sim\u00eb-Dobrecit-4.jpg\"><img loading=\"lazy\" class=\"alignleft size-full wp-image-74824\" alt=\"Promovimi i librit i prof. dr. Sim\u00eb Dobrecit-4\" src=\"http:\/\/www.visit-ulcinj.com\/blog\/wp-content\/uploads\/2013\/09\/Promovimi-i-librit-i-prof.-dr.-Sim\u00eb-Dobrecit-4.jpg\" width=\"508\" height=\"360\" \/><\/a><\/p>\n","protected":false},"excerpt":{"rendered":"<p>Prof. dr. Sim\u00eb Dobreci \u00ebsht\u00eb nj\u00eb nd\u00ebr figurat m\u00eb markante n\u00eb qytetit ton\u00eb t\u00eb bukur. N\u00eb promovimin e librit, p\u00ebr mjeksi, dhe p\u00ebr pun\u00ebn e ti kan\u00eb folur ato t\u00eb cil\u00ebt jan kompeternt, dhe mua m\u00eb mbet\u00ebn shum\u00eb pak p\u00ebr ti th\u00ebn\u00eb disa fjal\u00eb p\u00ebr dr. Sim\u00ebn. E takoj nga nj\u00eb her\u00eb n\u00eb Ran\u00eb, pasi [&hellip;]<\/p>\n","protected":false},"author":1,"featured_media":0,"comment_status":"closed","ping_status":"closed","sticky":false,"template":"","format":"standard","meta":{"spay_email":"","jetpack_publicize_message":"","jetpack_is_tweetstorm":false,"jetpack_publicize_feature_enabled":true},"categories":[13],"tags":[],"jetpack_publicize_connections":[],"yoast_head":"<!-- This site is optimized with the Yoast SEO plugin v19.1 - https:\/\/yoast.com\/wordpress\/plugins\/seo\/ -->\n<title>Promovimi i librit i prof. dr. Sim\u00eb Dobrecit + Foto - Lajme nga Ulqini<\/title>\n<meta name=\"description\" content=\"Prof. dr. Sim\u00eb Dobreci \u00ebsht\u00eb nj\u00eb nd\u00ebr figurat m\u00eb markante n\u00eb qytetit ton\u00eb t\u00eb bukur. N\u00eb promovimin e librit, p\u00ebr mjeksi, dhe p\u00ebr pun\u00ebn e ti kan\u00eb folur ato\" \/>\n<meta name=\"robots\" content=\"index, follow, max-snippet:-1, max-image-preview:large, max-video-preview:-1\" \/>\n<link rel=\"canonical\" href=\"https:\/\/www.visit-ulcinj.com\/blog\/2013\/09\/17\/promovimi-i-librit-i-prof-dr-sime-dobrecit\/\" \/>\n<meta property=\"og:locale\" content=\"en_US\" \/>\n<meta property=\"og:type\" content=\"article\" \/>\n<meta property=\"og:title\" content=\"Promovimi i librit i prof. dr. Sim\u00eb Dobrecit + Foto - Lajme nga Ulqini\" \/>\n<meta property=\"og:description\" content=\"Prof. dr. Sim\u00eb Dobreci \u00ebsht\u00eb nj\u00eb nd\u00ebr figurat m\u00eb markante n\u00eb qytetit ton\u00eb t\u00eb bukur. N\u00eb promovimin e librit, p\u00ebr mjeksi, dhe p\u00ebr pun\u00ebn e ti kan\u00eb folur ato\" \/>\n<meta property=\"og:url\" content=\"https:\/\/www.visit-ulcinj.com\/blog\/2013\/09\/17\/promovimi-i-librit-i-prof-dr-sime-dobrecit\/\" \/>\n<meta property=\"og:site_name\" content=\"Lajme nga Ulqini\" \/>\n<meta property=\"article:published_time\" content=\"2013-09-17T14:44:30+00:00\" \/>\n<meta property=\"article:modified_time\" content=\"2013-09-17T14:47:12+00:00\" \/>\n<meta name=\"twitter:label1\" content=\"Written by\" \/>\n\t<meta name=\"twitter:data1\" content=\"ulqini\" \/>\n\t<meta name=\"twitter:label2\" content=\"Est. reading time\" \/>\n\t<meta name=\"twitter:data2\" content=\"2 minutes\" \/>\n<script type=\"application\/ld+json\" class=\"yoast-schema-graph\">{\"@context\":\"https:\/\/schema.org\",\"@graph\":[{\"@type\":\"WebSite\",\"@id\":\"https:\/\/www.visit-ulcinj.com\/blog\/#website\",\"url\":\"https:\/\/www.visit-ulcinj.com\/blog\/\",\"name\":\"Lajme nga Ulqini\",\"description\":\"Lajme,Vijesti,Ulqini,Ulqin,Crna Gora,Mali i Zi\",\"potentialAction\":[{\"@type\":\"SearchAction\",\"target\":{\"@type\":\"EntryPoint\",\"urlTemplate\":\"https:\/\/www.visit-ulcinj.com\/blog\/?s={search_term_string}\"},\"query-input\":\"required name=search_term_string\"}],\"inLanguage\":\"en-US\"},{\"@type\":\"WebPage\",\"@id\":\"https:\/\/www.visit-ulcinj.com\/blog\/2013\/09\/17\/promovimi-i-librit-i-prof-dr-sime-dobrecit\/#webpage\",\"url\":\"https:\/\/www.visit-ulcinj.com\/blog\/2013\/09\/17\/promovimi-i-librit-i-prof-dr-sime-dobrecit\/\",\"name\":\"Promovimi i librit i prof. dr. Sim\u00eb Dobrecit + Foto - Lajme nga Ulqini\",\"isPartOf\":{\"@id\":\"https:\/\/www.visit-ulcinj.com\/blog\/#website\"},\"datePublished\":\"2013-09-17T14:44:30+00:00\",\"dateModified\":\"2013-09-17T14:47:12+00:00\",\"author\":{\"@id\":\"https:\/\/www.visit-ulcinj.com\/blog\/#\/schema\/person\/dcab619c614d3038751c63bc2aadc06d\"},\"description\":\"Prof. dr. Sim\u00eb Dobreci \u00ebsht\u00eb nj\u00eb nd\u00ebr figurat m\u00eb markante n\u00eb qytetit ton\u00eb t\u00eb bukur. N\u00eb promovimin e librit, p\u00ebr mjeksi, dhe p\u00ebr pun\u00ebn e ti kan\u00eb folur ato\",\"breadcrumb\":{\"@id\":\"https:\/\/www.visit-ulcinj.com\/blog\/2013\/09\/17\/promovimi-i-librit-i-prof-dr-sime-dobrecit\/#breadcrumb\"},\"inLanguage\":\"en-US\",\"potentialAction\":[{\"@type\":\"ReadAction\",\"target\":[\"https:\/\/www.visit-ulcinj.com\/blog\/2013\/09\/17\/promovimi-i-librit-i-prof-dr-sime-dobrecit\/\"]}]},{\"@type\":\"BreadcrumbList\",\"@id\":\"https:\/\/www.visit-ulcinj.com\/blog\/2013\/09\/17\/promovimi-i-librit-i-prof-dr-sime-dobrecit\/#breadcrumb\",\"itemListElement\":[{\"@type\":\"ListItem\",\"position\":1,\"name\":\"Promovimi i librit i prof. dr. Sim\u00eb Dobrecit + Foto\"}]},{\"@type\":\"Person\",\"@id\":\"https:\/\/www.visit-ulcinj.com\/blog\/#\/schema\/person\/dcab619c614d3038751c63bc2aadc06d\",\"name\":\"ulqini\",\"sameAs\":[\"http:\/\/www.visit-ulcinj.com\"],\"url\":\"https:\/\/www.visit-ulcinj.com\/blog\/author\/admin\/\"}]}<\/script>\n<!-- \/ Yoast SEO plugin. -->","yoast_head_json":{"title":"Promovimi i librit i prof. dr. Sim\u00eb Dobrecit + Foto - Lajme nga Ulqini","description":"Prof. dr. Sim\u00eb Dobreci \u00ebsht\u00eb nj\u00eb nd\u00ebr figurat m\u00eb markante n\u00eb qytetit ton\u00eb t\u00eb bukur. N\u00eb promovimin e librit, p\u00ebr mjeksi, dhe p\u00ebr pun\u00ebn e ti kan\u00eb folur ato","robots":{"index":"index","follow":"follow","max-snippet":"max-snippet:-1","max-image-preview":"max-image-preview:large","max-video-preview":"max-video-preview:-1"},"canonical":"https:\/\/www.visit-ulcinj.com\/blog\/2013\/09\/17\/promovimi-i-librit-i-prof-dr-sime-dobrecit\/","og_locale":"en_US","og_type":"article","og_title":"Promovimi i librit i prof. dr. Sim\u00eb Dobrecit + Foto - Lajme nga Ulqini","og_description":"Prof. dr. Sim\u00eb Dobreci \u00ebsht\u00eb nj\u00eb nd\u00ebr figurat m\u00eb markante n\u00eb qytetit ton\u00eb t\u00eb bukur. N\u00eb promovimin e librit, p\u00ebr mjeksi, dhe p\u00ebr pun\u00ebn e ti kan\u00eb folur ato","og_url":"https:\/\/www.visit-ulcinj.com\/blog\/2013\/09\/17\/promovimi-i-librit-i-prof-dr-sime-dobrecit\/","og_site_name":"Lajme nga Ulqini","article_published_time":"2013-09-17T14:44:30+00:00","article_modified_time":"2013-09-17T14:47:12+00:00","twitter_misc":{"Written by":"ulqini","Est. reading time":"2 minutes"},"schema":{"@context":"https:\/\/schema.org","@graph":[{"@type":"WebSite","@id":"https:\/\/www.visit-ulcinj.com\/blog\/#website","url":"https:\/\/www.visit-ulcinj.com\/blog\/","name":"Lajme nga Ulqini","description":"Lajme,Vijesti,Ulqini,Ulqin,Crna Gora,Mali i Zi","potentialAction":[{"@type":"SearchAction","target":{"@type":"EntryPoint","urlTemplate":"https:\/\/www.visit-ulcinj.com\/blog\/?s={search_term_string}"},"query-input":"required name=search_term_string"}],"inLanguage":"en-US"},{"@type":"WebPage","@id":"https:\/\/www.visit-ulcinj.com\/blog\/2013\/09\/17\/promovimi-i-librit-i-prof-dr-sime-dobrecit\/#webpage","url":"https:\/\/www.visit-ulcinj.com\/blog\/2013\/09\/17\/promovimi-i-librit-i-prof-dr-sime-dobrecit\/","name":"Promovimi i librit i prof. dr. Sim\u00eb Dobrecit + Foto - Lajme nga Ulqini","isPartOf":{"@id":"https:\/\/www.visit-ulcinj.com\/blog\/#website"},"datePublished":"2013-09-17T14:44:30+00:00","dateModified":"2013-09-17T14:47:12+00:00","author":{"@id":"https:\/\/www.visit-ulcinj.com\/blog\/#\/schema\/person\/dcab619c614d3038751c63bc2aadc06d"},"description":"Prof. dr. Sim\u00eb Dobreci \u00ebsht\u00eb nj\u00eb nd\u00ebr figurat m\u00eb markante n\u00eb qytetit ton\u00eb t\u00eb bukur. N\u00eb promovimin e librit, p\u00ebr mjeksi, dhe p\u00ebr pun\u00ebn e ti kan\u00eb folur ato","breadcrumb":{"@id":"https:\/\/www.visit-ulcinj.com\/blog\/2013\/09\/17\/promovimi-i-librit-i-prof-dr-sime-dobrecit\/#breadcrumb"},"inLanguage":"en-US","potentialAction":[{"@type":"ReadAction","target":["https:\/\/www.visit-ulcinj.com\/blog\/2013\/09\/17\/promovimi-i-librit-i-prof-dr-sime-dobrecit\/"]}]},{"@type":"BreadcrumbList","@id":"https:\/\/www.visit-ulcinj.com\/blog\/2013\/09\/17\/promovimi-i-librit-i-prof-dr-sime-dobrecit\/#breadcrumb","itemListElement":[{"@type":"ListItem","position":1,"name":"Promovimi i librit i prof. dr. Sim\u00eb Dobrecit + Foto"}]},{"@type":"Person","@id":"https:\/\/www.visit-ulcinj.com\/blog\/#\/schema\/person\/dcab619c614d3038751c63bc2aadc06d","name":"ulqini","sameAs":["http:\/\/www.visit-ulcinj.com"],"url":"https:\/\/www.visit-ulcinj.com\/blog\/author\/admin\/"}]}},"jetpack_featured_media_url":"","jetpack_sharing_enabled":true,"jetpack_shortlink":"https:\/\/wp.me\/pe6lTn-jsL","_links":{"self":[{"href":"https:\/\/www.visit-ulcinj.com\/blog\/wp-json\/wp\/v2\/posts\/74819"}],"collection":[{"href":"https:\/\/www.visit-ulcinj.com\/blog\/wp-json\/wp\/v2\/posts"}],"about":[{"href":"https:\/\/www.visit-ulcinj.com\/blog\/wp-json\/wp\/v2\/types\/post"}],"author":[{"embeddable":true,"href":"https:\/\/www.visit-ulcinj.com\/blog\/wp-json\/wp\/v2\/users\/1"}],"replies":[{"embeddable":true,"href":"https:\/\/www.visit-ulcinj.com\/blog\/wp-json\/wp\/v2\/comments?post=74819"}],"version-history":[{"count":4,"href":"https:\/\/www.visit-ulcinj.com\/blog\/wp-json\/wp\/v2\/posts\/74819\/revisions"}],"predecessor-version":[{"id":74828,"href":"https:\/\/www.visit-ulcinj.com\/blog\/wp-json\/wp\/v2\/posts\/74819\/revisions\/74828"}],"wp:attachment":[{"href":"https:\/\/www.visit-ulcinj.com\/blog\/wp-json\/wp\/v2\/media?parent=74819"}],"wp:term":[{"taxonomy":"category","embeddable":true,"href":"https:\/\/www.visit-ulcinj.com\/blog\/wp-json\/wp\/v2\/categories?post=74819"},{"taxonomy":"post_tag","embeddable":true,"href":"https:\/\/www.visit-ulcinj.com\/blog\/wp-json\/wp\/v2\/tags?post=74819"}],"curies":[{"name":"wp","href":"https:\/\/api.w.org\/{rel}","templated":true}]}}