{"id":74829,"date":"2013-09-17T17:22:57","date_gmt":"2013-09-17T16:22:57","guid":{"rendered":"http:\/\/www.visit-ulcinj.com\/blog\/?p=74829"},"modified":"2013-09-17T17:24:34","modified_gmt":"2013-09-17T16:24:34","slug":"kvar-na-casovniku-sahat-kule-biti-otklonjen","status":"publish","type":"post","link":"https:\/\/www.visit-ulcinj.com\/blog\/2013\/09\/17\/kvar-na-casovniku-sahat-kule-biti-otklonjen\/","title":{"rendered":"Dervi\u0161i: Kvar na \u010dasovniku Sahat-kule biti otklonjen"},"content":{"rendered":"<p><strong><a href=\"http:\/\/www.visit-ulcinj.com\/blog\/wp-content\/uploads\/2013\/09\/Sahat-Kulla-Ulcinj.jpg\"><img loading=\"lazy\" class=\"alignleft  wp-image-74830\" alt=\"Sahat Kulla-Ulcinj\" src=\"http:\/\/www.visit-ulcinj.com\/blog\/wp-content\/uploads\/2013\/09\/Sahat-Kulla-Ulcinj.jpg\" width=\"508\" height=\"360\" \/><\/a>Sahat-kula jo\u0161 ne otkucava<\/strong><\/p>\n<p>ULCINj &#8211; Jedan od najzna\u010dajnijih kulturno-istoriskih spomenika i jedan od svjedoka turske vladavine u Ulcinju Sahat-kula i dalje ne funkcioni\u0161e. Iako se radi o za\u0161ti\u0107enom kulturnom spomeniku tre\u0107e kategorije njen \u010dasovnik ne otkucava. Sahat-kula je izgra\u0111ena dobrovoljnim donacijama gra\u0111ana 1754.godine sa namjerom da ljude poziva na posao, podsje\u0107aju\u0107i ih na gradske du\u017enosti i usa\u0111uju\u0107i im svjetovno shvatanje vremena.<br \/>\nIz lokalne uprave reparaciju \u010dasovnika najavili su jo\u0161 prije po\u010detka turisti\u010dke sezone, me\u0111utim do dana dana\u0161njeg problem nije rije\u0161en. Prema rije\u010dima sekretara Sekretarijata za komunalne djelatnosti Avdulaha Dervi\u0161ija nadle\u017eni ograni upoznati su sa problemom ali \u010dasovnik nije odr\u017eavan godinama i bi\u0107e potrebna detaljna analiza njegovog kvara.<br \/>\n-Popravka \u010dasovnika na Sahat-kuli jedan je od prioriteta lokalne vlasti u narednom periodu, me\u0111utim zbog brojnih obaveza, jo\u0161 se nije pristupilo rje\u0161enju ovog problema-saop\u0161tio je Dervi\u0161i i naglasio da \u0107e za popravku mehanizma biti anga\u017eovano nekoliko radnika koji \u0107e, najprije procijeniti veli\u010dinu kvara a zatim i opraviti \u010dasovnik.<br \/>\n&#8211; Sahat kula predstavlja jedan od simbola grada i svakako \u0107e njegovim obnavljanjem doprinijeti pobolj\u0161anju turisti\u010dke ponude Ulcinja-zaklju\u010dio je Dervi\u0161i.<br \/>\nPo mnogima Sahat kula spada u red najve\u0107ih turisti\u010dkih atrancija Ulcinja jer je njena pozicija bri\u017eljivo odabirana, pa su se njeni zvuci dok je radila, mogli \u010duti iz svih djelova grada. Danas, je ona i te kako zapu\u0161tena i na taj problem upozorio je predsjednik Udru\u017eenja prijatelja starog grada, hronolog i publicista Ismet Karamanaga.<br \/>\n-Iako smo o\u010dekivali da \u0107e se prvobitna uloga Sahat-kule ostvariti, zasad jo\u0161 ni\u0161ta nije u\u010dinjeno kako bi se mehanizam koji porke\u0107e \u010dasovnik osposobio. Interesantno je re\u0107i da su autenti\u010dni mehanizam bar na osnovu nedovoljno preciznih podataka za vrijeme njihove vladavine otu\u0111ili Austorougari i odnijeli u Kotor. U novije vrijeme 1979.godine \u010duveni \u010dasovnik je obnovljen, a delegacija iz Ulcinja iz tada\u0161nje \u010cehoslova\u010dke donijela je novi mehanizam-obja\u0161njava Karamanaga i isti\u010de da osim neospornog istorijskog i kulturnog zna\u010daja Sahat-kula ima i turisti\u010dki zna\u010daj.<br \/>\n&#8211; Svaki grad imao ja Sahat-kulu koja je svjedo\u010dila od vladavini osmanlijske vlasti na ovim prostorima. Na\u017ealost u poslednjih petnaest godina, iako smo o\u010dekivali suprotno, ovaj spomenik kulture poprili\u010dno je zapu\u0161ten- ocjenjuje Karamanaga.<br \/>\n<strong>Va.R.<\/strong><\/p>\n<p><strong> Zaposliti radnika koji \u0107e voditi ra\u010duna o \u010dasovniku<\/strong><br \/>\nKustos i upravnik Muzeja na Starom gradu Mileva Nikolaidis potvrdila je da je delegacija iz Ulcinja u Pragu prona\u0161la odgovaraju\u0107e elemente ne bi li se povratila funkcionalnost \u010dasovniku Sahat kule.<br \/>\n-Sve smo u\u010dinli kako bi se jedan od simbola grada, na koji smo ponosni, osposobio ali to nije dugo trajalo. Mislim da bi neophodno bilo da se anga\u017euje osoba koja \u0107e s vremena na vrijeme voditi ra\u010duna o mehanizmu \u010dasovnika. Sama gra\u0111evina je dobro restauirana i daje pe\u010dat vremena iz kojeg je i nastala, me\u0111utim potrebno je vratiti funkcionalnost satu na Sahat-kuli, kako bi ona i dalje slu\u017eila namjeni &#8211; smatra Mileva Nikolaidis.<\/p>\n<p><strong>Izvor: DAN<\/strong><\/p>\n","protected":false},"excerpt":{"rendered":"<p>Sahat-kula jo\u0161 ne otkucava ULCINj &#8211; Jedan od najzna\u010dajnijih kulturno-istoriskih spomenika i jedan od svjedoka turske vladavine u Ulcinju Sahat-kula i dalje ne funkcioni\u0161e. Iako se radi o za\u0161ti\u0107enom kulturnom spomeniku tre\u0107e kategorije njen \u010dasovnik ne otkucava. Sahat-kula je izgra\u0111ena dobrovoljnim donacijama gra\u0111ana 1754.godine sa namjerom da ljude poziva na posao, podsje\u0107aju\u0107i ih na gradske [&hellip;]<\/p>\n","protected":false},"author":1,"featured_media":0,"comment_status":"closed","ping_status":"closed","sticky":false,"template":"","format":"standard","meta":{"spay_email":"","jetpack_publicize_message":"","jetpack_is_tweetstorm":false,"jetpack_publicize_feature_enabled":true},"categories":[8337],"tags":[],"jetpack_publicize_connections":[],"yoast_head":"<!-- This site is optimized with the Yoast SEO plugin v19.1 - https:\/\/yoast.com\/wordpress\/plugins\/seo\/ -->\n<title>Dervi\u0161i: Kvar na \u010dasovniku Sahat-kule biti otklonjen - Lajme nga Ulqini<\/title>\n<meta name=\"description\" content=\"Sahat-kula jo\u0161 ne otkucava ULCINj - Jedan od najzna\u010dajnijih kulturno-istoriskih spomenika i jedan od svjedoka turske vladavine u Ulcinju Sahat-kula i\" \/>\n<meta name=\"robots\" content=\"index, follow, max-snippet:-1, max-image-preview:large, max-video-preview:-1\" \/>\n<link rel=\"canonical\" href=\"https:\/\/www.visit-ulcinj.com\/blog\/2013\/09\/17\/kvar-na-casovniku-sahat-kule-biti-otklonjen\/\" \/>\n<meta property=\"og:locale\" content=\"en_US\" \/>\n<meta property=\"og:type\" content=\"article\" \/>\n<meta property=\"og:title\" content=\"Dervi\u0161i: Kvar na \u010dasovniku Sahat-kule biti otklonjen - Lajme nga Ulqini\" \/>\n<meta property=\"og:description\" content=\"Sahat-kula jo\u0161 ne otkucava ULCINj - Jedan od najzna\u010dajnijih kulturno-istoriskih spomenika i jedan od svjedoka turske vladavine u Ulcinju Sahat-kula i\" \/>\n<meta property=\"og:url\" content=\"https:\/\/www.visit-ulcinj.com\/blog\/2013\/09\/17\/kvar-na-casovniku-sahat-kule-biti-otklonjen\/\" \/>\n<meta property=\"og:site_name\" content=\"Lajme nga Ulqini\" \/>\n<meta property=\"article:published_time\" content=\"2013-09-17T16:22:57+00:00\" \/>\n<meta property=\"article:modified_time\" content=\"2013-09-17T16:24:34+00:00\" \/>\n<meta property=\"og:image\" content=\"http:\/\/www.visit-ulcinj.com\/blog\/wp-content\/uploads\/2013\/09\/Sahat-Kulla-Ulcinj.jpg\" \/>\n<meta name=\"twitter:label1\" content=\"Written by\" \/>\n\t<meta name=\"twitter:data1\" content=\"ulqini\" \/>\n\t<meta name=\"twitter:label2\" content=\"Est. reading time\" \/>\n\t<meta name=\"twitter:data2\" content=\"3 minutes\" \/>\n<script type=\"application\/ld+json\" class=\"yoast-schema-graph\">{\"@context\":\"https:\/\/schema.org\",\"@graph\":[{\"@type\":\"WebSite\",\"@id\":\"https:\/\/www.visit-ulcinj.com\/blog\/#website\",\"url\":\"https:\/\/www.visit-ulcinj.com\/blog\/\",\"name\":\"Lajme nga Ulqini\",\"description\":\"Lajme,Vijesti,Ulqini,Ulqin,Crna Gora,Mali i Zi\",\"potentialAction\":[{\"@type\":\"SearchAction\",\"target\":{\"@type\":\"EntryPoint\",\"urlTemplate\":\"https:\/\/www.visit-ulcinj.com\/blog\/?s={search_term_string}\"},\"query-input\":\"required name=search_term_string\"}],\"inLanguage\":\"en-US\"},{\"@type\":\"ImageObject\",\"inLanguage\":\"en-US\",\"@id\":\"https:\/\/www.visit-ulcinj.com\/blog\/2013\/09\/17\/kvar-na-casovniku-sahat-kule-biti-otklonjen\/#primaryimage\",\"url\":\"https:\/\/www.visit-ulcinj.com\/blog\/wp-content\/uploads\/2013\/09\/Sahat-Kulla-Ulcinj.jpg\",\"contentUrl\":\"https:\/\/www.visit-ulcinj.com\/blog\/wp-content\/uploads\/2013\/09\/Sahat-Kulla-Ulcinj.jpg\",\"width\":958,\"height\":571},{\"@type\":\"WebPage\",\"@id\":\"https:\/\/www.visit-ulcinj.com\/blog\/2013\/09\/17\/kvar-na-casovniku-sahat-kule-biti-otklonjen\/#webpage\",\"url\":\"https:\/\/www.visit-ulcinj.com\/blog\/2013\/09\/17\/kvar-na-casovniku-sahat-kule-biti-otklonjen\/\",\"name\":\"Dervi\u0161i: Kvar na \u010dasovniku Sahat-kule biti otklonjen - Lajme nga Ulqini\",\"isPartOf\":{\"@id\":\"https:\/\/www.visit-ulcinj.com\/blog\/#website\"},\"primaryImageOfPage\":{\"@id\":\"https:\/\/www.visit-ulcinj.com\/blog\/2013\/09\/17\/kvar-na-casovniku-sahat-kule-biti-otklonjen\/#primaryimage\"},\"datePublished\":\"2013-09-17T16:22:57+00:00\",\"dateModified\":\"2013-09-17T16:24:34+00:00\",\"author\":{\"@id\":\"https:\/\/www.visit-ulcinj.com\/blog\/#\/schema\/person\/dcab619c614d3038751c63bc2aadc06d\"},\"description\":\"Sahat-kula jo\u0161 ne otkucava ULCINj - Jedan od najzna\u010dajnijih kulturno-istoriskih spomenika i jedan od svjedoka turske vladavine u Ulcinju Sahat-kula i\",\"breadcrumb\":{\"@id\":\"https:\/\/www.visit-ulcinj.com\/blog\/2013\/09\/17\/kvar-na-casovniku-sahat-kule-biti-otklonjen\/#breadcrumb\"},\"inLanguage\":\"en-US\",\"potentialAction\":[{\"@type\":\"ReadAction\",\"target\":[\"https:\/\/www.visit-ulcinj.com\/blog\/2013\/09\/17\/kvar-na-casovniku-sahat-kule-biti-otklonjen\/\"]}]},{\"@type\":\"BreadcrumbList\",\"@id\":\"https:\/\/www.visit-ulcinj.com\/blog\/2013\/09\/17\/kvar-na-casovniku-sahat-kule-biti-otklonjen\/#breadcrumb\",\"itemListElement\":[{\"@type\":\"ListItem\",\"position\":1,\"name\":\"Dervi\u0161i: Kvar na \u010dasovniku Sahat-kule biti otklonjen\"}]},{\"@type\":\"Person\",\"@id\":\"https:\/\/www.visit-ulcinj.com\/blog\/#\/schema\/person\/dcab619c614d3038751c63bc2aadc06d\",\"name\":\"ulqini\",\"sameAs\":[\"http:\/\/www.visit-ulcinj.com\"],\"url\":\"https:\/\/www.visit-ulcinj.com\/blog\/author\/admin\/\"}]}<\/script>\n<!-- \/ Yoast SEO plugin. -->","yoast_head_json":{"title":"Dervi\u0161i: Kvar na \u010dasovniku Sahat-kule biti otklonjen - Lajme nga Ulqini","description":"Sahat-kula jo\u0161 ne otkucava ULCINj - Jedan od najzna\u010dajnijih kulturno-istoriskih spomenika i jedan od svjedoka turske vladavine u Ulcinju Sahat-kula i","robots":{"index":"index","follow":"follow","max-snippet":"max-snippet:-1","max-image-preview":"max-image-preview:large","max-video-preview":"max-video-preview:-1"},"canonical":"https:\/\/www.visit-ulcinj.com\/blog\/2013\/09\/17\/kvar-na-casovniku-sahat-kule-biti-otklonjen\/","og_locale":"en_US","og_type":"article","og_title":"Dervi\u0161i: Kvar na \u010dasovniku Sahat-kule biti otklonjen - Lajme nga Ulqini","og_description":"Sahat-kula jo\u0161 ne otkucava ULCINj - Jedan od najzna\u010dajnijih kulturno-istoriskih spomenika i jedan od svjedoka turske vladavine u Ulcinju Sahat-kula i","og_url":"https:\/\/www.visit-ulcinj.com\/blog\/2013\/09\/17\/kvar-na-casovniku-sahat-kule-biti-otklonjen\/","og_site_name":"Lajme nga Ulqini","article_published_time":"2013-09-17T16:22:57+00:00","article_modified_time":"2013-09-17T16:24:34+00:00","og_image":[{"url":"http:\/\/www.visit-ulcinj.com\/blog\/wp-content\/uploads\/2013\/09\/Sahat-Kulla-Ulcinj.jpg"}],"twitter_misc":{"Written by":"ulqini","Est. reading time":"3 minutes"},"schema":{"@context":"https:\/\/schema.org","@graph":[{"@type":"WebSite","@id":"https:\/\/www.visit-ulcinj.com\/blog\/#website","url":"https:\/\/www.visit-ulcinj.com\/blog\/","name":"Lajme nga Ulqini","description":"Lajme,Vijesti,Ulqini,Ulqin,Crna Gora,Mali i Zi","potentialAction":[{"@type":"SearchAction","target":{"@type":"EntryPoint","urlTemplate":"https:\/\/www.visit-ulcinj.com\/blog\/?s={search_term_string}"},"query-input":"required name=search_term_string"}],"inLanguage":"en-US"},{"@type":"ImageObject","inLanguage":"en-US","@id":"https:\/\/www.visit-ulcinj.com\/blog\/2013\/09\/17\/kvar-na-casovniku-sahat-kule-biti-otklonjen\/#primaryimage","url":"https:\/\/www.visit-ulcinj.com\/blog\/wp-content\/uploads\/2013\/09\/Sahat-Kulla-Ulcinj.jpg","contentUrl":"https:\/\/www.visit-ulcinj.com\/blog\/wp-content\/uploads\/2013\/09\/Sahat-Kulla-Ulcinj.jpg","width":958,"height":571},{"@type":"WebPage","@id":"https:\/\/www.visit-ulcinj.com\/blog\/2013\/09\/17\/kvar-na-casovniku-sahat-kule-biti-otklonjen\/#webpage","url":"https:\/\/www.visit-ulcinj.com\/blog\/2013\/09\/17\/kvar-na-casovniku-sahat-kule-biti-otklonjen\/","name":"Dervi\u0161i: Kvar na \u010dasovniku Sahat-kule biti otklonjen - Lajme nga Ulqini","isPartOf":{"@id":"https:\/\/www.visit-ulcinj.com\/blog\/#website"},"primaryImageOfPage":{"@id":"https:\/\/www.visit-ulcinj.com\/blog\/2013\/09\/17\/kvar-na-casovniku-sahat-kule-biti-otklonjen\/#primaryimage"},"datePublished":"2013-09-17T16:22:57+00:00","dateModified":"2013-09-17T16:24:34+00:00","author":{"@id":"https:\/\/www.visit-ulcinj.com\/blog\/#\/schema\/person\/dcab619c614d3038751c63bc2aadc06d"},"description":"Sahat-kula jo\u0161 ne otkucava ULCINj - Jedan od najzna\u010dajnijih kulturno-istoriskih spomenika i jedan od svjedoka turske vladavine u Ulcinju Sahat-kula i","breadcrumb":{"@id":"https:\/\/www.visit-ulcinj.com\/blog\/2013\/09\/17\/kvar-na-casovniku-sahat-kule-biti-otklonjen\/#breadcrumb"},"inLanguage":"en-US","potentialAction":[{"@type":"ReadAction","target":["https:\/\/www.visit-ulcinj.com\/blog\/2013\/09\/17\/kvar-na-casovniku-sahat-kule-biti-otklonjen\/"]}]},{"@type":"BreadcrumbList","@id":"https:\/\/www.visit-ulcinj.com\/blog\/2013\/09\/17\/kvar-na-casovniku-sahat-kule-biti-otklonjen\/#breadcrumb","itemListElement":[{"@type":"ListItem","position":1,"name":"Dervi\u0161i: Kvar na \u010dasovniku Sahat-kule biti otklonjen"}]},{"@type":"Person","@id":"https:\/\/www.visit-ulcinj.com\/blog\/#\/schema\/person\/dcab619c614d3038751c63bc2aadc06d","name":"ulqini","sameAs":["http:\/\/www.visit-ulcinj.com"],"url":"https:\/\/www.visit-ulcinj.com\/blog\/author\/admin\/"}]}},"jetpack_featured_media_url":"","jetpack_sharing_enabled":true,"jetpack_shortlink":"https:\/\/wp.me\/pe6lTn-jsV","_links":{"self":[{"href":"https:\/\/www.visit-ulcinj.com\/blog\/wp-json\/wp\/v2\/posts\/74829"}],"collection":[{"href":"https:\/\/www.visit-ulcinj.com\/blog\/wp-json\/wp\/v2\/posts"}],"about":[{"href":"https:\/\/www.visit-ulcinj.com\/blog\/wp-json\/wp\/v2\/types\/post"}],"author":[{"embeddable":true,"href":"https:\/\/www.visit-ulcinj.com\/blog\/wp-json\/wp\/v2\/users\/1"}],"replies":[{"embeddable":true,"href":"https:\/\/www.visit-ulcinj.com\/blog\/wp-json\/wp\/v2\/comments?post=74829"}],"version-history":[{"count":3,"href":"https:\/\/www.visit-ulcinj.com\/blog\/wp-json\/wp\/v2\/posts\/74829\/revisions"}],"predecessor-version":[{"id":74833,"href":"https:\/\/www.visit-ulcinj.com\/blog\/wp-json\/wp\/v2\/posts\/74829\/revisions\/74833"}],"wp:attachment":[{"href":"https:\/\/www.visit-ulcinj.com\/blog\/wp-json\/wp\/v2\/media?parent=74829"}],"wp:term":[{"taxonomy":"category","embeddable":true,"href":"https:\/\/www.visit-ulcinj.com\/blog\/wp-json\/wp\/v2\/categories?post=74829"},{"taxonomy":"post_tag","embeddable":true,"href":"https:\/\/www.visit-ulcinj.com\/blog\/wp-json\/wp\/v2\/tags?post=74829"}],"curies":[{"name":"wp","href":"https:\/\/api.w.org\/{rel}","templated":true}]}}