{"id":74852,"date":"2013-09-20T16:19:01","date_gmt":"2013-09-20T15:19:01","guid":{"rendered":"http:\/\/www.visit-ulcinj.com\/blog\/?p=74852"},"modified":"2013-09-25T19:16:02","modified_gmt":"2013-09-25T18:16:02","slug":"cungu-takon-perfaqesuesit-e-bashkimit-te-sindikatave-te-pavarura-te-kosoves","status":"publish","type":"post","link":"https:\/\/www.visit-ulcinj.com\/blog\/2013\/09\/20\/cungu-takon-perfaqesuesit-e-bashkimit-te-sindikatave-te-pavarura-te-kosoves\/","title":{"rendered":"Cungu takon p\u00ebrfaq\u00ebsuesit e Bashkimit t\u00eb Sindikatave t\u00eb Pavarura t\u00eb Kosov\u00ebs"},"content":{"rendered":"<p><strong><a href=\"http:\/\/www.visit-ulcinj.com\/blog\/wp-content\/uploads\/2013\/09\/Cungu-Sindikatet-e-kosoves.jpg\"><img loading=\"lazy\" class=\"alignleft  wp-image-74853\" alt=\"Cungu-Sindikatet e kosoves\" src=\"http:\/\/www.visit-ulcinj.com\/blog\/wp-content\/uploads\/2013\/09\/Cungu-Sindikatet-e-kosoves.jpg\" width=\"508\" height=\"360\" \/><\/a>Kryetari Cungu priti n\u00eb takim p\u00ebrfaq\u00ebsuesit e Bashkimit t\u00eb Sindikatave t\u00eb Pavarura t\u00eb Kosov\u00ebs<\/strong><\/p>\n<p>Kryetari i komun\u00ebs s\u00eb Ulqinit Nazif Cungu priti sot n\u00eb takim p\u00ebrfaq\u00ebsuesit e Bashkimit t\u00eb Sindikatave t\u00eb Pavarura t\u00eb Kosov\u00ebs t\u00eb cil\u00ebt jan\u00eb duke qendruar n\u00eb Ulqin n\u00eb kuad\u00ebr t\u00eb nj\u00eb projekti p\u00ebr thellimin e bashkupnimit me sindikatat e Malit t\u00eb Zi.<br \/>\nKryetari Cungu i falenderoj t\u00eb pranishmit p\u00ebr viziten q\u00eb i b\u00ebn\u00eb qytetit t\u00eb Ulqinit,e nj\u00ebherit vlersoj si shum\u00eb pozitiv projektin dhe iniciativen p\u00ebr shk\u00ebmbimin e p\u00ebrvojave dhe thellimin e bashkpunimit n\u00eb mes t\u00eb sindikatave t\u00eb Kosov\u00ebs me ato t\u00eb Malit t\u00eb Zi.<\/p>\n<p>Pasi b\u00ebri nj\u00eb prezantim t\u00eb qytetit si dhe nj\u00eb prezantim t\u00eb pun\u00ebs dhe funkionimit t\u00eb qeverisjes lokale t\u00eb Ulqinit, ai shfryt\u00ebzoj rastin t\u00eb falenderoj qytetar\u00ebt e Kosov\u00ebs p\u00ebr besnikrin\u00eb e treguar ndaj Ulqinit duke qen\u00eb \u00e7do vit e m\u00eb shum\u00eb n\u00eb numer pushues t\u00eb k\u00ebtij qyteti.<br \/>\nAi poashtu ka v\u00ebn\u00eb n\u00eb pah edhe mardh\u00ebniet e mira nd\u00ebrmjet Kosov\u00ebs dhe Malit t\u00eb Zi ku shqiptar\u00ebt n\u00eb Malin e Zi kan\u00eb qen\u00eb ur\u00eb e mir\u00eb e krijimit t\u00eb k\u00ebtyre mardh\u00ebnieve.<\/p>\n<div><strong>Komuna e Ulqinit<\/strong><\/div>\n<div><strong>Kabineti i Kryetarit<\/strong><\/div>\n<div><strong>Tel:\u00a0030 412 056<\/strong><\/div>\n","protected":false},"excerpt":{"rendered":"<p>Kryetari Cungu priti n\u00eb takim p\u00ebrfaq\u00ebsuesit e Bashkimit t\u00eb Sindikatave t\u00eb Pavarura t\u00eb Kosov\u00ebs Kryetari i komun\u00ebs s\u00eb Ulqinit Nazif Cungu priti sot n\u00eb takim p\u00ebrfaq\u00ebsuesit e Bashkimit t\u00eb Sindikatave t\u00eb Pavarura t\u00eb Kosov\u00ebs t\u00eb cil\u00ebt jan\u00eb duke qendruar n\u00eb Ulqin n\u00eb kuad\u00ebr t\u00eb nj\u00eb projekti p\u00ebr thellimin e bashkupnimit me sindikatat e Malit t\u00eb [&hellip;]<\/p>\n","protected":false},"author":1,"featured_media":0,"comment_status":"closed","ping_status":"closed","sticky":false,"template":"","format":"standard","meta":{"spay_email":"","jetpack_publicize_message":"","jetpack_is_tweetstorm":false,"jetpack_publicize_feature_enabled":true},"categories":[1,14],"tags":[],"jetpack_publicize_connections":[],"yoast_head":"<!-- This site is optimized with the Yoast SEO plugin v19.1 - https:\/\/yoast.com\/wordpress\/plugins\/seo\/ -->\n<title>Cungu takon p\u00ebrfaq\u00ebsuesit e Bashkimit t\u00eb Sindikatave t\u00eb Pavarura t\u00eb Kosov\u00ebs - Lajme nga Ulqini<\/title>\n<meta name=\"description\" content=\"Kryetari Cungu priti n\u00eb takim p\u00ebrfaq\u00ebsuesit e Bashkimit t\u00eb Sindikatave t\u00eb Pavarura t\u00eb Kosov\u00ebs Kryetari i komun\u00ebs s\u00eb Ulqinit Nazif Cungu priti sot n\u00eb takim\" \/>\n<meta name=\"robots\" content=\"index, follow, max-snippet:-1, max-image-preview:large, max-video-preview:-1\" \/>\n<link rel=\"canonical\" href=\"https:\/\/www.visit-ulcinj.com\/blog\/2013\/09\/20\/cungu-takon-perfaqesuesit-e-bashkimit-te-sindikatave-te-pavarura-te-kosoves\/\" \/>\n<meta property=\"og:locale\" content=\"en_US\" \/>\n<meta property=\"og:type\" content=\"article\" \/>\n<meta property=\"og:title\" content=\"Cungu takon p\u00ebrfaq\u00ebsuesit e Bashkimit t\u00eb Sindikatave t\u00eb Pavarura t\u00eb Kosov\u00ebs - Lajme nga Ulqini\" \/>\n<meta property=\"og:description\" content=\"Kryetari Cungu priti n\u00eb takim p\u00ebrfaq\u00ebsuesit e Bashkimit t\u00eb Sindikatave t\u00eb Pavarura t\u00eb Kosov\u00ebs Kryetari i komun\u00ebs s\u00eb Ulqinit Nazif Cungu priti sot n\u00eb takim\" \/>\n<meta property=\"og:url\" content=\"https:\/\/www.visit-ulcinj.com\/blog\/2013\/09\/20\/cungu-takon-perfaqesuesit-e-bashkimit-te-sindikatave-te-pavarura-te-kosoves\/\" \/>\n<meta property=\"og:site_name\" content=\"Lajme nga Ulqini\" \/>\n<meta property=\"article:published_time\" content=\"2013-09-20T15:19:01+00:00\" \/>\n<meta property=\"article:modified_time\" content=\"2013-09-25T18:16:02+00:00\" \/>\n<meta property=\"og:image\" content=\"http:\/\/www.visit-ulcinj.com\/blog\/wp-content\/uploads\/2013\/09\/Cungu-Sindikatet-e-kosoves.jpg\" \/>\n<meta name=\"twitter:label1\" content=\"Written by\" \/>\n\t<meta name=\"twitter:data1\" content=\"ulqini\" \/>\n\t<meta name=\"twitter:label2\" content=\"Est. reading time\" \/>\n\t<meta name=\"twitter:data2\" content=\"1 minute\" \/>\n<script type=\"application\/ld+json\" class=\"yoast-schema-graph\">{\"@context\":\"https:\/\/schema.org\",\"@graph\":[{\"@type\":\"WebSite\",\"@id\":\"https:\/\/www.visit-ulcinj.com\/blog\/#website\",\"url\":\"https:\/\/www.visit-ulcinj.com\/blog\/\",\"name\":\"Lajme nga Ulqini\",\"description\":\"Lajme,Vijesti,Ulqini,Ulqin,Crna Gora,Mali i Zi\",\"potentialAction\":[{\"@type\":\"SearchAction\",\"target\":{\"@type\":\"EntryPoint\",\"urlTemplate\":\"https:\/\/www.visit-ulcinj.com\/blog\/?s={search_term_string}\"},\"query-input\":\"required name=search_term_string\"}],\"inLanguage\":\"en-US\"},{\"@type\":\"ImageObject\",\"inLanguage\":\"en-US\",\"@id\":\"https:\/\/www.visit-ulcinj.com\/blog\/2013\/09\/20\/cungu-takon-perfaqesuesit-e-bashkimit-te-sindikatave-te-pavarura-te-kosoves\/#primaryimage\",\"url\":\"https:\/\/www.visit-ulcinj.com\/blog\/wp-content\/uploads\/2013\/09\/Cungu-Sindikatet-e-kosoves.jpg\",\"contentUrl\":\"https:\/\/www.visit-ulcinj.com\/blog\/wp-content\/uploads\/2013\/09\/Cungu-Sindikatet-e-kosoves.jpg\",\"width\":640,\"height\":424},{\"@type\":\"WebPage\",\"@id\":\"https:\/\/www.visit-ulcinj.com\/blog\/2013\/09\/20\/cungu-takon-perfaqesuesit-e-bashkimit-te-sindikatave-te-pavarura-te-kosoves\/#webpage\",\"url\":\"https:\/\/www.visit-ulcinj.com\/blog\/2013\/09\/20\/cungu-takon-perfaqesuesit-e-bashkimit-te-sindikatave-te-pavarura-te-kosoves\/\",\"name\":\"Cungu takon p\u00ebrfaq\u00ebsuesit e Bashkimit t\u00eb Sindikatave t\u00eb Pavarura t\u00eb Kosov\u00ebs - Lajme nga Ulqini\",\"isPartOf\":{\"@id\":\"https:\/\/www.visit-ulcinj.com\/blog\/#website\"},\"primaryImageOfPage\":{\"@id\":\"https:\/\/www.visit-ulcinj.com\/blog\/2013\/09\/20\/cungu-takon-perfaqesuesit-e-bashkimit-te-sindikatave-te-pavarura-te-kosoves\/#primaryimage\"},\"datePublished\":\"2013-09-20T15:19:01+00:00\",\"dateModified\":\"2013-09-25T18:16:02+00:00\",\"author\":{\"@id\":\"https:\/\/www.visit-ulcinj.com\/blog\/#\/schema\/person\/dcab619c614d3038751c63bc2aadc06d\"},\"description\":\"Kryetari Cungu priti n\u00eb takim p\u00ebrfaq\u00ebsuesit e Bashkimit t\u00eb Sindikatave t\u00eb Pavarura t\u00eb Kosov\u00ebs Kryetari i komun\u00ebs s\u00eb Ulqinit Nazif Cungu priti sot n\u00eb takim\",\"breadcrumb\":{\"@id\":\"https:\/\/www.visit-ulcinj.com\/blog\/2013\/09\/20\/cungu-takon-perfaqesuesit-e-bashkimit-te-sindikatave-te-pavarura-te-kosoves\/#breadcrumb\"},\"inLanguage\":\"en-US\",\"potentialAction\":[{\"@type\":\"ReadAction\",\"target\":[\"https:\/\/www.visit-ulcinj.com\/blog\/2013\/09\/20\/cungu-takon-perfaqesuesit-e-bashkimit-te-sindikatave-te-pavarura-te-kosoves\/\"]}]},{\"@type\":\"BreadcrumbList\",\"@id\":\"https:\/\/www.visit-ulcinj.com\/blog\/2013\/09\/20\/cungu-takon-perfaqesuesit-e-bashkimit-te-sindikatave-te-pavarura-te-kosoves\/#breadcrumb\",\"itemListElement\":[{\"@type\":\"ListItem\",\"position\":1,\"name\":\"Cungu takon p\u00ebrfaq\u00ebsuesit e Bashkimit t\u00eb Sindikatave t\u00eb Pavarura t\u00eb Kosov\u00ebs\"}]},{\"@type\":\"Person\",\"@id\":\"https:\/\/www.visit-ulcinj.com\/blog\/#\/schema\/person\/dcab619c614d3038751c63bc2aadc06d\",\"name\":\"ulqini\",\"sameAs\":[\"http:\/\/www.visit-ulcinj.com\"],\"url\":\"https:\/\/www.visit-ulcinj.com\/blog\/author\/admin\/\"}]}<\/script>\n<!-- \/ Yoast SEO plugin. -->","yoast_head_json":{"title":"Cungu takon p\u00ebrfaq\u00ebsuesit e Bashkimit t\u00eb Sindikatave t\u00eb Pavarura t\u00eb Kosov\u00ebs - Lajme nga Ulqini","description":"Kryetari Cungu priti n\u00eb takim p\u00ebrfaq\u00ebsuesit e Bashkimit t\u00eb Sindikatave t\u00eb Pavarura t\u00eb Kosov\u00ebs Kryetari i komun\u00ebs s\u00eb Ulqinit Nazif Cungu priti sot n\u00eb takim","robots":{"index":"index","follow":"follow","max-snippet":"max-snippet:-1","max-image-preview":"max-image-preview:large","max-video-preview":"max-video-preview:-1"},"canonical":"https:\/\/www.visit-ulcinj.com\/blog\/2013\/09\/20\/cungu-takon-perfaqesuesit-e-bashkimit-te-sindikatave-te-pavarura-te-kosoves\/","og_locale":"en_US","og_type":"article","og_title":"Cungu takon p\u00ebrfaq\u00ebsuesit e Bashkimit t\u00eb Sindikatave t\u00eb Pavarura t\u00eb Kosov\u00ebs - Lajme nga Ulqini","og_description":"Kryetari Cungu priti n\u00eb takim p\u00ebrfaq\u00ebsuesit e Bashkimit t\u00eb Sindikatave t\u00eb Pavarura t\u00eb Kosov\u00ebs Kryetari i komun\u00ebs s\u00eb Ulqinit Nazif Cungu priti sot n\u00eb takim","og_url":"https:\/\/www.visit-ulcinj.com\/blog\/2013\/09\/20\/cungu-takon-perfaqesuesit-e-bashkimit-te-sindikatave-te-pavarura-te-kosoves\/","og_site_name":"Lajme nga Ulqini","article_published_time":"2013-09-20T15:19:01+00:00","article_modified_time":"2013-09-25T18:16:02+00:00","og_image":[{"url":"http:\/\/www.visit-ulcinj.com\/blog\/wp-content\/uploads\/2013\/09\/Cungu-Sindikatet-e-kosoves.jpg"}],"twitter_misc":{"Written by":"ulqini","Est. reading time":"1 minute"},"schema":{"@context":"https:\/\/schema.org","@graph":[{"@type":"WebSite","@id":"https:\/\/www.visit-ulcinj.com\/blog\/#website","url":"https:\/\/www.visit-ulcinj.com\/blog\/","name":"Lajme nga Ulqini","description":"Lajme,Vijesti,Ulqini,Ulqin,Crna Gora,Mali i Zi","potentialAction":[{"@type":"SearchAction","target":{"@type":"EntryPoint","urlTemplate":"https:\/\/www.visit-ulcinj.com\/blog\/?s={search_term_string}"},"query-input":"required name=search_term_string"}],"inLanguage":"en-US"},{"@type":"ImageObject","inLanguage":"en-US","@id":"https:\/\/www.visit-ulcinj.com\/blog\/2013\/09\/20\/cungu-takon-perfaqesuesit-e-bashkimit-te-sindikatave-te-pavarura-te-kosoves\/#primaryimage","url":"https:\/\/www.visit-ulcinj.com\/blog\/wp-content\/uploads\/2013\/09\/Cungu-Sindikatet-e-kosoves.jpg","contentUrl":"https:\/\/www.visit-ulcinj.com\/blog\/wp-content\/uploads\/2013\/09\/Cungu-Sindikatet-e-kosoves.jpg","width":640,"height":424},{"@type":"WebPage","@id":"https:\/\/www.visit-ulcinj.com\/blog\/2013\/09\/20\/cungu-takon-perfaqesuesit-e-bashkimit-te-sindikatave-te-pavarura-te-kosoves\/#webpage","url":"https:\/\/www.visit-ulcinj.com\/blog\/2013\/09\/20\/cungu-takon-perfaqesuesit-e-bashkimit-te-sindikatave-te-pavarura-te-kosoves\/","name":"Cungu takon p\u00ebrfaq\u00ebsuesit e Bashkimit t\u00eb Sindikatave t\u00eb Pavarura t\u00eb Kosov\u00ebs - Lajme nga Ulqini","isPartOf":{"@id":"https:\/\/www.visit-ulcinj.com\/blog\/#website"},"primaryImageOfPage":{"@id":"https:\/\/www.visit-ulcinj.com\/blog\/2013\/09\/20\/cungu-takon-perfaqesuesit-e-bashkimit-te-sindikatave-te-pavarura-te-kosoves\/#primaryimage"},"datePublished":"2013-09-20T15:19:01+00:00","dateModified":"2013-09-25T18:16:02+00:00","author":{"@id":"https:\/\/www.visit-ulcinj.com\/blog\/#\/schema\/person\/dcab619c614d3038751c63bc2aadc06d"},"description":"Kryetari Cungu priti n\u00eb takim p\u00ebrfaq\u00ebsuesit e Bashkimit t\u00eb Sindikatave t\u00eb Pavarura t\u00eb Kosov\u00ebs Kryetari i komun\u00ebs s\u00eb Ulqinit Nazif Cungu priti sot n\u00eb takim","breadcrumb":{"@id":"https:\/\/www.visit-ulcinj.com\/blog\/2013\/09\/20\/cungu-takon-perfaqesuesit-e-bashkimit-te-sindikatave-te-pavarura-te-kosoves\/#breadcrumb"},"inLanguage":"en-US","potentialAction":[{"@type":"ReadAction","target":["https:\/\/www.visit-ulcinj.com\/blog\/2013\/09\/20\/cungu-takon-perfaqesuesit-e-bashkimit-te-sindikatave-te-pavarura-te-kosoves\/"]}]},{"@type":"BreadcrumbList","@id":"https:\/\/www.visit-ulcinj.com\/blog\/2013\/09\/20\/cungu-takon-perfaqesuesit-e-bashkimit-te-sindikatave-te-pavarura-te-kosoves\/#breadcrumb","itemListElement":[{"@type":"ListItem","position":1,"name":"Cungu takon p\u00ebrfaq\u00ebsuesit e Bashkimit t\u00eb Sindikatave t\u00eb Pavarura t\u00eb Kosov\u00ebs"}]},{"@type":"Person","@id":"https:\/\/www.visit-ulcinj.com\/blog\/#\/schema\/person\/dcab619c614d3038751c63bc2aadc06d","name":"ulqini","sameAs":["http:\/\/www.visit-ulcinj.com"],"url":"https:\/\/www.visit-ulcinj.com\/blog\/author\/admin\/"}]}},"jetpack_featured_media_url":"","jetpack_sharing_enabled":true,"jetpack_shortlink":"https:\/\/wp.me\/pe6lTn-jti","_links":{"self":[{"href":"https:\/\/www.visit-ulcinj.com\/blog\/wp-json\/wp\/v2\/posts\/74852"}],"collection":[{"href":"https:\/\/www.visit-ulcinj.com\/blog\/wp-json\/wp\/v2\/posts"}],"about":[{"href":"https:\/\/www.visit-ulcinj.com\/blog\/wp-json\/wp\/v2\/types\/post"}],"author":[{"embeddable":true,"href":"https:\/\/www.visit-ulcinj.com\/blog\/wp-json\/wp\/v2\/users\/1"}],"replies":[{"embeddable":true,"href":"https:\/\/www.visit-ulcinj.com\/blog\/wp-json\/wp\/v2\/comments?post=74852"}],"version-history":[{"count":3,"href":"https:\/\/www.visit-ulcinj.com\/blog\/wp-json\/wp\/v2\/posts\/74852\/revisions"}],"predecessor-version":[{"id":74887,"href":"https:\/\/www.visit-ulcinj.com\/blog\/wp-json\/wp\/v2\/posts\/74852\/revisions\/74887"}],"wp:attachment":[{"href":"https:\/\/www.visit-ulcinj.com\/blog\/wp-json\/wp\/v2\/media?parent=74852"}],"wp:term":[{"taxonomy":"category","embeddable":true,"href":"https:\/\/www.visit-ulcinj.com\/blog\/wp-json\/wp\/v2\/categories?post=74852"},{"taxonomy":"post_tag","embeddable":true,"href":"https:\/\/www.visit-ulcinj.com\/blog\/wp-json\/wp\/v2\/tags?post=74852"}],"curies":[{"name":"wp","href":"https:\/\/api.w.org\/{rel}","templated":true}]}}