{"id":74856,"date":"2013-09-20T16:25:43","date_gmt":"2013-09-20T15:25:43","guid":{"rendered":"http:\/\/www.visit-ulcinj.com\/blog\/?p=74856"},"modified":"2013-09-20T16:25:43","modified_gmt":"2013-09-20T15:25:43","slug":"ne-ulqin-ka-filluar-realizimi-i-investimeve-te-planifikura","status":"publish","type":"post","link":"https:\/\/www.visit-ulcinj.com\/blog\/2013\/09\/20\/ne-ulqin-ka-filluar-realizimi-i-investimeve-te-planifikura\/","title":{"rendered":"Ne Ulqin ka filluar realizimi i investimeve t\u00eb planifikura"},"content":{"rendered":"<p><strong><a href=\"http:\/\/www.visit-ulcinj.com\/blog\/wp-content\/uploads\/2013\/09\/sinjalistika-ne-Ulqin.jpg\"><img loading=\"lazy\" class=\"alignleft  wp-image-74857\" alt=\"sinjalistika-ne-Ulqin\" src=\"http:\/\/www.visit-ulcinj.com\/blog\/wp-content\/uploads\/2013\/09\/sinjalistika-ne-Ulqin.jpg\" width=\"508\" height=\"360\" \/><\/a>N\u00eb qytetin ton\u00eb ka filluar realizimi i investimeve t\u00eb planifikura<\/strong><\/p>\n<p>Pasi q\u00eb ka p\u00ebrfunduar ndalimi i ndertimit gjat\u00eb sezonit turistik, n\u00eb qytetin ton\u00eb ka filluar realizimi i investimeve t\u00eb planifikura. Nd\u00ebr investimet m\u00eb t\u00eb r\u00ebnd\u00ebsishme \u00ebsht\u00eb nd\u00ebrtimi i ndri\u00e7imit publik n\u00eb rrugen e Shtojit, q\u00eb ka filluar disa dit\u00eb m\u00eb par\u00eb. Punimet \u00ebsht\u00eb duke i kryer firma \u201eSpinel&#8221; nga Kotori, nd\u00ebrsa vlera e investimit \u00ebsht\u00eb 187.000\u20ac. Gjithashtu ka filluar vendosja e \u00a0gjegj\u00ebsisht shenjave t\u00eb komunikacionit, t\u00eb cilat i ka punuar firma \u201eSignalizacija&#8221; nga Zagrebi. Vlera e investimit \u00ebsht\u00eb 42.000\u20ac. P\u00ebrvec k\u00ebtyre, gjithashtu ka filluar nd\u00ebrtimi i parkingut n\u00eb af\u00ebrsi t\u00eb Sht\u00ebpis\u00eb s\u00eb sh\u00ebndetit me vler\u00eb prej 12.000\u20ac, realizimin e t\u00eb cilit e kryen firma \u201eElita Group&#8221; nga Ulqini.<\/p>\n<div>Komuna e Ulqinit<\/div>\n<div>Sekretariati p\u00ebr veprimtari komunale<\/div>\n<div>Tel:\u00a0030 412 956<\/div>\n","protected":false},"excerpt":{"rendered":"<p>N\u00eb qytetin ton\u00eb ka filluar realizimi i investimeve t\u00eb planifikura Pasi q\u00eb ka p\u00ebrfunduar ndalimi i ndertimit gjat\u00eb sezonit turistik, n\u00eb qytetin ton\u00eb ka filluar realizimi i investimeve t\u00eb planifikura. Nd\u00ebr investimet m\u00eb t\u00eb r\u00ebnd\u00ebsishme \u00ebsht\u00eb nd\u00ebrtimi i ndri\u00e7imit publik n\u00eb rrugen e Shtojit, q\u00eb ka filluar disa dit\u00eb m\u00eb par\u00eb. Punimet \u00ebsht\u00eb duke i [&hellip;]<\/p>\n","protected":false},"author":1,"featured_media":0,"comment_status":"closed","ping_status":"closed","sticky":false,"template":"","format":"standard","meta":{"spay_email":"","jetpack_publicize_message":"","jetpack_is_tweetstorm":false,"jetpack_publicize_feature_enabled":true},"categories":[11],"tags":[],"jetpack_publicize_connections":[],"yoast_head":"<!-- This site is optimized with the Yoast SEO plugin v19.1 - https:\/\/yoast.com\/wordpress\/plugins\/seo\/ -->\n<title>Ne Ulqin ka filluar realizimi i investimeve t\u00eb planifikura - Lajme nga Ulqini<\/title>\n<meta name=\"description\" content=\"N\u00eb qytetin ton\u00eb ka filluar realizimi i investimeve t\u00eb planifikura Pasi q\u00eb ka p\u00ebrfunduar ndalimi i ndertimit gjat\u00eb sezonit turistik, n\u00eb qytetin ton\u00eb ka\" \/>\n<meta name=\"robots\" content=\"index, follow, max-snippet:-1, max-image-preview:large, max-video-preview:-1\" \/>\n<link rel=\"canonical\" href=\"https:\/\/www.visit-ulcinj.com\/blog\/2013\/09\/20\/ne-ulqin-ka-filluar-realizimi-i-investimeve-te-planifikura\/\" \/>\n<meta property=\"og:locale\" content=\"en_US\" \/>\n<meta property=\"og:type\" content=\"article\" \/>\n<meta property=\"og:title\" content=\"Ne Ulqin ka filluar realizimi i investimeve t\u00eb planifikura - Lajme nga Ulqini\" \/>\n<meta property=\"og:description\" content=\"N\u00eb qytetin ton\u00eb ka filluar realizimi i investimeve t\u00eb planifikura Pasi q\u00eb ka p\u00ebrfunduar ndalimi i ndertimit gjat\u00eb sezonit turistik, n\u00eb qytetin ton\u00eb ka\" \/>\n<meta property=\"og:url\" content=\"https:\/\/www.visit-ulcinj.com\/blog\/2013\/09\/20\/ne-ulqin-ka-filluar-realizimi-i-investimeve-te-planifikura\/\" \/>\n<meta property=\"og:site_name\" content=\"Lajme nga Ulqini\" \/>\n<meta property=\"article:published_time\" content=\"2013-09-20T15:25:43+00:00\" \/>\n<meta property=\"og:image\" content=\"http:\/\/www.visit-ulcinj.com\/blog\/wp-content\/uploads\/2013\/09\/sinjalistika-ne-Ulqin.jpg\" \/>\n<meta name=\"twitter:label1\" content=\"Written by\" \/>\n\t<meta name=\"twitter:data1\" content=\"ulqini\" \/>\n\t<meta name=\"twitter:label2\" content=\"Est. reading time\" \/>\n\t<meta name=\"twitter:data2\" content=\"1 minute\" \/>\n<script type=\"application\/ld+json\" class=\"yoast-schema-graph\">{\"@context\":\"https:\/\/schema.org\",\"@graph\":[{\"@type\":\"WebSite\",\"@id\":\"https:\/\/www.visit-ulcinj.com\/blog\/#website\",\"url\":\"https:\/\/www.visit-ulcinj.com\/blog\/\",\"name\":\"Lajme nga Ulqini\",\"description\":\"Lajme,Vijesti,Ulqini,Ulqin,Crna Gora,Mali i Zi\",\"potentialAction\":[{\"@type\":\"SearchAction\",\"target\":{\"@type\":\"EntryPoint\",\"urlTemplate\":\"https:\/\/www.visit-ulcinj.com\/blog\/?s={search_term_string}\"},\"query-input\":\"required name=search_term_string\"}],\"inLanguage\":\"en-US\"},{\"@type\":\"ImageObject\",\"inLanguage\":\"en-US\",\"@id\":\"https:\/\/www.visit-ulcinj.com\/blog\/2013\/09\/20\/ne-ulqin-ka-filluar-realizimi-i-investimeve-te-planifikura\/#primaryimage\",\"url\":\"https:\/\/www.visit-ulcinj.com\/blog\/wp-content\/uploads\/2013\/09\/sinjalistika-ne-Ulqin.jpg\",\"contentUrl\":\"https:\/\/www.visit-ulcinj.com\/blog\/wp-content\/uploads\/2013\/09\/sinjalistika-ne-Ulqin.jpg\",\"width\":640,\"height\":480},{\"@type\":\"WebPage\",\"@id\":\"https:\/\/www.visit-ulcinj.com\/blog\/2013\/09\/20\/ne-ulqin-ka-filluar-realizimi-i-investimeve-te-planifikura\/#webpage\",\"url\":\"https:\/\/www.visit-ulcinj.com\/blog\/2013\/09\/20\/ne-ulqin-ka-filluar-realizimi-i-investimeve-te-planifikura\/\",\"name\":\"Ne Ulqin ka filluar realizimi i investimeve t\u00eb planifikura - Lajme nga Ulqini\",\"isPartOf\":{\"@id\":\"https:\/\/www.visit-ulcinj.com\/blog\/#website\"},\"primaryImageOfPage\":{\"@id\":\"https:\/\/www.visit-ulcinj.com\/blog\/2013\/09\/20\/ne-ulqin-ka-filluar-realizimi-i-investimeve-te-planifikura\/#primaryimage\"},\"datePublished\":\"2013-09-20T15:25:43+00:00\",\"dateModified\":\"2013-09-20T15:25:43+00:00\",\"author\":{\"@id\":\"https:\/\/www.visit-ulcinj.com\/blog\/#\/schema\/person\/dcab619c614d3038751c63bc2aadc06d\"},\"description\":\"N\u00eb qytetin ton\u00eb ka filluar realizimi i investimeve t\u00eb planifikura Pasi q\u00eb ka p\u00ebrfunduar ndalimi i ndertimit gjat\u00eb sezonit turistik, n\u00eb qytetin ton\u00eb ka\",\"breadcrumb\":{\"@id\":\"https:\/\/www.visit-ulcinj.com\/blog\/2013\/09\/20\/ne-ulqin-ka-filluar-realizimi-i-investimeve-te-planifikura\/#breadcrumb\"},\"inLanguage\":\"en-US\",\"potentialAction\":[{\"@type\":\"ReadAction\",\"target\":[\"https:\/\/www.visit-ulcinj.com\/blog\/2013\/09\/20\/ne-ulqin-ka-filluar-realizimi-i-investimeve-te-planifikura\/\"]}]},{\"@type\":\"BreadcrumbList\",\"@id\":\"https:\/\/www.visit-ulcinj.com\/blog\/2013\/09\/20\/ne-ulqin-ka-filluar-realizimi-i-investimeve-te-planifikura\/#breadcrumb\",\"itemListElement\":[{\"@type\":\"ListItem\",\"position\":1,\"name\":\"Ne Ulqin ka filluar realizimi i investimeve t\u00eb planifikura\"}]},{\"@type\":\"Person\",\"@id\":\"https:\/\/www.visit-ulcinj.com\/blog\/#\/schema\/person\/dcab619c614d3038751c63bc2aadc06d\",\"name\":\"ulqini\",\"sameAs\":[\"http:\/\/www.visit-ulcinj.com\"],\"url\":\"https:\/\/www.visit-ulcinj.com\/blog\/author\/admin\/\"}]}<\/script>\n<!-- \/ Yoast SEO plugin. -->","yoast_head_json":{"title":"Ne Ulqin ka filluar realizimi i investimeve t\u00eb planifikura - Lajme nga Ulqini","description":"N\u00eb qytetin ton\u00eb ka filluar realizimi i investimeve t\u00eb planifikura Pasi q\u00eb ka p\u00ebrfunduar ndalimi i ndertimit gjat\u00eb sezonit turistik, n\u00eb qytetin ton\u00eb ka","robots":{"index":"index","follow":"follow","max-snippet":"max-snippet:-1","max-image-preview":"max-image-preview:large","max-video-preview":"max-video-preview:-1"},"canonical":"https:\/\/www.visit-ulcinj.com\/blog\/2013\/09\/20\/ne-ulqin-ka-filluar-realizimi-i-investimeve-te-planifikura\/","og_locale":"en_US","og_type":"article","og_title":"Ne Ulqin ka filluar realizimi i investimeve t\u00eb planifikura - Lajme nga Ulqini","og_description":"N\u00eb qytetin ton\u00eb ka filluar realizimi i investimeve t\u00eb planifikura Pasi q\u00eb ka p\u00ebrfunduar ndalimi i ndertimit gjat\u00eb sezonit turistik, n\u00eb qytetin ton\u00eb ka","og_url":"https:\/\/www.visit-ulcinj.com\/blog\/2013\/09\/20\/ne-ulqin-ka-filluar-realizimi-i-investimeve-te-planifikura\/","og_site_name":"Lajme nga Ulqini","article_published_time":"2013-09-20T15:25:43+00:00","og_image":[{"url":"http:\/\/www.visit-ulcinj.com\/blog\/wp-content\/uploads\/2013\/09\/sinjalistika-ne-Ulqin.jpg"}],"twitter_misc":{"Written by":"ulqini","Est. reading time":"1 minute"},"schema":{"@context":"https:\/\/schema.org","@graph":[{"@type":"WebSite","@id":"https:\/\/www.visit-ulcinj.com\/blog\/#website","url":"https:\/\/www.visit-ulcinj.com\/blog\/","name":"Lajme nga Ulqini","description":"Lajme,Vijesti,Ulqini,Ulqin,Crna Gora,Mali i Zi","potentialAction":[{"@type":"SearchAction","target":{"@type":"EntryPoint","urlTemplate":"https:\/\/www.visit-ulcinj.com\/blog\/?s={search_term_string}"},"query-input":"required name=search_term_string"}],"inLanguage":"en-US"},{"@type":"ImageObject","inLanguage":"en-US","@id":"https:\/\/www.visit-ulcinj.com\/blog\/2013\/09\/20\/ne-ulqin-ka-filluar-realizimi-i-investimeve-te-planifikura\/#primaryimage","url":"https:\/\/www.visit-ulcinj.com\/blog\/wp-content\/uploads\/2013\/09\/sinjalistika-ne-Ulqin.jpg","contentUrl":"https:\/\/www.visit-ulcinj.com\/blog\/wp-content\/uploads\/2013\/09\/sinjalistika-ne-Ulqin.jpg","width":640,"height":480},{"@type":"WebPage","@id":"https:\/\/www.visit-ulcinj.com\/blog\/2013\/09\/20\/ne-ulqin-ka-filluar-realizimi-i-investimeve-te-planifikura\/#webpage","url":"https:\/\/www.visit-ulcinj.com\/blog\/2013\/09\/20\/ne-ulqin-ka-filluar-realizimi-i-investimeve-te-planifikura\/","name":"Ne Ulqin ka filluar realizimi i investimeve t\u00eb planifikura - Lajme nga Ulqini","isPartOf":{"@id":"https:\/\/www.visit-ulcinj.com\/blog\/#website"},"primaryImageOfPage":{"@id":"https:\/\/www.visit-ulcinj.com\/blog\/2013\/09\/20\/ne-ulqin-ka-filluar-realizimi-i-investimeve-te-planifikura\/#primaryimage"},"datePublished":"2013-09-20T15:25:43+00:00","dateModified":"2013-09-20T15:25:43+00:00","author":{"@id":"https:\/\/www.visit-ulcinj.com\/blog\/#\/schema\/person\/dcab619c614d3038751c63bc2aadc06d"},"description":"N\u00eb qytetin ton\u00eb ka filluar realizimi i investimeve t\u00eb planifikura Pasi q\u00eb ka p\u00ebrfunduar ndalimi i ndertimit gjat\u00eb sezonit turistik, n\u00eb qytetin ton\u00eb ka","breadcrumb":{"@id":"https:\/\/www.visit-ulcinj.com\/blog\/2013\/09\/20\/ne-ulqin-ka-filluar-realizimi-i-investimeve-te-planifikura\/#breadcrumb"},"inLanguage":"en-US","potentialAction":[{"@type":"ReadAction","target":["https:\/\/www.visit-ulcinj.com\/blog\/2013\/09\/20\/ne-ulqin-ka-filluar-realizimi-i-investimeve-te-planifikura\/"]}]},{"@type":"BreadcrumbList","@id":"https:\/\/www.visit-ulcinj.com\/blog\/2013\/09\/20\/ne-ulqin-ka-filluar-realizimi-i-investimeve-te-planifikura\/#breadcrumb","itemListElement":[{"@type":"ListItem","position":1,"name":"Ne Ulqin ka filluar realizimi i investimeve t\u00eb planifikura"}]},{"@type":"Person","@id":"https:\/\/www.visit-ulcinj.com\/blog\/#\/schema\/person\/dcab619c614d3038751c63bc2aadc06d","name":"ulqini","sameAs":["http:\/\/www.visit-ulcinj.com"],"url":"https:\/\/www.visit-ulcinj.com\/blog\/author\/admin\/"}]}},"jetpack_featured_media_url":"","jetpack_sharing_enabled":true,"jetpack_shortlink":"https:\/\/wp.me\/pe6lTn-jtm","_links":{"self":[{"href":"https:\/\/www.visit-ulcinj.com\/blog\/wp-json\/wp\/v2\/posts\/74856"}],"collection":[{"href":"https:\/\/www.visit-ulcinj.com\/blog\/wp-json\/wp\/v2\/posts"}],"about":[{"href":"https:\/\/www.visit-ulcinj.com\/blog\/wp-json\/wp\/v2\/types\/post"}],"author":[{"embeddable":true,"href":"https:\/\/www.visit-ulcinj.com\/blog\/wp-json\/wp\/v2\/users\/1"}],"replies":[{"embeddable":true,"href":"https:\/\/www.visit-ulcinj.com\/blog\/wp-json\/wp\/v2\/comments?post=74856"}],"version-history":[{"count":1,"href":"https:\/\/www.visit-ulcinj.com\/blog\/wp-json\/wp\/v2\/posts\/74856\/revisions"}],"predecessor-version":[{"id":74858,"href":"https:\/\/www.visit-ulcinj.com\/blog\/wp-json\/wp\/v2\/posts\/74856\/revisions\/74858"}],"wp:attachment":[{"href":"https:\/\/www.visit-ulcinj.com\/blog\/wp-json\/wp\/v2\/media?parent=74856"}],"wp:term":[{"taxonomy":"category","embeddable":true,"href":"https:\/\/www.visit-ulcinj.com\/blog\/wp-json\/wp\/v2\/categories?post=74856"},{"taxonomy":"post_tag","embeddable":true,"href":"https:\/\/www.visit-ulcinj.com\/blog\/wp-json\/wp\/v2\/tags?post=74856"}],"curies":[{"name":"wp","href":"https:\/\/api.w.org\/{rel}","templated":true}]}}