{"id":74859,"date":"2013-09-20T16:30:33","date_gmt":"2013-09-20T15:30:33","guid":{"rendered":"http:\/\/www.visit-ulcinj.com\/blog\/?p=74859"},"modified":"2013-09-20T16:35:53","modified_gmt":"2013-09-20T15:35:53","slug":"karamanaga-primjedbe-i-sugestije-na-rad-muzeja-u-ulcinju-video","status":"publish","type":"post","link":"https:\/\/www.visit-ulcinj.com\/blog\/2013\/09\/20\/karamanaga-primjedbe-i-sugestije-na-rad-muzeja-u-ulcinju-video\/","title":{"rendered":"Karamanaga: Primjedbe i sugestije na rad muzeja u Ulcinju &#8211; Video"},"content":{"rendered":"<p><a href=\"http:\/\/www.visit-ulcinj.com\/blog\/wp-content\/uploads\/2012\/12\/Stari-Grad-Ulcinj-u-mraku.4.jpg\"><img loading=\"lazy\" class=\"alignleft  wp-image-66840\" alt=\"Stari Grad Ulcinj u mraku.4\" src=\"http:\/\/www.visit-ulcinj.com\/blog\/wp-content\/uploads\/2012\/12\/Stari-Grad-Ulcinj-u-mraku.4.jpg\" width=\"508\" height=\"360\" \/><\/a><br \/>\n<strong>Intervju sa Suzanom Gani\u0107 na TVT<\/strong><\/p>\n<p>Dana\u0161nja slika ispred muzeja..Grupa stranih turista sa svojim vodi\u010dem, koji na\u017ealost, pri\u010da svoju verziju na\u0161e istorije i na\u0161e kulture, ili ono \u0161to je na\u0161ao ili na\u0161la, na internetu. Zbog toga , kao svuda u svijetu, na ovako osjetlivim mjestima, moraju raditi stru\u010dni ljudi, ljudi koji znaju strane jezike, i koji \u0107e staranim gostima ispri\u010dati pravu pri\u010du&#8230;Ovo su osjetljive stvari, i zbog toga ja kritikujem rad muzeja , ..Dovoljno je po\u0107i do Bara, dok u Starom gradu Kotora, bez Stru\u010dnog vodi\u010da i ne mo\u017eete u\u0107i u Stari grad, a o Cetinju da i ne govorimo. Stru\u010dni i iskusni vodi\u010di vas do\u010dekuju na vratima. U muzeju mo\u017ee pri\u010dati samo stru\u010dno i iskusno lice, dok vodi\u010d smije samo prevoditi&#8230;Kako je kod nas,..to samo znaju politi\u010dke partije, koje dolaskom na vlast, svojim kadrovima omogu\u0107uju &#8220;vlast&#8221; i &#8220;vlasni\u0161tvo&#8221;, nad svime gdje mogu da vladaju.. Naravno, to znamo i mi, koji smo tu i koji se vi\u0161e i ne \u010dudimo ni\u010demu, ali, koje ovakav odnos, i te kako boli &#8230;<\/p>\n<p data-ft=\"{&quot;tn&quot;:&quot;C&quot;}\"><strong><a id=\"js_269\" href=\"https:\/\/www.facebook.com\/ismet.karamanaga?viewer_id=100000302062777\" data-ft=\"{&quot;tn&quot;:&quot;\\u0040&quot;}\" data-hovercard=\"\/ajax\/hovercard\/user.php?id=1359492972&amp;extragetparams=%7B%22directed_target_id%22%3Anull%2C%22viewer_id%22%3A100000302062777%7D\">Ismet Karamanaga<\/a>\u00a0Facebook<\/strong><\/p>\n<p><iframe loading=\"lazy\" src=\"https:\/\/www.facebook.com\/video\/embed?video_id=10202018450287038\" height=\"360\" width=\"508\" frameborder=\"0\"><\/iframe><\/p>\n","protected":false},"excerpt":{"rendered":"<p>Intervju sa Suzanom Gani\u0107 na TVT Dana\u0161nja slika ispred muzeja..Grupa stranih turista sa svojim vodi\u010dem, koji na\u017ealost, pri\u010da svoju verziju na\u0161e istorije i na\u0161e kulture, ili ono \u0161to je na\u0161ao ili na\u0161la, na internetu. Zbog toga , kao svuda u svijetu, na ovako osjetlivim mjestima, moraju raditi stru\u010dni ljudi, ljudi koji znaju strane jezike, i [&hellip;]<\/p>\n","protected":false},"author":1,"featured_media":0,"comment_status":"closed","ping_status":"closed","sticky":false,"template":"","format":"standard","meta":{"spay_email":"","jetpack_publicize_message":"","jetpack_is_tweetstorm":false,"jetpack_publicize_feature_enabled":true},"categories":[8337],"tags":[],"jetpack_publicize_connections":[],"yoast_head":"<!-- This site is optimized with the Yoast SEO plugin v19.1 - https:\/\/yoast.com\/wordpress\/plugins\/seo\/ -->\n<title>Karamanaga: Primjedbe i sugestije na rad muzeja u Ulcinju - Video - Lajme nga Ulqini<\/title>\n<meta name=\"description\" content=\"Intervju sa Suzanom Gani\u0107 na TVT Dana\u0161nja slika ispred muzeja..Grupa stranih turista sa svojim vodi\u010dem, koji na\u017ealost, pri\u010da svoju verziju na\u0161e istorije i\" \/>\n<meta name=\"robots\" content=\"index, follow, max-snippet:-1, max-image-preview:large, max-video-preview:-1\" \/>\n<link rel=\"canonical\" href=\"https:\/\/www.visit-ulcinj.com\/blog\/2013\/09\/20\/karamanaga-primjedbe-i-sugestije-na-rad-muzeja-u-ulcinju-video\/\" \/>\n<meta property=\"og:locale\" content=\"en_US\" \/>\n<meta property=\"og:type\" content=\"article\" \/>\n<meta property=\"og:title\" content=\"Karamanaga: Primjedbe i sugestije na rad muzeja u Ulcinju - Video - Lajme nga Ulqini\" \/>\n<meta property=\"og:description\" content=\"Intervju sa Suzanom Gani\u0107 na TVT Dana\u0161nja slika ispred muzeja..Grupa stranih turista sa svojim vodi\u010dem, koji na\u017ealost, pri\u010da svoju verziju na\u0161e istorije i\" \/>\n<meta property=\"og:url\" content=\"https:\/\/www.visit-ulcinj.com\/blog\/2013\/09\/20\/karamanaga-primjedbe-i-sugestije-na-rad-muzeja-u-ulcinju-video\/\" \/>\n<meta property=\"og:site_name\" content=\"Lajme nga Ulqini\" \/>\n<meta property=\"article:published_time\" content=\"2013-09-20T15:30:33+00:00\" \/>\n<meta property=\"article:modified_time\" content=\"2013-09-20T15:35:53+00:00\" \/>\n<meta property=\"og:image\" content=\"http:\/\/www.visit-ulcinj.com\/blog\/wp-content\/uploads\/2012\/12\/Stari-Grad-Ulcinj-u-mraku.4.jpg\" \/>\n<meta name=\"twitter:label1\" content=\"Written by\" \/>\n\t<meta name=\"twitter:data1\" content=\"ulqini\" \/>\n\t<meta name=\"twitter:label2\" content=\"Est. reading time\" \/>\n\t<meta name=\"twitter:data2\" content=\"1 minute\" \/>\n<script type=\"application\/ld+json\" class=\"yoast-schema-graph\">{\"@context\":\"https:\/\/schema.org\",\"@graph\":[{\"@type\":\"WebSite\",\"@id\":\"https:\/\/www.visit-ulcinj.com\/blog\/#website\",\"url\":\"https:\/\/www.visit-ulcinj.com\/blog\/\",\"name\":\"Lajme nga Ulqini\",\"description\":\"Lajme,Vijesti,Ulqini,Ulqin,Crna Gora,Mali i Zi\",\"potentialAction\":[{\"@type\":\"SearchAction\",\"target\":{\"@type\":\"EntryPoint\",\"urlTemplate\":\"https:\/\/www.visit-ulcinj.com\/blog\/?s={search_term_string}\"},\"query-input\":\"required name=search_term_string\"}],\"inLanguage\":\"en-US\"},{\"@type\":\"ImageObject\",\"inLanguage\":\"en-US\",\"@id\":\"https:\/\/www.visit-ulcinj.com\/blog\/2013\/09\/20\/karamanaga-primjedbe-i-sugestije-na-rad-muzeja-u-ulcinju-video\/#primaryimage\",\"url\":\"https:\/\/www.visit-ulcinj.com\/blog\/wp-content\/uploads\/2012\/12\/Stari-Grad-Ulcinj-u-mraku.4.jpg\",\"contentUrl\":\"https:\/\/www.visit-ulcinj.com\/blog\/wp-content\/uploads\/2012\/12\/Stari-Grad-Ulcinj-u-mraku.4.jpg\",\"width\":960,\"height\":720},{\"@type\":\"WebPage\",\"@id\":\"https:\/\/www.visit-ulcinj.com\/blog\/2013\/09\/20\/karamanaga-primjedbe-i-sugestije-na-rad-muzeja-u-ulcinju-video\/#webpage\",\"url\":\"https:\/\/www.visit-ulcinj.com\/blog\/2013\/09\/20\/karamanaga-primjedbe-i-sugestije-na-rad-muzeja-u-ulcinju-video\/\",\"name\":\"Karamanaga: Primjedbe i sugestije na rad muzeja u Ulcinju - Video - Lajme nga Ulqini\",\"isPartOf\":{\"@id\":\"https:\/\/www.visit-ulcinj.com\/blog\/#website\"},\"primaryImageOfPage\":{\"@id\":\"https:\/\/www.visit-ulcinj.com\/blog\/2013\/09\/20\/karamanaga-primjedbe-i-sugestije-na-rad-muzeja-u-ulcinju-video\/#primaryimage\"},\"datePublished\":\"2013-09-20T15:30:33+00:00\",\"dateModified\":\"2013-09-20T15:35:53+00:00\",\"author\":{\"@id\":\"https:\/\/www.visit-ulcinj.com\/blog\/#\/schema\/person\/dcab619c614d3038751c63bc2aadc06d\"},\"description\":\"Intervju sa Suzanom Gani\u0107 na TVT Dana\u0161nja slika ispred muzeja..Grupa stranih turista sa svojim vodi\u010dem, koji na\u017ealost, pri\u010da svoju verziju na\u0161e istorije i\",\"breadcrumb\":{\"@id\":\"https:\/\/www.visit-ulcinj.com\/blog\/2013\/09\/20\/karamanaga-primjedbe-i-sugestije-na-rad-muzeja-u-ulcinju-video\/#breadcrumb\"},\"inLanguage\":\"en-US\",\"potentialAction\":[{\"@type\":\"ReadAction\",\"target\":[\"https:\/\/www.visit-ulcinj.com\/blog\/2013\/09\/20\/karamanaga-primjedbe-i-sugestije-na-rad-muzeja-u-ulcinju-video\/\"]}]},{\"@type\":\"BreadcrumbList\",\"@id\":\"https:\/\/www.visit-ulcinj.com\/blog\/2013\/09\/20\/karamanaga-primjedbe-i-sugestije-na-rad-muzeja-u-ulcinju-video\/#breadcrumb\",\"itemListElement\":[{\"@type\":\"ListItem\",\"position\":1,\"name\":\"Karamanaga: Primjedbe i sugestije na rad muzeja u Ulcinju &#8211; Video\"}]},{\"@type\":\"Person\",\"@id\":\"https:\/\/www.visit-ulcinj.com\/blog\/#\/schema\/person\/dcab619c614d3038751c63bc2aadc06d\",\"name\":\"ulqini\",\"sameAs\":[\"http:\/\/www.visit-ulcinj.com\"],\"url\":\"https:\/\/www.visit-ulcinj.com\/blog\/author\/admin\/\"}]}<\/script>\n<!-- \/ Yoast SEO plugin. -->","yoast_head_json":{"title":"Karamanaga: Primjedbe i sugestije na rad muzeja u Ulcinju - Video - Lajme nga Ulqini","description":"Intervju sa Suzanom Gani\u0107 na TVT Dana\u0161nja slika ispred muzeja..Grupa stranih turista sa svojim vodi\u010dem, koji na\u017ealost, pri\u010da svoju verziju na\u0161e istorije i","robots":{"index":"index","follow":"follow","max-snippet":"max-snippet:-1","max-image-preview":"max-image-preview:large","max-video-preview":"max-video-preview:-1"},"canonical":"https:\/\/www.visit-ulcinj.com\/blog\/2013\/09\/20\/karamanaga-primjedbe-i-sugestije-na-rad-muzeja-u-ulcinju-video\/","og_locale":"en_US","og_type":"article","og_title":"Karamanaga: Primjedbe i sugestije na rad muzeja u Ulcinju - Video - Lajme nga Ulqini","og_description":"Intervju sa Suzanom Gani\u0107 na TVT Dana\u0161nja slika ispred muzeja..Grupa stranih turista sa svojim vodi\u010dem, koji na\u017ealost, pri\u010da svoju verziju na\u0161e istorije i","og_url":"https:\/\/www.visit-ulcinj.com\/blog\/2013\/09\/20\/karamanaga-primjedbe-i-sugestije-na-rad-muzeja-u-ulcinju-video\/","og_site_name":"Lajme nga Ulqini","article_published_time":"2013-09-20T15:30:33+00:00","article_modified_time":"2013-09-20T15:35:53+00:00","og_image":[{"url":"http:\/\/www.visit-ulcinj.com\/blog\/wp-content\/uploads\/2012\/12\/Stari-Grad-Ulcinj-u-mraku.4.jpg"}],"twitter_misc":{"Written by":"ulqini","Est. reading time":"1 minute"},"schema":{"@context":"https:\/\/schema.org","@graph":[{"@type":"WebSite","@id":"https:\/\/www.visit-ulcinj.com\/blog\/#website","url":"https:\/\/www.visit-ulcinj.com\/blog\/","name":"Lajme nga Ulqini","description":"Lajme,Vijesti,Ulqini,Ulqin,Crna Gora,Mali i Zi","potentialAction":[{"@type":"SearchAction","target":{"@type":"EntryPoint","urlTemplate":"https:\/\/www.visit-ulcinj.com\/blog\/?s={search_term_string}"},"query-input":"required name=search_term_string"}],"inLanguage":"en-US"},{"@type":"ImageObject","inLanguage":"en-US","@id":"https:\/\/www.visit-ulcinj.com\/blog\/2013\/09\/20\/karamanaga-primjedbe-i-sugestije-na-rad-muzeja-u-ulcinju-video\/#primaryimage","url":"https:\/\/www.visit-ulcinj.com\/blog\/wp-content\/uploads\/2012\/12\/Stari-Grad-Ulcinj-u-mraku.4.jpg","contentUrl":"https:\/\/www.visit-ulcinj.com\/blog\/wp-content\/uploads\/2012\/12\/Stari-Grad-Ulcinj-u-mraku.4.jpg","width":960,"height":720},{"@type":"WebPage","@id":"https:\/\/www.visit-ulcinj.com\/blog\/2013\/09\/20\/karamanaga-primjedbe-i-sugestije-na-rad-muzeja-u-ulcinju-video\/#webpage","url":"https:\/\/www.visit-ulcinj.com\/blog\/2013\/09\/20\/karamanaga-primjedbe-i-sugestije-na-rad-muzeja-u-ulcinju-video\/","name":"Karamanaga: Primjedbe i sugestije na rad muzeja u Ulcinju - Video - Lajme nga Ulqini","isPartOf":{"@id":"https:\/\/www.visit-ulcinj.com\/blog\/#website"},"primaryImageOfPage":{"@id":"https:\/\/www.visit-ulcinj.com\/blog\/2013\/09\/20\/karamanaga-primjedbe-i-sugestije-na-rad-muzeja-u-ulcinju-video\/#primaryimage"},"datePublished":"2013-09-20T15:30:33+00:00","dateModified":"2013-09-20T15:35:53+00:00","author":{"@id":"https:\/\/www.visit-ulcinj.com\/blog\/#\/schema\/person\/dcab619c614d3038751c63bc2aadc06d"},"description":"Intervju sa Suzanom Gani\u0107 na TVT Dana\u0161nja slika ispred muzeja..Grupa stranih turista sa svojim vodi\u010dem, koji na\u017ealost, pri\u010da svoju verziju na\u0161e istorije i","breadcrumb":{"@id":"https:\/\/www.visit-ulcinj.com\/blog\/2013\/09\/20\/karamanaga-primjedbe-i-sugestije-na-rad-muzeja-u-ulcinju-video\/#breadcrumb"},"inLanguage":"en-US","potentialAction":[{"@type":"ReadAction","target":["https:\/\/www.visit-ulcinj.com\/blog\/2013\/09\/20\/karamanaga-primjedbe-i-sugestije-na-rad-muzeja-u-ulcinju-video\/"]}]},{"@type":"BreadcrumbList","@id":"https:\/\/www.visit-ulcinj.com\/blog\/2013\/09\/20\/karamanaga-primjedbe-i-sugestije-na-rad-muzeja-u-ulcinju-video\/#breadcrumb","itemListElement":[{"@type":"ListItem","position":1,"name":"Karamanaga: Primjedbe i sugestije na rad muzeja u Ulcinju &#8211; Video"}]},{"@type":"Person","@id":"https:\/\/www.visit-ulcinj.com\/blog\/#\/schema\/person\/dcab619c614d3038751c63bc2aadc06d","name":"ulqini","sameAs":["http:\/\/www.visit-ulcinj.com"],"url":"https:\/\/www.visit-ulcinj.com\/blog\/author\/admin\/"}]}},"jetpack_featured_media_url":"","jetpack_sharing_enabled":true,"jetpack_shortlink":"https:\/\/wp.me\/pe6lTn-jtp","_links":{"self":[{"href":"https:\/\/www.visit-ulcinj.com\/blog\/wp-json\/wp\/v2\/posts\/74859"}],"collection":[{"href":"https:\/\/www.visit-ulcinj.com\/blog\/wp-json\/wp\/v2\/posts"}],"about":[{"href":"https:\/\/www.visit-ulcinj.com\/blog\/wp-json\/wp\/v2\/types\/post"}],"author":[{"embeddable":true,"href":"https:\/\/www.visit-ulcinj.com\/blog\/wp-json\/wp\/v2\/users\/1"}],"replies":[{"embeddable":true,"href":"https:\/\/www.visit-ulcinj.com\/blog\/wp-json\/wp\/v2\/comments?post=74859"}],"version-history":[{"count":7,"href":"https:\/\/www.visit-ulcinj.com\/blog\/wp-json\/wp\/v2\/posts\/74859\/revisions"}],"predecessor-version":[{"id":74866,"href":"https:\/\/www.visit-ulcinj.com\/blog\/wp-json\/wp\/v2\/posts\/74859\/revisions\/74866"}],"wp:attachment":[{"href":"https:\/\/www.visit-ulcinj.com\/blog\/wp-json\/wp\/v2\/media?parent=74859"}],"wp:term":[{"taxonomy":"category","embeddable":true,"href":"https:\/\/www.visit-ulcinj.com\/blog\/wp-json\/wp\/v2\/categories?post=74859"},{"taxonomy":"post_tag","embeddable":true,"href":"https:\/\/www.visit-ulcinj.com\/blog\/wp-json\/wp\/v2\/tags?post=74859"}],"curies":[{"name":"wp","href":"https:\/\/api.w.org\/{rel}","templated":true}]}}