{"id":74877,"date":"2013-09-23T07:24:29","date_gmt":"2013-09-23T06:24:29","guid":{"rendered":"http:\/\/www.visit-ulcinj.com\/blog\/?p=74877"},"modified":"2013-09-23T07:24:29","modified_gmt":"2013-09-23T06:24:29","slug":"prelijepi-zavrsetak-manifestacije-marubi","status":"publish","type":"post","link":"https:\/\/www.visit-ulcinj.com\/blog\/2013\/09\/23\/prelijepi-zavrsetak-manifestacije-marubi\/","title":{"rendered":"Prelijepi zavr\u0161etak manifestacije &#8220;Marubi&#8221;"},"content":{"rendered":"<p><a href=\"http:\/\/www.visit-ulcinj.com\/blog\/wp-content\/uploads\/2013\/09\/Marubi-valdanos.jpg\"><img loading=\"lazy\" class=\"alignleft  wp-image-74878\" alt=\"Marubi-valdanos\" src=\"http:\/\/www.visit-ulcinj.com\/blog\/wp-content\/uploads\/2013\/09\/Marubi-valdanos.jpg\" width=\"508\" height=\"360\" \/><\/a>Prelijepi zavr\u0161etak ove manifestacije, dogodio se upravo tu u Valdanosu, za koji nas Ulcinjane ve\u017eu legende, brodovi i mornari, i naravno 19.000 maslina, vezanih u \u017eicu i metalne ograde, obrasle makijom..No no\u0107as se dogodilo ne\u0161to izuzetno lijepo. Izvedene su dvije legende, koje sam ja napisao u svojoj knjizi &#8220;Kalaja, legjende dhe art&#8221; , ali koje je muzi\u010dki i scenski, maestralno izveo i obradio, mladi koreograf Musa Hod\u017ea. Bio je zaista prelijep osje\u0107aj biti na mjestu, na \u010dijem se kraju nalazi &#8220;Vilina \u010desma&#8221;, na kojoj su &#8220;Vile&#8221; iz na\u0161e legende, pjevale i mamile mornare sa na\u0161ih brodova. Svi oni koji su \u010ditali legendu o &#8220;Vilinoj \u010desmi&#8221;, siguran sam, da su imaginarno, kroz muziku i ples mladih djevojaka iz \u0161kole plesa &#8220;Porta di danca&#8221;, duboko u sebi do\u017eivjeli legendu.. I prva legenda &#8220;Flo\u010dka e detit&#8221; maestralno je izvedena u ovom prelijepom ambijentu Valdanosa&#8230;.\u017dena, koja je vi\u0161e od dvadesetak godina \u017eivjela me\u0111u drevne zidine Starog grada, kao da je ve\u010deras ponovno, u izvedbi ovih vrsnih umjetnika, izronila u uvali Valdanosa&#8230;Preporu\u010dujem da, oni koji to \u017eele, u bile\u0161kama prona\u0111u i pro\u010ditaju ove dvije legende..<\/p>\n<p data-ft=\"{&quot;tn&quot;:&quot;C&quot;}\"><a id=\"js_53\" href=\"https:\/\/www.facebook.com\/ismet.karamanaga?hc_location=timeline\" data-hovercard=\"\/ajax\/hovercard\/user.php?id=1359492972&amp;extragetparams=%7B%22hc_location%22%3A%22timeline%22%7D\">Ismet Karamanaga Facebook<\/a><\/p>\n","protected":false},"excerpt":{"rendered":"<p>Prelijepi zavr\u0161etak ove manifestacije, dogodio se upravo tu u Valdanosu, za koji nas Ulcinjane ve\u017eu legende, brodovi i mornari, i naravno 19.000 maslina, vezanih u \u017eicu i metalne ograde, obrasle makijom..No no\u0107as se dogodilo ne\u0161to izuzetno lijepo. Izvedene su dvije legende, koje sam ja napisao u svojoj knjizi &#8220;Kalaja, legjende dhe art&#8221; , ali koje [&hellip;]<\/p>\n","protected":false},"author":1,"featured_media":0,"comment_status":"closed","ping_status":"closed","sticky":false,"template":"","format":"standard","meta":{"spay_email":"","jetpack_publicize_message":"","jetpack_is_tweetstorm":false,"jetpack_publicize_feature_enabled":true},"categories":[8337],"tags":[],"jetpack_publicize_connections":[],"yoast_head":"<!-- This site is optimized with the Yoast SEO plugin v19.1 - https:\/\/yoast.com\/wordpress\/plugins\/seo\/ -->\n<title>Prelijepi zavr\u0161etak manifestacije &quot;Marubi&quot; - Lajme nga Ulqini<\/title>\n<meta name=\"description\" content=\"Prelijepi zavr\u0161etak ove manifestacije, dogodio se upravo tu u Valdanosu, za koji nas Ulcinjane ve\u017eu legende, brodovi i mornari, i naravno 19.000 maslina,\" \/>\n<meta name=\"robots\" content=\"index, follow, max-snippet:-1, max-image-preview:large, max-video-preview:-1\" \/>\n<link rel=\"canonical\" href=\"https:\/\/www.visit-ulcinj.com\/blog\/2013\/09\/23\/prelijepi-zavrsetak-manifestacije-marubi\/\" \/>\n<meta property=\"og:locale\" content=\"en_US\" \/>\n<meta property=\"og:type\" content=\"article\" \/>\n<meta property=\"og:title\" content=\"Prelijepi zavr\u0161etak manifestacije &quot;Marubi&quot; - Lajme nga Ulqini\" \/>\n<meta property=\"og:description\" content=\"Prelijepi zavr\u0161etak ove manifestacije, dogodio se upravo tu u Valdanosu, za koji nas Ulcinjane ve\u017eu legende, brodovi i mornari, i naravno 19.000 maslina,\" \/>\n<meta property=\"og:url\" content=\"https:\/\/www.visit-ulcinj.com\/blog\/2013\/09\/23\/prelijepi-zavrsetak-manifestacije-marubi\/\" \/>\n<meta property=\"og:site_name\" content=\"Lajme nga Ulqini\" \/>\n<meta property=\"article:published_time\" content=\"2013-09-23T06:24:29+00:00\" \/>\n<meta property=\"og:image\" content=\"http:\/\/www.visit-ulcinj.com\/blog\/wp-content\/uploads\/2013\/09\/Marubi-valdanos.jpg\" \/>\n<meta name=\"twitter:label1\" content=\"Written by\" \/>\n\t<meta name=\"twitter:data1\" content=\"ulqini\" \/>\n\t<meta name=\"twitter:label2\" content=\"Est. reading time\" \/>\n\t<meta name=\"twitter:data2\" content=\"1 minute\" \/>\n<script type=\"application\/ld+json\" class=\"yoast-schema-graph\">{\"@context\":\"https:\/\/schema.org\",\"@graph\":[{\"@type\":\"WebSite\",\"@id\":\"https:\/\/www.visit-ulcinj.com\/blog\/#website\",\"url\":\"https:\/\/www.visit-ulcinj.com\/blog\/\",\"name\":\"Lajme nga Ulqini\",\"description\":\"Lajme,Vijesti,Ulqini,Ulqin,Crna Gora,Mali i Zi\",\"potentialAction\":[{\"@type\":\"SearchAction\",\"target\":{\"@type\":\"EntryPoint\",\"urlTemplate\":\"https:\/\/www.visit-ulcinj.com\/blog\/?s={search_term_string}\"},\"query-input\":\"required name=search_term_string\"}],\"inLanguage\":\"en-US\"},{\"@type\":\"ImageObject\",\"inLanguage\":\"en-US\",\"@id\":\"https:\/\/www.visit-ulcinj.com\/blog\/2013\/09\/23\/prelijepi-zavrsetak-manifestacije-marubi\/#primaryimage\",\"url\":\"https:\/\/www.visit-ulcinj.com\/blog\/wp-content\/uploads\/2013\/09\/Marubi-valdanos.jpg\",\"contentUrl\":\"https:\/\/www.visit-ulcinj.com\/blog\/wp-content\/uploads\/2013\/09\/Marubi-valdanos.jpg\",\"width\":720,\"height\":540},{\"@type\":\"WebPage\",\"@id\":\"https:\/\/www.visit-ulcinj.com\/blog\/2013\/09\/23\/prelijepi-zavrsetak-manifestacije-marubi\/#webpage\",\"url\":\"https:\/\/www.visit-ulcinj.com\/blog\/2013\/09\/23\/prelijepi-zavrsetak-manifestacije-marubi\/\",\"name\":\"Prelijepi zavr\u0161etak manifestacije \\\"Marubi\\\" - Lajme nga Ulqini\",\"isPartOf\":{\"@id\":\"https:\/\/www.visit-ulcinj.com\/blog\/#website\"},\"primaryImageOfPage\":{\"@id\":\"https:\/\/www.visit-ulcinj.com\/blog\/2013\/09\/23\/prelijepi-zavrsetak-manifestacije-marubi\/#primaryimage\"},\"datePublished\":\"2013-09-23T06:24:29+00:00\",\"dateModified\":\"2013-09-23T06:24:29+00:00\",\"author\":{\"@id\":\"https:\/\/www.visit-ulcinj.com\/blog\/#\/schema\/person\/dcab619c614d3038751c63bc2aadc06d\"},\"description\":\"Prelijepi zavr\u0161etak ove manifestacije, dogodio se upravo tu u Valdanosu, za koji nas Ulcinjane ve\u017eu legende, brodovi i mornari, i naravno 19.000 maslina,\",\"breadcrumb\":{\"@id\":\"https:\/\/www.visit-ulcinj.com\/blog\/2013\/09\/23\/prelijepi-zavrsetak-manifestacije-marubi\/#breadcrumb\"},\"inLanguage\":\"en-US\",\"potentialAction\":[{\"@type\":\"ReadAction\",\"target\":[\"https:\/\/www.visit-ulcinj.com\/blog\/2013\/09\/23\/prelijepi-zavrsetak-manifestacije-marubi\/\"]}]},{\"@type\":\"BreadcrumbList\",\"@id\":\"https:\/\/www.visit-ulcinj.com\/blog\/2013\/09\/23\/prelijepi-zavrsetak-manifestacije-marubi\/#breadcrumb\",\"itemListElement\":[{\"@type\":\"ListItem\",\"position\":1,\"name\":\"Prelijepi zavr\u0161etak manifestacije &#8220;Marubi&#8221;\"}]},{\"@type\":\"Person\",\"@id\":\"https:\/\/www.visit-ulcinj.com\/blog\/#\/schema\/person\/dcab619c614d3038751c63bc2aadc06d\",\"name\":\"ulqini\",\"sameAs\":[\"http:\/\/www.visit-ulcinj.com\"],\"url\":\"https:\/\/www.visit-ulcinj.com\/blog\/author\/admin\/\"}]}<\/script>\n<!-- \/ Yoast SEO plugin. -->","yoast_head_json":{"title":"Prelijepi zavr\u0161etak manifestacije \"Marubi\" - Lajme nga Ulqini","description":"Prelijepi zavr\u0161etak ove manifestacije, dogodio se upravo tu u Valdanosu, za koji nas Ulcinjane ve\u017eu legende, brodovi i mornari, i naravno 19.000 maslina,","robots":{"index":"index","follow":"follow","max-snippet":"max-snippet:-1","max-image-preview":"max-image-preview:large","max-video-preview":"max-video-preview:-1"},"canonical":"https:\/\/www.visit-ulcinj.com\/blog\/2013\/09\/23\/prelijepi-zavrsetak-manifestacije-marubi\/","og_locale":"en_US","og_type":"article","og_title":"Prelijepi zavr\u0161etak manifestacije \"Marubi\" - Lajme nga Ulqini","og_description":"Prelijepi zavr\u0161etak ove manifestacije, dogodio se upravo tu u Valdanosu, za koji nas Ulcinjane ve\u017eu legende, brodovi i mornari, i naravno 19.000 maslina,","og_url":"https:\/\/www.visit-ulcinj.com\/blog\/2013\/09\/23\/prelijepi-zavrsetak-manifestacije-marubi\/","og_site_name":"Lajme nga Ulqini","article_published_time":"2013-09-23T06:24:29+00:00","og_image":[{"url":"http:\/\/www.visit-ulcinj.com\/blog\/wp-content\/uploads\/2013\/09\/Marubi-valdanos.jpg"}],"twitter_misc":{"Written by":"ulqini","Est. reading time":"1 minute"},"schema":{"@context":"https:\/\/schema.org","@graph":[{"@type":"WebSite","@id":"https:\/\/www.visit-ulcinj.com\/blog\/#website","url":"https:\/\/www.visit-ulcinj.com\/blog\/","name":"Lajme nga Ulqini","description":"Lajme,Vijesti,Ulqini,Ulqin,Crna Gora,Mali i Zi","potentialAction":[{"@type":"SearchAction","target":{"@type":"EntryPoint","urlTemplate":"https:\/\/www.visit-ulcinj.com\/blog\/?s={search_term_string}"},"query-input":"required name=search_term_string"}],"inLanguage":"en-US"},{"@type":"ImageObject","inLanguage":"en-US","@id":"https:\/\/www.visit-ulcinj.com\/blog\/2013\/09\/23\/prelijepi-zavrsetak-manifestacije-marubi\/#primaryimage","url":"https:\/\/www.visit-ulcinj.com\/blog\/wp-content\/uploads\/2013\/09\/Marubi-valdanos.jpg","contentUrl":"https:\/\/www.visit-ulcinj.com\/blog\/wp-content\/uploads\/2013\/09\/Marubi-valdanos.jpg","width":720,"height":540},{"@type":"WebPage","@id":"https:\/\/www.visit-ulcinj.com\/blog\/2013\/09\/23\/prelijepi-zavrsetak-manifestacije-marubi\/#webpage","url":"https:\/\/www.visit-ulcinj.com\/blog\/2013\/09\/23\/prelijepi-zavrsetak-manifestacije-marubi\/","name":"Prelijepi zavr\u0161etak manifestacije \"Marubi\" - Lajme nga Ulqini","isPartOf":{"@id":"https:\/\/www.visit-ulcinj.com\/blog\/#website"},"primaryImageOfPage":{"@id":"https:\/\/www.visit-ulcinj.com\/blog\/2013\/09\/23\/prelijepi-zavrsetak-manifestacije-marubi\/#primaryimage"},"datePublished":"2013-09-23T06:24:29+00:00","dateModified":"2013-09-23T06:24:29+00:00","author":{"@id":"https:\/\/www.visit-ulcinj.com\/blog\/#\/schema\/person\/dcab619c614d3038751c63bc2aadc06d"},"description":"Prelijepi zavr\u0161etak ove manifestacije, dogodio se upravo tu u Valdanosu, za koji nas Ulcinjane ve\u017eu legende, brodovi i mornari, i naravno 19.000 maslina,","breadcrumb":{"@id":"https:\/\/www.visit-ulcinj.com\/blog\/2013\/09\/23\/prelijepi-zavrsetak-manifestacije-marubi\/#breadcrumb"},"inLanguage":"en-US","potentialAction":[{"@type":"ReadAction","target":["https:\/\/www.visit-ulcinj.com\/blog\/2013\/09\/23\/prelijepi-zavrsetak-manifestacije-marubi\/"]}]},{"@type":"BreadcrumbList","@id":"https:\/\/www.visit-ulcinj.com\/blog\/2013\/09\/23\/prelijepi-zavrsetak-manifestacije-marubi\/#breadcrumb","itemListElement":[{"@type":"ListItem","position":1,"name":"Prelijepi zavr\u0161etak manifestacije &#8220;Marubi&#8221;"}]},{"@type":"Person","@id":"https:\/\/www.visit-ulcinj.com\/blog\/#\/schema\/person\/dcab619c614d3038751c63bc2aadc06d","name":"ulqini","sameAs":["http:\/\/www.visit-ulcinj.com"],"url":"https:\/\/www.visit-ulcinj.com\/blog\/author\/admin\/"}]}},"jetpack_featured_media_url":"","jetpack_sharing_enabled":true,"jetpack_shortlink":"https:\/\/wp.me\/pe6lTn-jtH","_links":{"self":[{"href":"https:\/\/www.visit-ulcinj.com\/blog\/wp-json\/wp\/v2\/posts\/74877"}],"collection":[{"href":"https:\/\/www.visit-ulcinj.com\/blog\/wp-json\/wp\/v2\/posts"}],"about":[{"href":"https:\/\/www.visit-ulcinj.com\/blog\/wp-json\/wp\/v2\/types\/post"}],"author":[{"embeddable":true,"href":"https:\/\/www.visit-ulcinj.com\/blog\/wp-json\/wp\/v2\/users\/1"}],"replies":[{"embeddable":true,"href":"https:\/\/www.visit-ulcinj.com\/blog\/wp-json\/wp\/v2\/comments?post=74877"}],"version-history":[{"count":1,"href":"https:\/\/www.visit-ulcinj.com\/blog\/wp-json\/wp\/v2\/posts\/74877\/revisions"}],"predecessor-version":[{"id":74879,"href":"https:\/\/www.visit-ulcinj.com\/blog\/wp-json\/wp\/v2\/posts\/74877\/revisions\/74879"}],"wp:attachment":[{"href":"https:\/\/www.visit-ulcinj.com\/blog\/wp-json\/wp\/v2\/media?parent=74877"}],"wp:term":[{"taxonomy":"category","embeddable":true,"href":"https:\/\/www.visit-ulcinj.com\/blog\/wp-json\/wp\/v2\/categories?post=74877"},{"taxonomy":"post_tag","embeddable":true,"href":"https:\/\/www.visit-ulcinj.com\/blog\/wp-json\/wp\/v2\/tags?post=74877"}],"curies":[{"name":"wp","href":"https:\/\/api.w.org\/{rel}","templated":true}]}}