{"id":74880,"date":"2013-09-25T19:12:27","date_gmt":"2013-09-25T18:12:27","guid":{"rendered":"http:\/\/www.visit-ulcinj.com\/blog\/?p=74880"},"modified":"2013-09-25T19:13:27","modified_gmt":"2013-09-25T18:13:27","slug":"cungu-takon-perfaqesuesit-e-klubeve-sportive-te-qytetit-te-ulqinit","status":"publish","type":"post","link":"https:\/\/www.visit-ulcinj.com\/blog\/2013\/09\/25\/cungu-takon-perfaqesuesit-e-klubeve-sportive-te-qytetit-te-ulqinit\/","title":{"rendered":"Cungu takon p\u00ebrfaq\u00ebsuesit e klubeve sportive t\u00eb qytetit t\u00eb Ulqinit"},"content":{"rendered":"<p><strong><a href=\"http:\/\/www.visit-ulcinj.com\/blog\/wp-content\/uploads\/2013\/09\/cungu-sporti.jpg\"><img loading=\"lazy\" class=\"alignleft  wp-image-74881\" alt=\"cungu-sporti\" src=\"http:\/\/www.visit-ulcinj.com\/blog\/wp-content\/uploads\/2013\/09\/cungu-sporti.jpg\" width=\"508\" height=\"360\" \/><\/a>Kryetari Cungu organizoj sot nj\u00eb takim me p\u00ebrfaq\u00ebsuesit e klubeve sportive t\u00eb qytetit t\u00eb Ulqinit<\/strong><\/p>\n<p>Kryetari i komun\u00ebs s\u00eb Ulqinit z.Nazif Cungu organizoj sot nj\u00eb takim me p\u00ebrfaq\u00ebsuesit e klubeve sportive t\u00eb qytetit t\u00eb Ulqinit.<br \/>\nKryetari Cungu i falenderoj t\u00eb pranishmit p\u00ebr interesin e treguar, poashtu falenderoj t\u00eb gjith\u00eb individet dhe klubet sportive q\u00eb edhe p\u00ebrkund\u00ebr gjendjes s\u00eb v\u00ebshtir\u00eb financiare kan\u00eb b\u00ebr\u00eb p\u00ebrpjekjet maksimale p\u00ebr zhvillimin e sportit n\u00eb qytetin ton\u00eb, madje edhe duke sjell\u00eb rezultate t\u00eb larta.<\/p>\n<p><a href=\"http:\/\/www.visit-ulcinj.com\/blog\/wp-content\/uploads\/2013\/09\/cungu-sporti-1.jpg\"><img loading=\"lazy\" class=\"alignleft  wp-image-74882\" alt=\"cungu-sporti-1\" src=\"http:\/\/www.visit-ulcinj.com\/blog\/wp-content\/uploads\/2013\/09\/cungu-sporti-1.jpg\" width=\"508\" height=\"360\" \/><\/a><br \/>\nAi i njoftoj t\u00eb pranishmit p\u00ebr gjendjen e r\u00ebnd\u00eb financiare n\u00eb komunen e Ulqinit gjat\u00eb viteve t\u00eb fundit e cila ka ndikuar negativisht edhe n\u00eb mund\u00ebsin p\u00ebr finansimin e sportit n\u00eb k\u00ebt\u00eb qytet. Megjithate buxheti i komun\u00ebs s\u00eb Ulqinit \u00ebsht\u00eb duke u konsoliduar dhe kjo m\u00eb jep guximin tju ftoj sot q\u00eb s\u00eb bashku t\u00eb pregadisim propozim vendimin p\u00ebr finansimin e sportit, vendim ky i cili do t\u00eb definoj qart\u00eb m\u00ebnyren dhe mund\u00ebsin\u00eb e finansimit t\u00eb sportit n\u00eb komun\u00ebn e Ulqinit dhe n\u00eb t\u00eb njejten koh\u00eb do t\u00eb ndikoj n\u00eb rritjen e transparenc\u00ebs dhe shmangen e subjektivizmit n\u00eb shp\u00ebrndarjen e k\u00ebtyre mjeteve u shpreh kryetari Cungu.<br \/>\nPasi q\u00eb ka nisur puna p\u00ebr hartimin e projekt buxhetit p\u00ebr vitin 2014, do t\u00eb propozojm\u00eb q\u00eb n\u00eb k\u00ebt\u00eb projekt buxhet t\u00eb parashihen minimum 100000euro p\u00ebr finansimin e sportit, e n\u00eb rastin e mund\u00ebshem edhe dyfishimin e k\u00ebsaj vlere u shpreh Cungu.<\/p>\n<p><a href=\"http:\/\/www.visit-ulcinj.com\/blog\/wp-content\/uploads\/2013\/09\/cungu-sporti-2.jpg\"><img loading=\"lazy\" class=\"alignleft  wp-image-74883\" alt=\"cungu-sporti-2\" src=\"http:\/\/www.visit-ulcinj.com\/blog\/wp-content\/uploads\/2013\/09\/cungu-sporti-2.jpg\" width=\"508\" height=\"360\" \/><\/a><br \/>\nAi poashtu theksoj se klubet dhe organizatat sporive t\u00eb qytetit ton\u00eb duhet shfryt\u00ebzojn\u00eb mund\u00ebsin\u00eb e konkurrimit edhe n\u00eb fondet republikane p\u00ebr finansimin e sportit.<br \/>\nT\u00eb pranishmit n\u00eb k\u00ebt\u00eb takim vlersuan lart\u00eb iniciativen p\u00ebr hartimin e nj\u00eb vendimi t\u00eb till\u00eb duke shprehur gadishmerin\u00eb e tyr\u00eb p\u00ebr t\u00eb marr\u00eb pjes\u00eb n\u00eb hartimin e k\u00ebtij akti.<br \/>\nN\u00eb k\u00ebt\u00eb takim u themelua nj\u00eb komision i p\u00ebrb\u00ebr\u00eb nga p\u00ebrfaq\u00ebsues t\u00eb sportit dhe i kryesuar nga Sekretari i sekretariatit p\u00ebr administrat\u00eb, dispozita, kuadro dhe veprimtari shoq\u00ebrore z.Gazmend Kalabrezi i cili mbrenda nj\u00eb afati 2 javor\u00eb do t\u00eb p\u00ebrpiloj draftin e par\u00eb t\u00eb vendimit p\u00ebr finansimin e sportit n\u00eb komunen e Ulqinit . Poashtu ky komision ka marr\u00eb p\u00ebrsip\u00ebr q\u00eb n\u00eb bashkpunim me t\u00eb gjitha klubet sportive t\u00eb p\u00ebrpiloj edhe kalendarin e aktiviteteve sportive p\u00ebr vitin 2014.<\/p>\n<div><strong>Komuna e Ulqinit<\/strong><\/div>\n<div><strong>Kabineti i Kryetarit<\/strong><\/div>\n<div><strong>Tel:\u00a0030 412 056<\/strong><\/div>\n","protected":false},"excerpt":{"rendered":"<p>Kryetari Cungu organizoj sot nj\u00eb takim me p\u00ebrfaq\u00ebsuesit e klubeve sportive t\u00eb qytetit t\u00eb Ulqinit Kryetari i komun\u00ebs s\u00eb Ulqinit z.Nazif Cungu organizoj sot nj\u00eb takim me p\u00ebrfaq\u00ebsuesit e klubeve sportive t\u00eb qytetit t\u00eb Ulqinit. Kryetari Cungu i falenderoj t\u00eb pranishmit p\u00ebr interesin e treguar, poashtu falenderoj t\u00eb gjith\u00eb individet dhe klubet sportive q\u00eb edhe [&hellip;]<\/p>\n","protected":false},"author":1,"featured_media":0,"comment_status":"closed","ping_status":"closed","sticky":false,"template":"","format":"standard","meta":{"spay_email":"","jetpack_publicize_message":"","jetpack_is_tweetstorm":false,"jetpack_publicize_feature_enabled":true},"categories":[1],"tags":[],"jetpack_publicize_connections":[],"yoast_head":"<!-- This site is optimized with the Yoast SEO plugin v19.1 - https:\/\/yoast.com\/wordpress\/plugins\/seo\/ -->\n<title>Cungu takon p\u00ebrfaq\u00ebsuesit e klubeve sportive t\u00eb qytetit t\u00eb Ulqinit - Lajme nga Ulqini<\/title>\n<meta name=\"description\" content=\"Kryetari Cungu organizoj sot nj\u00eb takim me p\u00ebrfaq\u00ebsuesit e klubeve sportive t\u00eb qytetit t\u00eb Ulqinit Kryetari i komun\u00ebs s\u00eb Ulqinit z.Nazif Cungu organizoj sot\" \/>\n<meta name=\"robots\" content=\"index, follow, max-snippet:-1, max-image-preview:large, max-video-preview:-1\" \/>\n<link rel=\"canonical\" href=\"https:\/\/www.visit-ulcinj.com\/blog\/2013\/09\/25\/cungu-takon-perfaqesuesit-e-klubeve-sportive-te-qytetit-te-ulqinit\/\" \/>\n<meta property=\"og:locale\" content=\"en_US\" \/>\n<meta property=\"og:type\" content=\"article\" \/>\n<meta property=\"og:title\" content=\"Cungu takon p\u00ebrfaq\u00ebsuesit e klubeve sportive t\u00eb qytetit t\u00eb Ulqinit - Lajme nga Ulqini\" \/>\n<meta property=\"og:description\" content=\"Kryetari Cungu organizoj sot nj\u00eb takim me p\u00ebrfaq\u00ebsuesit e klubeve sportive t\u00eb qytetit t\u00eb Ulqinit Kryetari i komun\u00ebs s\u00eb Ulqinit z.Nazif Cungu organizoj sot\" \/>\n<meta property=\"og:url\" content=\"https:\/\/www.visit-ulcinj.com\/blog\/2013\/09\/25\/cungu-takon-perfaqesuesit-e-klubeve-sportive-te-qytetit-te-ulqinit\/\" \/>\n<meta property=\"og:site_name\" content=\"Lajme nga Ulqini\" \/>\n<meta property=\"article:published_time\" content=\"2013-09-25T18:12:27+00:00\" \/>\n<meta property=\"article:modified_time\" content=\"2013-09-25T18:13:27+00:00\" \/>\n<meta property=\"og:image\" content=\"http:\/\/www.visit-ulcinj.com\/blog\/wp-content\/uploads\/2013\/09\/cungu-sporti.jpg\" \/>\n<meta name=\"twitter:label1\" content=\"Written by\" \/>\n\t<meta name=\"twitter:data1\" content=\"ulqini\" \/>\n\t<meta name=\"twitter:label2\" content=\"Est. reading time\" \/>\n\t<meta name=\"twitter:data2\" content=\"2 minutes\" \/>\n<script type=\"application\/ld+json\" class=\"yoast-schema-graph\">{\"@context\":\"https:\/\/schema.org\",\"@graph\":[{\"@type\":\"WebSite\",\"@id\":\"https:\/\/www.visit-ulcinj.com\/blog\/#website\",\"url\":\"https:\/\/www.visit-ulcinj.com\/blog\/\",\"name\":\"Lajme nga Ulqini\",\"description\":\"Lajme,Vijesti,Ulqini,Ulqin,Crna Gora,Mali i Zi\",\"potentialAction\":[{\"@type\":\"SearchAction\",\"target\":{\"@type\":\"EntryPoint\",\"urlTemplate\":\"https:\/\/www.visit-ulcinj.com\/blog\/?s={search_term_string}\"},\"query-input\":\"required name=search_term_string\"}],\"inLanguage\":\"en-US\"},{\"@type\":\"ImageObject\",\"inLanguage\":\"en-US\",\"@id\":\"https:\/\/www.visit-ulcinj.com\/blog\/2013\/09\/25\/cungu-takon-perfaqesuesit-e-klubeve-sportive-te-qytetit-te-ulqinit\/#primaryimage\",\"url\":\"https:\/\/www.visit-ulcinj.com\/blog\/wp-content\/uploads\/2013\/09\/cungu-sporti.jpg\",\"contentUrl\":\"https:\/\/www.visit-ulcinj.com\/blog\/wp-content\/uploads\/2013\/09\/cungu-sporti.jpg\",\"width\":640,\"height\":424},{\"@type\":\"WebPage\",\"@id\":\"https:\/\/www.visit-ulcinj.com\/blog\/2013\/09\/25\/cungu-takon-perfaqesuesit-e-klubeve-sportive-te-qytetit-te-ulqinit\/#webpage\",\"url\":\"https:\/\/www.visit-ulcinj.com\/blog\/2013\/09\/25\/cungu-takon-perfaqesuesit-e-klubeve-sportive-te-qytetit-te-ulqinit\/\",\"name\":\"Cungu takon p\u00ebrfaq\u00ebsuesit e klubeve sportive t\u00eb qytetit t\u00eb Ulqinit - Lajme nga Ulqini\",\"isPartOf\":{\"@id\":\"https:\/\/www.visit-ulcinj.com\/blog\/#website\"},\"primaryImageOfPage\":{\"@id\":\"https:\/\/www.visit-ulcinj.com\/blog\/2013\/09\/25\/cungu-takon-perfaqesuesit-e-klubeve-sportive-te-qytetit-te-ulqinit\/#primaryimage\"},\"datePublished\":\"2013-09-25T18:12:27+00:00\",\"dateModified\":\"2013-09-25T18:13:27+00:00\",\"author\":{\"@id\":\"https:\/\/www.visit-ulcinj.com\/blog\/#\/schema\/person\/dcab619c614d3038751c63bc2aadc06d\"},\"description\":\"Kryetari Cungu organizoj sot nj\u00eb takim me p\u00ebrfaq\u00ebsuesit e klubeve sportive t\u00eb qytetit t\u00eb Ulqinit Kryetari i komun\u00ebs s\u00eb Ulqinit z.Nazif Cungu organizoj sot\",\"breadcrumb\":{\"@id\":\"https:\/\/www.visit-ulcinj.com\/blog\/2013\/09\/25\/cungu-takon-perfaqesuesit-e-klubeve-sportive-te-qytetit-te-ulqinit\/#breadcrumb\"},\"inLanguage\":\"en-US\",\"potentialAction\":[{\"@type\":\"ReadAction\",\"target\":[\"https:\/\/www.visit-ulcinj.com\/blog\/2013\/09\/25\/cungu-takon-perfaqesuesit-e-klubeve-sportive-te-qytetit-te-ulqinit\/\"]}]},{\"@type\":\"BreadcrumbList\",\"@id\":\"https:\/\/www.visit-ulcinj.com\/blog\/2013\/09\/25\/cungu-takon-perfaqesuesit-e-klubeve-sportive-te-qytetit-te-ulqinit\/#breadcrumb\",\"itemListElement\":[{\"@type\":\"ListItem\",\"position\":1,\"name\":\"Cungu takon p\u00ebrfaq\u00ebsuesit e klubeve sportive t\u00eb qytetit t\u00eb Ulqinit\"}]},{\"@type\":\"Person\",\"@id\":\"https:\/\/www.visit-ulcinj.com\/blog\/#\/schema\/person\/dcab619c614d3038751c63bc2aadc06d\",\"name\":\"ulqini\",\"sameAs\":[\"http:\/\/www.visit-ulcinj.com\"],\"url\":\"https:\/\/www.visit-ulcinj.com\/blog\/author\/admin\/\"}]}<\/script>\n<!-- \/ Yoast SEO plugin. -->","yoast_head_json":{"title":"Cungu takon p\u00ebrfaq\u00ebsuesit e klubeve sportive t\u00eb qytetit t\u00eb Ulqinit - Lajme nga Ulqini","description":"Kryetari Cungu organizoj sot nj\u00eb takim me p\u00ebrfaq\u00ebsuesit e klubeve sportive t\u00eb qytetit t\u00eb Ulqinit Kryetari i komun\u00ebs s\u00eb Ulqinit z.Nazif Cungu organizoj sot","robots":{"index":"index","follow":"follow","max-snippet":"max-snippet:-1","max-image-preview":"max-image-preview:large","max-video-preview":"max-video-preview:-1"},"canonical":"https:\/\/www.visit-ulcinj.com\/blog\/2013\/09\/25\/cungu-takon-perfaqesuesit-e-klubeve-sportive-te-qytetit-te-ulqinit\/","og_locale":"en_US","og_type":"article","og_title":"Cungu takon p\u00ebrfaq\u00ebsuesit e klubeve sportive t\u00eb qytetit t\u00eb Ulqinit - Lajme nga Ulqini","og_description":"Kryetari Cungu organizoj sot nj\u00eb takim me p\u00ebrfaq\u00ebsuesit e klubeve sportive t\u00eb qytetit t\u00eb Ulqinit Kryetari i komun\u00ebs s\u00eb Ulqinit z.Nazif Cungu organizoj sot","og_url":"https:\/\/www.visit-ulcinj.com\/blog\/2013\/09\/25\/cungu-takon-perfaqesuesit-e-klubeve-sportive-te-qytetit-te-ulqinit\/","og_site_name":"Lajme nga Ulqini","article_published_time":"2013-09-25T18:12:27+00:00","article_modified_time":"2013-09-25T18:13:27+00:00","og_image":[{"url":"http:\/\/www.visit-ulcinj.com\/blog\/wp-content\/uploads\/2013\/09\/cungu-sporti.jpg"}],"twitter_misc":{"Written by":"ulqini","Est. reading time":"2 minutes"},"schema":{"@context":"https:\/\/schema.org","@graph":[{"@type":"WebSite","@id":"https:\/\/www.visit-ulcinj.com\/blog\/#website","url":"https:\/\/www.visit-ulcinj.com\/blog\/","name":"Lajme nga Ulqini","description":"Lajme,Vijesti,Ulqini,Ulqin,Crna Gora,Mali i Zi","potentialAction":[{"@type":"SearchAction","target":{"@type":"EntryPoint","urlTemplate":"https:\/\/www.visit-ulcinj.com\/blog\/?s={search_term_string}"},"query-input":"required name=search_term_string"}],"inLanguage":"en-US"},{"@type":"ImageObject","inLanguage":"en-US","@id":"https:\/\/www.visit-ulcinj.com\/blog\/2013\/09\/25\/cungu-takon-perfaqesuesit-e-klubeve-sportive-te-qytetit-te-ulqinit\/#primaryimage","url":"https:\/\/www.visit-ulcinj.com\/blog\/wp-content\/uploads\/2013\/09\/cungu-sporti.jpg","contentUrl":"https:\/\/www.visit-ulcinj.com\/blog\/wp-content\/uploads\/2013\/09\/cungu-sporti.jpg","width":640,"height":424},{"@type":"WebPage","@id":"https:\/\/www.visit-ulcinj.com\/blog\/2013\/09\/25\/cungu-takon-perfaqesuesit-e-klubeve-sportive-te-qytetit-te-ulqinit\/#webpage","url":"https:\/\/www.visit-ulcinj.com\/blog\/2013\/09\/25\/cungu-takon-perfaqesuesit-e-klubeve-sportive-te-qytetit-te-ulqinit\/","name":"Cungu takon p\u00ebrfaq\u00ebsuesit e klubeve sportive t\u00eb qytetit t\u00eb Ulqinit - Lajme nga Ulqini","isPartOf":{"@id":"https:\/\/www.visit-ulcinj.com\/blog\/#website"},"primaryImageOfPage":{"@id":"https:\/\/www.visit-ulcinj.com\/blog\/2013\/09\/25\/cungu-takon-perfaqesuesit-e-klubeve-sportive-te-qytetit-te-ulqinit\/#primaryimage"},"datePublished":"2013-09-25T18:12:27+00:00","dateModified":"2013-09-25T18:13:27+00:00","author":{"@id":"https:\/\/www.visit-ulcinj.com\/blog\/#\/schema\/person\/dcab619c614d3038751c63bc2aadc06d"},"description":"Kryetari Cungu organizoj sot nj\u00eb takim me p\u00ebrfaq\u00ebsuesit e klubeve sportive t\u00eb qytetit t\u00eb Ulqinit Kryetari i komun\u00ebs s\u00eb Ulqinit z.Nazif Cungu organizoj sot","breadcrumb":{"@id":"https:\/\/www.visit-ulcinj.com\/blog\/2013\/09\/25\/cungu-takon-perfaqesuesit-e-klubeve-sportive-te-qytetit-te-ulqinit\/#breadcrumb"},"inLanguage":"en-US","potentialAction":[{"@type":"ReadAction","target":["https:\/\/www.visit-ulcinj.com\/blog\/2013\/09\/25\/cungu-takon-perfaqesuesit-e-klubeve-sportive-te-qytetit-te-ulqinit\/"]}]},{"@type":"BreadcrumbList","@id":"https:\/\/www.visit-ulcinj.com\/blog\/2013\/09\/25\/cungu-takon-perfaqesuesit-e-klubeve-sportive-te-qytetit-te-ulqinit\/#breadcrumb","itemListElement":[{"@type":"ListItem","position":1,"name":"Cungu takon p\u00ebrfaq\u00ebsuesit e klubeve sportive t\u00eb qytetit t\u00eb Ulqinit"}]},{"@type":"Person","@id":"https:\/\/www.visit-ulcinj.com\/blog\/#\/schema\/person\/dcab619c614d3038751c63bc2aadc06d","name":"ulqini","sameAs":["http:\/\/www.visit-ulcinj.com"],"url":"https:\/\/www.visit-ulcinj.com\/blog\/author\/admin\/"}]}},"jetpack_featured_media_url":"","jetpack_sharing_enabled":true,"jetpack_shortlink":"https:\/\/wp.me\/pe6lTn-jtK","_links":{"self":[{"href":"https:\/\/www.visit-ulcinj.com\/blog\/wp-json\/wp\/v2\/posts\/74880"}],"collection":[{"href":"https:\/\/www.visit-ulcinj.com\/blog\/wp-json\/wp\/v2\/posts"}],"about":[{"href":"https:\/\/www.visit-ulcinj.com\/blog\/wp-json\/wp\/v2\/types\/post"}],"author":[{"embeddable":true,"href":"https:\/\/www.visit-ulcinj.com\/blog\/wp-json\/wp\/v2\/users\/1"}],"replies":[{"embeddable":true,"href":"https:\/\/www.visit-ulcinj.com\/blog\/wp-json\/wp\/v2\/comments?post=74880"}],"version-history":[{"count":2,"href":"https:\/\/www.visit-ulcinj.com\/blog\/wp-json\/wp\/v2\/posts\/74880\/revisions"}],"predecessor-version":[{"id":74885,"href":"https:\/\/www.visit-ulcinj.com\/blog\/wp-json\/wp\/v2\/posts\/74880\/revisions\/74885"}],"wp:attachment":[{"href":"https:\/\/www.visit-ulcinj.com\/blog\/wp-json\/wp\/v2\/media?parent=74880"}],"wp:term":[{"taxonomy":"category","embeddable":true,"href":"https:\/\/www.visit-ulcinj.com\/blog\/wp-json\/wp\/v2\/categories?post=74880"},{"taxonomy":"post_tag","embeddable":true,"href":"https:\/\/www.visit-ulcinj.com\/blog\/wp-json\/wp\/v2\/tags?post=74880"}],"curies":[{"name":"wp","href":"https:\/\/api.w.org\/{rel}","templated":true}]}}