{"id":7490,"date":"2008-12-19T21:57:07","date_gmt":"2008-12-19T20:57:07","guid":{"rendered":"http:\/\/www.visit-ulcinj.com\/blog\/?p=7490"},"modified":"2008-12-19T21:58:09","modified_gmt":"2008-12-19T20:58:09","slug":"ulqini-ne-vitet-e-lidhjes-shqiptare-te-prizrenit-1878-1881-2","status":"publish","type":"post","link":"https:\/\/www.visit-ulcinj.com\/blog\/2008\/12\/19\/ulqini-ne-vitet-e-lidhjes-shqiptare-te-prizrenit-1878-1881-2\/","title":{"rendered":"Ulqini n\u00eb vitet e lidhjes shqiptare t\u00eb prizrenit 1878-1881 (2)"},"content":{"rendered":"<p><strong><img loading=\"lazy\" class=\"alignleft size-medium wp-image-4089\" title=\"berliner_kongress\" src=\"http:\/\/www.visit-ulcinj.com\/blog\/wp-content\/uploads\/2008\/10\/berliner_kongress-300x151.jpg\" alt=\"berliner_kongress\" width=\"367\" height=\"227\" \/>Luft\u00eb n\u00eb shum\u00eb fronte kund\u00ebr vendimeve t\u00eb Fuqive t\u00eb M\u00ebdha<\/strong><br \/>\nShqiptar\u00ebt ishin t\u00eb vendosur t\u00eb kund\u00ebrshtonin me \u00e7do kusht dor\u00ebzimin e territoreve shqiptare dhe ishin t\u00eb gatsh\u00ebm q\u00eb t\u00eb nj\u00ebjtat t`i mbronin edhe me arm\u00eb. Ata deklaronin se do t\u00eb luftonin jo vet\u00ebm kund\u00ebr ushtris\u00eb s\u00eb Malit t\u00eb Zi, por do t\u00eb q\u00ebllonin edhe kund\u00ebr forcave turke, po qe se ato do t\u00eb tentonin t`ia dor\u00ebzonin tokat shqiptare.<br \/>\nKriza Lindore e viteve 1875-1878, nga nj\u00eb \u00e7\u00ebshtje politike, si\u00e7 ishte p\u00ebr popujt e tjer\u00eb, p\u00ebr popullin shqiptar u kthye n\u00eb nj\u00eb pyetje t\u00eb madhe &#8211; p\u00ebr jet\u00eb a vdekje dhe k\u00ebsaj pyetjeje populli shqiptar dhe figurat q\u00eb q\u00ebndronin n\u00eb krye t\u00eb Lidhjes Shqiptare i dhan\u00eb nj\u00eb p\u00ebrgjigje t\u00eb prer\u00eb: me luft\u00eb m\u00eb shum\u00eb fronte e shum\u00ebform\u00ebshe, t\u00eb anulohet vendimi i forumeve t\u00eb Fuqive t\u00eb M\u00ebdha.<br \/>\nSi\u00e7 dihet, me Traktatin e Berlinit qe parapar\u00eb q\u00eb Malit t\u00eb Zi t`i jepej Tivari, Podgorica, Shpuza, Zhabjaku, Gucia, Plava dhe Rugova, nd\u00ebrsa Shqip\u00ebris\u00eb iu la Ulqini, Hoti, Gruda dhe K\u00eblmendi. Lidhja e Prizrenit nuk u pajtua me vendimet e Kongresit t\u00eb Berlinit dhe aktivitetin e saj programor, p\u00ebrve\u00e7 n\u00eb fitimin e autonomis\u00eb, e drejtoi n\u00eb mbrojtjen e t\u00ebr\u00ebsis\u00eb tok\u00ebsore shqiptare. Populli shqiptar u zotua dhe u tregua se \u00ebsht\u00eb i gatsh\u00ebm p\u00ebr ruajtjen e tok\u00ebs s\u00eb vet.<br \/>\nZem\u00ebrimi i shqiptar\u00ebve arriti pik\u00ebn kulminante n\u00eb momentin kur u informuan se Turqia po p\u00ebrgatitej t`ia l\u00ebshonte Malit t\u00eb Zi tokat n\u00eb veri t\u00eb Shqip\u00ebris\u00eb t\u00eb cilat ia kishte dh\u00ebn\u00eb Kongresi i Berlinit. Fjala ishte p\u00ebr Plav\u00ebn e Gucin\u00eb.<br \/>\nShqiptar\u00ebt ishin t\u00eb vendosur t\u00eb kund\u00ebrshtonin me \u00e7do kusht dor\u00ebzimin e territoreve shqiptare dhe ishin t\u00eb gatsh\u00ebm q\u00eb t\u00eb nj\u00ebjtat t`i mbronin edhe me arm\u00eb. Ata deklaronin se do t\u00eb luftonin jo vet\u00ebm kund\u00ebr ushtris\u00eb s\u00eb Malit t\u00eb Zi, por do t\u00eb q\u00ebllonin edhe kund\u00ebr forcave turke, po qe se ato do t\u00eb tentonin t`ia dor\u00ebzonin tokat shqiptare.<br \/>\nVendimi i Fuqive t\u00eb M\u00ebdha p\u00ebr t`ia dh\u00ebn\u00eb Malit t\u00eb Zi Ulqinin (maj-korrik 1880)<\/p>\n<p>Gati dy vjet pas Kongresit t\u00eb Berlinit, as neni 28 i Traktatit t\u00eb Berlinit, i cili i jepte Malit t\u00eb Zi trojet e Plav\u00ebs dhe Gucis\u00eb, as Protokoli i 18 prillit 1880, i cili n\u00eb vend t\u00eb tyre i jepte Malit t\u00eb Zi viset e Hotit dhe Grud\u00ebs, nuk ishin v\u00ebn\u00eb n\u00eb jet\u00eb.<br \/>\nMeqen\u00ebse as Mali i Zi nuk qe n\u00eb gjendje t`i realizonte d\u00ebshirat e veta ndaj territoreve shqiptare t\u00eb Plav\u00ebs e Gucis\u00eb, t\u00eb Hotit e Grud\u00ebs, edhe pse p\u00ebrdori forc\u00ebn e arm\u00ebve, as Fuqit\u00eb e M\u00ebdha q\u00eb b\u00ebnin presion tek Porta e Lart\u00eb q\u00eb forcat e saj t`i ripushtonin pozicionet q\u00eb ishin n\u00eb duart e shqiptar\u00ebve e t`ia japin Malit t\u00eb Zi, diplomacia evropiane k\u00ebrkoi zgjidhje t\u00eb re. Me nj\u00eb fjal\u00eb, mosrealizimi i dispozitave t\u00eb Traktatit t\u00eb Berlinit ishte nj\u00eb goditje e r\u00ebnd\u00eb p\u00ebr autoritetin e Fuqive t\u00eb M\u00ebdha n\u00ebnshkruese t\u00eb Traktatit t\u00eb Berlinit.<br \/>\nDuke filluar prej majit t\u00eb vitit 1880, b\u00ebheshin kombinime t\u00eb ndryshme diplomatike lidhur me trevat e banuara me shqiptar\u00eb.<br \/>\nN\u00eb nj\u00eb situat\u00eb t\u00eb r\u00ebnd\u00eb dhe t\u00eb pazgjidhshme p\u00ebr arsye t\u00eb moszbatimit t\u00eb vendimeve t\u00eb Traktatit t\u00eb Berlinit nga ana e Turqis\u00eb, u vendos q\u00eb t\u00eb k\u00ebrkohej nj\u00eb rrug\u00eb tjet\u00ebr dhe m\u00ebnyra se si t\u00eb dilej nga kjo situat\u00eb e nd\u00ebrlikuar. Ishte e nevojshme q\u00eb t\u00eb gjendeshin mjete m\u00eb efikase, me t\u00eb cilat Porta e Lart\u00eb do t\u00eb detyrohej q\u00eb t\u00eb l\u00ebshonte territoret si kompensim p\u00ebr rajonet q\u00eb nuk u l\u00ebshuan.<br \/>\n<strong>Mr. Riza Rexha<br \/>\nKoha Javore<\/strong><\/p>\n","protected":false},"excerpt":{"rendered":"<p>Luft\u00eb n\u00eb shum\u00eb fronte kund\u00ebr vendimeve t\u00eb Fuqive t\u00eb M\u00ebdha Shqiptar\u00ebt ishin t\u00eb vendosur t\u00eb kund\u00ebrshtonin me \u00e7do kusht dor\u00ebzimin e territoreve shqiptare dhe ishin t\u00eb gatsh\u00ebm q\u00eb t\u00eb nj\u00ebjtat t`i mbronin edhe me arm\u00eb. Ata deklaronin se do t\u00eb luftonin jo vet\u00ebm kund\u00ebr ushtris\u00eb s\u00eb Malit t\u00eb Zi, por do t\u00eb q\u00ebllonin edhe kund\u00ebr [&hellip;]<\/p>\n","protected":false},"author":1,"featured_media":0,"comment_status":"open","ping_status":"closed","sticky":false,"template":"","format":"standard","meta":{"spay_email":"","jetpack_publicize_message":"","jetpack_is_tweetstorm":false,"jetpack_publicize_feature_enabled":true},"categories":[13],"tags":[5315,5313,95,5314,18],"jetpack_publicize_connections":[],"yoast_head":"<!-- This site is optimized with the Yoast SEO plugin v19.1 - https:\/\/yoast.com\/wordpress\/plugins\/seo\/ -->\n<title>Ulqini n\u00eb vitet e lidhjes shqiptare t\u00eb prizrenit 1878-1881 (2) - Lajme nga Ulqini<\/title>\n<meta name=\"description\" content=\"Luft\u00eb n\u00eb shum\u00eb fronte kund\u00ebr vendimeve t\u00eb Fuqive t\u00eb M\u00ebdha Shqiptar\u00ebt ishin t\u00eb vendosur t\u00eb kund\u00ebrshtonin me \u00e7do kusht dor\u00ebzimin e territoreve shqiptare dhe\" \/>\n<meta name=\"robots\" content=\"index, follow, max-snippet:-1, max-image-preview:large, max-video-preview:-1\" \/>\n<link rel=\"canonical\" href=\"https:\/\/www.visit-ulcinj.com\/blog\/2008\/12\/19\/ulqini-ne-vitet-e-lidhjes-shqiptare-te-prizrenit-1878-1881-2\/\" \/>\n<meta property=\"og:locale\" content=\"en_US\" \/>\n<meta property=\"og:type\" content=\"article\" \/>\n<meta property=\"og:title\" content=\"Ulqini n\u00eb vitet e lidhjes shqiptare t\u00eb prizrenit 1878-1881 (2) - Lajme nga Ulqini\" \/>\n<meta property=\"og:description\" content=\"Luft\u00eb n\u00eb shum\u00eb fronte kund\u00ebr vendimeve t\u00eb Fuqive t\u00eb M\u00ebdha Shqiptar\u00ebt ishin t\u00eb vendosur t\u00eb kund\u00ebrshtonin me \u00e7do kusht dor\u00ebzimin e territoreve shqiptare dhe\" \/>\n<meta property=\"og:url\" content=\"https:\/\/www.visit-ulcinj.com\/blog\/2008\/12\/19\/ulqini-ne-vitet-e-lidhjes-shqiptare-te-prizrenit-1878-1881-2\/\" \/>\n<meta property=\"og:site_name\" content=\"Lajme nga Ulqini\" \/>\n<meta property=\"article:published_time\" content=\"2008-12-19T20:57:07+00:00\" \/>\n<meta property=\"article:modified_time\" content=\"2008-12-19T20:58:09+00:00\" \/>\n<meta property=\"og:image\" content=\"http:\/\/www.visit-ulcinj.com\/blog\/wp-content\/uploads\/2008\/10\/berliner_kongress-300x151.jpg\" \/>\n<meta name=\"twitter:label1\" content=\"Written by\" \/>\n\t<meta name=\"twitter:data1\" content=\"ulqini\" \/>\n\t<meta name=\"twitter:label2\" content=\"Est. reading time\" \/>\n\t<meta name=\"twitter:data2\" content=\"3 minutes\" \/>\n<script type=\"application\/ld+json\" class=\"yoast-schema-graph\">{\"@context\":\"https:\/\/schema.org\",\"@graph\":[{\"@type\":\"WebSite\",\"@id\":\"https:\/\/www.visit-ulcinj.com\/blog\/#website\",\"url\":\"https:\/\/www.visit-ulcinj.com\/blog\/\",\"name\":\"Lajme nga Ulqini\",\"description\":\"Lajme,Vijesti,Ulqini,Ulqin,Crna Gora,Mali i Zi\",\"potentialAction\":[{\"@type\":\"SearchAction\",\"target\":{\"@type\":\"EntryPoint\",\"urlTemplate\":\"https:\/\/www.visit-ulcinj.com\/blog\/?s={search_term_string}\"},\"query-input\":\"required name=search_term_string\"}],\"inLanguage\":\"en-US\"},{\"@type\":\"ImageObject\",\"inLanguage\":\"en-US\",\"@id\":\"https:\/\/www.visit-ulcinj.com\/blog\/2008\/12\/19\/ulqini-ne-vitet-e-lidhjes-shqiptare-te-prizrenit-1878-1881-2\/#primaryimage\",\"url\":\"http:\/\/www.visit-ulcinj.com\/blog\/wp-content\/uploads\/2008\/10\/berliner_kongress-300x151.jpg\",\"contentUrl\":\"http:\/\/www.visit-ulcinj.com\/blog\/wp-content\/uploads\/2008\/10\/berliner_kongress-300x151.jpg\"},{\"@type\":\"WebPage\",\"@id\":\"https:\/\/www.visit-ulcinj.com\/blog\/2008\/12\/19\/ulqini-ne-vitet-e-lidhjes-shqiptare-te-prizrenit-1878-1881-2\/#webpage\",\"url\":\"https:\/\/www.visit-ulcinj.com\/blog\/2008\/12\/19\/ulqini-ne-vitet-e-lidhjes-shqiptare-te-prizrenit-1878-1881-2\/\",\"name\":\"Ulqini n\u00eb vitet e lidhjes shqiptare t\u00eb prizrenit 1878-1881 (2) - Lajme nga Ulqini\",\"isPartOf\":{\"@id\":\"https:\/\/www.visit-ulcinj.com\/blog\/#website\"},\"primaryImageOfPage\":{\"@id\":\"https:\/\/www.visit-ulcinj.com\/blog\/2008\/12\/19\/ulqini-ne-vitet-e-lidhjes-shqiptare-te-prizrenit-1878-1881-2\/#primaryimage\"},\"datePublished\":\"2008-12-19T20:57:07+00:00\",\"dateModified\":\"2008-12-19T20:58:09+00:00\",\"author\":{\"@id\":\"https:\/\/www.visit-ulcinj.com\/blog\/#\/schema\/person\/dcab619c614d3038751c63bc2aadc06d\"},\"description\":\"Luft\u00eb n\u00eb shum\u00eb fronte kund\u00ebr vendimeve t\u00eb Fuqive t\u00eb M\u00ebdha Shqiptar\u00ebt ishin t\u00eb vendosur t\u00eb kund\u00ebrshtonin me \u00e7do kusht dor\u00ebzimin e territoreve shqiptare dhe\",\"breadcrumb\":{\"@id\":\"https:\/\/www.visit-ulcinj.com\/blog\/2008\/12\/19\/ulqini-ne-vitet-e-lidhjes-shqiptare-te-prizrenit-1878-1881-2\/#breadcrumb\"},\"inLanguage\":\"en-US\",\"potentialAction\":[{\"@type\":\"ReadAction\",\"target\":[\"https:\/\/www.visit-ulcinj.com\/blog\/2008\/12\/19\/ulqini-ne-vitet-e-lidhjes-shqiptare-te-prizrenit-1878-1881-2\/\"]}]},{\"@type\":\"BreadcrumbList\",\"@id\":\"https:\/\/www.visit-ulcinj.com\/blog\/2008\/12\/19\/ulqini-ne-vitet-e-lidhjes-shqiptare-te-prizrenit-1878-1881-2\/#breadcrumb\",\"itemListElement\":[{\"@type\":\"ListItem\",\"position\":1,\"name\":\"Ulqini n\u00eb vitet e lidhjes shqiptare t\u00eb prizrenit 1878-1881 (2)\"}]},{\"@type\":\"Person\",\"@id\":\"https:\/\/www.visit-ulcinj.com\/blog\/#\/schema\/person\/dcab619c614d3038751c63bc2aadc06d\",\"name\":\"ulqini\",\"sameAs\":[\"http:\/\/www.visit-ulcinj.com\"],\"url\":\"https:\/\/www.visit-ulcinj.com\/blog\/author\/admin\/\"}]}<\/script>\n<!-- \/ Yoast SEO plugin. -->","yoast_head_json":{"title":"Ulqini n\u00eb vitet e lidhjes shqiptare t\u00eb prizrenit 1878-1881 (2) - Lajme nga Ulqini","description":"Luft\u00eb n\u00eb shum\u00eb fronte kund\u00ebr vendimeve t\u00eb Fuqive t\u00eb M\u00ebdha Shqiptar\u00ebt ishin t\u00eb vendosur t\u00eb kund\u00ebrshtonin me \u00e7do kusht dor\u00ebzimin e territoreve shqiptare dhe","robots":{"index":"index","follow":"follow","max-snippet":"max-snippet:-1","max-image-preview":"max-image-preview:large","max-video-preview":"max-video-preview:-1"},"canonical":"https:\/\/www.visit-ulcinj.com\/blog\/2008\/12\/19\/ulqini-ne-vitet-e-lidhjes-shqiptare-te-prizrenit-1878-1881-2\/","og_locale":"en_US","og_type":"article","og_title":"Ulqini n\u00eb vitet e lidhjes shqiptare t\u00eb prizrenit 1878-1881 (2) - Lajme nga Ulqini","og_description":"Luft\u00eb n\u00eb shum\u00eb fronte kund\u00ebr vendimeve t\u00eb Fuqive t\u00eb M\u00ebdha Shqiptar\u00ebt ishin t\u00eb vendosur t\u00eb kund\u00ebrshtonin me \u00e7do kusht dor\u00ebzimin e territoreve shqiptare dhe","og_url":"https:\/\/www.visit-ulcinj.com\/blog\/2008\/12\/19\/ulqini-ne-vitet-e-lidhjes-shqiptare-te-prizrenit-1878-1881-2\/","og_site_name":"Lajme nga Ulqini","article_published_time":"2008-12-19T20:57:07+00:00","article_modified_time":"2008-12-19T20:58:09+00:00","og_image":[{"url":"http:\/\/www.visit-ulcinj.com\/blog\/wp-content\/uploads\/2008\/10\/berliner_kongress-300x151.jpg"}],"twitter_misc":{"Written by":"ulqini","Est. reading time":"3 minutes"},"schema":{"@context":"https:\/\/schema.org","@graph":[{"@type":"WebSite","@id":"https:\/\/www.visit-ulcinj.com\/blog\/#website","url":"https:\/\/www.visit-ulcinj.com\/blog\/","name":"Lajme nga Ulqini","description":"Lajme,Vijesti,Ulqini,Ulqin,Crna Gora,Mali i Zi","potentialAction":[{"@type":"SearchAction","target":{"@type":"EntryPoint","urlTemplate":"https:\/\/www.visit-ulcinj.com\/blog\/?s={search_term_string}"},"query-input":"required name=search_term_string"}],"inLanguage":"en-US"},{"@type":"ImageObject","inLanguage":"en-US","@id":"https:\/\/www.visit-ulcinj.com\/blog\/2008\/12\/19\/ulqini-ne-vitet-e-lidhjes-shqiptare-te-prizrenit-1878-1881-2\/#primaryimage","url":"http:\/\/www.visit-ulcinj.com\/blog\/wp-content\/uploads\/2008\/10\/berliner_kongress-300x151.jpg","contentUrl":"http:\/\/www.visit-ulcinj.com\/blog\/wp-content\/uploads\/2008\/10\/berliner_kongress-300x151.jpg"},{"@type":"WebPage","@id":"https:\/\/www.visit-ulcinj.com\/blog\/2008\/12\/19\/ulqini-ne-vitet-e-lidhjes-shqiptare-te-prizrenit-1878-1881-2\/#webpage","url":"https:\/\/www.visit-ulcinj.com\/blog\/2008\/12\/19\/ulqini-ne-vitet-e-lidhjes-shqiptare-te-prizrenit-1878-1881-2\/","name":"Ulqini n\u00eb vitet e lidhjes shqiptare t\u00eb prizrenit 1878-1881 (2) - Lajme nga Ulqini","isPartOf":{"@id":"https:\/\/www.visit-ulcinj.com\/blog\/#website"},"primaryImageOfPage":{"@id":"https:\/\/www.visit-ulcinj.com\/blog\/2008\/12\/19\/ulqini-ne-vitet-e-lidhjes-shqiptare-te-prizrenit-1878-1881-2\/#primaryimage"},"datePublished":"2008-12-19T20:57:07+00:00","dateModified":"2008-12-19T20:58:09+00:00","author":{"@id":"https:\/\/www.visit-ulcinj.com\/blog\/#\/schema\/person\/dcab619c614d3038751c63bc2aadc06d"},"description":"Luft\u00eb n\u00eb shum\u00eb fronte kund\u00ebr vendimeve t\u00eb Fuqive t\u00eb M\u00ebdha Shqiptar\u00ebt ishin t\u00eb vendosur t\u00eb kund\u00ebrshtonin me \u00e7do kusht dor\u00ebzimin e territoreve shqiptare dhe","breadcrumb":{"@id":"https:\/\/www.visit-ulcinj.com\/blog\/2008\/12\/19\/ulqini-ne-vitet-e-lidhjes-shqiptare-te-prizrenit-1878-1881-2\/#breadcrumb"},"inLanguage":"en-US","potentialAction":[{"@type":"ReadAction","target":["https:\/\/www.visit-ulcinj.com\/blog\/2008\/12\/19\/ulqini-ne-vitet-e-lidhjes-shqiptare-te-prizrenit-1878-1881-2\/"]}]},{"@type":"BreadcrumbList","@id":"https:\/\/www.visit-ulcinj.com\/blog\/2008\/12\/19\/ulqini-ne-vitet-e-lidhjes-shqiptare-te-prizrenit-1878-1881-2\/#breadcrumb","itemListElement":[{"@type":"ListItem","position":1,"name":"Ulqini n\u00eb vitet e lidhjes shqiptare t\u00eb prizrenit 1878-1881 (2)"}]},{"@type":"Person","@id":"https:\/\/www.visit-ulcinj.com\/blog\/#\/schema\/person\/dcab619c614d3038751c63bc2aadc06d","name":"ulqini","sameAs":["http:\/\/www.visit-ulcinj.com"],"url":"https:\/\/www.visit-ulcinj.com\/blog\/author\/admin\/"}]}},"jetpack_featured_media_url":"","jetpack_sharing_enabled":true,"jetpack_shortlink":"https:\/\/wp.me\/pe6lTn-1WO","_links":{"self":[{"href":"https:\/\/www.visit-ulcinj.com\/blog\/wp-json\/wp\/v2\/posts\/7490"}],"collection":[{"href":"https:\/\/www.visit-ulcinj.com\/blog\/wp-json\/wp\/v2\/posts"}],"about":[{"href":"https:\/\/www.visit-ulcinj.com\/blog\/wp-json\/wp\/v2\/types\/post"}],"author":[{"embeddable":true,"href":"https:\/\/www.visit-ulcinj.com\/blog\/wp-json\/wp\/v2\/users\/1"}],"replies":[{"embeddable":true,"href":"https:\/\/www.visit-ulcinj.com\/blog\/wp-json\/wp\/v2\/comments?post=7490"}],"version-history":[{"count":0,"href":"https:\/\/www.visit-ulcinj.com\/blog\/wp-json\/wp\/v2\/posts\/7490\/revisions"}],"wp:attachment":[{"href":"https:\/\/www.visit-ulcinj.com\/blog\/wp-json\/wp\/v2\/media?parent=7490"}],"wp:term":[{"taxonomy":"category","embeddable":true,"href":"https:\/\/www.visit-ulcinj.com\/blog\/wp-json\/wp\/v2\/categories?post=7490"},{"taxonomy":"post_tag","embeddable":true,"href":"https:\/\/www.visit-ulcinj.com\/blog\/wp-json\/wp\/v2\/tags?post=7490"}],"curies":[{"name":"wp","href":"https:\/\/api.w.org\/{rel}","templated":true}]}}