{"id":74911,"date":"2013-09-28T14:59:06","date_gmt":"2013-09-28T13:59:06","guid":{"rendered":"http:\/\/www.visit-ulcinj.com\/blog\/?p=74911"},"modified":"2013-09-28T14:59:06","modified_gmt":"2013-09-28T13:59:06","slug":"muja-redza-porse-da-plati-rate","status":"publish","type":"post","link":"https:\/\/www.visit-ulcinj.com\/blog\/2013\/09\/28\/muja-redza-porse-da-plati-rate\/","title":{"rendered":"Muja Red\u017ea Por\u0161e da plati rate"},"content":{"rendered":"<div id=\"attachment_74912\" style=\"width: 518px\" class=\"wp-caption alignleft\"><a href=\"http:\/\/www.visit-ulcinj.com\/blog\/wp-content\/uploads\/2013\/09\/MujoRedza.jpg\"><img aria-describedby=\"caption-attachment-74912\" loading=\"lazy\" class=\" wp-image-74912 \" alt=\"MujoRedza\" src=\"http:\/\/www.visit-ulcinj.com\/blog\/wp-content\/uploads\/2013\/09\/MujoRedza.jpg\" width=\"508\" height=\"360\" \/><\/a><p id=\"caption-attachment-74912\" class=\"wp-caption-text\">Foto: Vijesti<\/p><\/div>\n<p>Kompanija \u201cPor\u0161e lizing\u201d, tu\u017eila je kontroverznog ulcinjskog biznismena i vlasnika &#8220;Rexha kompanije&#8221; Muja Red\u017eu (40), jer nije pla\u0107ao rate za luksuzno vozilo vrijedno oko 120.000 eura, koje je za potrebe firme uzeo na lizing 2008. godine.<\/p>\n<p>Firma &#8220;Por\u0161e lizing&#8221; na ime duga po osnovu ugovora o finansijskom lizingu, tra\u017ei od Red\u017ee oko 20.000 eura, saop\u0161tila je \u201cVijestima\u201d punomo\u0107nica te firme, advokatica An\u0111ela Rajkovi\u0107.<\/p>\n<p>Sudija Osnovnog suda Veljko Radovanovi\u0107, trebalo bi da donese presudu u tom predmetu najkasnije za dva mjeseca.<\/p>\n<p>\u201cZavr\u0161ena je glavna rasprava i presuda \u0107e biti donijeta najkasnije za dva mjeseca. Jedan dio novca po ugovoru &#8216;Rexha kompani&#8217; je izmirila, ali drugi nije. Od 2009. godine nije pla\u0107ala rate, tako da je vozilo \u201cpor\u0161e\u201d oduzeto polovinom 2010. godine. Nakon toga je uslijedila tu\u017eba zbog naknade \u0161tete, koja je nastala oduzimanjem vozila, ali zbog nedolaska predstavnika te firme, ona je povu\u010dena\u201d, kazala je Rajkovi\u0107.<\/p>\n<p>Dodala je da je nakon toga podnijeta kontratu\u017eba protiv \u201cRexha kompanije\u201d, tako da sudija Radovanovi\u0107 treba da odlu\u010di o tom tu\u017ebenom zahtjevu.<\/p>\n<p>Uprava policije u julu je uhapsila Muja Red\u017eu i sprovela ga u Zavod za izvr\u0161enje krivi\u010dnih sankcija u Spu\u017eu.<\/p>\n<p>Red\u017ea je uhap\u0161en po naredbi Osnovnog suda u Ulcinju zbog izdr\u017eavanja kazne zatvora od \u0161est mjeseci, na koju je osu\u0111en zbog gra\u0111enja objekta, kod restorana \u201eAlfa\u201c, bez gra\u0111evinske dozvole.<\/p>\n<p>Prije tri godine za Red\u017eom je raspisana potjernica, jer je u avgustu 2010. godine u skladi\u0161tu njegove firme prona\u0111en arsenal oru\u017eja.<\/p>\n<p>Prema pisanju medija, Red\u017ea je ozna\u010davan i kao blizak poslovni saradnik Nasera Keljmendija, u \u010dijem dru\u0161tvu je \u010desto gledan u Ulcinju.<\/p>\n<p><a href=\"http:\/\/www.vijesti.me\/vijesti\/porse-lizing-tuzi-muja-redzu-kontroverzni-ulcinjanin-da-plati-rate-clanak-151779\" target=\"_blank\"><strong>\u00a0Vlado Ota\u0161evi\u0107<\/strong><\/a><\/p>\n<p><a href=\"http:\/\/www.vijesti.me\/vijesti\/porse-lizing-tuzi-muja-redzu-kontroverzni-ulcinjanin-da-plati-rate-clanak-151779\" target=\"_blank\"><strong>Vijesti Online<\/strong><\/a><\/p>\n","protected":false},"excerpt":{"rendered":"<p>Kompanija \u201cPor\u0161e lizing\u201d, tu\u017eila je kontroverznog ulcinjskog biznismena i vlasnika &#8220;Rexha kompanije&#8221; Muja Red\u017eu (40), jer nije pla\u0107ao rate za luksuzno vozilo vrijedno oko 120.000 eura, koje je za potrebe firme uzeo na lizing 2008. godine. Firma &#8220;Por\u0161e lizing&#8221; na ime duga po osnovu ugovora o finansijskom lizingu, tra\u017ei od Red\u017ee oko 20.000 eura, saop\u0161tila [&hellip;]<\/p>\n","protected":false},"author":1,"featured_media":0,"comment_status":"closed","ping_status":"closed","sticky":false,"template":"","format":"standard","meta":{"spay_email":"","jetpack_publicize_message":"","jetpack_is_tweetstorm":false,"jetpack_publicize_feature_enabled":true},"categories":[6950],"tags":[],"jetpack_publicize_connections":[],"yoast_head":"<!-- This site is optimized with the Yoast SEO plugin v19.1 - https:\/\/yoast.com\/wordpress\/plugins\/seo\/ -->\n<title>Muja Red\u017ea Por\u0161e da plati rate - Lajme nga Ulqini<\/title>\n<meta name=\"description\" content=\"Kompanija \u201cPor\u0161e lizing\u201d, tu\u017eila je kontroverznog ulcinjskog biznismena i vlasnika &quot;Rexha kompanije&quot; Muja Red\u017eu (40), jer nije pla\u0107ao rate za luksuzno\" \/>\n<meta name=\"robots\" content=\"index, follow, max-snippet:-1, max-image-preview:large, max-video-preview:-1\" \/>\n<link rel=\"canonical\" href=\"https:\/\/www.visit-ulcinj.com\/blog\/2013\/09\/28\/muja-redza-porse-da-plati-rate\/\" \/>\n<meta property=\"og:locale\" content=\"en_US\" \/>\n<meta property=\"og:type\" content=\"article\" \/>\n<meta property=\"og:title\" content=\"Muja Red\u017ea Por\u0161e da plati rate - Lajme nga Ulqini\" \/>\n<meta property=\"og:description\" content=\"Kompanija \u201cPor\u0161e lizing\u201d, tu\u017eila je kontroverznog ulcinjskog biznismena i vlasnika &quot;Rexha kompanije&quot; Muja Red\u017eu (40), jer nije pla\u0107ao rate za luksuzno\" \/>\n<meta property=\"og:url\" content=\"https:\/\/www.visit-ulcinj.com\/blog\/2013\/09\/28\/muja-redza-porse-da-plati-rate\/\" \/>\n<meta property=\"og:site_name\" content=\"Lajme nga Ulqini\" \/>\n<meta property=\"article:published_time\" content=\"2013-09-28T13:59:06+00:00\" \/>\n<meta property=\"og:image\" content=\"http:\/\/www.visit-ulcinj.com\/blog\/wp-content\/uploads\/2013\/09\/MujoRedza.jpg\" \/>\n<meta name=\"twitter:label1\" content=\"Written by\" \/>\n\t<meta name=\"twitter:data1\" content=\"ulqini\" \/>\n\t<meta name=\"twitter:label2\" content=\"Est. reading time\" \/>\n\t<meta name=\"twitter:data2\" content=\"1 minute\" \/>\n<script type=\"application\/ld+json\" class=\"yoast-schema-graph\">{\"@context\":\"https:\/\/schema.org\",\"@graph\":[{\"@type\":\"WebSite\",\"@id\":\"https:\/\/www.visit-ulcinj.com\/blog\/#website\",\"url\":\"https:\/\/www.visit-ulcinj.com\/blog\/\",\"name\":\"Lajme nga Ulqini\",\"description\":\"Lajme,Vijesti,Ulqini,Ulqin,Crna Gora,Mali i Zi\",\"potentialAction\":[{\"@type\":\"SearchAction\",\"target\":{\"@type\":\"EntryPoint\",\"urlTemplate\":\"https:\/\/www.visit-ulcinj.com\/blog\/?s={search_term_string}\"},\"query-input\":\"required name=search_term_string\"}],\"inLanguage\":\"en-US\"},{\"@type\":\"ImageObject\",\"inLanguage\":\"en-US\",\"@id\":\"https:\/\/www.visit-ulcinj.com\/blog\/2013\/09\/28\/muja-redza-porse-da-plati-rate\/#primaryimage\",\"url\":\"http:\/\/www.visit-ulcinj.com\/blog\/wp-content\/uploads\/2013\/09\/MujoRedza.jpg\",\"contentUrl\":\"http:\/\/www.visit-ulcinj.com\/blog\/wp-content\/uploads\/2013\/09\/MujoRedza.jpg\"},{\"@type\":\"WebPage\",\"@id\":\"https:\/\/www.visit-ulcinj.com\/blog\/2013\/09\/28\/muja-redza-porse-da-plati-rate\/#webpage\",\"url\":\"https:\/\/www.visit-ulcinj.com\/blog\/2013\/09\/28\/muja-redza-porse-da-plati-rate\/\",\"name\":\"Muja Red\u017ea Por\u0161e da plati rate - Lajme nga Ulqini\",\"isPartOf\":{\"@id\":\"https:\/\/www.visit-ulcinj.com\/blog\/#website\"},\"primaryImageOfPage\":{\"@id\":\"https:\/\/www.visit-ulcinj.com\/blog\/2013\/09\/28\/muja-redza-porse-da-plati-rate\/#primaryimage\"},\"datePublished\":\"2013-09-28T13:59:06+00:00\",\"dateModified\":\"2013-09-28T13:59:06+00:00\",\"author\":{\"@id\":\"https:\/\/www.visit-ulcinj.com\/blog\/#\/schema\/person\/dcab619c614d3038751c63bc2aadc06d\"},\"description\":\"Kompanija \u201cPor\u0161e lizing\u201d, tu\u017eila je kontroverznog ulcinjskog biznismena i vlasnika \\\"Rexha kompanije\\\" Muja Red\u017eu (40), jer nije pla\u0107ao rate za luksuzno\",\"breadcrumb\":{\"@id\":\"https:\/\/www.visit-ulcinj.com\/blog\/2013\/09\/28\/muja-redza-porse-da-plati-rate\/#breadcrumb\"},\"inLanguage\":\"en-US\",\"potentialAction\":[{\"@type\":\"ReadAction\",\"target\":[\"https:\/\/www.visit-ulcinj.com\/blog\/2013\/09\/28\/muja-redza-porse-da-plati-rate\/\"]}]},{\"@type\":\"BreadcrumbList\",\"@id\":\"https:\/\/www.visit-ulcinj.com\/blog\/2013\/09\/28\/muja-redza-porse-da-plati-rate\/#breadcrumb\",\"itemListElement\":[{\"@type\":\"ListItem\",\"position\":1,\"name\":\"Muja Red\u017ea Por\u0161e da plati rate\"}]},{\"@type\":\"Person\",\"@id\":\"https:\/\/www.visit-ulcinj.com\/blog\/#\/schema\/person\/dcab619c614d3038751c63bc2aadc06d\",\"name\":\"ulqini\",\"sameAs\":[\"http:\/\/www.visit-ulcinj.com\"],\"url\":\"https:\/\/www.visit-ulcinj.com\/blog\/author\/admin\/\"}]}<\/script>\n<!-- \/ Yoast SEO plugin. -->","yoast_head_json":{"title":"Muja Red\u017ea Por\u0161e da plati rate - Lajme nga Ulqini","description":"Kompanija \u201cPor\u0161e lizing\u201d, tu\u017eila je kontroverznog ulcinjskog biznismena i vlasnika \"Rexha kompanije\" Muja Red\u017eu (40), jer nije pla\u0107ao rate za luksuzno","robots":{"index":"index","follow":"follow","max-snippet":"max-snippet:-1","max-image-preview":"max-image-preview:large","max-video-preview":"max-video-preview:-1"},"canonical":"https:\/\/www.visit-ulcinj.com\/blog\/2013\/09\/28\/muja-redza-porse-da-plati-rate\/","og_locale":"en_US","og_type":"article","og_title":"Muja Red\u017ea Por\u0161e da plati rate - Lajme nga Ulqini","og_description":"Kompanija \u201cPor\u0161e lizing\u201d, tu\u017eila je kontroverznog ulcinjskog biznismena i vlasnika \"Rexha kompanije\" Muja Red\u017eu (40), jer nije pla\u0107ao rate za luksuzno","og_url":"https:\/\/www.visit-ulcinj.com\/blog\/2013\/09\/28\/muja-redza-porse-da-plati-rate\/","og_site_name":"Lajme nga Ulqini","article_published_time":"2013-09-28T13:59:06+00:00","og_image":[{"url":"http:\/\/www.visit-ulcinj.com\/blog\/wp-content\/uploads\/2013\/09\/MujoRedza.jpg"}],"twitter_misc":{"Written by":"ulqini","Est. reading time":"1 minute"},"schema":{"@context":"https:\/\/schema.org","@graph":[{"@type":"WebSite","@id":"https:\/\/www.visit-ulcinj.com\/blog\/#website","url":"https:\/\/www.visit-ulcinj.com\/blog\/","name":"Lajme nga Ulqini","description":"Lajme,Vijesti,Ulqini,Ulqin,Crna Gora,Mali i Zi","potentialAction":[{"@type":"SearchAction","target":{"@type":"EntryPoint","urlTemplate":"https:\/\/www.visit-ulcinj.com\/blog\/?s={search_term_string}"},"query-input":"required name=search_term_string"}],"inLanguage":"en-US"},{"@type":"ImageObject","inLanguage":"en-US","@id":"https:\/\/www.visit-ulcinj.com\/blog\/2013\/09\/28\/muja-redza-porse-da-plati-rate\/#primaryimage","url":"http:\/\/www.visit-ulcinj.com\/blog\/wp-content\/uploads\/2013\/09\/MujoRedza.jpg","contentUrl":"http:\/\/www.visit-ulcinj.com\/blog\/wp-content\/uploads\/2013\/09\/MujoRedza.jpg"},{"@type":"WebPage","@id":"https:\/\/www.visit-ulcinj.com\/blog\/2013\/09\/28\/muja-redza-porse-da-plati-rate\/#webpage","url":"https:\/\/www.visit-ulcinj.com\/blog\/2013\/09\/28\/muja-redza-porse-da-plati-rate\/","name":"Muja Red\u017ea Por\u0161e da plati rate - Lajme nga Ulqini","isPartOf":{"@id":"https:\/\/www.visit-ulcinj.com\/blog\/#website"},"primaryImageOfPage":{"@id":"https:\/\/www.visit-ulcinj.com\/blog\/2013\/09\/28\/muja-redza-porse-da-plati-rate\/#primaryimage"},"datePublished":"2013-09-28T13:59:06+00:00","dateModified":"2013-09-28T13:59:06+00:00","author":{"@id":"https:\/\/www.visit-ulcinj.com\/blog\/#\/schema\/person\/dcab619c614d3038751c63bc2aadc06d"},"description":"Kompanija \u201cPor\u0161e lizing\u201d, tu\u017eila je kontroverznog ulcinjskog biznismena i vlasnika \"Rexha kompanije\" Muja Red\u017eu (40), jer nije pla\u0107ao rate za luksuzno","breadcrumb":{"@id":"https:\/\/www.visit-ulcinj.com\/blog\/2013\/09\/28\/muja-redza-porse-da-plati-rate\/#breadcrumb"},"inLanguage":"en-US","potentialAction":[{"@type":"ReadAction","target":["https:\/\/www.visit-ulcinj.com\/blog\/2013\/09\/28\/muja-redza-porse-da-plati-rate\/"]}]},{"@type":"BreadcrumbList","@id":"https:\/\/www.visit-ulcinj.com\/blog\/2013\/09\/28\/muja-redza-porse-da-plati-rate\/#breadcrumb","itemListElement":[{"@type":"ListItem","position":1,"name":"Muja Red\u017ea Por\u0161e da plati rate"}]},{"@type":"Person","@id":"https:\/\/www.visit-ulcinj.com\/blog\/#\/schema\/person\/dcab619c614d3038751c63bc2aadc06d","name":"ulqini","sameAs":["http:\/\/www.visit-ulcinj.com"],"url":"https:\/\/www.visit-ulcinj.com\/blog\/author\/admin\/"}]}},"jetpack_featured_media_url":"","jetpack_sharing_enabled":true,"jetpack_shortlink":"https:\/\/wp.me\/pe6lTn-juf","_links":{"self":[{"href":"https:\/\/www.visit-ulcinj.com\/blog\/wp-json\/wp\/v2\/posts\/74911"}],"collection":[{"href":"https:\/\/www.visit-ulcinj.com\/blog\/wp-json\/wp\/v2\/posts"}],"about":[{"href":"https:\/\/www.visit-ulcinj.com\/blog\/wp-json\/wp\/v2\/types\/post"}],"author":[{"embeddable":true,"href":"https:\/\/www.visit-ulcinj.com\/blog\/wp-json\/wp\/v2\/users\/1"}],"replies":[{"embeddable":true,"href":"https:\/\/www.visit-ulcinj.com\/blog\/wp-json\/wp\/v2\/comments?post=74911"}],"version-history":[{"count":1,"href":"https:\/\/www.visit-ulcinj.com\/blog\/wp-json\/wp\/v2\/posts\/74911\/revisions"}],"predecessor-version":[{"id":74913,"href":"https:\/\/www.visit-ulcinj.com\/blog\/wp-json\/wp\/v2\/posts\/74911\/revisions\/74913"}],"wp:attachment":[{"href":"https:\/\/www.visit-ulcinj.com\/blog\/wp-json\/wp\/v2\/media?parent=74911"}],"wp:term":[{"taxonomy":"category","embeddable":true,"href":"https:\/\/www.visit-ulcinj.com\/blog\/wp-json\/wp\/v2\/categories?post=74911"},{"taxonomy":"post_tag","embeddable":true,"href":"https:\/\/www.visit-ulcinj.com\/blog\/wp-json\/wp\/v2\/tags?post=74911"}],"curies":[{"name":"wp","href":"https:\/\/api.w.org\/{rel}","templated":true}]}}