{"id":74915,"date":"2013-09-29T20:04:35","date_gmt":"2013-09-29T19:04:35","guid":{"rendered":"http:\/\/www.visit-ulcinj.com\/blog\/?p=74915"},"modified":"2013-10-01T12:14:11","modified_gmt":"2013-10-01T11:14:11","slug":"gjendja-ekonomike-pune-e-madhe-nga-ilirijana-ujkashi","status":"publish","type":"post","link":"https:\/\/www.visit-ulcinj.com\/blog\/2013\/09\/29\/gjendja-ekonomike-pune-e-madhe-nga-ilirijana-ujkashi\/","title":{"rendered":"Gjendja ekonomike? \u2013 Pun\u00eb e madhe! Nga Ilirijana Ujkashi"},"content":{"rendered":"<p><a href=\"http:\/\/www.visit-ulcinj.com\/blog\/wp-content\/uploads\/2013\/09\/Ilirijana-Ili-Ujkashi.jpg\"><img loading=\"lazy\" class=\"alignleft  wp-image-74916\" alt=\"Ilirijana Ili Ujkashi\" src=\"http:\/\/www.visit-ulcinj.com\/blog\/wp-content\/uploads\/2013\/09\/Ilirijana-Ili-Ujkashi.jpg\" width=\"300\" height=\"350\" \/><\/a>N\u00ebqoft\u00ebse n\u00eb Ulqin do t\u00eb ekzistonte nj\u00eb sistem alarmues p\u00ebr ekonomin\u00eb i ngjash\u00ebm me Sistemin Europian METEOALARM\u00a0p\u00ebr vendet e rrezikuara nga katastrofat kohore, at\u00ebher\u00eb alarmi p\u00ebr katastrofen e gjendjes ekonomike t\u00eb Ulqinit ve\u00e7 do kishte ren\u00eb. Por si\u00e7 duket nj\u00eb alarm i till\u00eb nuk d\u00ebgjohet gj\u00ebkundi, jo sepse ekonomia jon\u00eb nuk gjendet para k\u00ebsaj situate t\u00eb mjerueshme dhe jo sepse sisteme t\u00eb tilla nuk njihen, por thjesht sepse institucioneve p\u00ebrkatese nuk iu hyn\u00eb n\u00eb pun\u00eb ky sistem dhe p\u00ebr fatin ton\u00eb t\u00eb keq\u00a0 \u201cata\u201d as q\u00eb e \u00e7ajn\u00eb kok\u00ebn p\u00ebr t\u00eb tashmen apo t\u00eb ardhmen ekonomike t\u00eb vendit.<\/p>\n<p>Duke qene se Ulqini \u00ebsht\u00eb vendi me shkall\u00ebn m\u00eb t\u00eb ul\u00ebt t\u00eb investimeve n\u00eb Mal t\u00eb Zi dhe ndoshta n\u00eb mbar\u00eb Europen rrjedhimisht nuk do kemi as transferim t\u00eb dijes e teknologjis\u00eb moderne, nuk do kemi as FRESH kapital, as vende t\u00eb reja t\u00eb pune e as prodhim vendor.<\/p>\n<p>Shohim q\u00eb dita dit\u00ebs vrima t\u00eb m\u00ebdha po krijohen n\u00eb buxhet, dhe m\u00ebnyra e vetme me t\u00eb cil\u00ebn detyrohet ti mbyll ato \u00ebsht\u00eb duke luftuar evazionin fiskal, duke rritur grumbullimin e tatim-taksave brenda vendit. Thuhet se po aplikohet nj\u00eb metod\u00eb m\u00eb e thjesht\u00eb koheve t\u00eb fundit,ajo e \u2018\u2018Lop\u00ebs qum\u00ebshtore\u2019\u2019, metod\u00eb e cila p\u00ebr periudha t\u00eb shkurt\u00ebra po merr p\u00ebrmasa t\u00eb m\u00ebdha. Duke e konsideruar huan bankare si t\u00eb till\u00eb dhe at\u00eb p\u00ebr periudha afatgjata, nd\u00ebrkoh\u00eb k\u00ebto hua po p\u00ebrdoren p\u00ebr mbijetes\u00eb pa prodhuar asgj\u00eb, kjo qartazi na b\u00ebn t\u00eb kuptojm\u00eb se po ushqehemi me lug\u00ebn bosh.<\/p>\n<p>Nuk duhet t\u00eb jemi aspak indiferent ndaj k\u00ebsaj \u00e7\u00ebshtje sepse po trajtohet si nj\u00eb borxh q\u00eb nuk i p\u00ebrket individit, por si borxh i \u201ct\u00eb tjer\u00ebve\u201d, nd\u00ebrkoh\u00eb q\u00eb \u00ebsht\u00eb i secilit nga ne dhe p\u00ebr m\u00eb tep\u00ebr q\u00eb do t\u00eb shlyhet po nga ne.<\/p>\n<p>Ulqini me kapacitetet e veta ka mund\u00ebsi t\u00eb krijoj\u00eb identitetin e vet prodhues duke kaluar nga gjendja e nj\u00eb shoq\u00ebrie konsumuese n\u00eb at\u00eb t\u00eb nj\u00eb shoq\u00ebrie prodhuese, por e gjith\u00eb kjo varet nga menaxhimi i kapaciteteve t\u00eb veta. P\u00ebrve\u00e7 t\u00eb tjerash n\u00eb vend t\u00eb krijimit t\u00eb baz\u00ebs p\u00ebr zhvillim t\u00eb q\u00ebndruesh\u00ebm ekonomik si p\u00ebrmes stimulimit t\u00eb sip\u00ebrmarrjes, nd\u00ebrmarrjes s\u00eb riskut, leht\u00ebsimit t\u00eb t\u00eb b\u00ebrit\u00a0 biznes,si dhe investimeve t\u00eb huaja,si kund\u00ebrp\u00ebrgjigje po marrim rritjen e taksave, v\u00ebshtir\u00ebsimin e procedurave t\u00eb operimit t\u00eb biznesit etj. Me k\u00ebto dhe t\u00eb tjera po ballafaqohemi \u00e7do dit\u00eb, \u00e7ka do t\u00eb thot nuk po ndihmohet ajo,por p\u00ebrkundrazi po vonohet dhe po pengohet rritja ekonomike.<\/p>\n<p>Ne nuk na mjaftojn\u00eb vetem deklaratat shterp\u00eb p\u00ebr gatishm\u00ebrin\u00eb institucionale p\u00ebr t\u00eb p\u00ebrkrahur iniciativa n\u00eb k\u00ebto drejtime,\u00ebsht\u00eb angazhimi i sinqert\u00eb, serioz dhe profesional i p\u00ebrfaq\u00ebsuesve t\u00eb institucioneve dhe veprat e tyre konkrete ato t\u00eb cilat mund t\u00eb d\u00ebshmojn\u00eb p\u00ebrkushtimin e tyre drejt zhvillimin ekonomik t\u00eb k\u00ebtij qyteti.<\/p>\n<p>\u00cbsht\u00eb shum\u00eb e qart\u00eb p\u00ebr t\u00eb gjith\u00eb se niveli i lart\u00eb i papun\u00ebsis\u00eb n\u00eb Ulqin nuk \u00ebsht\u00eb vet\u00ebm nj\u00eb problem ekonomik e social, por para s\u00eb gjithash nj\u00eb problem politik. Si rezultat i papun\u00ebsis\u00eb s\u00eb madhe Ulqini po p\u00ebrballet me pak\u00ebnaq\u00ebsi t\u00eb m\u00ebdha sociale. P\u00ebr k\u00ebt\u00eb fakt dhe shum\u00eb fakte t\u00eb tjera si duket po gjendemi brenda nj\u00eb udh\u00ebkryqi t\u00eb mekanizmave t\u00eb brendsh\u00ebm.I nxehti i k\u00ebtyre dit\u00ebve duket q\u00eb ka kapluar dhe kokat e pushtetar\u00ebve tan\u00eb.Duke mos ditur se ku t\u00eb shkojn\u00eb, po k\u00ebrkojn\u00eb t\u00eb futen n\u00ebn t\u00eb nj\u00ebjt\u00ebn hije ku m\u00eb par\u00eb iu dukej se iu kishte z\u00ebn\u00eb diellin.<\/p>\n<p><strong>Gjithsesi,ndoshta \u201cDikush\u201d po mendon p\u00ebr ne!..<\/strong><\/p>\n<p>Por,cfar\u00eb na b\u00ebn ne t\u00eb besojm\u00eb se \u201cdikush\u201d do luaj kartat n\u00eb favorin ton\u00eb, q\u00eb do siguroj vende t\u00eb reja pune p\u00ebr t\u00eb cilat ne shpresuam apo dhe elementet baz\u00eb ekonomike t\u00eb vendit?<\/p>\n<p><em>E gjith\u00eb kjo nuk \u00ebsht\u00eb di\u00e7ka e re, \u00ebsht\u00eb ajo me t\u00eb cil\u00ebn po p<\/em><em>\u00eb<\/em><em>rballemi \u00e7do dit\u00eb. Por t\u00eb mos t\u00eb harrojm\u00eb q\u00eb ekonomia k\u00ebrkon involvim shum\u00eb m\u00eb t\u00eb hersh\u00ebm p\u00ebr zgjidhjen e problemeve n\u00eb t\u00eb ardhmen. <\/em>Prandaj me apo pa sisteme alarmuese,duket q\u00eb paq\u00ebs s\u00eb bler\u00eb sociale po i vjen fundi,sepse nj\u00eb fjal\u00eb thot \u201cnuk ka shurdh m\u00eb t\u00eb madh se sa ai q\u00eb nuk do t\u00eb d\u00ebgjoj\u00eb\u201d.<\/p>\n<p><strong>Mr. Ilirijana Ujkashi<\/strong><\/p>\n","protected":false},"excerpt":{"rendered":"<p>N\u00ebqoft\u00ebse n\u00eb Ulqin do t\u00eb ekzistonte nj\u00eb sistem alarmues p\u00ebr ekonomin\u00eb i ngjash\u00ebm me Sistemin Europian METEOALARM\u00a0p\u00ebr vendet e rrezikuara nga katastrofat kohore, at\u00ebher\u00eb alarmi p\u00ebr katastrofen e gjendjes ekonomike t\u00eb Ulqinit ve\u00e7 do kishte ren\u00eb. Por si\u00e7 duket nj\u00eb alarm i till\u00eb nuk d\u00ebgjohet gj\u00ebkundi, jo sepse ekonomia jon\u00eb nuk gjendet para k\u00ebsaj situate [&hellip;]<\/p>\n","protected":false},"author":1,"featured_media":0,"comment_status":"closed","ping_status":"closed","sticky":false,"template":"","format":"standard","meta":{"spay_email":"","jetpack_publicize_message":"","jetpack_is_tweetstorm":false,"jetpack_publicize_feature_enabled":true},"categories":[14249],"tags":[],"jetpack_publicize_connections":[],"yoast_head":"<!-- This site is optimized with the Yoast SEO plugin v19.1 - https:\/\/yoast.com\/wordpress\/plugins\/seo\/ -->\n<title>Gjendja ekonomike? \u2013 Pun\u00eb e madhe! Nga Ilirijana Ujkashi - Lajme nga Ulqini<\/title>\n<meta name=\"description\" content=\"N\u00ebqoft\u00ebse n\u00eb Ulqin do t\u00eb ekzistonte nj\u00eb sistem alarmues p\u00ebr ekonomin\u00eb i ngjash\u00ebm me Sistemin Europian METEOALARM\u00a0p\u00ebr vendet e rrezikuara nga katastrofat\" \/>\n<meta name=\"robots\" content=\"index, follow, max-snippet:-1, max-image-preview:large, max-video-preview:-1\" \/>\n<link rel=\"canonical\" href=\"https:\/\/www.visit-ulcinj.com\/blog\/2013\/09\/29\/gjendja-ekonomike-pune-e-madhe-nga-ilirijana-ujkashi\/\" \/>\n<meta property=\"og:locale\" content=\"en_US\" \/>\n<meta property=\"og:type\" content=\"article\" \/>\n<meta property=\"og:title\" content=\"Gjendja ekonomike? \u2013 Pun\u00eb e madhe! Nga Ilirijana Ujkashi - Lajme nga Ulqini\" \/>\n<meta property=\"og:description\" content=\"N\u00ebqoft\u00ebse n\u00eb Ulqin do t\u00eb ekzistonte nj\u00eb sistem alarmues p\u00ebr ekonomin\u00eb i ngjash\u00ebm me Sistemin Europian METEOALARM\u00a0p\u00ebr vendet e rrezikuara nga katastrofat\" \/>\n<meta property=\"og:url\" content=\"https:\/\/www.visit-ulcinj.com\/blog\/2013\/09\/29\/gjendja-ekonomike-pune-e-madhe-nga-ilirijana-ujkashi\/\" \/>\n<meta property=\"og:site_name\" content=\"Lajme nga Ulqini\" \/>\n<meta property=\"article:published_time\" content=\"2013-09-29T19:04:35+00:00\" \/>\n<meta property=\"article:modified_time\" content=\"2013-10-01T11:14:11+00:00\" \/>\n<meta property=\"og:image\" content=\"http:\/\/www.visit-ulcinj.com\/blog\/wp-content\/uploads\/2013\/09\/Ilirijana-Ili-Ujkashi.jpg\" \/>\n<meta name=\"twitter:label1\" content=\"Written by\" \/>\n\t<meta name=\"twitter:data1\" content=\"ulqini\" \/>\n\t<meta name=\"twitter:label2\" content=\"Est. reading time\" \/>\n\t<meta name=\"twitter:data2\" content=\"4 minutes\" \/>\n<script type=\"application\/ld+json\" class=\"yoast-schema-graph\">{\"@context\":\"https:\/\/schema.org\",\"@graph\":[{\"@type\":\"WebSite\",\"@id\":\"https:\/\/www.visit-ulcinj.com\/blog\/#website\",\"url\":\"https:\/\/www.visit-ulcinj.com\/blog\/\",\"name\":\"Lajme nga Ulqini\",\"description\":\"Lajme,Vijesti,Ulqini,Ulqin,Crna Gora,Mali i Zi\",\"potentialAction\":[{\"@type\":\"SearchAction\",\"target\":{\"@type\":\"EntryPoint\",\"urlTemplate\":\"https:\/\/www.visit-ulcinj.com\/blog\/?s={search_term_string}\"},\"query-input\":\"required name=search_term_string\"}],\"inLanguage\":\"en-US\"},{\"@type\":\"ImageObject\",\"inLanguage\":\"en-US\",\"@id\":\"https:\/\/www.visit-ulcinj.com\/blog\/2013\/09\/29\/gjendja-ekonomike-pune-e-madhe-nga-ilirijana-ujkashi\/#primaryimage\",\"url\":\"http:\/\/www.visit-ulcinj.com\/blog\/wp-content\/uploads\/2013\/09\/Ilirijana-Ili-Ujkashi.jpg\",\"contentUrl\":\"http:\/\/www.visit-ulcinj.com\/blog\/wp-content\/uploads\/2013\/09\/Ilirijana-Ili-Ujkashi.jpg\"},{\"@type\":\"WebPage\",\"@id\":\"https:\/\/www.visit-ulcinj.com\/blog\/2013\/09\/29\/gjendja-ekonomike-pune-e-madhe-nga-ilirijana-ujkashi\/#webpage\",\"url\":\"https:\/\/www.visit-ulcinj.com\/blog\/2013\/09\/29\/gjendja-ekonomike-pune-e-madhe-nga-ilirijana-ujkashi\/\",\"name\":\"Gjendja ekonomike? \u2013 Pun\u00eb e madhe! Nga Ilirijana Ujkashi - Lajme nga Ulqini\",\"isPartOf\":{\"@id\":\"https:\/\/www.visit-ulcinj.com\/blog\/#website\"},\"primaryImageOfPage\":{\"@id\":\"https:\/\/www.visit-ulcinj.com\/blog\/2013\/09\/29\/gjendja-ekonomike-pune-e-madhe-nga-ilirijana-ujkashi\/#primaryimage\"},\"datePublished\":\"2013-09-29T19:04:35+00:00\",\"dateModified\":\"2013-10-01T11:14:11+00:00\",\"author\":{\"@id\":\"https:\/\/www.visit-ulcinj.com\/blog\/#\/schema\/person\/dcab619c614d3038751c63bc2aadc06d\"},\"description\":\"N\u00ebqoft\u00ebse n\u00eb Ulqin do t\u00eb ekzistonte nj\u00eb sistem alarmues p\u00ebr ekonomin\u00eb i ngjash\u00ebm me Sistemin Europian METEOALARM\u00a0p\u00ebr vendet e rrezikuara nga katastrofat\",\"breadcrumb\":{\"@id\":\"https:\/\/www.visit-ulcinj.com\/blog\/2013\/09\/29\/gjendja-ekonomike-pune-e-madhe-nga-ilirijana-ujkashi\/#breadcrumb\"},\"inLanguage\":\"en-US\",\"potentialAction\":[{\"@type\":\"ReadAction\",\"target\":[\"https:\/\/www.visit-ulcinj.com\/blog\/2013\/09\/29\/gjendja-ekonomike-pune-e-madhe-nga-ilirijana-ujkashi\/\"]}]},{\"@type\":\"BreadcrumbList\",\"@id\":\"https:\/\/www.visit-ulcinj.com\/blog\/2013\/09\/29\/gjendja-ekonomike-pune-e-madhe-nga-ilirijana-ujkashi\/#breadcrumb\",\"itemListElement\":[{\"@type\":\"ListItem\",\"position\":1,\"name\":\"Gjendja ekonomike? \u2013 Pun\u00eb e madhe! Nga Ilirijana Ujkashi\"}]},{\"@type\":\"Person\",\"@id\":\"https:\/\/www.visit-ulcinj.com\/blog\/#\/schema\/person\/dcab619c614d3038751c63bc2aadc06d\",\"name\":\"ulqini\",\"sameAs\":[\"http:\/\/www.visit-ulcinj.com\"],\"url\":\"https:\/\/www.visit-ulcinj.com\/blog\/author\/admin\/\"}]}<\/script>\n<!-- \/ Yoast SEO plugin. -->","yoast_head_json":{"title":"Gjendja ekonomike? \u2013 Pun\u00eb e madhe! Nga Ilirijana Ujkashi - Lajme nga Ulqini","description":"N\u00ebqoft\u00ebse n\u00eb Ulqin do t\u00eb ekzistonte nj\u00eb sistem alarmues p\u00ebr ekonomin\u00eb i ngjash\u00ebm me Sistemin Europian METEOALARM\u00a0p\u00ebr vendet e rrezikuara nga katastrofat","robots":{"index":"index","follow":"follow","max-snippet":"max-snippet:-1","max-image-preview":"max-image-preview:large","max-video-preview":"max-video-preview:-1"},"canonical":"https:\/\/www.visit-ulcinj.com\/blog\/2013\/09\/29\/gjendja-ekonomike-pune-e-madhe-nga-ilirijana-ujkashi\/","og_locale":"en_US","og_type":"article","og_title":"Gjendja ekonomike? \u2013 Pun\u00eb e madhe! Nga Ilirijana Ujkashi - Lajme nga Ulqini","og_description":"N\u00ebqoft\u00ebse n\u00eb Ulqin do t\u00eb ekzistonte nj\u00eb sistem alarmues p\u00ebr ekonomin\u00eb i ngjash\u00ebm me Sistemin Europian METEOALARM\u00a0p\u00ebr vendet e rrezikuara nga katastrofat","og_url":"https:\/\/www.visit-ulcinj.com\/blog\/2013\/09\/29\/gjendja-ekonomike-pune-e-madhe-nga-ilirijana-ujkashi\/","og_site_name":"Lajme nga Ulqini","article_published_time":"2013-09-29T19:04:35+00:00","article_modified_time":"2013-10-01T11:14:11+00:00","og_image":[{"url":"http:\/\/www.visit-ulcinj.com\/blog\/wp-content\/uploads\/2013\/09\/Ilirijana-Ili-Ujkashi.jpg"}],"twitter_misc":{"Written by":"ulqini","Est. reading time":"4 minutes"},"schema":{"@context":"https:\/\/schema.org","@graph":[{"@type":"WebSite","@id":"https:\/\/www.visit-ulcinj.com\/blog\/#website","url":"https:\/\/www.visit-ulcinj.com\/blog\/","name":"Lajme nga Ulqini","description":"Lajme,Vijesti,Ulqini,Ulqin,Crna Gora,Mali i Zi","potentialAction":[{"@type":"SearchAction","target":{"@type":"EntryPoint","urlTemplate":"https:\/\/www.visit-ulcinj.com\/blog\/?s={search_term_string}"},"query-input":"required name=search_term_string"}],"inLanguage":"en-US"},{"@type":"ImageObject","inLanguage":"en-US","@id":"https:\/\/www.visit-ulcinj.com\/blog\/2013\/09\/29\/gjendja-ekonomike-pune-e-madhe-nga-ilirijana-ujkashi\/#primaryimage","url":"http:\/\/www.visit-ulcinj.com\/blog\/wp-content\/uploads\/2013\/09\/Ilirijana-Ili-Ujkashi.jpg","contentUrl":"http:\/\/www.visit-ulcinj.com\/blog\/wp-content\/uploads\/2013\/09\/Ilirijana-Ili-Ujkashi.jpg"},{"@type":"WebPage","@id":"https:\/\/www.visit-ulcinj.com\/blog\/2013\/09\/29\/gjendja-ekonomike-pune-e-madhe-nga-ilirijana-ujkashi\/#webpage","url":"https:\/\/www.visit-ulcinj.com\/blog\/2013\/09\/29\/gjendja-ekonomike-pune-e-madhe-nga-ilirijana-ujkashi\/","name":"Gjendja ekonomike? \u2013 Pun\u00eb e madhe! Nga Ilirijana Ujkashi - Lajme nga Ulqini","isPartOf":{"@id":"https:\/\/www.visit-ulcinj.com\/blog\/#website"},"primaryImageOfPage":{"@id":"https:\/\/www.visit-ulcinj.com\/blog\/2013\/09\/29\/gjendja-ekonomike-pune-e-madhe-nga-ilirijana-ujkashi\/#primaryimage"},"datePublished":"2013-09-29T19:04:35+00:00","dateModified":"2013-10-01T11:14:11+00:00","author":{"@id":"https:\/\/www.visit-ulcinj.com\/blog\/#\/schema\/person\/dcab619c614d3038751c63bc2aadc06d"},"description":"N\u00ebqoft\u00ebse n\u00eb Ulqin do t\u00eb ekzistonte nj\u00eb sistem alarmues p\u00ebr ekonomin\u00eb i ngjash\u00ebm me Sistemin Europian METEOALARM\u00a0p\u00ebr vendet e rrezikuara nga katastrofat","breadcrumb":{"@id":"https:\/\/www.visit-ulcinj.com\/blog\/2013\/09\/29\/gjendja-ekonomike-pune-e-madhe-nga-ilirijana-ujkashi\/#breadcrumb"},"inLanguage":"en-US","potentialAction":[{"@type":"ReadAction","target":["https:\/\/www.visit-ulcinj.com\/blog\/2013\/09\/29\/gjendja-ekonomike-pune-e-madhe-nga-ilirijana-ujkashi\/"]}]},{"@type":"BreadcrumbList","@id":"https:\/\/www.visit-ulcinj.com\/blog\/2013\/09\/29\/gjendja-ekonomike-pune-e-madhe-nga-ilirijana-ujkashi\/#breadcrumb","itemListElement":[{"@type":"ListItem","position":1,"name":"Gjendja ekonomike? \u2013 Pun\u00eb e madhe! Nga Ilirijana Ujkashi"}]},{"@type":"Person","@id":"https:\/\/www.visit-ulcinj.com\/blog\/#\/schema\/person\/dcab619c614d3038751c63bc2aadc06d","name":"ulqini","sameAs":["http:\/\/www.visit-ulcinj.com"],"url":"https:\/\/www.visit-ulcinj.com\/blog\/author\/admin\/"}]}},"jetpack_featured_media_url":"","jetpack_sharing_enabled":true,"jetpack_shortlink":"https:\/\/wp.me\/pe6lTn-juj","_links":{"self":[{"href":"https:\/\/www.visit-ulcinj.com\/blog\/wp-json\/wp\/v2\/posts\/74915"}],"collection":[{"href":"https:\/\/www.visit-ulcinj.com\/blog\/wp-json\/wp\/v2\/posts"}],"about":[{"href":"https:\/\/www.visit-ulcinj.com\/blog\/wp-json\/wp\/v2\/types\/post"}],"author":[{"embeddable":true,"href":"https:\/\/www.visit-ulcinj.com\/blog\/wp-json\/wp\/v2\/users\/1"}],"replies":[{"embeddable":true,"href":"https:\/\/www.visit-ulcinj.com\/blog\/wp-json\/wp\/v2\/comments?post=74915"}],"version-history":[{"count":2,"href":"https:\/\/www.visit-ulcinj.com\/blog\/wp-json\/wp\/v2\/posts\/74915\/revisions"}],"predecessor-version":[{"id":74918,"href":"https:\/\/www.visit-ulcinj.com\/blog\/wp-json\/wp\/v2\/posts\/74915\/revisions\/74918"}],"wp:attachment":[{"href":"https:\/\/www.visit-ulcinj.com\/blog\/wp-json\/wp\/v2\/media?parent=74915"}],"wp:term":[{"taxonomy":"category","embeddable":true,"href":"https:\/\/www.visit-ulcinj.com\/blog\/wp-json\/wp\/v2\/categories?post=74915"},{"taxonomy":"post_tag","embeddable":true,"href":"https:\/\/www.visit-ulcinj.com\/blog\/wp-json\/wp\/v2\/tags?post=74915"}],"curies":[{"name":"wp","href":"https:\/\/api.w.org\/{rel}","templated":true}]}}