{"id":74920,"date":"2013-10-02T09:01:08","date_gmt":"2013-10-02T08:01:08","guid":{"rendered":"http:\/\/www.visit-ulcinj.com\/blog\/?p=74920"},"modified":"2013-10-04T09:36:59","modified_gmt":"2013-10-04T08:36:59","slug":"nika-nje-veshtrim-per-zghedhjen-e-keshillit-nacional","status":"publish","type":"post","link":"https:\/\/www.visit-ulcinj.com\/blog\/2013\/10\/02\/nika-nje-veshtrim-per-zghedhjen-e-keshillit-nacional\/","title":{"rendered":"NIKA: NJ\u00cb V\u00cbSHTRIM P\u00cbR ZGHEDHJEN E K\u00cbSHILLIT  NACIONAL"},"content":{"rendered":"<p><img loading=\"lazy\" class=\"alignleft\" alt=\"\" src=\"http:\/\/www.visit-ulcinj.com\/blog\/wp-content\/uploads\/2009\/01\/muhamet-nika.jpg\" width=\"350\" height=\"300\" \/><b><i>SHKRUAN : MUHAMET NIKA<\/i><\/b><\/p>\n<p><b>NJ\u00cb V\u00cbSHTRIM P\u00cbR ZGHEDHJEN E K\u00cbSHILLIT \u00a0NACIONAL<\/b><\/p>\n<p><b><i>-NGA K\u00cbNDI IM <\/i><\/b><\/p>\n<p><b>Thuhet se aty nga fundi i bot\u00ebs<\/b><\/p>\n<p>Si elektor i Kuvendit\u00a0 t\u00eb K\u00ebshillit Komb\u00ebtar t\u00eb Shqiptar\u00ebve n\u00eb Mal t\u00eb Zi,p\u00ebr t\u00eb sqaruar, \u00e7\u00ebshtjen rreth zgjedhjes s\u00eb k\u00ebshillit dua t\u00eb shtoj: Thuhet se\u00a0 aty nga fundi i bot\u00ebs, para \u00e7\u2019thurjes totale\u00a0 t\u00eb qerres\u00a0\u00a0 nacoionale ,njer\u00ebzit nuk do t\u00eb\u00a0 p\u00eblqejn\u00eb\u00a0 fort t\u00eb marrin k\u00ebshilla,dhe\u00a0 pun\u00ebve t\u00eb m\u00ebdha, thuhet q\u00eb \u00a0do tu dalin zot, t\u00eb pa aft\u00ebt dhe injorant\u00ebt&#8230;( koncepti injorant dhe i pa aft\u00eb, n\u00eb k\u00ebt\u00eb situat\u00eb, nuk, b\u00ebn\u00eb t\u00eb ngat\u00ebrrohet, me konceptin njeri i mir\u00eb &#8211; kavalier, ose i\u00a0 ndersh\u00ebm&#8230;)?!<\/p>\n<p>Me sa duket, stina e \u00a0sprov\u00ebs s\u00eb madhe , ve\u00e7 ka filluar edhe p\u00ebr ne shqiptar\u00ebt n\u00eb Mal t\u00eb Zi; em\u00ebrtimi i disa organeve t\u00eb larta shtet\u00ebrore, q\u00eb zgjidhen nga populli dhe qeveria, si fjala bie, puna e \u00a0zgjedhjes s\u00eb K\u00ebshillit Nacional Shqiptar, q\u00eb u b\u00eb , m\u00eb 29, o9. 2oo13, mbase e v\u00ebrteton k\u00ebt\u00eb&#8230;.Un\u00eb p\u00ebrs\u00ebri, p\u00ebr tu mos u ngat\u00ebrruar, po shtoj, se\u00a0 nuk them, q\u00eb \u00a0k\u00ebta njer\u00ebz, nuk b\u00ebjn\u00eb fare&#8230;, por\u00a0 me siguri nuk b\u00ebjn\u00eb p\u00ebr at\u00eb , ku jan\u00eb zgjedhur. Sigurimi i meritokracis\u00eb komb\u00ebtare , n\u00eb fushat e arritjeve m\u00eb t\u00eb m\u00ebdha t\u00eb mendimit intelektual- shkencor e kulturor\u00a0 si kriter zgjedhor , mbi baz\u00ebn e t\u00eb cilave, b\u00ebhet p\u00ebrcaktimi i kombit ,n\u00eb k\u00ebso rastesh- sipas praktik\u00ebs s\u00eb p\u00ebrgjithshme\u00a0 ,edhe k\u00ebsaj here , mungoi. Vet\u00eb fjala , k\u00ebshill komb\u00ebtar , p\u00ebr ata q\u00eb din\u00eb shqipen n\u00eb vete, e \u00a0n\u00ebnkupton k\u00ebt\u00eb\u00a0 .<\/p>\n<p>Ajo q\u00eb ra n\u00eb sy, pas zgjedhjeve, ishte, kryesimi i list\u00ebs s\u00eb elektor\u00ebve, me disa emra \u00a0\u201c t\u00eb \u00a0p\u00ebrgjithsh\u00ebm\u201d, n\u00eb vend t\u00eb atyre t\u00eb \u201c p\u00ebrve\u00e7\u00ebm\u201d q\u00eb do t\u00eb duhej t\u00eb\u00a0 ndodhte ashtu si ndodh kudo me popujt tjer\u00eb.<\/p>\n<p>Sipas nj\u00eb praktike bot\u00ebrore, t\u00eb gjith\u00eb emrat e k\u00ebshillit\u00a0 komb\u00ebtar jan\u00eb pothuajse \u00a0institucione n\u00eb vete. Emrave\u00a0 t\u00eb tyre , zakonisht,\u00a0 u prijn\u00eb\u00a0 titujt akademik\u00eb dhe shkencor, kurse se\u00a0 pas, u vijn\u00eb\u00a0 veprat shkencore me referenca.. Ata , nuk \u00ebsht\u00eb e th\u00ebn\u00eb t\u00eb jen\u00eb \u201cfrajera \u201c\u00a0 dhe mund t\u00eb q\u00ebndrojn\u00eb edhe n\u00eb\u00a0 shkop.Duke mos dashur ta zgjasim, fjala bie, \u00a0po cekim, q\u00eb mysliman\u00ebt dhe boshnjak\u00ebt, \u00a0\u00a0kur \u00a0zgjodh\u00ebn , k\u00ebshillin e vet komb\u00ebtar, u p\u00ebrcaktuan\u00a0 t\u00eb zgjedhin Sherbo Rastoderin, p\u00ebr t\u00eb cilin thuhet se paraqet \u00a0kremin \u00a0intelektual\u00a0 t\u00eb \u00a0hap\u00ebsir\u00ebs \u00a0s\u00eb tyre n\u00eb Mal t\u00eb Zi. Mjerisht, \u00a0k\u00ebshtu ,nuk vepruan \u00a0shqiptar\u00ebt \u00a0edhe pse dikush mund ta ket\u00eb pritur. Krijuesi, Ibrahim Berjashi, q\u00eb ishte elektor, dhe kandidat p\u00ebr kryesi, pasi e hetoi, taborrizimin brenda partiak t\u00eb theksuar, dhe bunkerizimin e elektor\u00ebve, u k\u00ebnaq me nj\u00eb p\u00ebrsh\u00ebndetje, sarkastike, q\u00eb u b\u00ebri krijuesve tjer\u00eb, duke u shprehur se edhe k\u00ebsaj radhe, t\u00eb themi\u00a0 \u201cGUD BAI KRIJUES,\u201d sepse u pa,puna, q\u00eb p\u00ebr ta nuk do t\u00eb \u00a0kishte \u00a0vende n\u00eb bunker\u00ebt partiak\u00eb.<\/p>\n<p>Mjerisht, emrat e k\u00ebtyre tan\u00ebve,p\u00ebr opinion\u00a0 &#8211; p\u00ebr nga ,asociacionet q\u00eb t\u00eb krijon n\u00eb vesh ,d\u00ebgjimi i tyre, duke na t\u00ebrhequr v\u00ebrejtjen, p\u00ebr mua \u00a0ishte n\u00eb e nivelin e\u00a0 atij \u00a0t\u00eb Kryetari t\u00eb K\u00ebshillit Nacional t\u00eb Rom\u00ebve ,Z.Sait Gashit&#8230;?!!<\/p>\n<p><b><i>\u00c7far\u00eb n\u00ebnkuptojm\u00eb me fjal\u00ebn k\u00ebshill<\/i><\/b><\/p>\n<p>Duke mos dashur, t\u2019i ikim kuptimit t\u00eb fjal\u00ebs k\u00ebshill-i, p\u00ebr t\u00eb evituar mos besnik\u00ebrin\u00eb e kuptimit sipas fjalorit t\u00eb gjuh\u00ebs shqipe nga ai shk\u00ebput\u00ebm k\u00ebto kuptime, k\u00ebshill -i: 1 . \u201cOrgan i pushtetit shtet\u00ebror q\u00eb zgjidhet nga populli dhe qeveris\u00eb vendin&#8230;2.\u201dEm\u00ebrtim i disa organeve t\u00eb larta t\u00eb pushtetit shtet\u00ebror, q\u00eb kan\u00eb fuqi -urdh\u00ebrdh\u00ebn\u00ebs&#8230; , deri k\u00ebtu, \u00e7do gj\u00eb \u00a0na duket \u00a0e qart\u00eb, kurse, fjala , k\u00ebshill\u00eb, sipas fjalorit, ka kuptimin, porosi q\u00eb i jepet dikujt, p\u00ebr ta ndihmuar ose p\u00ebr ta m\u00ebsuar si duhet t\u00eb veproj e t\u00eb sillet&#8230;Gjithashtu, fjala , k\u00ebshillim-i, n\u00ebnkupton, rrahjen\u00a0 e p\u00ebrbashk\u00ebt\u00a0 t\u00eb \u00a0mendimeve, p\u00ebr t\u00eb zgjedhur mir\u00eb nj\u00eb \u00e7\u00ebshtje \u2013 e \u00a0jo keq&#8230;?! K\u00ebshillimor, q\u00eb ka t\u00eb drejt\u00eb t\u00eb jap\u00eb k\u00ebshilla, t\u00eb b\u00ebj\u00eb v\u00ebrejtje, p\u00ebr nj\u00eb pun\u00eb a \u00e7\u00ebshtje q\u00eb diskutohet&#8230;\u201dNga kjo e fundit , shihet q\u00eb ai , i cili ka t\u00eb drejt\u00eb t\u00eb jap\u00eb k\u00ebshilla, \u00a0\u00ebsht\u00eb parakusht q\u00eb t\u2019i posedoj\u00eb vet\u00eb \u00a0k\u00ebshillat&#8230;.Nga struktura e p\u00ebrgatitjes profesionale t\u00eb militant\u00ebve partiak\u00eb, n\u00eb kuvend, \u00a0rezultoi se buka\u00a0 na doli ashtu si\u00e7 ishte brumi&#8230;?!!! \u00a0Mir\u00ebpo pa marr\u00eb parasysh k\u00ebt\u00eb, n\u00eb t\u00eb ardhmen, k\u00ebshilli komb\u00ebtar, i porsa zgjedhur, do t\u00eb duhet t\u00eb punoj\u00eb, tej mase, p\u00ebr t\u00eb arsyetuar fitoren e vet dhe humbjen\u00a0 \u201c me Vot\u00ebn\u00a0 e fsheht\u00eb dhe t\u00eb lir\u00eb\u201d, t\u00eb atyre q\u00eb njihen si krijues dhe ishin elektor\u00eb \u00a0t\u00eb kandiduar. Shihet se n\u00eb struktur\u00ebn e p\u00ebrgatitjes s\u00eb vet\u00eb profesionale \u00a0k\u00ebshilli komb\u00ebtar aktual, l\u00eb shum\u00eb p\u00ebr t\u00eb d\u00ebshiruar\u00ebn krahasim me t\u00eb vjetrin&#8230;?!!!<\/p>\n<p><b><i>Njer\u00ebzi inteligjent\u00eb \u00a0dhe intelektual\u00ebt u ftoh\u00ebn me k\u00ebshillin komb\u00ebtar?!<\/i><\/b><\/p>\n<p>Gj\u00ebja e par\u00eb q\u00eb u hetua nga puna e kuvendit, ishte mungesa e pjes\u00ebmarrjes s\u00eb nj\u00eb numri\u00a0 t\u00eb konsideruar t\u00eb elektor\u00ebve t\u00eb m\u00ebhersh\u00ebm ose mos kandidimi \u00a0i tyre p\u00ebr \u00a0an\u00ebtar\u00eb\u00a0 t\u00eb kryesi s\u00eb s\u00eb re. Ndoshta\u00a0 kjo b\u00ebhej, si rezultat i zhg\u00ebnjimit \u00a0me k\u00ebshillin paraprak. Thuhet se\u00a0 njer\u00ebzit inteligjent, nuk pranojn\u00eb t\u00eb ndjekin deri n\u00eb fund \u00a0vij\u00ebn e partis\u00eb. Ata nuk i lejojn\u00eb oscilimet e ve t\u00eb jen\u00eb t\u00eb d\u00ebgjuesh\u00ebm, dhe nuk shtyhen , aq fort , \u201cme brryla p\u00ebr n\u00eb krye t\u00eb vendit\u201d,fal\u00eb p\u00ebrgjegj\u00ebsis\u00eb(p\u00ebrgjegj\u00ebs), q\u00eb\u00a0 din\u00eb ta japin, ose\u00a0 skuqen\u00a0 kur at\u00eb \u00a0nuk e kan\u00eb. N\u00eb t\u00eb kund\u00ebrt\u00ebn, injorant\u00ebt , edhe kur nuk kan\u00eb p\u00ebrgjigje, p\u00ebr veprimin q\u00eb kryejn\u00eb , fare nuk skuqen?! P\u00ebr k\u00ebt\u00eb edhe dallojn\u00eb nga t\u00eb par\u00ebt dhe\u00a0 ne , \u00a0i quajm\u00eb t\u00eb pap\u00ebrgjegjsh\u00ebm.<\/p>\n<p>.<\/p>\n<p><b><i>\u00a0Kok\u00ebn e ulur nuk e pret as shpata ?!!<\/i><\/b><\/p>\n<p>P\u00ebr tu ikur thashethemeve dhe klaneve\u00a0 t\u00eb mundshme, q\u00eb jan\u00eb t\u00eb paevitueshm\u00eb, por q\u00eb rrezikojn\u00eb, kur b\u00ebhen, do t\u00eb kish qen\u00eb e moralshm\u00eb, q\u00eb p\u00ebr kryetar t\u00eb k\u00ebshillit komb\u00ebtar, t\u00eb \u00a0b\u00ebhet, nj\u00ebri nga dy t\u00eb par\u00ebt kandidat\u00eb, \u00a0q\u00eb kryesuan list\u00ebn, e t\u00eb cil\u00ebt \u00a0g\u00ebzun \u00a0p\u00ebrkrahjen edhe t\u00eb grupimeve tjera politike. Duket se\u00a0 t\u00eb par\u00ebt q\u00eb kryesuan, jan\u00eb persona m\u00eb real\u00eb, m\u00eb social\u00eb dhe si t\u00eb rinj\u00eb , t\u00eb pakt\u00ebn, kan\u00eb pasur sukses, q\u00eb nga breda bunker\u00ebve\u00a0 partiak\u00eb, t\u00eb ngrit\u00ebn, mbi suprimimet , territoriale , konfesionale etj.Ose sipas kriterit, p\u00ebr krijues, do t\u00eb b\u00ebnte Vaide Hasanaga-Nimanbegu.<\/p>\n<p>Mbase , me k\u00ebt\u00eb , veprim, \u00a0do t\u00eb zbuteshin , edhe humb\u00ebsit- \u201eFrajerat e An\u00ebs s\u00eb malit\u201c, si\u00e7 po i quajn\u00eb disa, q\u00eb \u00a0p\u00ebsuan fiasko kolektive edhe pse n\u00eb kuvend ,u pa t\u00eb qarkullonin, lisatat me emrat e tyre. Do t\u00eb kish qen\u00eb m\u00eb mir\u00eb p\u00ebr ta,- t\u00eb fundit ,t\u2019i ulin\u201c kuburet\u201c, sa m\u00eb par\u00eb, me kund\u00ebrshtar\u00ebt e vet\u00eb politik\u00eb, duke m\u00ebsuar nga Forca, e cila , nj\u00eb veprim t\u00eb till\u00eb, e b\u00ebri n\u00eb prag t\u00eb zgjedhjes , p\u00ebr k\u00ebshill\u00eb, duke i ftuar dhe duke mos i kund\u00ebrshtuar an\u00ebtar\u00ebt e vet t\u00eb revoltuar-Kok\u00ebn e ulur,thon\u00eb, nuk e pret as shpata?!! Ose sipas kriterit, q\u00ebvlen\u00eb p\u00ebr krijues, do t\u00eb b\u00ebnte q\u00eb p\u00ebr kryetare t\u00eb\u00a0 zgjidhej, Vaide Hasanaga-Nimanbegu.<\/p>\n<p><b><i>Me \u00e7ka duhet t\u00eb vij\u00eb n\u00eb shprehje K\u00ebshilli Komb\u00ebtar Shqiptar n\u00eb Mal t\u00eb Zi<\/i><\/b><\/p>\n<p>Fillimisht, kryesia e re, duhet t\u00eb b\u00ebj\u00eb seleksionimin e prioriteteve, n\u00eb se \u00a0i ka pa sur, k\u00ebshilli i m\u00ebparsh\u00ebm, p\u00ebr t\u00eb ruajtur kontiunitetin, dhe t\u00eb reduktojn\u00eb , maksimalisht shpenzimin e mjeteve p\u00ebr\u00a0 ahengje e kjo n\u00ebnkupton edhe mos financim t\u00eb atyre projekteve q\u00eb kan\u00eb t\u00eb b\u00ebjn\u00eb \u00a0ta z\u00ebm\u00eb ,me dasma. Q\u00eb mos ta b\u00ebjm\u00eb\u201d krejt dirs\u00ebm\u201d. T\u00eb shikohet, mund\u00ebsia, q\u00eb mbi baz\u00ebn e d\u00ebshmive t\u00eb\u00a0 seminarit, p\u00ebr Tragjedin\u00eb e Tivarit, me nj\u00ebher\u00eb t\u00eb ngrit\u00ebt \u00e7\u00ebshtja n\u00eb Prokuror p\u00ebr t\u00eb ndjekur kriminel\u00ebt. T\u00eb shikohet ku ngec puna n\u00eb kryeministri \u00a0t\u00eb Malit t\u00eb Zi, dhe pse nuk lejohet, m\u00ebsimi nga abetarja e unifikuar p\u00ebr\u00a0 gjith\u00eb shqipta\u00ebt; pun\u00eb \u00a0kjo, q\u00eb \u00a0u lejohet edhe shqiptar\u00ebve t\u00eb Lugin\u00ebs s\u00eb Preshev\u00ebs, n\u00ebn Serbi.<\/p>\n<p>Nga\u00a0 pun\u00ebt e pa nisura, \u00a0q\u00eb e presin k\u00ebshillin, fillimisht \u00a0duam t\u00eb ve\u00e7ojm\u00eb disa, si: T\u00eb organizohen, tryeza t\u00eb rrumbullak\u00ebta, p\u00ebr t\u00eb gjitha fushat, q\u00eb lidh\u00ebn me jet\u00ebn e shqiptar\u00ebve n\u00eb Mal t\u00eb Zi. T\u00eb formohet si dikaster i ve\u00e7ant\u00eb institucional Qendra p\u00ebr Hulumtimet e Kultur\u00ebs s\u00eb Shqiptar\u00ebve n\u00eb Mal t\u00eb Zi; procesin do t\u00eb duhej \u00a0ta\u00a0 shoq\u00ebronte\u00a0 mendimi akademik i dy kryeqendrave shqiptare dhe ai i Akademis\u00eb s\u00eb Dukl\u00ebs. Urgjentisht dhe pa shtyrje t\u00eb punohet\u00a0 n\u00eb unifikimin e q\u00ebndrimeve partiake brenda shqiptare rreth statusit final t\u00eb Komun\u00ebs s\u00eb Tuzit. Nj\u00ebkoh\u00ebsisht dhe urgjentisht \u00a0duhet t\u00eb \u00a0nisin k\u00ebshillimet\u00a0 p\u00ebr formimin e grupeve\u00a0 t\u00eb\u00a0\u00a0 p\u00ebrziera\u00a0 nga\u00a0 ekspert\u00eb\u00a0 t\u00eb\u00a0 komun\u00ebs s\u00eb Ulqinit dhe Tuzit rreth p\u00ebrcaktimit t\u00eb pun\u00ebve t\u00eb p\u00ebrbashk\u00ebta, t\u00eb cilat i mund\u00ebsojn\u00eb \u00a0ligjet aktuale n\u00eb Mal t\u00eb Zi, duke filluar nga informimi(televizioni) e pse jo, deri t\u00eb formimi i nj\u00eb banke me kapital shqiptaro \u2013amerikan e cila do t\u00eb mbronte ish kapitalin e nd\u00ebrmarrjeve shtet\u00ebrore t\u00eb cilat u privatizuan, por q\u00eb pasuria e tyre \u00ebsht\u00eb v\u00ebn\u00eb n\u00ebn kontroll t\u00eb bankave si hipotek\u00eb- rasti i Kripores s\u00eb Ulqinit e tj.\u00a0 T\u00eb k\u00ebshillohet komuna, dhe t\u00eb ndihmohet , p\u00ebr fatin e l\u00ebnd\u00ebve gjyq\u00ebsore si ai i K-1(Kosov\u00ebs Nj\u00eb), e cila r\u00ebndon 10 milion\u00eb euro&#8230;.Me autoritetin e vet\u00a0 t\u00eb ndikoj\u00eb n\u00eb nivel t\u00eb dy Kryeministrave Tha\u00e7i e Gjukanoviq duke nisur procesin e reciprocitetit. Mendohet n\u00eb pron\u00ebn e Malit t\u00eb Zi \u00a0t\u00eb mbetur n\u00eb Kosov\u00eb dhe e kund\u00ebrta , pas shp\u00ebrb\u00ebrjes s\u00eb ish- Jugosllavis\u00eb. K\u00ebto pun\u00eb t\u00eb p\u00ebrmendura, bashk\u00eb me t\u00eb tjerat, t\u00eb \u00a0vihen para kuvendit t\u00eb elektor\u00ebve \u00a0p\u00ebr t\u00eb marr\u00eb\u00a0 miratimin.<\/p>\n<p>E gjith\u00eb kjo\u00a0 t\u00eb bazohet n\u00eb Kushtetut\u00ebn e Malit t\u00eb Zi , \u00a0n\u00eb t\u00eb cil\u00ebn garantohet, se:\u00a0 P\u00cbR QYTETAR\u00cbT E MALIT T\u00cb ZI VLEJN\u00cb LIGJET E VENDIT DHE ATA ND\u00cbRKOMB\u00cbTARE. KURSE ATA ND\u00cbRKOM\u00cbTARE KAN\u00cb P\u00cbRPAR\u00cbSI\u00a0 NDAJ ATYRE T\u00cb VENDIT. V\u00ebrtet\u00eb , \u00a0po\u00a0 duket, se p\u00ebr ne,shqiptar\u00ebt, ka filluar -STINA E SPROV\u00cbS\u00a0\u00a0 S\u00cb MADHE&#8230;.?!!!<\/p>\n","protected":false},"excerpt":{"rendered":"<p>SHKRUAN : MUHAMET NIKA NJ\u00cb V\u00cbSHTRIM P\u00cbR ZGHEDHJEN E K\u00cbSHILLIT \u00a0NACIONAL -NGA K\u00cbNDI IM Thuhet se aty nga fundi i bot\u00ebs Si elektor i Kuvendit\u00a0 t\u00eb K\u00ebshillit Komb\u00ebtar t\u00eb Shqiptar\u00ebve n\u00eb Mal t\u00eb Zi,p\u00ebr t\u00eb sqaruar, \u00e7\u00ebshtjen rreth zgjedhjes s\u00eb k\u00ebshillit dua t\u00eb shtoj: Thuhet se\u00a0 aty nga fundi i bot\u00ebs, para \u00e7\u2019thurjes totale\u00a0 t\u00eb [&hellip;]<\/p>\n","protected":false},"author":1,"featured_media":0,"comment_status":"closed","ping_status":"closed","sticky":false,"template":"","format":"standard","meta":{"spay_email":"","jetpack_publicize_message":"","jetpack_is_tweetstorm":false,"jetpack_publicize_feature_enabled":true},"categories":[1,14249],"tags":[],"jetpack_publicize_connections":[],"yoast_head":"<!-- This site is optimized with the Yoast SEO plugin v19.1 - https:\/\/yoast.com\/wordpress\/plugins\/seo\/ -->\n<title>NIKA: NJ\u00cb V\u00cbSHTRIM P\u00cbR ZGHEDHJEN E K\u00cbSHILLIT NACIONAL - Lajme nga Ulqini<\/title>\n<meta name=\"description\" content=\"SHKRUAN : MUHAMET NIKA NJ\u00cb V\u00cbSHTRIM P\u00cbR ZGHEDHJEN E K\u00cbSHILLIT \u00a0NACIONAL -NGA K\u00cbNDI IM Thuhet se aty nga fundi i bot\u00ebs Si elektor i Kuvendit\u00a0 t\u00eb K\u00ebshillit\" \/>\n<meta name=\"robots\" content=\"index, follow, max-snippet:-1, max-image-preview:large, max-video-preview:-1\" \/>\n<link rel=\"canonical\" href=\"https:\/\/www.visit-ulcinj.com\/blog\/2013\/10\/02\/nika-nje-veshtrim-per-zghedhjen-e-keshillit-nacional\/\" \/>\n<meta property=\"og:locale\" content=\"en_US\" \/>\n<meta property=\"og:type\" content=\"article\" \/>\n<meta property=\"og:title\" content=\"NIKA: NJ\u00cb V\u00cbSHTRIM P\u00cbR ZGHEDHJEN E K\u00cbSHILLIT NACIONAL - Lajme nga Ulqini\" \/>\n<meta property=\"og:description\" content=\"SHKRUAN : MUHAMET NIKA NJ\u00cb V\u00cbSHTRIM P\u00cbR ZGHEDHJEN E K\u00cbSHILLIT \u00a0NACIONAL -NGA K\u00cbNDI IM Thuhet se aty nga fundi i bot\u00ebs Si elektor i Kuvendit\u00a0 t\u00eb K\u00ebshillit\" \/>\n<meta property=\"og:url\" content=\"https:\/\/www.visit-ulcinj.com\/blog\/2013\/10\/02\/nika-nje-veshtrim-per-zghedhjen-e-keshillit-nacional\/\" \/>\n<meta property=\"og:site_name\" content=\"Lajme nga Ulqini\" \/>\n<meta property=\"article:published_time\" content=\"2013-10-02T08:01:08+00:00\" \/>\n<meta property=\"article:modified_time\" content=\"2013-10-04T08:36:59+00:00\" \/>\n<meta property=\"og:image\" content=\"http:\/\/www.visit-ulcinj.com\/blog\/wp-content\/uploads\/2009\/01\/muhamet-nika.jpg\" \/>\n<meta name=\"twitter:label1\" content=\"Written by\" \/>\n\t<meta name=\"twitter:data1\" content=\"ulqini\" \/>\n\t<meta name=\"twitter:label2\" content=\"Est. reading time\" \/>\n\t<meta name=\"twitter:data2\" content=\"9 minutes\" \/>\n<script type=\"application\/ld+json\" class=\"yoast-schema-graph\">{\"@context\":\"https:\/\/schema.org\",\"@graph\":[{\"@type\":\"WebSite\",\"@id\":\"https:\/\/www.visit-ulcinj.com\/blog\/#website\",\"url\":\"https:\/\/www.visit-ulcinj.com\/blog\/\",\"name\":\"Lajme nga Ulqini\",\"description\":\"Lajme,Vijesti,Ulqini,Ulqin,Crna Gora,Mali i Zi\",\"potentialAction\":[{\"@type\":\"SearchAction\",\"target\":{\"@type\":\"EntryPoint\",\"urlTemplate\":\"https:\/\/www.visit-ulcinj.com\/blog\/?s={search_term_string}\"},\"query-input\":\"required name=search_term_string\"}],\"inLanguage\":\"en-US\"},{\"@type\":\"ImageObject\",\"inLanguage\":\"en-US\",\"@id\":\"https:\/\/www.visit-ulcinj.com\/blog\/2013\/10\/02\/nika-nje-veshtrim-per-zghedhjen-e-keshillit-nacional\/#primaryimage\",\"url\":\"https:\/\/www.visit-ulcinj.com\/blog\/wp-content\/uploads\/2009\/01\/muhamet-nika.jpg\",\"contentUrl\":\"https:\/\/www.visit-ulcinj.com\/blog\/wp-content\/uploads\/2009\/01\/muhamet-nika.jpg\",\"width\":\"384\",\"height\":\"326\"},{\"@type\":\"WebPage\",\"@id\":\"https:\/\/www.visit-ulcinj.com\/blog\/2013\/10\/02\/nika-nje-veshtrim-per-zghedhjen-e-keshillit-nacional\/#webpage\",\"url\":\"https:\/\/www.visit-ulcinj.com\/blog\/2013\/10\/02\/nika-nje-veshtrim-per-zghedhjen-e-keshillit-nacional\/\",\"name\":\"NIKA: NJ\u00cb V\u00cbSHTRIM P\u00cbR ZGHEDHJEN E K\u00cbSHILLIT NACIONAL - Lajme nga Ulqini\",\"isPartOf\":{\"@id\":\"https:\/\/www.visit-ulcinj.com\/blog\/#website\"},\"primaryImageOfPage\":{\"@id\":\"https:\/\/www.visit-ulcinj.com\/blog\/2013\/10\/02\/nika-nje-veshtrim-per-zghedhjen-e-keshillit-nacional\/#primaryimage\"},\"datePublished\":\"2013-10-02T08:01:08+00:00\",\"dateModified\":\"2013-10-04T08:36:59+00:00\",\"author\":{\"@id\":\"https:\/\/www.visit-ulcinj.com\/blog\/#\/schema\/person\/dcab619c614d3038751c63bc2aadc06d\"},\"description\":\"SHKRUAN : MUHAMET NIKA NJ\u00cb V\u00cbSHTRIM P\u00cbR ZGHEDHJEN E K\u00cbSHILLIT \u00a0NACIONAL -NGA K\u00cbNDI IM Thuhet se aty nga fundi i bot\u00ebs Si elektor i Kuvendit\u00a0 t\u00eb K\u00ebshillit\",\"breadcrumb\":{\"@id\":\"https:\/\/www.visit-ulcinj.com\/blog\/2013\/10\/02\/nika-nje-veshtrim-per-zghedhjen-e-keshillit-nacional\/#breadcrumb\"},\"inLanguage\":\"en-US\",\"potentialAction\":[{\"@type\":\"ReadAction\",\"target\":[\"https:\/\/www.visit-ulcinj.com\/blog\/2013\/10\/02\/nika-nje-veshtrim-per-zghedhjen-e-keshillit-nacional\/\"]}]},{\"@type\":\"BreadcrumbList\",\"@id\":\"https:\/\/www.visit-ulcinj.com\/blog\/2013\/10\/02\/nika-nje-veshtrim-per-zghedhjen-e-keshillit-nacional\/#breadcrumb\",\"itemListElement\":[{\"@type\":\"ListItem\",\"position\":1,\"name\":\"NIKA: NJ\u00cb V\u00cbSHTRIM P\u00cbR ZGHEDHJEN E K\u00cbSHILLIT NACIONAL\"}]},{\"@type\":\"Person\",\"@id\":\"https:\/\/www.visit-ulcinj.com\/blog\/#\/schema\/person\/dcab619c614d3038751c63bc2aadc06d\",\"name\":\"ulqini\",\"sameAs\":[\"http:\/\/www.visit-ulcinj.com\"],\"url\":\"https:\/\/www.visit-ulcinj.com\/blog\/author\/admin\/\"}]}<\/script>\n<!-- \/ Yoast SEO plugin. -->","yoast_head_json":{"title":"NIKA: NJ\u00cb V\u00cbSHTRIM P\u00cbR ZGHEDHJEN E K\u00cbSHILLIT NACIONAL - Lajme nga Ulqini","description":"SHKRUAN : MUHAMET NIKA NJ\u00cb V\u00cbSHTRIM P\u00cbR ZGHEDHJEN E K\u00cbSHILLIT \u00a0NACIONAL -NGA K\u00cbNDI IM Thuhet se aty nga fundi i bot\u00ebs Si elektor i Kuvendit\u00a0 t\u00eb K\u00ebshillit","robots":{"index":"index","follow":"follow","max-snippet":"max-snippet:-1","max-image-preview":"max-image-preview:large","max-video-preview":"max-video-preview:-1"},"canonical":"https:\/\/www.visit-ulcinj.com\/blog\/2013\/10\/02\/nika-nje-veshtrim-per-zghedhjen-e-keshillit-nacional\/","og_locale":"en_US","og_type":"article","og_title":"NIKA: NJ\u00cb V\u00cbSHTRIM P\u00cbR ZGHEDHJEN E K\u00cbSHILLIT NACIONAL - Lajme nga Ulqini","og_description":"SHKRUAN : MUHAMET NIKA NJ\u00cb V\u00cbSHTRIM P\u00cbR ZGHEDHJEN E K\u00cbSHILLIT \u00a0NACIONAL -NGA K\u00cbNDI IM Thuhet se aty nga fundi i bot\u00ebs Si elektor i Kuvendit\u00a0 t\u00eb K\u00ebshillit","og_url":"https:\/\/www.visit-ulcinj.com\/blog\/2013\/10\/02\/nika-nje-veshtrim-per-zghedhjen-e-keshillit-nacional\/","og_site_name":"Lajme nga Ulqini","article_published_time":"2013-10-02T08:01:08+00:00","article_modified_time":"2013-10-04T08:36:59+00:00","og_image":[{"url":"http:\/\/www.visit-ulcinj.com\/blog\/wp-content\/uploads\/2009\/01\/muhamet-nika.jpg"}],"twitter_misc":{"Written by":"ulqini","Est. reading time":"9 minutes"},"schema":{"@context":"https:\/\/schema.org","@graph":[{"@type":"WebSite","@id":"https:\/\/www.visit-ulcinj.com\/blog\/#website","url":"https:\/\/www.visit-ulcinj.com\/blog\/","name":"Lajme nga Ulqini","description":"Lajme,Vijesti,Ulqini,Ulqin,Crna Gora,Mali i Zi","potentialAction":[{"@type":"SearchAction","target":{"@type":"EntryPoint","urlTemplate":"https:\/\/www.visit-ulcinj.com\/blog\/?s={search_term_string}"},"query-input":"required name=search_term_string"}],"inLanguage":"en-US"},{"@type":"ImageObject","inLanguage":"en-US","@id":"https:\/\/www.visit-ulcinj.com\/blog\/2013\/10\/02\/nika-nje-veshtrim-per-zghedhjen-e-keshillit-nacional\/#primaryimage","url":"https:\/\/www.visit-ulcinj.com\/blog\/wp-content\/uploads\/2009\/01\/muhamet-nika.jpg","contentUrl":"https:\/\/www.visit-ulcinj.com\/blog\/wp-content\/uploads\/2009\/01\/muhamet-nika.jpg","width":"384","height":"326"},{"@type":"WebPage","@id":"https:\/\/www.visit-ulcinj.com\/blog\/2013\/10\/02\/nika-nje-veshtrim-per-zghedhjen-e-keshillit-nacional\/#webpage","url":"https:\/\/www.visit-ulcinj.com\/blog\/2013\/10\/02\/nika-nje-veshtrim-per-zghedhjen-e-keshillit-nacional\/","name":"NIKA: NJ\u00cb V\u00cbSHTRIM P\u00cbR ZGHEDHJEN E K\u00cbSHILLIT NACIONAL - Lajme nga Ulqini","isPartOf":{"@id":"https:\/\/www.visit-ulcinj.com\/blog\/#website"},"primaryImageOfPage":{"@id":"https:\/\/www.visit-ulcinj.com\/blog\/2013\/10\/02\/nika-nje-veshtrim-per-zghedhjen-e-keshillit-nacional\/#primaryimage"},"datePublished":"2013-10-02T08:01:08+00:00","dateModified":"2013-10-04T08:36:59+00:00","author":{"@id":"https:\/\/www.visit-ulcinj.com\/blog\/#\/schema\/person\/dcab619c614d3038751c63bc2aadc06d"},"description":"SHKRUAN : MUHAMET NIKA NJ\u00cb V\u00cbSHTRIM P\u00cbR ZGHEDHJEN E K\u00cbSHILLIT \u00a0NACIONAL -NGA K\u00cbNDI IM Thuhet se aty nga fundi i bot\u00ebs Si elektor i Kuvendit\u00a0 t\u00eb K\u00ebshillit","breadcrumb":{"@id":"https:\/\/www.visit-ulcinj.com\/blog\/2013\/10\/02\/nika-nje-veshtrim-per-zghedhjen-e-keshillit-nacional\/#breadcrumb"},"inLanguage":"en-US","potentialAction":[{"@type":"ReadAction","target":["https:\/\/www.visit-ulcinj.com\/blog\/2013\/10\/02\/nika-nje-veshtrim-per-zghedhjen-e-keshillit-nacional\/"]}]},{"@type":"BreadcrumbList","@id":"https:\/\/www.visit-ulcinj.com\/blog\/2013\/10\/02\/nika-nje-veshtrim-per-zghedhjen-e-keshillit-nacional\/#breadcrumb","itemListElement":[{"@type":"ListItem","position":1,"name":"NIKA: NJ\u00cb V\u00cbSHTRIM P\u00cbR ZGHEDHJEN E K\u00cbSHILLIT NACIONAL"}]},{"@type":"Person","@id":"https:\/\/www.visit-ulcinj.com\/blog\/#\/schema\/person\/dcab619c614d3038751c63bc2aadc06d","name":"ulqini","sameAs":["http:\/\/www.visit-ulcinj.com"],"url":"https:\/\/www.visit-ulcinj.com\/blog\/author\/admin\/"}]}},"jetpack_featured_media_url":"","jetpack_sharing_enabled":true,"jetpack_shortlink":"https:\/\/wp.me\/pe6lTn-juo","_links":{"self":[{"href":"https:\/\/www.visit-ulcinj.com\/blog\/wp-json\/wp\/v2\/posts\/74920"}],"collection":[{"href":"https:\/\/www.visit-ulcinj.com\/blog\/wp-json\/wp\/v2\/posts"}],"about":[{"href":"https:\/\/www.visit-ulcinj.com\/blog\/wp-json\/wp\/v2\/types\/post"}],"author":[{"embeddable":true,"href":"https:\/\/www.visit-ulcinj.com\/blog\/wp-json\/wp\/v2\/users\/1"}],"replies":[{"embeddable":true,"href":"https:\/\/www.visit-ulcinj.com\/blog\/wp-json\/wp\/v2\/comments?post=74920"}],"version-history":[{"count":3,"href":"https:\/\/www.visit-ulcinj.com\/blog\/wp-json\/wp\/v2\/posts\/74920\/revisions"}],"predecessor-version":[{"id":74942,"href":"https:\/\/www.visit-ulcinj.com\/blog\/wp-json\/wp\/v2\/posts\/74920\/revisions\/74942"}],"wp:attachment":[{"href":"https:\/\/www.visit-ulcinj.com\/blog\/wp-json\/wp\/v2\/media?parent=74920"}],"wp:term":[{"taxonomy":"category","embeddable":true,"href":"https:\/\/www.visit-ulcinj.com\/blog\/wp-json\/wp\/v2\/categories?post=74920"},{"taxonomy":"post_tag","embeddable":true,"href":"https:\/\/www.visit-ulcinj.com\/blog\/wp-json\/wp\/v2\/tags?post=74920"}],"curies":[{"name":"wp","href":"https:\/\/api.w.org\/{rel}","templated":true}]}}