{"id":74954,"date":"2013-10-04T11:29:42","date_gmt":"2013-10-04T10:29:42","guid":{"rendered":"http:\/\/www.visit-ulcinj.com\/blog\/?p=74954"},"modified":"2013-10-04T11:29:42","modified_gmt":"2013-10-04T10:29:42","slug":"fillohet-me-punimin-e-planit-detal-urbanistik-per-lokacionet-pinjeshi-3-gjerana-1-dhe-2-limani-2-kodrat-1-mehalla-e-re-mali-i-bardhe-dhe-pinjeshi-pishnajat","status":"publish","type":"post","link":"https:\/\/www.visit-ulcinj.com\/blog\/2013\/10\/04\/fillohet-me-punimin-e-planit-detal-urbanistik-per-lokacionet-pinjeshi-3-gjerana-1-dhe-2-limani-2-kodrat-1-mehalla-e-re-mali-i-bardhe-dhe-pinjeshi-pishnajat\/","title":{"rendered":"Fillohet me punimin e Planit detal urbanistik p\u00ebr lokacionet: Pinjeshi 3, Gjerana 1 dhe 2, Limani 2, Kodrat 1, M\u00ebhalla e re, Mali i bardh\u00eb dhe Pinjeshi Pishnajat"},"content":{"rendered":"<p><a href=\"http:\/\/www.visit-ulcinj.com\/blog\/wp-content\/uploads\/2013\/10\/Pocetak-izrade-DUPa-za-lokacija-Ulcinj.jpg\"><img loading=\"lazy\" class=\"alignleft  wp-image-74952\" alt=\"Pocetak izrade DUPa za lokacija Ulcinj\" src=\"http:\/\/www.visit-ulcinj.com\/blog\/wp-content\/uploads\/2013\/10\/Pocetak-izrade-DUPa-za-lokacija-Ulcinj.jpg\" width=\"508\" height=\"360\" \/><\/a>Sot kryetari i Komun\u00ebs s\u00eb Ulqinit Nazif Cungu ka n\u00ebnshkruar kontrat\u00ebn me firm\u00ebn Geomax group sh.p.k. Podgoric\u00eb dhe Geopromet sh.p.k. Podgoric\u00eb p\u00ebr incizimin gjeodezik t\u00eb terrenit me q\u00ebllim q\u00eb t\u00eb fillohet me punimin e Planit detal urbanistik p\u00ebr lokacionet: Pinjeshi 3, Gjerana 1 dhe 2, Limani 2, Kodrat 1, M\u00ebhalla e re, Mali i bardh\u00eb dhe Pinjeshi Pishnajat.<\/p>\n<p><strong>Komuna Ulqinit<\/strong><\/p>\n","protected":false},"excerpt":{"rendered":"<p>Sot kryetari i Komun\u00ebs s\u00eb Ulqinit Nazif Cungu ka n\u00ebnshkruar kontrat\u00ebn me firm\u00ebn Geomax group sh.p.k. Podgoric\u00eb dhe Geopromet sh.p.k. Podgoric\u00eb p\u00ebr incizimin gjeodezik t\u00eb terrenit me q\u00ebllim q\u00eb t\u00eb fillohet me punimin e Planit detal urbanistik p\u00ebr lokacionet: Pinjeshi 3, Gjerana 1 dhe 2, Limani 2, Kodrat 1, M\u00ebhalla e re, Mali i bardh\u00eb [&hellip;]<\/p>\n","protected":false},"author":1,"featured_media":0,"comment_status":"closed","ping_status":"closed","sticky":false,"template":"","format":"standard","meta":{"spay_email":"","jetpack_publicize_message":"","jetpack_is_tweetstorm":false,"jetpack_publicize_feature_enabled":true},"categories":[11],"tags":[],"jetpack_publicize_connections":[],"yoast_head":"<!-- This site is optimized with the Yoast SEO plugin v19.1 - https:\/\/yoast.com\/wordpress\/plugins\/seo\/ -->\n<title>Fillohet me punimin e Planit detal urbanistik p\u00ebr lokacionet: Pinjeshi 3, Gjerana 1 dhe 2, Limani 2, Kodrat 1, M\u00ebhalla e re, Mali i bardh\u00eb dhe Pinjeshi Pishnajat - Lajme nga Ulqini<\/title>\n<meta name=\"description\" content=\"Sot kryetari i Komun\u00ebs s\u00eb Ulqinit Nazif Cungu ka n\u00ebnshkruar kontrat\u00ebn me firm\u00ebn Geomax group sh.p.k. Podgoric\u00eb dhe Geopromet sh.p.k. Podgoric\u00eb p\u00ebr\" \/>\n<meta name=\"robots\" content=\"index, follow, max-snippet:-1, max-image-preview:large, max-video-preview:-1\" \/>\n<link rel=\"canonical\" href=\"https:\/\/www.visit-ulcinj.com\/blog\/2013\/10\/04\/fillohet-me-punimin-e-planit-detal-urbanistik-per-lokacionet-pinjeshi-3-gjerana-1-dhe-2-limani-2-kodrat-1-mehalla-e-re-mali-i-bardhe-dhe-pinjeshi-pishnajat\/\" \/>\n<meta property=\"og:locale\" content=\"en_US\" \/>\n<meta property=\"og:type\" content=\"article\" \/>\n<meta property=\"og:title\" content=\"Fillohet me punimin e Planit detal urbanistik p\u00ebr lokacionet: Pinjeshi 3, Gjerana 1 dhe 2, Limani 2, Kodrat 1, M\u00ebhalla e re, Mali i bardh\u00eb dhe Pinjeshi Pishnajat - Lajme nga Ulqini\" \/>\n<meta property=\"og:description\" content=\"Sot kryetari i Komun\u00ebs s\u00eb Ulqinit Nazif Cungu ka n\u00ebnshkruar kontrat\u00ebn me firm\u00ebn Geomax group sh.p.k. Podgoric\u00eb dhe Geopromet sh.p.k. Podgoric\u00eb p\u00ebr\" \/>\n<meta property=\"og:url\" content=\"https:\/\/www.visit-ulcinj.com\/blog\/2013\/10\/04\/fillohet-me-punimin-e-planit-detal-urbanistik-per-lokacionet-pinjeshi-3-gjerana-1-dhe-2-limani-2-kodrat-1-mehalla-e-re-mali-i-bardhe-dhe-pinjeshi-pishnajat\/\" \/>\n<meta property=\"og:site_name\" content=\"Lajme nga Ulqini\" \/>\n<meta property=\"article:published_time\" content=\"2013-10-04T10:29:42+00:00\" \/>\n<meta property=\"og:image\" content=\"http:\/\/www.visit-ulcinj.com\/blog\/wp-content\/uploads\/2013\/10\/Pocetak-izrade-DUPa-za-lokacija-Ulcinj.jpg\" \/>\n<meta name=\"twitter:label1\" content=\"Written by\" \/>\n\t<meta name=\"twitter:data1\" content=\"ulqini\" \/>\n<script type=\"application\/ld+json\" class=\"yoast-schema-graph\">{\"@context\":\"https:\/\/schema.org\",\"@graph\":[{\"@type\":\"WebSite\",\"@id\":\"https:\/\/www.visit-ulcinj.com\/blog\/#website\",\"url\":\"https:\/\/www.visit-ulcinj.com\/blog\/\",\"name\":\"Lajme nga Ulqini\",\"description\":\"Lajme,Vijesti,Ulqini,Ulqin,Crna Gora,Mali i Zi\",\"potentialAction\":[{\"@type\":\"SearchAction\",\"target\":{\"@type\":\"EntryPoint\",\"urlTemplate\":\"https:\/\/www.visit-ulcinj.com\/blog\/?s={search_term_string}\"},\"query-input\":\"required name=search_term_string\"}],\"inLanguage\":\"en-US\"},{\"@type\":\"ImageObject\",\"inLanguage\":\"en-US\",\"@id\":\"https:\/\/www.visit-ulcinj.com\/blog\/2013\/10\/04\/fillohet-me-punimin-e-planit-detal-urbanistik-per-lokacionet-pinjeshi-3-gjerana-1-dhe-2-limani-2-kodrat-1-mehalla-e-re-mali-i-bardhe-dhe-pinjeshi-pishnajat\/#primaryimage\",\"url\":\"https:\/\/www.visit-ulcinj.com\/blog\/wp-content\/uploads\/2013\/10\/Pocetak-izrade-DUPa-za-lokacija-Ulcinj.jpg\",\"contentUrl\":\"https:\/\/www.visit-ulcinj.com\/blog\/wp-content\/uploads\/2013\/10\/Pocetak-izrade-DUPa-za-lokacija-Ulcinj.jpg\",\"width\":768,\"height\":509},{\"@type\":\"WebPage\",\"@id\":\"https:\/\/www.visit-ulcinj.com\/blog\/2013\/10\/04\/fillohet-me-punimin-e-planit-detal-urbanistik-per-lokacionet-pinjeshi-3-gjerana-1-dhe-2-limani-2-kodrat-1-mehalla-e-re-mali-i-bardhe-dhe-pinjeshi-pishnajat\/#webpage\",\"url\":\"https:\/\/www.visit-ulcinj.com\/blog\/2013\/10\/04\/fillohet-me-punimin-e-planit-detal-urbanistik-per-lokacionet-pinjeshi-3-gjerana-1-dhe-2-limani-2-kodrat-1-mehalla-e-re-mali-i-bardhe-dhe-pinjeshi-pishnajat\/\",\"name\":\"Fillohet me punimin e Planit detal urbanistik p\u00ebr lokacionet: Pinjeshi 3, Gjerana 1 dhe 2, Limani 2, Kodrat 1, M\u00ebhalla e re, Mali i bardh\u00eb dhe Pinjeshi Pishnajat - Lajme nga Ulqini\",\"isPartOf\":{\"@id\":\"https:\/\/www.visit-ulcinj.com\/blog\/#website\"},\"primaryImageOfPage\":{\"@id\":\"https:\/\/www.visit-ulcinj.com\/blog\/2013\/10\/04\/fillohet-me-punimin-e-planit-detal-urbanistik-per-lokacionet-pinjeshi-3-gjerana-1-dhe-2-limani-2-kodrat-1-mehalla-e-re-mali-i-bardhe-dhe-pinjeshi-pishnajat\/#primaryimage\"},\"datePublished\":\"2013-10-04T10:29:42+00:00\",\"dateModified\":\"2013-10-04T10:29:42+00:00\",\"author\":{\"@id\":\"https:\/\/www.visit-ulcinj.com\/blog\/#\/schema\/person\/dcab619c614d3038751c63bc2aadc06d\"},\"description\":\"Sot kryetari i Komun\u00ebs s\u00eb Ulqinit Nazif Cungu ka n\u00ebnshkruar kontrat\u00ebn me firm\u00ebn Geomax group sh.p.k. Podgoric\u00eb dhe Geopromet sh.p.k. Podgoric\u00eb p\u00ebr\",\"breadcrumb\":{\"@id\":\"https:\/\/www.visit-ulcinj.com\/blog\/2013\/10\/04\/fillohet-me-punimin-e-planit-detal-urbanistik-per-lokacionet-pinjeshi-3-gjerana-1-dhe-2-limani-2-kodrat-1-mehalla-e-re-mali-i-bardhe-dhe-pinjeshi-pishnajat\/#breadcrumb\"},\"inLanguage\":\"en-US\",\"potentialAction\":[{\"@type\":\"ReadAction\",\"target\":[\"https:\/\/www.visit-ulcinj.com\/blog\/2013\/10\/04\/fillohet-me-punimin-e-planit-detal-urbanistik-per-lokacionet-pinjeshi-3-gjerana-1-dhe-2-limani-2-kodrat-1-mehalla-e-re-mali-i-bardhe-dhe-pinjeshi-pishnajat\/\"]}]},{\"@type\":\"BreadcrumbList\",\"@id\":\"https:\/\/www.visit-ulcinj.com\/blog\/2013\/10\/04\/fillohet-me-punimin-e-planit-detal-urbanistik-per-lokacionet-pinjeshi-3-gjerana-1-dhe-2-limani-2-kodrat-1-mehalla-e-re-mali-i-bardhe-dhe-pinjeshi-pishnajat\/#breadcrumb\",\"itemListElement\":[{\"@type\":\"ListItem\",\"position\":1,\"name\":\"Fillohet me punimin e Planit detal urbanistik p\u00ebr lokacionet: Pinjeshi 3, Gjerana 1 dhe 2, Limani 2, Kodrat 1, M\u00ebhalla e re, Mali i bardh\u00eb dhe Pinjeshi Pishnajat\"}]},{\"@type\":\"Person\",\"@id\":\"https:\/\/www.visit-ulcinj.com\/blog\/#\/schema\/person\/dcab619c614d3038751c63bc2aadc06d\",\"name\":\"ulqini\",\"sameAs\":[\"http:\/\/www.visit-ulcinj.com\"],\"url\":\"https:\/\/www.visit-ulcinj.com\/blog\/author\/admin\/\"}]}<\/script>\n<!-- \/ Yoast SEO plugin. -->","yoast_head_json":{"title":"Fillohet me punimin e Planit detal urbanistik p\u00ebr lokacionet: Pinjeshi 3, Gjerana 1 dhe 2, Limani 2, Kodrat 1, M\u00ebhalla e re, Mali i bardh\u00eb dhe Pinjeshi Pishnajat - Lajme nga Ulqini","description":"Sot kryetari i Komun\u00ebs s\u00eb Ulqinit Nazif Cungu ka n\u00ebnshkruar kontrat\u00ebn me firm\u00ebn Geomax group sh.p.k. Podgoric\u00eb dhe Geopromet sh.p.k. Podgoric\u00eb p\u00ebr","robots":{"index":"index","follow":"follow","max-snippet":"max-snippet:-1","max-image-preview":"max-image-preview:large","max-video-preview":"max-video-preview:-1"},"canonical":"https:\/\/www.visit-ulcinj.com\/blog\/2013\/10\/04\/fillohet-me-punimin-e-planit-detal-urbanistik-per-lokacionet-pinjeshi-3-gjerana-1-dhe-2-limani-2-kodrat-1-mehalla-e-re-mali-i-bardhe-dhe-pinjeshi-pishnajat\/","og_locale":"en_US","og_type":"article","og_title":"Fillohet me punimin e Planit detal urbanistik p\u00ebr lokacionet: Pinjeshi 3, Gjerana 1 dhe 2, Limani 2, Kodrat 1, M\u00ebhalla e re, Mali i bardh\u00eb dhe Pinjeshi Pishnajat - Lajme nga Ulqini","og_description":"Sot kryetari i Komun\u00ebs s\u00eb Ulqinit Nazif Cungu ka n\u00ebnshkruar kontrat\u00ebn me firm\u00ebn Geomax group sh.p.k. Podgoric\u00eb dhe Geopromet sh.p.k. Podgoric\u00eb p\u00ebr","og_url":"https:\/\/www.visit-ulcinj.com\/blog\/2013\/10\/04\/fillohet-me-punimin-e-planit-detal-urbanistik-per-lokacionet-pinjeshi-3-gjerana-1-dhe-2-limani-2-kodrat-1-mehalla-e-re-mali-i-bardhe-dhe-pinjeshi-pishnajat\/","og_site_name":"Lajme nga Ulqini","article_published_time":"2013-10-04T10:29:42+00:00","og_image":[{"url":"http:\/\/www.visit-ulcinj.com\/blog\/wp-content\/uploads\/2013\/10\/Pocetak-izrade-DUPa-za-lokacija-Ulcinj.jpg"}],"twitter_misc":{"Written by":"ulqini"},"schema":{"@context":"https:\/\/schema.org","@graph":[{"@type":"WebSite","@id":"https:\/\/www.visit-ulcinj.com\/blog\/#website","url":"https:\/\/www.visit-ulcinj.com\/blog\/","name":"Lajme nga Ulqini","description":"Lajme,Vijesti,Ulqini,Ulqin,Crna Gora,Mali i Zi","potentialAction":[{"@type":"SearchAction","target":{"@type":"EntryPoint","urlTemplate":"https:\/\/www.visit-ulcinj.com\/blog\/?s={search_term_string}"},"query-input":"required name=search_term_string"}],"inLanguage":"en-US"},{"@type":"ImageObject","inLanguage":"en-US","@id":"https:\/\/www.visit-ulcinj.com\/blog\/2013\/10\/04\/fillohet-me-punimin-e-planit-detal-urbanistik-per-lokacionet-pinjeshi-3-gjerana-1-dhe-2-limani-2-kodrat-1-mehalla-e-re-mali-i-bardhe-dhe-pinjeshi-pishnajat\/#primaryimage","url":"https:\/\/www.visit-ulcinj.com\/blog\/wp-content\/uploads\/2013\/10\/Pocetak-izrade-DUPa-za-lokacija-Ulcinj.jpg","contentUrl":"https:\/\/www.visit-ulcinj.com\/blog\/wp-content\/uploads\/2013\/10\/Pocetak-izrade-DUPa-za-lokacija-Ulcinj.jpg","width":768,"height":509},{"@type":"WebPage","@id":"https:\/\/www.visit-ulcinj.com\/blog\/2013\/10\/04\/fillohet-me-punimin-e-planit-detal-urbanistik-per-lokacionet-pinjeshi-3-gjerana-1-dhe-2-limani-2-kodrat-1-mehalla-e-re-mali-i-bardhe-dhe-pinjeshi-pishnajat\/#webpage","url":"https:\/\/www.visit-ulcinj.com\/blog\/2013\/10\/04\/fillohet-me-punimin-e-planit-detal-urbanistik-per-lokacionet-pinjeshi-3-gjerana-1-dhe-2-limani-2-kodrat-1-mehalla-e-re-mali-i-bardhe-dhe-pinjeshi-pishnajat\/","name":"Fillohet me punimin e Planit detal urbanistik p\u00ebr lokacionet: Pinjeshi 3, Gjerana 1 dhe 2, Limani 2, Kodrat 1, M\u00ebhalla e re, Mali i bardh\u00eb dhe Pinjeshi Pishnajat - Lajme nga Ulqini","isPartOf":{"@id":"https:\/\/www.visit-ulcinj.com\/blog\/#website"},"primaryImageOfPage":{"@id":"https:\/\/www.visit-ulcinj.com\/blog\/2013\/10\/04\/fillohet-me-punimin-e-planit-detal-urbanistik-per-lokacionet-pinjeshi-3-gjerana-1-dhe-2-limani-2-kodrat-1-mehalla-e-re-mali-i-bardhe-dhe-pinjeshi-pishnajat\/#primaryimage"},"datePublished":"2013-10-04T10:29:42+00:00","dateModified":"2013-10-04T10:29:42+00:00","author":{"@id":"https:\/\/www.visit-ulcinj.com\/blog\/#\/schema\/person\/dcab619c614d3038751c63bc2aadc06d"},"description":"Sot kryetari i Komun\u00ebs s\u00eb Ulqinit Nazif Cungu ka n\u00ebnshkruar kontrat\u00ebn me firm\u00ebn Geomax group sh.p.k. Podgoric\u00eb dhe Geopromet sh.p.k. Podgoric\u00eb p\u00ebr","breadcrumb":{"@id":"https:\/\/www.visit-ulcinj.com\/blog\/2013\/10\/04\/fillohet-me-punimin-e-planit-detal-urbanistik-per-lokacionet-pinjeshi-3-gjerana-1-dhe-2-limani-2-kodrat-1-mehalla-e-re-mali-i-bardhe-dhe-pinjeshi-pishnajat\/#breadcrumb"},"inLanguage":"en-US","potentialAction":[{"@type":"ReadAction","target":["https:\/\/www.visit-ulcinj.com\/blog\/2013\/10\/04\/fillohet-me-punimin-e-planit-detal-urbanistik-per-lokacionet-pinjeshi-3-gjerana-1-dhe-2-limani-2-kodrat-1-mehalla-e-re-mali-i-bardhe-dhe-pinjeshi-pishnajat\/"]}]},{"@type":"BreadcrumbList","@id":"https:\/\/www.visit-ulcinj.com\/blog\/2013\/10\/04\/fillohet-me-punimin-e-planit-detal-urbanistik-per-lokacionet-pinjeshi-3-gjerana-1-dhe-2-limani-2-kodrat-1-mehalla-e-re-mali-i-bardhe-dhe-pinjeshi-pishnajat\/#breadcrumb","itemListElement":[{"@type":"ListItem","position":1,"name":"Fillohet me punimin e Planit detal urbanistik p\u00ebr lokacionet: Pinjeshi 3, Gjerana 1 dhe 2, Limani 2, Kodrat 1, M\u00ebhalla e re, Mali i bardh\u00eb dhe Pinjeshi Pishnajat"}]},{"@type":"Person","@id":"https:\/\/www.visit-ulcinj.com\/blog\/#\/schema\/person\/dcab619c614d3038751c63bc2aadc06d","name":"ulqini","sameAs":["http:\/\/www.visit-ulcinj.com"],"url":"https:\/\/www.visit-ulcinj.com\/blog\/author\/admin\/"}]}},"jetpack_featured_media_url":"","jetpack_sharing_enabled":true,"jetpack_shortlink":"https:\/\/wp.me\/pe6lTn-juW","_links":{"self":[{"href":"https:\/\/www.visit-ulcinj.com\/blog\/wp-json\/wp\/v2\/posts\/74954"}],"collection":[{"href":"https:\/\/www.visit-ulcinj.com\/blog\/wp-json\/wp\/v2\/posts"}],"about":[{"href":"https:\/\/www.visit-ulcinj.com\/blog\/wp-json\/wp\/v2\/types\/post"}],"author":[{"embeddable":true,"href":"https:\/\/www.visit-ulcinj.com\/blog\/wp-json\/wp\/v2\/users\/1"}],"replies":[{"embeddable":true,"href":"https:\/\/www.visit-ulcinj.com\/blog\/wp-json\/wp\/v2\/comments?post=74954"}],"version-history":[{"count":1,"href":"https:\/\/www.visit-ulcinj.com\/blog\/wp-json\/wp\/v2\/posts\/74954\/revisions"}],"predecessor-version":[{"id":74955,"href":"https:\/\/www.visit-ulcinj.com\/blog\/wp-json\/wp\/v2\/posts\/74954\/revisions\/74955"}],"wp:attachment":[{"href":"https:\/\/www.visit-ulcinj.com\/blog\/wp-json\/wp\/v2\/media?parent=74954"}],"wp:term":[{"taxonomy":"category","embeddable":true,"href":"https:\/\/www.visit-ulcinj.com\/blog\/wp-json\/wp\/v2\/categories?post=74954"},{"taxonomy":"post_tag","embeddable":true,"href":"https:\/\/www.visit-ulcinj.com\/blog\/wp-json\/wp\/v2\/tags?post=74954"}],"curies":[{"name":"wp","href":"https:\/\/api.w.org\/{rel}","templated":true}]}}