{"id":74958,"date":"2013-10-04T12:01:59","date_gmt":"2013-10-04T11:01:59","guid":{"rendered":"http:\/\/www.visit-ulcinj.com\/blog\/?p=74958"},"modified":"2013-10-04T12:01:59","modified_gmt":"2013-10-04T11:01:59","slug":"zenka-propozimi-per-ku-e-tuzit-nuk-eshte-i-pranueshem-per-udsh","status":"publish","type":"post","link":"https:\/\/www.visit-ulcinj.com\/blog\/2013\/10\/04\/zenka-propozimi-per-ku-e-tuzit-nuk-eshte-i-pranueshem-per-udsh\/","title":{"rendered":"Zenka: Propozimi p\u00ebr KU e Tuzit nuk \u00ebsht\u00eb i pranuesh\u00ebm p\u00ebr UDSH"},"content":{"rendered":"<p><a href=\"http:\/\/www.visit-ulcinj.com\/blog\/wp-content\/uploads\/2013\/06\/MEHMET-ZENKA-UDSH-ULQIN.jpg\"><img loading=\"lazy\" class=\"alignleft  wp-image-72777\" alt=\"MEHMET ZENKA-UDSH-ULQIN\" src=\"http:\/\/www.visit-ulcinj.com\/blog\/wp-content\/uploads\/2013\/06\/MEHMET-ZENKA-UDSH-ULQIN.jpg\" width=\"508\" height=\"360\" \/><\/a>Modeli, sipas t\u00eb cilit Tuzi do ti kishte t\u00eb gjitha ingerencat e Komun\u00ebs, me p\u00ebrjashtim se do t\u00eb mbetej n\u00eb kufijt\u00eb administrativ t\u00eb Podgoric\u00ebs, e cila do t ia caktonte buxhetin e p\u00ebrgjithsh\u00ebm, \u00ebsht\u00eb i papranush\u00ebm p\u00ebr Unionin Demokratik t\u00eb Shqiptar\u00ebve, sepse, si\u00e7 theksohet, nuk dallon n\u00eb esenc\u00eb nga gjendja aktuale. Kryetari i UDSH Mehmet Zenka ka deklaruar p\u00ebr agjencin\u00eb MINA\u00a0 se nuk \u00ebsht\u00eb i njoftuar me faktin se PDS negocion me dik\u00eb mbi k\u00ebt\u00eb \u00e7\u00ebshtje duke theksuar se ai me p\u00ebrfaq\u00ebsuesit m\u00eb t\u00eb lart\u00eb t\u00eb k\u00ebsaj partie p\u00ebr her\u00eb t\u00eb fundit \u00ebsht\u00eb takuar n\u00eb prag t\u00eb zgjedhjeve presidenciale n\u00eb muajin prill. Ai ka shtuar se propozimi i tyre p\u00ebr t\u00eb \u00ebsht\u00eb absolutisht i pa pranuesh\u00ebm, sepse nuk dallon duksh\u00ebm nga situata aktuale.<\/p>\n<p>Sipas fjal\u00ebve t\u00eb tij kjo vet\u00ebm mund t\u00eb jet\u00eb edhe nj\u00eb loj\u00eb e p\u00ebrs\u00ebritur politike e cila \u00e7on drejt asaj q\u00eb Tuzi askurr\u00eb t\u00eb mos e fitoj\u00eb statusin e Komun\u00ebs s\u00eb plot. Ai ka p\u00ebrkujtuar se t\u00eb gjitha studimet\u00a0 e hartuara nga ekspert\u00ebt e k\u00ebsaj partie tregojn\u00eb se Tuzi mund t\u00eb ekzistoj\u00eb si komun\u00eb e pavarur. \u201cNuk e kam\u00eb t\u00eb qart\u00eb se si Petnjica mund t\u00eb ekzistoj\u00eb si komun\u00eb, kurse Tuzi i cili kufizohet me kryeqytetin dhe me Shqip\u00ebrin\u00eb nuk mundet, edhe p\u00ebrkund\u00ebr t\u00eb gjitha potencialeve dhe resurseve me t\u00eb cilat disponon\u201d, ka theksuar Zenka.<\/p>\n<p><strong>TVCG<\/strong><\/p>\n","protected":false},"excerpt":{"rendered":"<p>Modeli, sipas t\u00eb cilit Tuzi do ti kishte t\u00eb gjitha ingerencat e Komun\u00ebs, me p\u00ebrjashtim se do t\u00eb mbetej n\u00eb kufijt\u00eb administrativ t\u00eb Podgoric\u00ebs, e cila do t ia caktonte buxhetin e p\u00ebrgjithsh\u00ebm, \u00ebsht\u00eb i papranush\u00ebm p\u00ebr Unionin Demokratik t\u00eb Shqiptar\u00ebve, sepse, si\u00e7 theksohet, nuk dallon n\u00eb esenc\u00eb nga gjendja aktuale. Kryetari i UDSH Mehmet [&hellip;]<\/p>\n","protected":false},"author":1,"featured_media":0,"comment_status":"closed","ping_status":"closed","sticky":false,"template":"","format":"standard","meta":{"spay_email":"","jetpack_publicize_message":"","jetpack_is_tweetstorm":false,"jetpack_publicize_feature_enabled":true},"categories":[6],"tags":[],"jetpack_publicize_connections":[],"yoast_head":"<!-- This site is optimized with the Yoast SEO plugin v19.1 - https:\/\/yoast.com\/wordpress\/plugins\/seo\/ -->\n<title>Zenka: Propozimi p\u00ebr KU e Tuzit nuk \u00ebsht\u00eb i pranuesh\u00ebm p\u00ebr UDSH - Lajme nga Ulqini<\/title>\n<meta name=\"description\" content=\"Modeli, sipas t\u00eb cilit Tuzi do ti kishte t\u00eb gjitha ingerencat e Komun\u00ebs, me p\u00ebrjashtim se do t\u00eb mbetej n\u00eb kufijt\u00eb administrativ t\u00eb Podgoric\u00ebs, e cila do t\" \/>\n<meta name=\"robots\" content=\"index, follow, max-snippet:-1, max-image-preview:large, max-video-preview:-1\" \/>\n<link rel=\"canonical\" href=\"https:\/\/www.visit-ulcinj.com\/blog\/2013\/10\/04\/zenka-propozimi-per-ku-e-tuzit-nuk-eshte-i-pranueshem-per-udsh\/\" \/>\n<meta property=\"og:locale\" content=\"en_US\" \/>\n<meta property=\"og:type\" content=\"article\" \/>\n<meta property=\"og:title\" content=\"Zenka: Propozimi p\u00ebr KU e Tuzit nuk \u00ebsht\u00eb i pranuesh\u00ebm p\u00ebr UDSH - Lajme nga Ulqini\" \/>\n<meta property=\"og:description\" content=\"Modeli, sipas t\u00eb cilit Tuzi do ti kishte t\u00eb gjitha ingerencat e Komun\u00ebs, me p\u00ebrjashtim se do t\u00eb mbetej n\u00eb kufijt\u00eb administrativ t\u00eb Podgoric\u00ebs, e cila do t\" \/>\n<meta property=\"og:url\" content=\"https:\/\/www.visit-ulcinj.com\/blog\/2013\/10\/04\/zenka-propozimi-per-ku-e-tuzit-nuk-eshte-i-pranueshem-per-udsh\/\" \/>\n<meta property=\"og:site_name\" content=\"Lajme nga Ulqini\" \/>\n<meta property=\"article:published_time\" content=\"2013-10-04T11:01:59+00:00\" \/>\n<meta property=\"og:image\" content=\"http:\/\/www.visit-ulcinj.com\/blog\/wp-content\/uploads\/2013\/06\/MEHMET-ZENKA-UDSH-ULQIN.jpg\" \/>\n<meta name=\"twitter:label1\" content=\"Written by\" \/>\n\t<meta name=\"twitter:data1\" content=\"ulqini\" \/>\n\t<meta name=\"twitter:label2\" content=\"Est. reading time\" \/>\n\t<meta name=\"twitter:data2\" content=\"1 minute\" \/>\n<script type=\"application\/ld+json\" class=\"yoast-schema-graph\">{\"@context\":\"https:\/\/schema.org\",\"@graph\":[{\"@type\":\"WebSite\",\"@id\":\"https:\/\/www.visit-ulcinj.com\/blog\/#website\",\"url\":\"https:\/\/www.visit-ulcinj.com\/blog\/\",\"name\":\"Lajme nga Ulqini\",\"description\":\"Lajme,Vijesti,Ulqini,Ulqin,Crna Gora,Mali i Zi\",\"potentialAction\":[{\"@type\":\"SearchAction\",\"target\":{\"@type\":\"EntryPoint\",\"urlTemplate\":\"https:\/\/www.visit-ulcinj.com\/blog\/?s={search_term_string}\"},\"query-input\":\"required name=search_term_string\"}],\"inLanguage\":\"en-US\"},{\"@type\":\"ImageObject\",\"inLanguage\":\"en-US\",\"@id\":\"https:\/\/www.visit-ulcinj.com\/blog\/2013\/10\/04\/zenka-propozimi-per-ku-e-tuzit-nuk-eshte-i-pranueshem-per-udsh\/#primaryimage\",\"url\":\"https:\/\/www.visit-ulcinj.com\/blog\/wp-content\/uploads\/2013\/06\/MEHMET-ZENKA-UDSH-ULQIN.jpg\",\"contentUrl\":\"https:\/\/www.visit-ulcinj.com\/blog\/wp-content\/uploads\/2013\/06\/MEHMET-ZENKA-UDSH-ULQIN.jpg\",\"width\":960,\"height\":856},{\"@type\":\"WebPage\",\"@id\":\"https:\/\/www.visit-ulcinj.com\/blog\/2013\/10\/04\/zenka-propozimi-per-ku-e-tuzit-nuk-eshte-i-pranueshem-per-udsh\/#webpage\",\"url\":\"https:\/\/www.visit-ulcinj.com\/blog\/2013\/10\/04\/zenka-propozimi-per-ku-e-tuzit-nuk-eshte-i-pranueshem-per-udsh\/\",\"name\":\"Zenka: Propozimi p\u00ebr KU e Tuzit nuk \u00ebsht\u00eb i pranuesh\u00ebm p\u00ebr UDSH - Lajme nga Ulqini\",\"isPartOf\":{\"@id\":\"https:\/\/www.visit-ulcinj.com\/blog\/#website\"},\"primaryImageOfPage\":{\"@id\":\"https:\/\/www.visit-ulcinj.com\/blog\/2013\/10\/04\/zenka-propozimi-per-ku-e-tuzit-nuk-eshte-i-pranueshem-per-udsh\/#primaryimage\"},\"datePublished\":\"2013-10-04T11:01:59+00:00\",\"dateModified\":\"2013-10-04T11:01:59+00:00\",\"author\":{\"@id\":\"https:\/\/www.visit-ulcinj.com\/blog\/#\/schema\/person\/dcab619c614d3038751c63bc2aadc06d\"},\"description\":\"Modeli, sipas t\u00eb cilit Tuzi do ti kishte t\u00eb gjitha ingerencat e Komun\u00ebs, me p\u00ebrjashtim se do t\u00eb mbetej n\u00eb kufijt\u00eb administrativ t\u00eb Podgoric\u00ebs, e cila do t\",\"breadcrumb\":{\"@id\":\"https:\/\/www.visit-ulcinj.com\/blog\/2013\/10\/04\/zenka-propozimi-per-ku-e-tuzit-nuk-eshte-i-pranueshem-per-udsh\/#breadcrumb\"},\"inLanguage\":\"en-US\",\"potentialAction\":[{\"@type\":\"ReadAction\",\"target\":[\"https:\/\/www.visit-ulcinj.com\/blog\/2013\/10\/04\/zenka-propozimi-per-ku-e-tuzit-nuk-eshte-i-pranueshem-per-udsh\/\"]}]},{\"@type\":\"BreadcrumbList\",\"@id\":\"https:\/\/www.visit-ulcinj.com\/blog\/2013\/10\/04\/zenka-propozimi-per-ku-e-tuzit-nuk-eshte-i-pranueshem-per-udsh\/#breadcrumb\",\"itemListElement\":[{\"@type\":\"ListItem\",\"position\":1,\"name\":\"Zenka: Propozimi p\u00ebr KU e Tuzit nuk \u00ebsht\u00eb i pranuesh\u00ebm p\u00ebr UDSH\"}]},{\"@type\":\"Person\",\"@id\":\"https:\/\/www.visit-ulcinj.com\/blog\/#\/schema\/person\/dcab619c614d3038751c63bc2aadc06d\",\"name\":\"ulqini\",\"sameAs\":[\"http:\/\/www.visit-ulcinj.com\"],\"url\":\"https:\/\/www.visit-ulcinj.com\/blog\/author\/admin\/\"}]}<\/script>\n<!-- \/ Yoast SEO plugin. -->","yoast_head_json":{"title":"Zenka: Propozimi p\u00ebr KU e Tuzit nuk \u00ebsht\u00eb i pranuesh\u00ebm p\u00ebr UDSH - Lajme nga Ulqini","description":"Modeli, sipas t\u00eb cilit Tuzi do ti kishte t\u00eb gjitha ingerencat e Komun\u00ebs, me p\u00ebrjashtim se do t\u00eb mbetej n\u00eb kufijt\u00eb administrativ t\u00eb Podgoric\u00ebs, e cila do t","robots":{"index":"index","follow":"follow","max-snippet":"max-snippet:-1","max-image-preview":"max-image-preview:large","max-video-preview":"max-video-preview:-1"},"canonical":"https:\/\/www.visit-ulcinj.com\/blog\/2013\/10\/04\/zenka-propozimi-per-ku-e-tuzit-nuk-eshte-i-pranueshem-per-udsh\/","og_locale":"en_US","og_type":"article","og_title":"Zenka: Propozimi p\u00ebr KU e Tuzit nuk \u00ebsht\u00eb i pranuesh\u00ebm p\u00ebr UDSH - Lajme nga Ulqini","og_description":"Modeli, sipas t\u00eb cilit Tuzi do ti kishte t\u00eb gjitha ingerencat e Komun\u00ebs, me p\u00ebrjashtim se do t\u00eb mbetej n\u00eb kufijt\u00eb administrativ t\u00eb Podgoric\u00ebs, e cila do t","og_url":"https:\/\/www.visit-ulcinj.com\/blog\/2013\/10\/04\/zenka-propozimi-per-ku-e-tuzit-nuk-eshte-i-pranueshem-per-udsh\/","og_site_name":"Lajme nga Ulqini","article_published_time":"2013-10-04T11:01:59+00:00","og_image":[{"url":"http:\/\/www.visit-ulcinj.com\/blog\/wp-content\/uploads\/2013\/06\/MEHMET-ZENKA-UDSH-ULQIN.jpg"}],"twitter_misc":{"Written by":"ulqini","Est. reading time":"1 minute"},"schema":{"@context":"https:\/\/schema.org","@graph":[{"@type":"WebSite","@id":"https:\/\/www.visit-ulcinj.com\/blog\/#website","url":"https:\/\/www.visit-ulcinj.com\/blog\/","name":"Lajme nga Ulqini","description":"Lajme,Vijesti,Ulqini,Ulqin,Crna Gora,Mali i Zi","potentialAction":[{"@type":"SearchAction","target":{"@type":"EntryPoint","urlTemplate":"https:\/\/www.visit-ulcinj.com\/blog\/?s={search_term_string}"},"query-input":"required name=search_term_string"}],"inLanguage":"en-US"},{"@type":"ImageObject","inLanguage":"en-US","@id":"https:\/\/www.visit-ulcinj.com\/blog\/2013\/10\/04\/zenka-propozimi-per-ku-e-tuzit-nuk-eshte-i-pranueshem-per-udsh\/#primaryimage","url":"https:\/\/www.visit-ulcinj.com\/blog\/wp-content\/uploads\/2013\/06\/MEHMET-ZENKA-UDSH-ULQIN.jpg","contentUrl":"https:\/\/www.visit-ulcinj.com\/blog\/wp-content\/uploads\/2013\/06\/MEHMET-ZENKA-UDSH-ULQIN.jpg","width":960,"height":856},{"@type":"WebPage","@id":"https:\/\/www.visit-ulcinj.com\/blog\/2013\/10\/04\/zenka-propozimi-per-ku-e-tuzit-nuk-eshte-i-pranueshem-per-udsh\/#webpage","url":"https:\/\/www.visit-ulcinj.com\/blog\/2013\/10\/04\/zenka-propozimi-per-ku-e-tuzit-nuk-eshte-i-pranueshem-per-udsh\/","name":"Zenka: Propozimi p\u00ebr KU e Tuzit nuk \u00ebsht\u00eb i pranuesh\u00ebm p\u00ebr UDSH - Lajme nga Ulqini","isPartOf":{"@id":"https:\/\/www.visit-ulcinj.com\/blog\/#website"},"primaryImageOfPage":{"@id":"https:\/\/www.visit-ulcinj.com\/blog\/2013\/10\/04\/zenka-propozimi-per-ku-e-tuzit-nuk-eshte-i-pranueshem-per-udsh\/#primaryimage"},"datePublished":"2013-10-04T11:01:59+00:00","dateModified":"2013-10-04T11:01:59+00:00","author":{"@id":"https:\/\/www.visit-ulcinj.com\/blog\/#\/schema\/person\/dcab619c614d3038751c63bc2aadc06d"},"description":"Modeli, sipas t\u00eb cilit Tuzi do ti kishte t\u00eb gjitha ingerencat e Komun\u00ebs, me p\u00ebrjashtim se do t\u00eb mbetej n\u00eb kufijt\u00eb administrativ t\u00eb Podgoric\u00ebs, e cila do t","breadcrumb":{"@id":"https:\/\/www.visit-ulcinj.com\/blog\/2013\/10\/04\/zenka-propozimi-per-ku-e-tuzit-nuk-eshte-i-pranueshem-per-udsh\/#breadcrumb"},"inLanguage":"en-US","potentialAction":[{"@type":"ReadAction","target":["https:\/\/www.visit-ulcinj.com\/blog\/2013\/10\/04\/zenka-propozimi-per-ku-e-tuzit-nuk-eshte-i-pranueshem-per-udsh\/"]}]},{"@type":"BreadcrumbList","@id":"https:\/\/www.visit-ulcinj.com\/blog\/2013\/10\/04\/zenka-propozimi-per-ku-e-tuzit-nuk-eshte-i-pranueshem-per-udsh\/#breadcrumb","itemListElement":[{"@type":"ListItem","position":1,"name":"Zenka: Propozimi p\u00ebr KU e Tuzit nuk \u00ebsht\u00eb i pranuesh\u00ebm p\u00ebr UDSH"}]},{"@type":"Person","@id":"https:\/\/www.visit-ulcinj.com\/blog\/#\/schema\/person\/dcab619c614d3038751c63bc2aadc06d","name":"ulqini","sameAs":["http:\/\/www.visit-ulcinj.com"],"url":"https:\/\/www.visit-ulcinj.com\/blog\/author\/admin\/"}]}},"jetpack_featured_media_url":"","jetpack_sharing_enabled":true,"jetpack_shortlink":"https:\/\/wp.me\/pe6lTn-jv0","_links":{"self":[{"href":"https:\/\/www.visit-ulcinj.com\/blog\/wp-json\/wp\/v2\/posts\/74958"}],"collection":[{"href":"https:\/\/www.visit-ulcinj.com\/blog\/wp-json\/wp\/v2\/posts"}],"about":[{"href":"https:\/\/www.visit-ulcinj.com\/blog\/wp-json\/wp\/v2\/types\/post"}],"author":[{"embeddable":true,"href":"https:\/\/www.visit-ulcinj.com\/blog\/wp-json\/wp\/v2\/users\/1"}],"replies":[{"embeddable":true,"href":"https:\/\/www.visit-ulcinj.com\/blog\/wp-json\/wp\/v2\/comments?post=74958"}],"version-history":[{"count":1,"href":"https:\/\/www.visit-ulcinj.com\/blog\/wp-json\/wp\/v2\/posts\/74958\/revisions"}],"predecessor-version":[{"id":74959,"href":"https:\/\/www.visit-ulcinj.com\/blog\/wp-json\/wp\/v2\/posts\/74958\/revisions\/74959"}],"wp:attachment":[{"href":"https:\/\/www.visit-ulcinj.com\/blog\/wp-json\/wp\/v2\/media?parent=74958"}],"wp:term":[{"taxonomy":"category","embeddable":true,"href":"https:\/\/www.visit-ulcinj.com\/blog\/wp-json\/wp\/v2\/categories?post=74958"},{"taxonomy":"post_tag","embeddable":true,"href":"https:\/\/www.visit-ulcinj.com\/blog\/wp-json\/wp\/v2\/tags?post=74958"}],"curies":[{"name":"wp","href":"https:\/\/api.w.org\/{rel}","templated":true}]}}