{"id":74964,"date":"2013-10-04T12:26:26","date_gmt":"2013-10-04T11:26:26","guid":{"rendered":"http:\/\/www.visit-ulcinj.com\/blog\/?p=74964"},"modified":"2013-10-04T12:26:26","modified_gmt":"2013-10-04T11:26:26","slug":"porodicno-okruzenje-u-centru-za-kulturu-ulcinj","status":"publish","type":"post","link":"https:\/\/www.visit-ulcinj.com\/blog\/2013\/10\/04\/porodicno-okruzenje-u-centru-za-kulturu-ulcinj\/","title":{"rendered":"Porodi\u010dno okru\u017eenje u Centru za kulturu Ulcinj"},"content":{"rendered":"<p><a href=\"http:\/\/www.visit-ulcinj.com\/blog\/wp-content\/uploads\/2013\/10\/Nail-Draga.jpg\"><img loading=\"lazy\" class=\"alignleft  wp-image-74965\" alt=\"Nail-Draga\" src=\"http:\/\/www.visit-ulcinj.com\/blog\/wp-content\/uploads\/2013\/10\/Nail-Draga.jpg\" width=\"508\" height=\"360\" \/><\/a>Direktor Centra za kulturu u Ulcinju Nailj Draga zajedno sa suprugom Zejnepom i k\u0107erkom Barbanom, mjese\u010dno u toj ustanovi prihoduje vi\u0161e od 1.550 eura. Od toga Dragina plata iznosi 757 eura.<\/p>\n<p>Njihove bruto zarade su ve\u0107e od 2.300 eura. Zarade u toj ustanovi nijesu redovne, a prema nezvani\u010dnim saznanjima, koeficijenti za obra\u010dun plata nijesu uskla\u0111eni sa onim u Op\u0161tini koja je osniva\u010d tog javnog preduze\u0107a. Draga je ju\u010de kazao da je u \u201cnjegovom slu\u010daju sve potpuno zakonito\u201c.<\/p>\n<p>\u201cNema dileme da su moja supruga i k\u0107erka zaposlene u skladu sa va\u017ee\u0107im zakonskim procedurama i to je lako provjeriti\u201d, kazao je Draga.On je visoki funkcioner i \u010dlan Glavnog odbora Force, najja\u010de ulcinjske partije.<\/p>\n<p>Na funkciju direktora Centra za kulturu do\u0161ao je nakon izbora prije ne\u0161to vi\u0161e od dvije godine na kojima je trijumfovala Forca. Na pitanje \u201cVijesti\u201d da li je mo\u017eda u pitanju nepotizam, Draga je rekao da su to ne\u010dije insinuacije.<\/p>\n<p>\u201cMoja supruga u Centru radi ve\u0107 deset godina. K\u0107erka je zaposlena od prije godinu i po, kada je pobijedila na regularnom raspisanom konkursu\u201d, kazao je Draga koji je bio i direktor \u0161kole u Ulcinju. U Centru za kulturu je zaposleno 26 radnika, ali Drage nijesu jedini koji su familijarno povezani.<\/p>\n<p>Kako saznajemo, biv\u0161i direktor Sari Resulbegovi\u0107, koji je i dalje zaposlen sa bruto zaradom od 1.124 eura, zaposlio je k\u0107erku, a biv\u0161i rukovodilac \u0160aban \u0110ekaj sina. Op\u0161tina mjese\u010dno mora da izdvoji vi\u0161e od 16 hiljada eura na ime bruto zarada zaposlenima u Centru za kulturu.<\/p>\n<p><a href=\"http:\/\/www.vijesti.me\/vijesti\/ulcinj-porodicno-okruzenje-centru-kulturu-clanak-152884\" target=\"_blank\"><strong>Samir Adrovi\u0107<\/strong><\/a><br \/>\n<a href=\"http:\/\/www.vijesti.me\/vijesti\/ulcinj-porodicno-okruzenje-centru-kulturu-clanak-152884\" target=\"_blank\"><strong>Vijesti Online<\/strong><\/a><\/p>\n","protected":false},"excerpt":{"rendered":"<p>Direktor Centra za kulturu u Ulcinju Nailj Draga zajedno sa suprugom Zejnepom i k\u0107erkom Barbanom, mjese\u010dno u toj ustanovi prihoduje vi\u0161e od 1.550 eura. Od toga Dragina plata iznosi 757 eura. Njihove bruto zarade su ve\u0107e od 2.300 eura. Zarade u toj ustanovi nijesu redovne, a prema nezvani\u010dnim saznanjima, koeficijenti za obra\u010dun plata nijesu uskla\u0111eni [&hellip;]<\/p>\n","protected":false},"author":1,"featured_media":0,"comment_status":"closed","ping_status":"closed","sticky":false,"template":"","format":"standard","meta":{"spay_email":"","jetpack_publicize_message":"","jetpack_is_tweetstorm":false,"jetpack_publicize_feature_enabled":true},"categories":[8337],"tags":[],"jetpack_publicize_connections":[],"yoast_head":"<!-- This site is optimized with the Yoast SEO plugin v19.1 - https:\/\/yoast.com\/wordpress\/plugins\/seo\/ -->\n<title>Porodi\u010dno okru\u017eenje u Centru za kulturu Ulcinj - Lajme nga Ulqini<\/title>\n<meta name=\"description\" content=\"Direktor Centra za kulturu u Ulcinju Nailj Draga zajedno sa suprugom Zejnepom i k\u0107erkom Barbanom, mjese\u010dno u toj ustanovi prihoduje vi\u0161e od 1.550 eura. Od\" \/>\n<meta name=\"robots\" content=\"index, follow, max-snippet:-1, max-image-preview:large, max-video-preview:-1\" \/>\n<link rel=\"canonical\" href=\"https:\/\/www.visit-ulcinj.com\/blog\/2013\/10\/04\/porodicno-okruzenje-u-centru-za-kulturu-ulcinj\/\" \/>\n<meta property=\"og:locale\" content=\"en_US\" \/>\n<meta property=\"og:type\" content=\"article\" \/>\n<meta property=\"og:title\" content=\"Porodi\u010dno okru\u017eenje u Centru za kulturu Ulcinj - Lajme nga Ulqini\" \/>\n<meta property=\"og:description\" content=\"Direktor Centra za kulturu u Ulcinju Nailj Draga zajedno sa suprugom Zejnepom i k\u0107erkom Barbanom, mjese\u010dno u toj ustanovi prihoduje vi\u0161e od 1.550 eura. Od\" \/>\n<meta property=\"og:url\" content=\"https:\/\/www.visit-ulcinj.com\/blog\/2013\/10\/04\/porodicno-okruzenje-u-centru-za-kulturu-ulcinj\/\" \/>\n<meta property=\"og:site_name\" content=\"Lajme nga Ulqini\" \/>\n<meta property=\"article:published_time\" content=\"2013-10-04T11:26:26+00:00\" \/>\n<meta property=\"og:image\" content=\"http:\/\/www.visit-ulcinj.com\/blog\/wp-content\/uploads\/2013\/10\/Nail-Draga.jpg\" \/>\n<meta name=\"twitter:label1\" content=\"Written by\" \/>\n\t<meta name=\"twitter:data1\" content=\"ulqini\" \/>\n\t<meta name=\"twitter:label2\" content=\"Est. reading time\" \/>\n\t<meta name=\"twitter:data2\" content=\"1 minute\" \/>\n<script type=\"application\/ld+json\" class=\"yoast-schema-graph\">{\"@context\":\"https:\/\/schema.org\",\"@graph\":[{\"@type\":\"WebSite\",\"@id\":\"https:\/\/www.visit-ulcinj.com\/blog\/#website\",\"url\":\"https:\/\/www.visit-ulcinj.com\/blog\/\",\"name\":\"Lajme nga Ulqini\",\"description\":\"Lajme,Vijesti,Ulqini,Ulqin,Crna Gora,Mali i Zi\",\"potentialAction\":[{\"@type\":\"SearchAction\",\"target\":{\"@type\":\"EntryPoint\",\"urlTemplate\":\"https:\/\/www.visit-ulcinj.com\/blog\/?s={search_term_string}\"},\"query-input\":\"required name=search_term_string\"}],\"inLanguage\":\"en-US\"},{\"@type\":\"ImageObject\",\"inLanguage\":\"en-US\",\"@id\":\"https:\/\/www.visit-ulcinj.com\/blog\/2013\/10\/04\/porodicno-okruzenje-u-centru-za-kulturu-ulcinj\/#primaryimage\",\"url\":\"https:\/\/www.visit-ulcinj.com\/blog\/wp-content\/uploads\/2013\/10\/Nail-Draga.jpg\",\"contentUrl\":\"https:\/\/www.visit-ulcinj.com\/blog\/wp-content\/uploads\/2013\/10\/Nail-Draga.jpg\",\"width\":960,\"height\":720},{\"@type\":\"WebPage\",\"@id\":\"https:\/\/www.visit-ulcinj.com\/blog\/2013\/10\/04\/porodicno-okruzenje-u-centru-za-kulturu-ulcinj\/#webpage\",\"url\":\"https:\/\/www.visit-ulcinj.com\/blog\/2013\/10\/04\/porodicno-okruzenje-u-centru-za-kulturu-ulcinj\/\",\"name\":\"Porodi\u010dno okru\u017eenje u Centru za kulturu Ulcinj - Lajme nga Ulqini\",\"isPartOf\":{\"@id\":\"https:\/\/www.visit-ulcinj.com\/blog\/#website\"},\"primaryImageOfPage\":{\"@id\":\"https:\/\/www.visit-ulcinj.com\/blog\/2013\/10\/04\/porodicno-okruzenje-u-centru-za-kulturu-ulcinj\/#primaryimage\"},\"datePublished\":\"2013-10-04T11:26:26+00:00\",\"dateModified\":\"2013-10-04T11:26:26+00:00\",\"author\":{\"@id\":\"https:\/\/www.visit-ulcinj.com\/blog\/#\/schema\/person\/dcab619c614d3038751c63bc2aadc06d\"},\"description\":\"Direktor Centra za kulturu u Ulcinju Nailj Draga zajedno sa suprugom Zejnepom i k\u0107erkom Barbanom, mjese\u010dno u toj ustanovi prihoduje vi\u0161e od 1.550 eura. Od\",\"breadcrumb\":{\"@id\":\"https:\/\/www.visit-ulcinj.com\/blog\/2013\/10\/04\/porodicno-okruzenje-u-centru-za-kulturu-ulcinj\/#breadcrumb\"},\"inLanguage\":\"en-US\",\"potentialAction\":[{\"@type\":\"ReadAction\",\"target\":[\"https:\/\/www.visit-ulcinj.com\/blog\/2013\/10\/04\/porodicno-okruzenje-u-centru-za-kulturu-ulcinj\/\"]}]},{\"@type\":\"BreadcrumbList\",\"@id\":\"https:\/\/www.visit-ulcinj.com\/blog\/2013\/10\/04\/porodicno-okruzenje-u-centru-za-kulturu-ulcinj\/#breadcrumb\",\"itemListElement\":[{\"@type\":\"ListItem\",\"position\":1,\"name\":\"Porodi\u010dno okru\u017eenje u Centru za kulturu Ulcinj\"}]},{\"@type\":\"Person\",\"@id\":\"https:\/\/www.visit-ulcinj.com\/blog\/#\/schema\/person\/dcab619c614d3038751c63bc2aadc06d\",\"name\":\"ulqini\",\"sameAs\":[\"http:\/\/www.visit-ulcinj.com\"],\"url\":\"https:\/\/www.visit-ulcinj.com\/blog\/author\/admin\/\"}]}<\/script>\n<!-- \/ Yoast SEO plugin. -->","yoast_head_json":{"title":"Porodi\u010dno okru\u017eenje u Centru za kulturu Ulcinj - Lajme nga Ulqini","description":"Direktor Centra za kulturu u Ulcinju Nailj Draga zajedno sa suprugom Zejnepom i k\u0107erkom Barbanom, mjese\u010dno u toj ustanovi prihoduje vi\u0161e od 1.550 eura. Od","robots":{"index":"index","follow":"follow","max-snippet":"max-snippet:-1","max-image-preview":"max-image-preview:large","max-video-preview":"max-video-preview:-1"},"canonical":"https:\/\/www.visit-ulcinj.com\/blog\/2013\/10\/04\/porodicno-okruzenje-u-centru-za-kulturu-ulcinj\/","og_locale":"en_US","og_type":"article","og_title":"Porodi\u010dno okru\u017eenje u Centru za kulturu Ulcinj - Lajme nga Ulqini","og_description":"Direktor Centra za kulturu u Ulcinju Nailj Draga zajedno sa suprugom Zejnepom i k\u0107erkom Barbanom, mjese\u010dno u toj ustanovi prihoduje vi\u0161e od 1.550 eura. Od","og_url":"https:\/\/www.visit-ulcinj.com\/blog\/2013\/10\/04\/porodicno-okruzenje-u-centru-za-kulturu-ulcinj\/","og_site_name":"Lajme nga Ulqini","article_published_time":"2013-10-04T11:26:26+00:00","og_image":[{"url":"http:\/\/www.visit-ulcinj.com\/blog\/wp-content\/uploads\/2013\/10\/Nail-Draga.jpg"}],"twitter_misc":{"Written by":"ulqini","Est. reading time":"1 minute"},"schema":{"@context":"https:\/\/schema.org","@graph":[{"@type":"WebSite","@id":"https:\/\/www.visit-ulcinj.com\/blog\/#website","url":"https:\/\/www.visit-ulcinj.com\/blog\/","name":"Lajme nga Ulqini","description":"Lajme,Vijesti,Ulqini,Ulqin,Crna Gora,Mali i Zi","potentialAction":[{"@type":"SearchAction","target":{"@type":"EntryPoint","urlTemplate":"https:\/\/www.visit-ulcinj.com\/blog\/?s={search_term_string}"},"query-input":"required name=search_term_string"}],"inLanguage":"en-US"},{"@type":"ImageObject","inLanguage":"en-US","@id":"https:\/\/www.visit-ulcinj.com\/blog\/2013\/10\/04\/porodicno-okruzenje-u-centru-za-kulturu-ulcinj\/#primaryimage","url":"https:\/\/www.visit-ulcinj.com\/blog\/wp-content\/uploads\/2013\/10\/Nail-Draga.jpg","contentUrl":"https:\/\/www.visit-ulcinj.com\/blog\/wp-content\/uploads\/2013\/10\/Nail-Draga.jpg","width":960,"height":720},{"@type":"WebPage","@id":"https:\/\/www.visit-ulcinj.com\/blog\/2013\/10\/04\/porodicno-okruzenje-u-centru-za-kulturu-ulcinj\/#webpage","url":"https:\/\/www.visit-ulcinj.com\/blog\/2013\/10\/04\/porodicno-okruzenje-u-centru-za-kulturu-ulcinj\/","name":"Porodi\u010dno okru\u017eenje u Centru za kulturu Ulcinj - Lajme nga Ulqini","isPartOf":{"@id":"https:\/\/www.visit-ulcinj.com\/blog\/#website"},"primaryImageOfPage":{"@id":"https:\/\/www.visit-ulcinj.com\/blog\/2013\/10\/04\/porodicno-okruzenje-u-centru-za-kulturu-ulcinj\/#primaryimage"},"datePublished":"2013-10-04T11:26:26+00:00","dateModified":"2013-10-04T11:26:26+00:00","author":{"@id":"https:\/\/www.visit-ulcinj.com\/blog\/#\/schema\/person\/dcab619c614d3038751c63bc2aadc06d"},"description":"Direktor Centra za kulturu u Ulcinju Nailj Draga zajedno sa suprugom Zejnepom i k\u0107erkom Barbanom, mjese\u010dno u toj ustanovi prihoduje vi\u0161e od 1.550 eura. Od","breadcrumb":{"@id":"https:\/\/www.visit-ulcinj.com\/blog\/2013\/10\/04\/porodicno-okruzenje-u-centru-za-kulturu-ulcinj\/#breadcrumb"},"inLanguage":"en-US","potentialAction":[{"@type":"ReadAction","target":["https:\/\/www.visit-ulcinj.com\/blog\/2013\/10\/04\/porodicno-okruzenje-u-centru-za-kulturu-ulcinj\/"]}]},{"@type":"BreadcrumbList","@id":"https:\/\/www.visit-ulcinj.com\/blog\/2013\/10\/04\/porodicno-okruzenje-u-centru-za-kulturu-ulcinj\/#breadcrumb","itemListElement":[{"@type":"ListItem","position":1,"name":"Porodi\u010dno okru\u017eenje u Centru za kulturu Ulcinj"}]},{"@type":"Person","@id":"https:\/\/www.visit-ulcinj.com\/blog\/#\/schema\/person\/dcab619c614d3038751c63bc2aadc06d","name":"ulqini","sameAs":["http:\/\/www.visit-ulcinj.com"],"url":"https:\/\/www.visit-ulcinj.com\/blog\/author\/admin\/"}]}},"jetpack_featured_media_url":"","jetpack_sharing_enabled":true,"jetpack_shortlink":"https:\/\/wp.me\/pe6lTn-jv6","_links":{"self":[{"href":"https:\/\/www.visit-ulcinj.com\/blog\/wp-json\/wp\/v2\/posts\/74964"}],"collection":[{"href":"https:\/\/www.visit-ulcinj.com\/blog\/wp-json\/wp\/v2\/posts"}],"about":[{"href":"https:\/\/www.visit-ulcinj.com\/blog\/wp-json\/wp\/v2\/types\/post"}],"author":[{"embeddable":true,"href":"https:\/\/www.visit-ulcinj.com\/blog\/wp-json\/wp\/v2\/users\/1"}],"replies":[{"embeddable":true,"href":"https:\/\/www.visit-ulcinj.com\/blog\/wp-json\/wp\/v2\/comments?post=74964"}],"version-history":[{"count":1,"href":"https:\/\/www.visit-ulcinj.com\/blog\/wp-json\/wp\/v2\/posts\/74964\/revisions"}],"predecessor-version":[{"id":74966,"href":"https:\/\/www.visit-ulcinj.com\/blog\/wp-json\/wp\/v2\/posts\/74964\/revisions\/74966"}],"wp:attachment":[{"href":"https:\/\/www.visit-ulcinj.com\/blog\/wp-json\/wp\/v2\/media?parent=74964"}],"wp:term":[{"taxonomy":"category","embeddable":true,"href":"https:\/\/www.visit-ulcinj.com\/blog\/wp-json\/wp\/v2\/categories?post=74964"},{"taxonomy":"post_tag","embeddable":true,"href":"https:\/\/www.visit-ulcinj.com\/blog\/wp-json\/wp\/v2\/tags?post=74964"}],"curies":[{"name":"wp","href":"https:\/\/api.w.org\/{rel}","templated":true}]}}