{"id":74992,"date":"2013-10-04T16:37:57","date_gmt":"2013-10-04T15:37:57","guid":{"rendered":"http:\/\/www.visit-ulcinj.com\/blog\/?p=74992"},"modified":"2016-03-21T21:54:52","modified_gmt":"2016-03-21T20:54:52","slug":"organizimi-i-kongreseve-dhe-seminareve-ne-hotelin-mediteran","status":"publish","type":"post","link":"https:\/\/www.visit-ulcinj.com\/blog\/2013\/10\/04\/organizimi-i-kongreseve-dhe-seminareve-ne-hotelin-mediteran\/","title":{"rendered":"Organizimi i kongreseve dhe seminareve ne Hotelin Mediteran"},"content":{"rendered":"<p><strong>Turizmi i kongreseve dhe seminareve ne Hotelin Mediteran<\/strong><\/p>\n<div><a href=\"http:\/\/www.visit-ulcinj.com\/blog\/wp-content\/uploads\/2013\/10\/35c9_Hotel-Mediteran-Ulqin.jpg\"><img loading=\"lazy\" class=\"alignnone  wp-image-2857\" src=\"http:\/\/www.visit-ulcinj.com\/blog\/wp-content\/uploads\/2013\/10\/35c9_Hotel-Mediteran-Ulqin.jpg\" alt=\"Hotel-Mediteran-Ulqin\" width=\"508\" height=\"360\" \/><\/a>Rritja e qytet\u00ebrimit modern, rritja e mundesive te komunikimit n\u00eb nivel nd\u00ebrkomb\u00ebtar, rritja e t\u00eb dh\u00ebnave t\u00eb informacionit, rritja e mesazheve transmetuese nd\u00ebrmjet njer\u00ebzve ka b\u00ebr\u00eb tep\u00ebr t\u00eb domosdoshme kontaktet e njer\u00ebzve me nj\u00ebri-tjetrin. P\u00ebr k\u00ebt\u00eb q\u00ebllim luajn\u00eb nj\u00eb rol t\u00eb paz\u00ebvend\u00ebsuesh\u00ebm tubimet e m\u00ebdha \u2013 kongreset, si pik\u00eb takimi, si mjet komunikimi ku ballafaqohen p\u00ebrvoja, k\u00ebmbehen ide dhe hidhen produkte t\u00eb reja n\u00eb treg. Si vijim, Udh\u00ebtimet e motivuara nga profesioni, koh\u00ebt e fundit jan\u00eb b\u00ebr\u00eb nj\u00eb segment I r\u00ebnd\u00ebsish\u00ebm I ofert\u00ebs s\u00eb Hotelit Mediteran.<\/div>\n<div><a href=\"http:\/\/www.visit-ulcinj.com\/blog\/wp-content\/uploads\/2013\/10\/5157_salla-kongresit-seminarit-hotel-mediteran-ulqin.jpg\"><img loading=\"lazy\" class=\"alignnone  wp-image-2858\" src=\"http:\/\/www.visit-ulcinj.com\/blog\/wp-content\/uploads\/2013\/10\/5157_salla-kongresit-seminarit-hotel-mediteran-ulqin.jpg\" alt=\"salla-kongresit-seminarit-hotel-mediteran-ulqin\" width=\"508\" height=\"360\" \/><\/a><\/div>\n<div>Koh\u00ebt e fundit po vihet re ky trend I I l\u00ebvizjeve t\u00eb njer\u00ebzve nga vendet e tyre t\u00eb pun\u00ebs dhe banimit p\u00ebr n\u00eb Ulqin dhe tek ne n\u00eb Hotel, n\u00eb k\u00ebrkim t\u00eb nj\u00eb strukture t\u00eb kualifikuar dhe t\u00eb p\u00ebrshtatshme per zhvillimin e kongreseve &#8211; t\u00eb cil\u00ebn ne me k\u00ebnaqesi jua sigurojm\u00eb.<\/div>\n<div>Zhvillimi I nj\u00eb kongresi me sukses, k\u00ebrkon nj\u00eb pun\u00eb parap\u00ebrgatitore t\u00eb organizuar mire prandaj stafi yn\u00eb professional qendron n\u00eb gadishm\u00ebri. Nj\u00eb element mjaft I r\u00ebnd\u00ebsish\u00ebm I k\u00ebsaj pune \u00ebsht\u00eb edhe planifikimi I qendrimit, ku ne n\u00eb Hotel Mediteran mund t\u00eb ofrojm\u00eb nj\u00eb akomodim t\u00eb nj\u00eb numri t\u00eb konsideruesh\u00ebm p\u00ebrsonash. Pastaj vijojn lokaliteti I favorsh\u00ebm q\u00eb mund\u00ebson vizita dhe ekskurzione turistike me interesa turistike. Fakt ky qe e liston Hotel Mediteranin t\u00eb mundesoj dy tipet e rend\u00ebsishme t\u00eb kongreseve :<\/div>\n<div>Kongreset shkencore : mbledhjet q\u00eb bashkojn\u00eb ekspert\u00eb t\u00eb t\u00eb nj\u00ebjt\u00ebs fush\u00eb shkencore t\u00eb t\u00eb nj\u00ebjtit nivel komb\u00ebtar dhe nd\u00ebrkomb\u00ebtar. Karakteristik\u00eb e t\u00eb cil\u00ebve \u00ebshte se, p\u00ebrvec realizimit t\u00eb aktivitetit t\u00eb tyre kryesor p\u00ebr t\u00eb cilin jan\u00eb mbledhur, organizojn\u00eb dhe vemprimtari turistike. T\u00eb tilla mund t\u00eb jen\u00eb vizitat turistike t\u00eb monumenteve histurike e kulturore t\u00eb Ulqinit, organizimi i koktejeve, banketeve.<\/div>\n<div><a href=\"http:\/\/www.visit-ulcinj.com\/blog\/wp-content\/uploads\/2013\/10\/af2c_Dasma-hotel-mediteran-Ulqin.jpg\"><img loading=\"lazy\" class=\"alignnone  wp-image-2860\" src=\"http:\/\/www.visit-ulcinj.com\/blog\/wp-content\/uploads\/2013\/10\/af2c_Dasma-hotel-mediteran-Ulqin.jpg\" alt=\"Dasma-hotel-mediteran-Ulqin\" width=\"508\" height=\"360\" \/><\/a><\/div>\n<div>Kongreset idelogjike : t\u00eb cilat bashkojn\u00eb njer\u00ebz me bindje t\u00eb nj\u00ebjta partiake ose p\u00ebrkrah\u00ebs t\u00eb t\u00eb nj\u00ebjt\u00ebs vij\u00eb ideologjike, qofshin an\u00ebtar\u00eb apo simpatizant\u00eb t\u00eb parstis\u00eb ose organizat\u00ebs n\u00eb fjal\u00eb. Ku mund t\u00eb p\u00ebrfshihen : Simpoziume, Seminare, Mitingje apo kuvende.<\/div>\n<div><\/div>\n<div>N\u00eb Hotelin Mediteran ne besojm\u00eb q\u00eb p\u00ebrgaditja e salles ku do t\u00eb zhvillohet evenimenti ndikon mbi ecurin\u00eb pozitive t\u00eb saj.<\/div>\n<div><a href=\"http:\/\/www.visit-ulcinj.com\/blog\/wp-content\/uploads\/2013\/10\/562e_Dasma-hotel-mediteran-Ulqin-1.jpg\"><img loading=\"lazy\" class=\"alignnone  wp-image-2862\" src=\"http:\/\/www.visit-ulcinj.com\/blog\/wp-content\/uploads\/2013\/10\/562e_Dasma-hotel-mediteran-Ulqin-1.jpg\" alt=\"Dasma-hotel-mediteran-Ulqin-1\" width=\"508\" height=\"600\" \/><\/a><\/div>\n<div>Prandaj me posht\u00eb po paraqesim dy m\u00ebnyra organizimi :<\/div>\n<div>Salla e banketeve n\u00eb hotel Mediteran \u00ebsht\u00eb nj\u00eb nga sallat m\u00eb t\u00eb m\u00ebdha shum\u00eb funksionale p\u00ebr takime, konferenca dhe bankete, n\u00eb Ulqin. Me Kapacitetet maksimale:<\/div>\n<ul>\n<li>\u00b7 Vendosja p\u00ebr pritje 515<\/li>\n<li>\u00b7 Vendosja n\u00eb form\u00eb teatri 320<\/li>\n<li>\u00b7 N\u00eb form\u00eb U 165<\/li>\n<li>\u00b7 Vendosja n\u00eb form\u00eb klase 320<\/li>\n<\/ul>\n<div><a href=\"http:\/\/www.visit-ulcinj.com\/blog\/wp-content\/uploads\/2013\/10\/cc45_Salla-konferencave-hotel-mediteran-ulqin.jpg\"><img loading=\"lazy\" class=\"alignnone  wp-image-2863\" src=\"http:\/\/www.visit-ulcinj.com\/blog\/wp-content\/uploads\/2013\/10\/cc45_Salla-konferencave-hotel-mediteran-ulqin.jpg\" alt=\"Salla-konferencave-hotel-mediteran-ulqin\" width=\"508\" height=\"360\" \/><\/a><\/div>\n<div>Salla e konferencave ofron nj\u00eb ambient t\u00eb shk\u00eblqyer p\u00ebr konferenca, prezantime dhe takime p\u00ebr nj\u00eb num\u00ebr mesatar personash. Kapacitet q\u00eb jan\u00eb p\u00ebrmendur m\u00eb tej n\u00eb tekst, nuk p\u00ebrfshijn\u00eb tarrac\u00ebn e hapur, e cila mund t\u00eb p\u00ebrfshihet p\u00ebr vende shtes\u00eb, ose mund t\u00eb sh\u00ebrbej\u00eb si shtese p\u00ebr kokteje ose takimi te hapur. Kapacitetet maksimale:<\/div>\n<ul>\n<li>\u00b7 Vendosja p\u00ebr pritje 200<\/li>\n<li>\u00b7 Vendosja n\u00eb form\u00eb teatri 125<\/li>\n<li>\u00b7 N\u00eb form\u00eb U 65<\/li>\n<li>\u00b7 Salla e leksioneve 125<\/li>\n<\/ul>\n<div><a href=\"http:\/\/www.visit-ulcinj.com\/blog\/wp-content\/uploads\/2013\/10\/b31e_salla-kongresit-seminarit-hotel-mediteran-ulqin1.jpg\"><img loading=\"lazy\" class=\"alignnone  wp-image-2865\" src=\"http:\/\/www.visit-ulcinj.com\/blog\/wp-content\/uploads\/2013\/10\/b31e_salla-kongresit-seminarit-hotel-mediteran-ulqin1.jpg\" alt=\"salla-kongresit-seminarit-hotel-mediteran-ulqin\" width=\"508\" height=\"360\" \/><\/a><\/div>\n<div>Gjat\u00eb zhvillimit t\u00eb nj\u00eb evenimenti, restoranti parashikon sh\u00ebrbime tipike dhe p\u00ebr cdo sh\u00ebrbim harton m\u00ebnyr\u00ebn perkat\u00ebse. Sh\u00ebrbimet q\u00eb jepen nga restoranti n\u00eb kto raste jan\u00eb:<\/div>\n<ul>\n<li>\u00b7 Kokteje dhe darka e pritjes ( n\u00eb mb\u00ebrritje t\u00eb pjes\u00ebmarr\u00ebsve),<\/li>\n<li>\u00b7 Dreka pune ( ushqime t\u00eb lehta q\u00eb nd\u00ebrpresin seancat e pun\u00ebs p\u00ebr nj\u00eb periudh\u00eb t\u00eb caktuar),<\/li>\n<li>\u00b7 Kafe n\u00eb pushime t\u00eb shkurtra n\u00eb mengjes ose pasdite, shoq\u00ebruar me pije t\u00eb ndryshme<\/li>\n<li>\u00b7 Bankete ose darka t\u00eb p\u00ebrbashk\u00ebta p\u00ebr kongresmen\u00ebt dhe bashk\u00ebpun\u00ebtor\u00ebt e tyre memeny tipike rajonale dhe klasike,<\/li>\n<li>\u00b7 Darka e percjelljes e shoq\u00ebruar me muzik\u00eb dhe meny m\u00eb t\u00eb pasur.<br \/>\n<a href=\"http:\/\/www.visit-ulcinj.com\/blog\/wp-content\/uploads\/2013\/10\/c372_Martesa-kokteje-Banketa-Hotel-Mediteran-Ulqin.jpg\"><img loading=\"lazy\" class=\"alignnone  wp-image-2864\" src=\"http:\/\/www.visit-ulcinj.com\/blog\/wp-content\/uploads\/2013\/10\/c372_Martesa-kokteje-Banketa-Hotel-Mediteran-Ulqin.jpg\" alt=\"Martesa-kokteje-Banketa-Hotel-Mediteran-Ulqin\" width=\"508\" height=\"360\" \/><\/a><\/li>\n<\/ul>\n<p>Njeriu motivohet per t\u00eb ndryshuar vendodhjen e tij jo vet\u00ebm nga koha e lire, por dhe nga prirjet e vecanta n\u00eb sfer\u00ebn prodhuese. Kriteret e vler\u00ebsimit , qellimi I organizimit t\u00eb udh\u00ebtimit, koha dhe vendi I organizimit jan\u00eb t\u00eb ndryshme nga turizmi I koh\u00ebs s\u00eb lire. Prandaj, Hoteli Mediteran kupton nevojat e klijen\u00ebve qofshin turist\u00eb apo lokal, dhe siguron plot\u00ebsimin e pritshm\u00ebrive t\u00eb tyre.<\/p>\n<p>&nbsp;<\/p>\n<p><strong>\u00a0<\/strong><\/p>\n","protected":false},"excerpt":{"rendered":"<p>Turizmi i kongreseve dhe seminareve ne Hotelin Mediteran Rritja e qytet\u00ebrimit modern, rritja e mundesive te komunikimit n\u00eb nivel nd\u00ebrkomb\u00ebtar, rritja e t\u00eb dh\u00ebnave t\u00eb informacionit, rritja e mesazheve transmetuese nd\u00ebrmjet njer\u00ebzve ka b\u00ebr\u00eb tep\u00ebr t\u00eb domosdoshme kontaktet e njer\u00ebzve me nj\u00ebri-tjetrin. P\u00ebr k\u00ebt\u00eb q\u00ebllim luajn\u00eb nj\u00eb rol t\u00eb paz\u00ebvend\u00ebsuesh\u00ebm tubimet e m\u00ebdha \u2013 kongreset, [&hellip;]<\/p>\n","protected":false},"author":1,"featured_media":0,"comment_status":"closed","ping_status":"closed","sticky":false,"template":"","format":"standard","meta":{"spay_email":"","jetpack_publicize_message":"","jetpack_is_tweetstorm":false,"jetpack_publicize_feature_enabled":true},"categories":[15],"tags":[],"jetpack_publicize_connections":[],"yoast_head":"<!-- This site is optimized with the Yoast SEO plugin v19.1 - https:\/\/yoast.com\/wordpress\/plugins\/seo\/ -->\n<title>Organizimi i kongreseve dhe seminareve ne Hotelin Mediteran - Lajme nga Ulqini<\/title>\n<meta name=\"description\" content=\"Turizmi i kongreseve dhe seminareve ne Hotelin Mediteran Rritja e qytet\u00ebrimit modern, rritja e mundesive te komunikimit n\u00eb nivel nd\u00ebrkomb\u00ebtar, rritja e t\u00eb\" \/>\n<meta name=\"robots\" content=\"index, follow, max-snippet:-1, max-image-preview:large, max-video-preview:-1\" \/>\n<link rel=\"canonical\" href=\"https:\/\/www.visit-ulcinj.com\/blog\/2013\/10\/04\/organizimi-i-kongreseve-dhe-seminareve-ne-hotelin-mediteran\/\" \/>\n<meta property=\"og:locale\" content=\"en_US\" \/>\n<meta property=\"og:type\" content=\"article\" \/>\n<meta property=\"og:title\" content=\"Organizimi i kongreseve dhe seminareve ne Hotelin Mediteran - Lajme nga Ulqini\" \/>\n<meta property=\"og:description\" content=\"Turizmi i kongreseve dhe seminareve ne Hotelin Mediteran Rritja e qytet\u00ebrimit modern, rritja e mundesive te komunikimit n\u00eb nivel nd\u00ebrkomb\u00ebtar, rritja e t\u00eb\" \/>\n<meta property=\"og:url\" content=\"https:\/\/www.visit-ulcinj.com\/blog\/2013\/10\/04\/organizimi-i-kongreseve-dhe-seminareve-ne-hotelin-mediteran\/\" \/>\n<meta property=\"og:site_name\" content=\"Lajme nga Ulqini\" \/>\n<meta property=\"article:published_time\" content=\"2013-10-04T15:37:57+00:00\" \/>\n<meta property=\"article:modified_time\" content=\"2016-03-21T20:54:52+00:00\" \/>\n<meta property=\"og:image\" content=\"http:\/\/www.visit-ulcinj.com\/blog\/wp-content\/uploads\/2013\/10\/35c9_Hotel-Mediteran-Ulqin.jpg\" \/>\n<meta name=\"twitter:label1\" content=\"Written by\" \/>\n\t<meta name=\"twitter:data1\" content=\"ulqini\" \/>\n\t<meta name=\"twitter:label2\" content=\"Est. reading time\" \/>\n\t<meta name=\"twitter:data2\" content=\"4 minutes\" \/>\n<script type=\"application\/ld+json\" class=\"yoast-schema-graph\">{\"@context\":\"https:\/\/schema.org\",\"@graph\":[{\"@type\":\"WebSite\",\"@id\":\"https:\/\/www.visit-ulcinj.com\/blog\/#website\",\"url\":\"https:\/\/www.visit-ulcinj.com\/blog\/\",\"name\":\"Lajme nga Ulqini\",\"description\":\"Lajme,Vijesti,Ulqini,Ulqin,Crna Gora,Mali i Zi\",\"potentialAction\":[{\"@type\":\"SearchAction\",\"target\":{\"@type\":\"EntryPoint\",\"urlTemplate\":\"https:\/\/www.visit-ulcinj.com\/blog\/?s={search_term_string}\"},\"query-input\":\"required name=search_term_string\"}],\"inLanguage\":\"en-US\"},{\"@type\":\"ImageObject\",\"inLanguage\":\"en-US\",\"@id\":\"https:\/\/www.visit-ulcinj.com\/blog\/2013\/10\/04\/organizimi-i-kongreseve-dhe-seminareve-ne-hotelin-mediteran\/#primaryimage\",\"url\":\"https:\/\/www.visit-ulcinj.com\/blog\/wp-content\/uploads\/2013\/10\/35c9_Hotel-Mediteran-Ulqin.jpg\",\"contentUrl\":\"https:\/\/www.visit-ulcinj.com\/blog\/wp-content\/uploads\/2013\/10\/35c9_Hotel-Mediteran-Ulqin.jpg\",\"width\":960,\"height\":639},{\"@type\":\"WebPage\",\"@id\":\"https:\/\/www.visit-ulcinj.com\/blog\/2013\/10\/04\/organizimi-i-kongreseve-dhe-seminareve-ne-hotelin-mediteran\/#webpage\",\"url\":\"https:\/\/www.visit-ulcinj.com\/blog\/2013\/10\/04\/organizimi-i-kongreseve-dhe-seminareve-ne-hotelin-mediteran\/\",\"name\":\"Organizimi i kongreseve dhe seminareve ne Hotelin Mediteran - Lajme nga Ulqini\",\"isPartOf\":{\"@id\":\"https:\/\/www.visit-ulcinj.com\/blog\/#website\"},\"primaryImageOfPage\":{\"@id\":\"https:\/\/www.visit-ulcinj.com\/blog\/2013\/10\/04\/organizimi-i-kongreseve-dhe-seminareve-ne-hotelin-mediteran\/#primaryimage\"},\"datePublished\":\"2013-10-04T15:37:57+00:00\",\"dateModified\":\"2016-03-21T20:54:52+00:00\",\"author\":{\"@id\":\"https:\/\/www.visit-ulcinj.com\/blog\/#\/schema\/person\/dcab619c614d3038751c63bc2aadc06d\"},\"description\":\"Turizmi i kongreseve dhe seminareve ne Hotelin Mediteran Rritja e qytet\u00ebrimit modern, rritja e mundesive te komunikimit n\u00eb nivel nd\u00ebrkomb\u00ebtar, rritja e t\u00eb\",\"breadcrumb\":{\"@id\":\"https:\/\/www.visit-ulcinj.com\/blog\/2013\/10\/04\/organizimi-i-kongreseve-dhe-seminareve-ne-hotelin-mediteran\/#breadcrumb\"},\"inLanguage\":\"en-US\",\"potentialAction\":[{\"@type\":\"ReadAction\",\"target\":[\"https:\/\/www.visit-ulcinj.com\/blog\/2013\/10\/04\/organizimi-i-kongreseve-dhe-seminareve-ne-hotelin-mediteran\/\"]}]},{\"@type\":\"BreadcrumbList\",\"@id\":\"https:\/\/www.visit-ulcinj.com\/blog\/2013\/10\/04\/organizimi-i-kongreseve-dhe-seminareve-ne-hotelin-mediteran\/#breadcrumb\",\"itemListElement\":[{\"@type\":\"ListItem\",\"position\":1,\"name\":\"Organizimi i kongreseve dhe seminareve ne Hotelin Mediteran\"}]},{\"@type\":\"Person\",\"@id\":\"https:\/\/www.visit-ulcinj.com\/blog\/#\/schema\/person\/dcab619c614d3038751c63bc2aadc06d\",\"name\":\"ulqini\",\"sameAs\":[\"http:\/\/www.visit-ulcinj.com\"],\"url\":\"https:\/\/www.visit-ulcinj.com\/blog\/author\/admin\/\"}]}<\/script>\n<!-- \/ Yoast SEO plugin. -->","yoast_head_json":{"title":"Organizimi i kongreseve dhe seminareve ne Hotelin Mediteran - Lajme nga Ulqini","description":"Turizmi i kongreseve dhe seminareve ne Hotelin Mediteran Rritja e qytet\u00ebrimit modern, rritja e mundesive te komunikimit n\u00eb nivel nd\u00ebrkomb\u00ebtar, rritja e t\u00eb","robots":{"index":"index","follow":"follow","max-snippet":"max-snippet:-1","max-image-preview":"max-image-preview:large","max-video-preview":"max-video-preview:-1"},"canonical":"https:\/\/www.visit-ulcinj.com\/blog\/2013\/10\/04\/organizimi-i-kongreseve-dhe-seminareve-ne-hotelin-mediteran\/","og_locale":"en_US","og_type":"article","og_title":"Organizimi i kongreseve dhe seminareve ne Hotelin Mediteran - Lajme nga Ulqini","og_description":"Turizmi i kongreseve dhe seminareve ne Hotelin Mediteran Rritja e qytet\u00ebrimit modern, rritja e mundesive te komunikimit n\u00eb nivel nd\u00ebrkomb\u00ebtar, rritja e t\u00eb","og_url":"https:\/\/www.visit-ulcinj.com\/blog\/2013\/10\/04\/organizimi-i-kongreseve-dhe-seminareve-ne-hotelin-mediteran\/","og_site_name":"Lajme nga Ulqini","article_published_time":"2013-10-04T15:37:57+00:00","article_modified_time":"2016-03-21T20:54:52+00:00","og_image":[{"url":"http:\/\/www.visit-ulcinj.com\/blog\/wp-content\/uploads\/2013\/10\/35c9_Hotel-Mediteran-Ulqin.jpg"}],"twitter_misc":{"Written by":"ulqini","Est. reading time":"4 minutes"},"schema":{"@context":"https:\/\/schema.org","@graph":[{"@type":"WebSite","@id":"https:\/\/www.visit-ulcinj.com\/blog\/#website","url":"https:\/\/www.visit-ulcinj.com\/blog\/","name":"Lajme nga Ulqini","description":"Lajme,Vijesti,Ulqini,Ulqin,Crna Gora,Mali i Zi","potentialAction":[{"@type":"SearchAction","target":{"@type":"EntryPoint","urlTemplate":"https:\/\/www.visit-ulcinj.com\/blog\/?s={search_term_string}"},"query-input":"required name=search_term_string"}],"inLanguage":"en-US"},{"@type":"ImageObject","inLanguage":"en-US","@id":"https:\/\/www.visit-ulcinj.com\/blog\/2013\/10\/04\/organizimi-i-kongreseve-dhe-seminareve-ne-hotelin-mediteran\/#primaryimage","url":"https:\/\/www.visit-ulcinj.com\/blog\/wp-content\/uploads\/2013\/10\/35c9_Hotel-Mediteran-Ulqin.jpg","contentUrl":"https:\/\/www.visit-ulcinj.com\/blog\/wp-content\/uploads\/2013\/10\/35c9_Hotel-Mediteran-Ulqin.jpg","width":960,"height":639},{"@type":"WebPage","@id":"https:\/\/www.visit-ulcinj.com\/blog\/2013\/10\/04\/organizimi-i-kongreseve-dhe-seminareve-ne-hotelin-mediteran\/#webpage","url":"https:\/\/www.visit-ulcinj.com\/blog\/2013\/10\/04\/organizimi-i-kongreseve-dhe-seminareve-ne-hotelin-mediteran\/","name":"Organizimi i kongreseve dhe seminareve ne Hotelin Mediteran - Lajme nga Ulqini","isPartOf":{"@id":"https:\/\/www.visit-ulcinj.com\/blog\/#website"},"primaryImageOfPage":{"@id":"https:\/\/www.visit-ulcinj.com\/blog\/2013\/10\/04\/organizimi-i-kongreseve-dhe-seminareve-ne-hotelin-mediteran\/#primaryimage"},"datePublished":"2013-10-04T15:37:57+00:00","dateModified":"2016-03-21T20:54:52+00:00","author":{"@id":"https:\/\/www.visit-ulcinj.com\/blog\/#\/schema\/person\/dcab619c614d3038751c63bc2aadc06d"},"description":"Turizmi i kongreseve dhe seminareve ne Hotelin Mediteran Rritja e qytet\u00ebrimit modern, rritja e mundesive te komunikimit n\u00eb nivel nd\u00ebrkomb\u00ebtar, rritja e t\u00eb","breadcrumb":{"@id":"https:\/\/www.visit-ulcinj.com\/blog\/2013\/10\/04\/organizimi-i-kongreseve-dhe-seminareve-ne-hotelin-mediteran\/#breadcrumb"},"inLanguage":"en-US","potentialAction":[{"@type":"ReadAction","target":["https:\/\/www.visit-ulcinj.com\/blog\/2013\/10\/04\/organizimi-i-kongreseve-dhe-seminareve-ne-hotelin-mediteran\/"]}]},{"@type":"BreadcrumbList","@id":"https:\/\/www.visit-ulcinj.com\/blog\/2013\/10\/04\/organizimi-i-kongreseve-dhe-seminareve-ne-hotelin-mediteran\/#breadcrumb","itemListElement":[{"@type":"ListItem","position":1,"name":"Organizimi i kongreseve dhe seminareve ne Hotelin Mediteran"}]},{"@type":"Person","@id":"https:\/\/www.visit-ulcinj.com\/blog\/#\/schema\/person\/dcab619c614d3038751c63bc2aadc06d","name":"ulqini","sameAs":["http:\/\/www.visit-ulcinj.com"],"url":"https:\/\/www.visit-ulcinj.com\/blog\/author\/admin\/"}]}},"jetpack_featured_media_url":"","jetpack_sharing_enabled":true,"jetpack_shortlink":"https:\/\/wp.me\/pe6lTn-jvy","_links":{"self":[{"href":"https:\/\/www.visit-ulcinj.com\/blog\/wp-json\/wp\/v2\/posts\/74992"}],"collection":[{"href":"https:\/\/www.visit-ulcinj.com\/blog\/wp-json\/wp\/v2\/posts"}],"about":[{"href":"https:\/\/www.visit-ulcinj.com\/blog\/wp-json\/wp\/v2\/types\/post"}],"author":[{"embeddable":true,"href":"https:\/\/www.visit-ulcinj.com\/blog\/wp-json\/wp\/v2\/users\/1"}],"replies":[{"embeddable":true,"href":"https:\/\/www.visit-ulcinj.com\/blog\/wp-json\/wp\/v2\/comments?post=74992"}],"version-history":[{"count":7,"href":"https:\/\/www.visit-ulcinj.com\/blog\/wp-json\/wp\/v2\/posts\/74992\/revisions"}],"predecessor-version":[{"id":95401,"href":"https:\/\/www.visit-ulcinj.com\/blog\/wp-json\/wp\/v2\/posts\/74992\/revisions\/95401"}],"wp:attachment":[{"href":"https:\/\/www.visit-ulcinj.com\/blog\/wp-json\/wp\/v2\/media?parent=74992"}],"wp:term":[{"taxonomy":"category","embeddable":true,"href":"https:\/\/www.visit-ulcinj.com\/blog\/wp-json\/wp\/v2\/categories?post=74992"},{"taxonomy":"post_tag","embeddable":true,"href":"https:\/\/www.visit-ulcinj.com\/blog\/wp-json\/wp\/v2\/tags?post=74992"}],"curies":[{"name":"wp","href":"https:\/\/api.w.org\/{rel}","templated":true}]}}